{"id":9477,"date":"2013-04-26T16:25:11","date_gmt":"2013-04-26T13:25:11","guid":{"rendered":"http:\/\/www.kariyerkampuste.com\/?p=1443"},"modified":"2024-07-03T15:31:50","modified_gmt":"2024-07-03T12:31:50","slug":"istanbul-teknik-universitesi-turkiye-is-ve-staj-fuari","status":"publish","type":"post","link":"https:\/\/www.kariyer.net\/kariyer-rehberi\/istanbul-teknik-universitesi-turkiye-is-ve-staj-fuari\/","title":{"rendered":"\u0130stanbul Teknik \u00dcniversitesi &#8211; T\u00fcrkiye \u0130\u015f ve Staj Fuar\u0131"},"content":{"rendered":"<p><a href=\"http:\/\/www.kariyerkampuste.com\/wp-content\/uploads\/2013\/04\/BEST_Istanbul_yeni_logo.jpg\"><img decoding=\"async\" class=\"alignleft size-medium wp-image-1444\" alt=\"BEST_Istanbul_yeni_logo\" src=\"http:\/\/www.kariyerkampuste.com\/wp-content\/uploads\/2013\/04\/BEST_Istanbul_yeni_logo-300x151.jpg\" width=\"300\" height=\"151\" \/><\/a>BEST \u0130stanbul taraf\u0131ndan d\u00fczenlenen T\u00fcrkiye \u0130\u015f ve Staj Fuar\u0131, 3 May\u0131s 2013 Cuma g\u00fcn\u00fc \u0130stanbul Teknik \u00dcniversitesi Ayaza\u011fa Kamp\u00fcs\u00fc S\u00fcleyman Demirel K\u00fclt\u00fcr Merkezi\u2019nde \u00fcniversite \u00f6\u011frencileriyle bulu\u015facak. Etkinlik boyunca \u015firket sunumlar\u0131, \u00e7al\u0131\u015ftaylar, alan\u0131nda \u00f6nemli kariyer basamaklar\u0131na ula\u015fm\u0131\u015f y\u00f6neticilerin konu\u015fmalar\u0131, standlar\u0131 ve daha fazlas\u0131 ile interaktif bir ortamda, sekt\u00f6r\u00fcn ba\u015far\u0131l\u0131 insanlar\u0131yla direkt ileti\u015fime ge\u00e7me f\u0131rsat\u0131n\u0131 yakalayacaks\u0131n\u0131z. <!--more-->Konu\u015fmalar s\u0131ras\u0131nda sekt\u00f6rleri tan\u0131yarak, alanlar\u0131nda \u00f6nde gelen isimler tecr\u00fcbelerini payla\u015f\u0131rken, \u00e7al\u0131\u015ftaylarda bire bir \u015firket temsilcileriyle bir vaka \u00fczerinde \u00e7al\u0131\u015fma \u015fans\u0131n\u0131 bulacaks\u0131n\u0131z. <strong>3 sunuma kat\u0131lan herkes kat\u0131l\u0131m sertifikas\u0131 alma hakk\u0131n\u0131 kazanacak.<\/strong><\/p>\n<p>T\u00fcrkiye \u0130\u015f ve Staj Fuar\u0131\u2019na bu y\u0131l kat\u0131lan, alan\u0131ndaki \u00f6nc\u00fc \u015firketler BSH, Eczac\u0131ba\u015f\u0131 Esan, Bosch, Olmuksan International Paper, Neo Mobile, Honda ve Do\u011fu\u015f \u0130n\u015faat ve Ticaret A\u015e.<\/p>\n<p><strong>Son ba\u015fvuru tarihi 30 Nisan 2013.<\/strong><\/p>\n<p>Detayl\u0131 bilgi ve ba\u015fvuru i\u00e7in <strong>tisf.bestistanbul.org<\/strong> adresini ziyaret edebilirsiniz.<\/p>\n<p><a title=\"T\u00fcrkiye \u0130\u015f ve Staj Fuar\u0131 ba\u015fvuru i\u00e7in t\u0131klay\u0131n\" href=\"http:\/\/www.kariyer.net\/website\/isarama\/ilandetay.aspx?ilankodusfr=MCXFaIXexsY%3d!e!&amp;f=f15j&amp;ulkeId=0&amp;sehirId=0&amp;firmaAd=itu-uluslararasi-muhendislik-kulubu&amp;pozisyonad=itu-turkiye-is-ve-staj-fuari-is-ilani\">Ba\u015fvuru i\u00e7in buraya t\u0131klay\u0131n&gt;&gt;<\/a><\/p>\n<!-- templates\/buttons-placeholder.php -->\n<div class=\"da-reactions-outer TpostID9477\">\n\t    <div class=\"da-reactions-data da-reactions-container-async center\"\n         data-type=\"post\"\n         data-id=\"9477\"\n         id=\"da-reactions-slot-post-9477\">\n        <div class=\"da-reactions-static\">\n\t\t\t<img src=\"https:\/\/www.kariyer.net\/kariyer-rehberi\/wp-content\/plugins\/da-reactions\/assets\/dist\/loading.svg\" alt=\"Loading spinner\" width=\"48\" height=\"48\" style=\"width:48px\" \/>\n        <\/div>\n    <\/div>\n<\/div>\n","protected":false},"excerpt":{"rendered":"<p>BEST \u0130stanbul taraf\u0131ndan d\u00fczenlenen T\u00fcrkiye \u0130\u015f ve Staj Fuar\u0131, 3 May\u0131s 2013 Cuma g\u00fcn\u00fc \u0130stanbul Teknik \u00dcniversitesi Ayaza\u011fa Kamp\u00fcs\u00fc S\u00fcleyman Demirel K\u00fclt\u00fcr Merkezi\u2019nde \u00fcniversite \u00f6\u011frencileriyle bulu\u015facak. Etkinlik boyunca \u015firket sunumlar\u0131, \u00e7al\u0131\u015ftaylar, alan\u0131nda \u00f6nemli kariyer basamaklar\u0131na ula\u015fm\u0131\u015f y\u00f6neticilerin konu\u015fmalar\u0131, standlar\u0131 ve daha fazlas\u0131 ile interaktif bir ortamda, sekt\u00f6r\u00fcn ba\u015far\u0131l\u0131 insanlar\u0131yla direkt ileti\u015fime ge\u00e7me f\u0131rsat\u0131n\u0131 yakalayacaks\u0131n\u0131z.<\/p>\n<!-- templates\/buttons-placeholder.php -->\n<div class=\"da-reactions-outer TpostID9477\">\n\t    <div class=\"da-reactions-data da-reactions-container-async center\"\n         data-type=\"post\"\n         data-id=\"9477\"\n         id=\"da-reactions-slot-post-9477\">\n        <div class=\"da-reactions-static\">\n\t\t\t<img src=\"https:\/\/www.kariyer.net\/kariyer-rehberi\/wp-content\/plugins\/da-reactions\/assets\/dist\/loading.svg\" alt=\"Loading spinner\" width=\"48\" height=\"48\" style=\"width:48px\" \/>\n        <\/div>\n    <\/div>\n<\/div>\n","protected":false},"author":12,"featured_media":0,"comment_status":"open","ping_status":"open","sticky":false,"template":"","format":"standard","meta":{"footnotes":"","_elementor_edit_mode":"","_elementor_template_type":"","_elementor_data":"","_elementor_page_settings":null,"_elementor_conditions":[]},"categories":[2211,56,164],"tags":[161,162,163],"class_list":{"0":"post-9477","1":"post","2":"type-post","3":"status-publish","4":"format-standard","6":"category-kariyer-gelisimi","7":"category-stajin-onemi","8":"category-universite-kuluplerinden-haberler","9":"tag-best-istanbul","10":"tag-itu-uluslararasi-muhendislik-kulubu","11":"tag-turkiye-is-ve-staj-fuari"},"yoast_head":"<!-- This site is optimized with the Yoast SEO Premium plugin v21.4 (Yoast SEO v27.0) - https:\/\/yoast.com\/product\/yoast-seo-premium-wordpress\/ -->\n<title>\u0130stanbul Teknik \u00dcniversitesi - T\u00fcrkiye \u0130\u015f ve Staj Fuar\u0131 | Kariyer Rehberi<\/title>\n<meta name=\"description\" content=\"BEST \u0130stanbul taraf\u0131ndan d\u00fczenlenen T\u00fcrkiye \u0130\u015f ve Staj Fuar\u0131, 3 May\u0131s 2013 Cuma g\u00fcn\u00fc \u0130stanbul Teknik \u00dcniversitesi Ayaza\u011fa Kamp\u00fcs\u00fc S\u00fcleyman Demirel K\u00fclt\u00fcr Merkezi\u2019nde \u00fcniversite \u00f6\u011frencileriyle bulu\u015facak.\" \/>\n<meta name=\"robots\" content=\"index, follow, max-snippet:-1, max-image-preview:large, max-video-preview:-1\" \/>\n<link rel=\"canonical\" href=\"https:\/\/www.kariyer.net\/kariyer-rehberi\/istanbul-teknik-universitesi-turkiye-is-ve-staj-fuari\/\" \/>\n<meta property=\"og:locale\" content=\"tr_TR\" \/>\n<meta property=\"og:type\" content=\"article\" \/>\n<meta property=\"og:title\" content=\"\u0130stanbul Teknik \u00dcniversitesi - T\u00fcrkiye \u0130\u015f ve Staj Fuar\u0131\" \/>\n<meta property=\"og:description\" content=\"BEST \u0130stanbul taraf\u0131ndan d\u00fczenlenen T\u00fcrkiye \u0130\u015f ve Staj Fuar\u0131, 3 May\u0131s 2013 Cuma g\u00fcn\u00fc \u0130stanbul Teknik \u00dcniversitesi Ayaza\u011fa Kamp\u00fcs\u00fc S\u00fcleyman Demirel K\u00fclt\u00fcr\" \/>\n<meta property=\"og:url\" content=\"https:\/\/www.kariyer.net\/kariyer-rehberi\/istanbul-teknik-universitesi-turkiye-is-ve-staj-fuari\/\" \/>\n<meta property=\"og:site_name\" content=\"Kariyer Rehberi\" \/>\n<meta property=\"article:published_time\" content=\"2013-04-26T13:25:11+00:00\" \/>\n<meta property=\"article:modified_time\" content=\"2024-07-03T12:31:50+00:00\" \/>\n<meta property=\"og:image\" content=\"http:\/\/www.kariyerkampuste.com\/wp-content\/uploads\/2013\/04\/BEST_Istanbul_yeni_logo-300x151.jpg\" \/>\n<meta name=\"author\" content=\"Edit\u00f6r\" \/>\n<meta name=\"twitter:card\" content=\"summary_large_image\" \/>\n<meta name=\"twitter:label1\" content=\"Yazan:\" \/>\n\t<meta name=\"twitter:data1\" content=\"Edit\u00f6r\" \/>\n\t<meta name=\"twitter:label2\" content=\"Tahmini okuma s\u00fcresi\" \/>\n\t<meta name=\"twitter:data2\" content=\"1 dakika\" \/>\n<!-- \/ Yoast SEO Premium plugin. -->","yoast_head_json":{"title":"\u0130stanbul Teknik \u00dcniversitesi - T\u00fcrkiye \u0130\u015f ve Staj Fuar\u0131 | Kariyer Rehberi","description":"BEST \u0130stanbul taraf\u0131ndan d\u00fczenlenen T\u00fcrkiye \u0130\u015f ve Staj Fuar\u0131, 3 May\u0131s 2013 Cuma g\u00fcn\u00fc \u0130stanbul Teknik \u00dcniversitesi Ayaza\u011fa Kamp\u00fcs\u00fc S\u00fcleyman Demirel K\u00fclt\u00fcr Merkezi\u2019nde \u00fcniversite \u00f6\u011frencileriyle bulu\u015facak.","robots":{"index":"index","follow":"follow","max-snippet":"max-snippet:-1","max-image-preview":"max-image-preview:large","max-video-preview":"max-video-preview:-1"},"canonical":"https:\/\/www.kariyer.net\/kariyer-rehberi\/istanbul-teknik-universitesi-turkiye-is-ve-staj-fuari\/","og_locale":"tr_TR","og_type":"article","og_title":"\u0130stanbul Teknik \u00dcniversitesi - T\u00fcrkiye \u0130\u015f ve Staj Fuar\u0131","og_description":"BEST \u0130stanbul taraf\u0131ndan d\u00fczenlenen T\u00fcrkiye \u0130\u015f ve Staj Fuar\u0131, 3 May\u0131s 2013 Cuma g\u00fcn\u00fc \u0130stanbul Teknik \u00dcniversitesi Ayaza\u011fa Kamp\u00fcs\u00fc S\u00fcleyman Demirel K\u00fclt\u00fcr","og_url":"https:\/\/www.kariyer.net\/kariyer-rehberi\/istanbul-teknik-universitesi-turkiye-is-ve-staj-fuari\/","og_site_name":"Kariyer Rehberi","article_published_time":"2013-04-26T13:25:11+00:00","article_modified_time":"2024-07-03T12:31:50+00:00","og_image":[{"url":"http:\/\/www.kariyerkampuste.com\/wp-content\/uploads\/2013\/04\/BEST_Istanbul_yeni_logo-300x151.jpg","type":"","width":"","height":""}],"author":"Edit\u00f6r","twitter_card":"summary_large_image","twitter_misc":{"Yazan:":"Edit\u00f6r","Tahmini okuma s\u00fcresi":"1 dakika"},"schema":{"@context":"https:\/\/schema.org","@graph":[{"@type":"Article","@id":"https:\/\/www.kariyer.net\/kariyer-rehberi\/istanbul-teknik-universitesi-turkiye-is-ve-staj-fuari\/#article","isPartOf":{"@id":"https:\/\/www.kariyer.net\/kariyer-rehberi\/istanbul-teknik-universitesi-turkiye-is-ve-staj-fuari\/"},"author":{"name":"Edit\u00f6r","@id":"https:\/\/www.kariyer.net\/kariyer-rehberi\/#\/schema\/person\/94fd6e49c7ff1b1b2565a2cc4fd685dd"},"headline":"\u0130stanbul Teknik \u00dcniversitesi &#8211; T\u00fcrkiye \u0130\u015f ve Staj Fuar\u0131","datePublished":"2013-04-26T13:25:11+00:00","dateModified":"2024-07-03T12:31:50+00:00","mainEntityOfPage":{"@id":"https:\/\/www.kariyer.net\/kariyer-rehberi\/istanbul-teknik-universitesi-turkiye-is-ve-staj-fuari\/"},"wordCount":197,"commentCount":0,"publisher":{"@id":"https:\/\/www.kariyer.net\/kariyer-rehberi\/#organization"},"image":{"@id":"https:\/\/www.kariyer.net\/kariyer-rehberi\/istanbul-teknik-universitesi-turkiye-is-ve-staj-fuari\/#primaryimage"},"thumbnailUrl":"http:\/\/www.kariyerkampuste.com\/wp-content\/uploads\/2013\/04\/BEST_Istanbul_yeni_logo-300x151.jpg","keywords":["best istanbul","it\u00fc uluslararas\u0131 m\u00fchendislik kul\u00fcb\u00fc","t\u00fcrkiye i\u015f ve staj fuar\u0131"],"articleSection":["Kariyer Geli\u015fimi","Staj\u0131n \u00d6nemi","\u00dcniversite Kul\u00fcplerinden Haberler"],"inLanguage":"tr","potentialAction":[{"@type":"CommentAction","name":"Comment","target":["https:\/\/www.kariyer.net\/kariyer-rehberi\/istanbul-teknik-universitesi-turkiye-is-ve-staj-fuari\/#respond"]}]},{"@type":"WebPage","@id":"https:\/\/www.kariyer.net\/kariyer-rehberi\/istanbul-teknik-universitesi-turkiye-is-ve-staj-fuari\/","url":"https:\/\/www.kariyer.net\/kariyer-rehberi\/istanbul-teknik-universitesi-turkiye-is-ve-staj-fuari\/","name":"\u0130stanbul Teknik \u00dcniversitesi - T\u00fcrkiye \u0130\u015f ve Staj Fuar\u0131 | Kariyer Rehberi","isPartOf":{"@id":"https:\/\/www.kariyer.net\/kariyer-rehberi\/#website"},"primaryImageOfPage":{"@id":"https:\/\/www.kariyer.net\/kariyer-rehberi\/istanbul-teknik-universitesi-turkiye-is-ve-staj-fuari\/#primaryimage"},"image":{"@id":"https:\/\/www.kariyer.net\/kariyer-rehberi\/istanbul-teknik-universitesi-turkiye-is-ve-staj-fuari\/#primaryimage"},"thumbnailUrl":"http:\/\/www.kariyerkampuste.com\/wp-content\/uploads\/2013\/04\/BEST_Istanbul_yeni_logo-300x151.jpg","datePublished":"2013-04-26T13:25:11+00:00","dateModified":"2024-07-03T12:31:50+00:00","description":"BEST \u0130stanbul taraf\u0131ndan d\u00fczenlenen T\u00fcrkiye \u0130\u015f ve Staj Fuar\u0131, 3 May\u0131s 2013 Cuma g\u00fcn\u00fc \u0130stanbul Teknik \u00dcniversitesi Ayaza\u011fa Kamp\u00fcs\u00fc S\u00fcleyman Demirel K\u00fclt\u00fcr Merkezi\u2019nde \u00fcniversite \u00f6\u011frencileriyle bulu\u015facak.","breadcrumb":{"@id":"https:\/\/www.kariyer.net\/kariyer-rehberi\/istanbul-teknik-universitesi-turkiye-is-ve-staj-fuari\/#breadcrumb"},"inLanguage":"tr","potentialAction":[{"@type":"ReadAction","target":["https:\/\/www.kariyer.net\/kariyer-rehberi\/istanbul-teknik-universitesi-turkiye-is-ve-staj-fuari\/"]}]},{"@type":"ImageObject","inLanguage":"tr","@id":"https:\/\/www.kariyer.net\/kariyer-rehberi\/istanbul-teknik-universitesi-turkiye-is-ve-staj-fuari\/#primaryimage","url":"http:\/\/www.kariyerkampuste.com\/wp-content\/uploads\/2013\/04\/BEST_Istanbul_yeni_logo-300x151.jpg","contentUrl":"http:\/\/www.kariyerkampuste.com\/wp-content\/uploads\/2013\/04\/BEST_Istanbul_yeni_logo-300x151.jpg"},{"@type":"BreadcrumbList","@id":"https:\/\/www.kariyer.net\/kariyer-rehberi\/istanbul-teknik-universitesi-turkiye-is-ve-staj-fuari\/#breadcrumb","itemListElement":[{"@type":"ListItem","position":1,"name":"Anasayfa","item":"https:\/\/www.kariyer.net\/kariyer-rehberi\/"},{"@type":"ListItem","position":2,"name":"\u0130stanbul Teknik \u00dcniversitesi &#8211; T\u00fcrkiye \u0130\u015f ve Staj Fuar\u0131"}]},{"@type":"WebSite","@id":"https:\/\/www.kariyer.net\/kariyer-rehberi\/#website","url":"https:\/\/www.kariyer.net\/kariyer-rehberi\/","name":"Kariyer Rehberi","description":"\u0130\u015f D\u00fcnyas\u0131yla \u0130lgili Bilmek \u0130stedi\u011finiz Her \u015eey","publisher":{"@id":"https:\/\/www.kariyer.net\/kariyer-rehberi\/#organization"},"potentialAction":[{"@type":"SearchAction","target":{"@type":"EntryPoint","urlTemplate":"https:\/\/www.kariyer.net\/kariyer-rehberi\/?s={search_term_string}"},"query-input":{"@type":"PropertyValueSpecification","valueRequired":true,"valueName":"search_term_string"}}],"inLanguage":"tr"},{"@type":"Organization","@id":"https:\/\/www.kariyer.net\/kariyer-rehberi\/#organization","name":"Kariyer.net","url":"https:\/\/www.kariyer.net\/kariyer-rehberi\/","logo":{"@type":"ImageObject","inLanguage":"tr","@id":"https:\/\/www.kariyer.net\/kariyer-rehberi\/#\/schema\/logo\/image\/","url":"https:\/\/www.kariyer.net\/kariyer-rehberi-new\/wp-content\/uploads\/2023\/01\/og-image11.jpg","contentUrl":"https:\/\/www.kariyer.net\/kariyer-rehberi-new\/wp-content\/uploads\/2023\/01\/og-image11.jpg","width":800,"height":800,"caption":"Kariyer.net"},"image":{"@id":"https:\/\/www.kariyer.net\/kariyer-rehberi\/#\/schema\/logo\/image\/"}},{"@type":"Person","@id":"https:\/\/www.kariyer.net\/kariyer-rehberi\/#\/schema\/person\/94fd6e49c7ff1b1b2565a2cc4fd685dd","name":"Edit\u00f6r","image":{"@type":"ImageObject","inLanguage":"tr","@id":"https:\/\/www.kariyer.net\/kariyer-rehberi\/#\/schema\/person\/image\/","url":"https:\/\/secure.gravatar.com\/avatar\/0c4fe6688343aed3693b15573beae12c08ace5565409d5ab7509bf9c115f458d?s=96&d=mm&r=g","contentUrl":"https:\/\/secure.gravatar.com\/avatar\/0c4fe6688343aed3693b15573beae12c08ace5565409d5ab7509bf9c115f458d?s=96&d=mm&r=g","caption":"Edit\u00f6r"},"url":"https:\/\/www.kariyer.net\/kariyer-rehberi\/author\/editor\/"}]}},"_links":{"self":[{"href":"https:\/\/www.kariyer.net\/kariyer-rehberi\/wp-json\/wp\/v2\/posts\/9477","targetHints":{"allow":["GET"]}}],"collection":[{"href":"https:\/\/www.kariyer.net\/kariyer-rehberi\/wp-json\/wp\/v2\/posts"}],"about":[{"href":"https:\/\/www.kariyer.net\/kariyer-rehberi\/wp-json\/wp\/v2\/types\/post"}],"author":[{"embeddable":true,"href":"https:\/\/www.kariyer.net\/kariyer-rehberi\/wp-json\/wp\/v2\/users\/12"}],"replies":[{"embeddable":true,"href":"https:\/\/www.kariyer.net\/kariyer-rehberi\/wp-json\/wp\/v2\/comments?post=9477"}],"version-history":[{"count":1,"href":"https:\/\/www.kariyer.net\/kariyer-rehberi\/wp-json\/wp\/v2\/posts\/9477\/revisions"}],"predecessor-version":[{"id":19680,"href":"https:\/\/www.kariyer.net\/kariyer-rehberi\/wp-json\/wp\/v2\/posts\/9477\/revisions\/19680"}],"wp:attachment":[{"href":"https:\/\/www.kariyer.net\/kariyer-rehberi\/wp-json\/wp\/v2\/media?parent=9477"}],"wp:term":[{"taxonomy":"category","embeddable":true,"href":"https:\/\/www.kariyer.net\/kariyer-rehberi\/wp-json\/wp\/v2\/categories?post=9477"},{"taxonomy":"post_tag","embeddable":true,"href":"https:\/\/www.kariyer.net\/kariyer-rehberi\/wp-json\/wp\/v2\/tags?post=9477"}],"curies":[{"name":"wp","href":"https:\/\/api.w.org\/{rel}","templated":true}]}}