{"id":9479,"date":"2013-06-24T11:50:46","date_gmt":"2013-06-24T08:50:46","guid":{"rendered":"http:\/\/www.kariyerkampuste.com\/?p=1522"},"modified":"2024-07-03T15:31:40","modified_gmt":"2024-07-03T12:31:40","slug":"isinizi-secerken-nelere-dikkat-etmelisiniz-2","status":"publish","type":"post","link":"https:\/\/www.kariyer.net\/kariyer-rehberi\/isinizi-secerken-nelere-dikkat-etmelisiniz-2\/","title":{"rendered":"\u0130\u015finizi Se\u00e7erken Nelere Dikkat Etmelisiniz?"},"content":{"rendered":"<p><strong><a href=\"http:\/\/www.kariyerkampuste.com\/wp-content\/uploads\/2013\/06\/Vivi-Soryano_ic.jpg\"><img fetchpriority=\"high\" decoding=\"async\" class=\"alignleft size-full wp-image-1524\" alt=\"Vivi Soryano_ic\" src=\"http:\/\/www.kariyerkampuste.com\/wp-content\/uploads\/2013\/06\/Vivi-Soryano_ic.jpg\" width=\"200\" height=\"300\" \/><\/a>Kariyer, uzun soluklu bir yolculuk. Kariyer se\u00e7imini yaparken asl\u0131nda hayat\u0131m\u0131z\u0131 nas\u0131l ge\u00e7irece\u011fimizin bir se\u00e7imini de yap\u0131yoruz. \u201cG\u00fcn\u00fcm\u00fcz\u00fcn en az \u00fc\u00e7te birini nerede, ne yaparak ge\u00e7irece\u011fiz? Bu bizi mutlu edecek mi? Kimlerle birlikte \u00e7al\u0131\u015faca\u011f\u0131z? Seyahatlerimiz olacak m\u0131? Ailemiz ile ne kadar vakit ge\u00e7irme \u015fans\u0131m\u0131z olacak? Kalabal\u0131k bir aile istiyorsak, i\u015fimiz bu aileye bakacak imkanlar\u0131 bize sunacak m\u0131? Hatta i\u015fimizin \u015fehir d\u0131\u015f\u0131, yurt d\u0131\u015f\u0131 g\u00f6revler gerektirdi\u011fi durumlarda nerede ya\u015fayaca\u011f\u0131z?\u201d gibi sorular\u0131 kendimize sormam\u0131z gerekiyor. \u0130\u015fte insparkus Y\u00f6netim Kurulu Ba\u015fkan\u0131 ve Genel M\u00fcd\u00fcr\u00fc Vivi Soryano ile insparkus Ko\u00e7 Operasyonu Direkt\u00f6r\u00fc \u00d6zlem Sar\u0131o\u011flu \u015fu tavsiyeleri veriyor.<\/strong><\/p>\n<p>&nbsp;<\/p>\n<p>&nbsp;<\/p>\n<p><strong>Yeni mezunlar yapabilecekleri i\u015fleri ara\u015ft\u0131rmal\u0131<\/strong><\/p>\n<p>Okuduklar\u0131 b\u00f6l\u00fcmden memnun olmayan \u00fcniversite \u00f6\u011frencilerinin umutsuzlu\u011fa d\u00fc\u015fmemelerini s\u00f6yleyen Soryano, \u201cBug\u00fcn ortalama bir insan \u00f6mr\u00fc i\u00e7inde\u00a0<strong>&#8211;<\/strong>\u00a0ald\u0131\u011f\u0131 mesleki e\u011fitim ne olursa olsun\u00a0<strong>&#8211;<\/strong>\u00a0ki\u015finin en az 3 farkl\u0131 kariyer yapaca\u011f\u0131 \u00f6ng\u00f6r\u00fcl\u00fcyor. Yani kariyer de\u011fi\u015fimi normal bir s\u00fcre\u00e7 haline geldi. B\u00f6l\u00fcm\u00fcnden memnun olmayan gen\u00e7lerin \u00f6ncelikle b\u00f6l\u00fcmlerinde neyi sevmediklerini iyice tan\u0131mlamalar\u0131n\u0131 \u00f6neriyoruz. Bazen sevilmeyen birka\u00e7 ders, k\u00f6t\u00fc ge\u00e7mi\u015f bir staj tecr\u00fcbesi ki\u015fileri mutsuz ediyor. Memnun olmad\u0131\u011f\u0131n\u0131z\u0131n ne oldu\u011funu tam olarak tarif edebildi\u011finizde, neyin sizi memnun edebilece\u011fini de tarif etmeye ba\u015flam\u0131\u015f oluyorsunuz\u201d yorumunu yap\u0131yor. Sar\u0131o\u011flu\u2019na g\u00f6re ikinci \u00f6nemli konu ise, \u201cmeslek\u201d ile \u201ckariyer\u201d in farkl\u0131 \u015feyler oldu\u011funu hat\u0131rlamak.<!--more--><\/p>\n<p>\u201cBir mesleki e\u011fitim bir\u00e7ok kariyerin kap\u0131s\u0131n\u0131 a\u00e7abilir\u201d diyen Soryano, okuduklar\u0131 b\u00f6l\u00fcmden mezunlar\u0131n yapabilecekleri i\u015f alanlar\u0131n\u0131 etrafl\u0131ca ara\u015ft\u0131rmalar\u0131n\u0131 \u00f6neriyor. Ara\u015ft\u0131rd\u0131k\u00e7a b\u00f6l\u00fcmle ilgili ilk akla gelenin \u00e7ok d\u0131\u015f\u0131nda alternatifler oldu\u011funu bir\u00e7ok dan\u0131\u015fanlar\u0131nda g\u00f6rd\u00fcklerini vurgulayan Sar\u0131o\u011flu, almakta olduklar\u0131 e\u011fitimi stajlarla, yar\u0131 zamanl\u0131 i\u015flerle, yan dal &#8211; \u00e7ift ana dal veya y\u00fcksek lisans gibi programlarla, okul d\u0131\u015f\u0131 aktivitelerle destekleyerek hayallerine yakla\u015fabilirler. Bununla beraber okudu\u011fu b\u00f6l\u00fcm ile hayalleri aras\u0131nda hi\u00e7bir ortak y\u00f6n olmayan ki\u015filer hayallerine uygun olan e\u011fitimi almak i\u00e7in tekrar s\u0131nava da girebilir\u201d diyor. \u00d6\u011frencilerin bunu bazen \u201cge\u00e7mi\u015f y\u0131llar\u0131m\u0131 yakmak\u201d olarak ya\u015fad\u0131klar\u0131n\u0131, asl\u0131nda hem \u00f6nlerinde bir b\u00fct\u00fcn \u00f6m\u00fcr oldu\u011funu, hem de hi\u00e7bir deneyimin yok olup gitmedi\u011fini, mutlaka i\u015flerine yarayaca\u011f\u0131n\u0131 hat\u0131rlatt\u0131klar\u0131n\u0131 belirten Soryano, s\u00f6zlerini \u015f\u00f6yle s\u00fcrd\u00fcr\u00fcyor: \u201cBurada kilit olan, ki\u015finin b\u00f6l\u00fcm\u00fcn\u00fc ger\u00e7ekten sevip sevmedi\u011fini, ba\u015fka fakt\u00f6rlerden etkilenmedi\u011fini, e\u011fer b\u00f6l\u00fcm de\u011fi\u015ftirmek istiyorsa yeni ge\u00e7meyi hayal etti\u011fi b\u00f6l\u00fcm\u00fc idealize etmedi\u011fini, orada ger\u00e7ekten mutlu olup olamayaca\u011f\u0131n\u0131 ara\u015ft\u0131rmak. Elbette kayg\u0131 d\u00fczeyi olduk\u00e7a y\u00fcksek bir s\u00fcre\u00e7ten bahsediyoruz. Kariyer ko\u00e7u olarak bizim g\u00f6revimiz bu endi\u015fe y\u00fckl\u00fc sorgulamay\u0131 ger\u00e7ek\u00e7i olarak yapabilmesi i\u00e7in ki\u015fiye destek olmak&#8230;<\/p>\n<p><a title=\"i\u015finizi se\u00e7erken nelere dikkat etmelisiniz?\" href=\"http:\/\/www.kariyer.net\/kariyer-rehberi\/isinizi-secerken-nelere-dikkat-etmelisiniz-\/1062\" target=\"_blank\" rel=\"noopener\">Makalenin devam\u0131 i\u00e7in t\u0131klay\u0131n&gt;&gt;<\/a><\/p>\n<p><a title=\"g\u00fcncel i\u015f ilanlar\u0131\" href=\"http:\/\/www.kariyer.net\/is-istiyorum\/guncel\/Guncel-is-ilanlari\/1g\" target=\"_blank\" rel=\"noopener\">En g\u00fcncel i\u015f ilanlar\u0131 i\u00e7in t\u0131klay\u0131n&gt;&gt;<\/a><\/p>\n<p><a title=\"staj ilanlar\u0131\" href=\"http:\/\/staj.kariyer.net\/website\/index.aspx\" target=\"_blank\" rel=\"noopener\">Staj ilanlar\u0131 i\u00e7in t\u0131klay\u0131n&gt;&gt;<\/a><\/p>\n<!-- templates\/buttons-placeholder.php -->\n<div class=\"da-reactions-outer TpostID9479\">\n\t    <div class=\"da-reactions-data da-reactions-container-async center\"\n         data-type=\"post\"\n         data-id=\"9479\"\n         id=\"da-reactions-slot-post-9479\">\n        <div class=\"da-reactions-static\">\n\t\t\t<img src=\"https:\/\/www.kariyer.net\/kariyer-rehberi\/wp-content\/plugins\/da-reactions\/assets\/dist\/loading.svg\" alt=\"Loading spinner\" width=\"48\" height=\"48\" style=\"width:48px\" \/>\n        <\/div>\n    <\/div>\n<\/div>\n","protected":false},"excerpt":{"rendered":"<p>Kariyer, uzun soluklu bir yolculuk. Kariyer se\u00e7imini yaparken asl\u0131nda hayat\u0131m\u0131z\u0131 nas\u0131l ge\u00e7irece\u011fimizin bir se\u00e7imini de yap\u0131yoruz. \u201cG\u00fcn\u00fcm\u00fcz\u00fcn en az \u00fc\u00e7te birini nerede, ne yaparak ge\u00e7irece\u011fiz? Bu bizi mutlu edecek mi? Kimlerle birlikte \u00e7al\u0131\u015faca\u011f\u0131z? Seyahatlerimiz olacak m\u0131? Ailemiz ile ne kadar vakit ge\u00e7irme \u015fans\u0131m\u0131z olacak? Kalabal\u0131k bir aile istiyorsak, i\u015fimiz bu aileye bakacak imkanlar\u0131 bize sunacak [&hellip;]<\/p>\n<!-- templates\/buttons-placeholder.php -->\n<div class=\"da-reactions-outer TpostID9479\">\n\t    <div class=\"da-reactions-data da-reactions-container-async center\"\n         data-type=\"post\"\n         data-id=\"9479\"\n         id=\"da-reactions-slot-post-9479\">\n        <div class=\"da-reactions-static\">\n\t\t\t<img src=\"https:\/\/www.kariyer.net\/kariyer-rehberi\/wp-content\/plugins\/da-reactions\/assets\/dist\/loading.svg\" alt=\"Loading spinner\" width=\"48\" height=\"48\" style=\"width:48px\" \/>\n        <\/div>\n    <\/div>\n<\/div>\n","protected":false},"author":12,"featured_media":0,"comment_status":"open","ping_status":"open","sticky":false,"template":"","format":"standard","meta":{"footnotes":"","_elementor_edit_mode":"","_elementor_template_type":"","_elementor_data":"","_elementor_page_settings":null,"_elementor_conditions":[]},"categories":[2211,56],"tags":[170,171,172],"class_list":{"0":"post-9479","1":"post","2":"type-post","3":"status-publish","4":"format-standard","6":"category-kariyer-gelisimi","7":"category-stajin-onemi","8":"tag-meslegimi-nasil-secmeliyim","9":"tag-ne-is-yapmaliyim","10":"tag-ne-is-yapsam"},"yoast_head":"<!-- This site is optimized with the Yoast SEO Premium plugin v21.4 (Yoast SEO v27.0) - https:\/\/yoast.com\/product\/yoast-seo-premium-wordpress\/ -->\n<title>\u0130\u015finizi Se\u00e7erken Nelere Dikkat Etmelisiniz? | Kariyer Rehberi<\/title>\n<meta name=\"description\" content=\"Kariyer se\u00e7imini yaparken asl\u0131nda hayat\u0131m\u0131z\u0131 nas\u0131l ge\u00e7irece\u011fimizin bir se\u00e7imini de yap\u0131yoruz. \u201cG\u00fcn\u00fcm\u00fcz\u00fcn en az \u00fc\u00e7te birini nerede, ne yaparak ge\u00e7irece\u011fiz?\" \/>\n<meta name=\"robots\" content=\"index, follow, max-snippet:-1, max-image-preview:large, max-video-preview:-1\" \/>\n<link rel=\"canonical\" href=\"https:\/\/www.kariyer.net\/kariyer-rehberi\/isinizi-secerken-nelere-dikkat-etmelisiniz-2\/\" \/>\n<meta property=\"og:locale\" content=\"tr_TR\" \/>\n<meta property=\"og:type\" content=\"article\" \/>\n<meta property=\"og:title\" content=\"\u0130\u015finizi Se\u00e7erken Nelere Dikkat Etmelisiniz?\" \/>\n<meta property=\"og:description\" content=\"Kariyer, uzun soluklu bir yolculuk. Kariyer se\u00e7imini yaparken asl\u0131nda hayat\u0131m\u0131z\u0131 nas\u0131l ge\u00e7irece\u011fimizin bir se\u00e7imini de yap\u0131yoruz. \u201cG\u00fcn\u00fcm\u00fcz\u00fcn en az \u00fc\u00e7te\" \/>\n<meta property=\"og:url\" content=\"https:\/\/www.kariyer.net\/kariyer-rehberi\/isinizi-secerken-nelere-dikkat-etmelisiniz-2\/\" \/>\n<meta property=\"og:site_name\" content=\"Kariyer Rehberi\" \/>\n<meta property=\"article:published_time\" content=\"2013-06-24T08:50:46+00:00\" \/>\n<meta property=\"article:modified_time\" content=\"2024-07-03T12:31:40+00:00\" \/>\n<meta property=\"og:image\" content=\"http:\/\/www.kariyerkampuste.com\/wp-content\/uploads\/2013\/06\/Vivi-Soryano_ic.jpg\" \/>\n<meta name=\"author\" content=\"Edit\u00f6r\" \/>\n<meta name=\"twitter:card\" content=\"summary_large_image\" \/>\n<meta name=\"twitter:label1\" content=\"Yazan:\" \/>\n\t<meta name=\"twitter:data1\" content=\"Edit\u00f6r\" \/>\n\t<meta name=\"twitter:label2\" content=\"Tahmini okuma s\u00fcresi\" \/>\n\t<meta name=\"twitter:data2\" content=\"3 dakika\" \/>\n<!-- \/ Yoast SEO Premium plugin. -->","yoast_head_json":{"title":"\u0130\u015finizi Se\u00e7erken Nelere Dikkat Etmelisiniz? | Kariyer Rehberi","description":"Kariyer se\u00e7imini yaparken asl\u0131nda hayat\u0131m\u0131z\u0131 nas\u0131l ge\u00e7irece\u011fimizin bir se\u00e7imini de yap\u0131yoruz. \u201cG\u00fcn\u00fcm\u00fcz\u00fcn en az \u00fc\u00e7te birini nerede, ne yaparak ge\u00e7irece\u011fiz?","robots":{"index":"index","follow":"follow","max-snippet":"max-snippet:-1","max-image-preview":"max-image-preview:large","max-video-preview":"max-video-preview:-1"},"canonical":"https:\/\/www.kariyer.net\/kariyer-rehberi\/isinizi-secerken-nelere-dikkat-etmelisiniz-2\/","og_locale":"tr_TR","og_type":"article","og_title":"\u0130\u015finizi Se\u00e7erken Nelere Dikkat Etmelisiniz?","og_description":"Kariyer, uzun soluklu bir yolculuk. Kariyer se\u00e7imini yaparken asl\u0131nda hayat\u0131m\u0131z\u0131 nas\u0131l ge\u00e7irece\u011fimizin bir se\u00e7imini de yap\u0131yoruz. \u201cG\u00fcn\u00fcm\u00fcz\u00fcn en az \u00fc\u00e7te","og_url":"https:\/\/www.kariyer.net\/kariyer-rehberi\/isinizi-secerken-nelere-dikkat-etmelisiniz-2\/","og_site_name":"Kariyer Rehberi","article_published_time":"2013-06-24T08:50:46+00:00","article_modified_time":"2024-07-03T12:31:40+00:00","og_image":[{"url":"http:\/\/www.kariyerkampuste.com\/wp-content\/uploads\/2013\/06\/Vivi-Soryano_ic.jpg","type":"","width":"","height":""}],"author":"Edit\u00f6r","twitter_card":"summary_large_image","twitter_misc":{"Yazan:":"Edit\u00f6r","Tahmini okuma s\u00fcresi":"3 dakika"},"schema":{"@context":"https:\/\/schema.org","@graph":[{"@type":"Article","@id":"https:\/\/www.kariyer.net\/kariyer-rehberi\/isinizi-secerken-nelere-dikkat-etmelisiniz-2\/#article","isPartOf":{"@id":"https:\/\/www.kariyer.net\/kariyer-rehberi\/isinizi-secerken-nelere-dikkat-etmelisiniz-2\/"},"author":{"name":"Edit\u00f6r","@id":"https:\/\/www.kariyer.net\/kariyer-rehberi\/#\/schema\/person\/94fd6e49c7ff1b1b2565a2cc4fd685dd"},"headline":"\u0130\u015finizi Se\u00e7erken Nelere Dikkat Etmelisiniz?","datePublished":"2013-06-24T08:50:46+00:00","dateModified":"2024-07-03T12:31:40+00:00","mainEntityOfPage":{"@id":"https:\/\/www.kariyer.net\/kariyer-rehberi\/isinizi-secerken-nelere-dikkat-etmelisiniz-2\/"},"wordCount":572,"commentCount":0,"publisher":{"@id":"https:\/\/www.kariyer.net\/kariyer-rehberi\/#organization"},"image":{"@id":"https:\/\/www.kariyer.net\/kariyer-rehberi\/isinizi-secerken-nelere-dikkat-etmelisiniz-2\/#primaryimage"},"thumbnailUrl":"http:\/\/www.kariyerkampuste.com\/wp-content\/uploads\/2013\/06\/Vivi-Soryano_ic.jpg","keywords":["mesle\u011fimi nas\u0131l se\u00e7meliyim","ne i\u015f yapmal\u0131y\u0131m","ne i\u015f yapsam"],"articleSection":["Kariyer Geli\u015fimi","Staj\u0131n \u00d6nemi"],"inLanguage":"tr","potentialAction":[{"@type":"CommentAction","name":"Comment","target":["https:\/\/www.kariyer.net\/kariyer-rehberi\/isinizi-secerken-nelere-dikkat-etmelisiniz-2\/#respond"]}]},{"@type":"WebPage","@id":"https:\/\/www.kariyer.net\/kariyer-rehberi\/isinizi-secerken-nelere-dikkat-etmelisiniz-2\/","url":"https:\/\/www.kariyer.net\/kariyer-rehberi\/isinizi-secerken-nelere-dikkat-etmelisiniz-2\/","name":"\u0130\u015finizi Se\u00e7erken Nelere Dikkat Etmelisiniz? | Kariyer Rehberi","isPartOf":{"@id":"https:\/\/www.kariyer.net\/kariyer-rehberi\/#website"},"primaryImageOfPage":{"@id":"https:\/\/www.kariyer.net\/kariyer-rehberi\/isinizi-secerken-nelere-dikkat-etmelisiniz-2\/#primaryimage"},"image":{"@id":"https:\/\/www.kariyer.net\/kariyer-rehberi\/isinizi-secerken-nelere-dikkat-etmelisiniz-2\/#primaryimage"},"thumbnailUrl":"http:\/\/www.kariyerkampuste.com\/wp-content\/uploads\/2013\/06\/Vivi-Soryano_ic.jpg","datePublished":"2013-06-24T08:50:46+00:00","dateModified":"2024-07-03T12:31:40+00:00","description":"Kariyer se\u00e7imini yaparken asl\u0131nda hayat\u0131m\u0131z\u0131 nas\u0131l ge\u00e7irece\u011fimizin bir se\u00e7imini de yap\u0131yoruz. \u201cG\u00fcn\u00fcm\u00fcz\u00fcn en az \u00fc\u00e7te birini nerede, ne yaparak ge\u00e7irece\u011fiz?","breadcrumb":{"@id":"https:\/\/www.kariyer.net\/kariyer-rehberi\/isinizi-secerken-nelere-dikkat-etmelisiniz-2\/#breadcrumb"},"inLanguage":"tr","potentialAction":[{"@type":"ReadAction","target":["https:\/\/www.kariyer.net\/kariyer-rehberi\/isinizi-secerken-nelere-dikkat-etmelisiniz-2\/"]}]},{"@type":"ImageObject","inLanguage":"tr","@id":"https:\/\/www.kariyer.net\/kariyer-rehberi\/isinizi-secerken-nelere-dikkat-etmelisiniz-2\/#primaryimage","url":"http:\/\/www.kariyerkampuste.com\/wp-content\/uploads\/2013\/06\/Vivi-Soryano_ic.jpg","contentUrl":"http:\/\/www.kariyerkampuste.com\/wp-content\/uploads\/2013\/06\/Vivi-Soryano_ic.jpg"},{"@type":"BreadcrumbList","@id":"https:\/\/www.kariyer.net\/kariyer-rehberi\/isinizi-secerken-nelere-dikkat-etmelisiniz-2\/#breadcrumb","itemListElement":[{"@type":"ListItem","position":1,"name":"Anasayfa","item":"https:\/\/www.kariyer.net\/kariyer-rehberi\/"},{"@type":"ListItem","position":2,"name":"\u0130\u015finizi Se\u00e7erken Nelere Dikkat Etmelisiniz?"}]},{"@type":"WebSite","@id":"https:\/\/www.kariyer.net\/kariyer-rehberi\/#website","url":"https:\/\/www.kariyer.net\/kariyer-rehberi\/","name":"Kariyer Rehberi","description":"\u0130\u015f D\u00fcnyas\u0131yla \u0130lgili Bilmek \u0130stedi\u011finiz Her \u015eey","publisher":{"@id":"https:\/\/www.kariyer.net\/kariyer-rehberi\/#organization"},"potentialAction":[{"@type":"SearchAction","target":{"@type":"EntryPoint","urlTemplate":"https:\/\/www.kariyer.net\/kariyer-rehberi\/?s={search_term_string}"},"query-input":{"@type":"PropertyValueSpecification","valueRequired":true,"valueName":"search_term_string"}}],"inLanguage":"tr"},{"@type":"Organization","@id":"https:\/\/www.kariyer.net\/kariyer-rehberi\/#organization","name":"Kariyer.net","url":"https:\/\/www.kariyer.net\/kariyer-rehberi\/","logo":{"@type":"ImageObject","inLanguage":"tr","@id":"https:\/\/www.kariyer.net\/kariyer-rehberi\/#\/schema\/logo\/image\/","url":"https:\/\/www.kariyer.net\/kariyer-rehberi-new\/wp-content\/uploads\/2023\/01\/og-image11.jpg","contentUrl":"https:\/\/www.kariyer.net\/kariyer-rehberi-new\/wp-content\/uploads\/2023\/01\/og-image11.jpg","width":800,"height":800,"caption":"Kariyer.net"},"image":{"@id":"https:\/\/www.kariyer.net\/kariyer-rehberi\/#\/schema\/logo\/image\/"}},{"@type":"Person","@id":"https:\/\/www.kariyer.net\/kariyer-rehberi\/#\/schema\/person\/94fd6e49c7ff1b1b2565a2cc4fd685dd","name":"Edit\u00f6r","image":{"@type":"ImageObject","inLanguage":"tr","@id":"https:\/\/www.kariyer.net\/kariyer-rehberi\/#\/schema\/person\/image\/","url":"https:\/\/secure.gravatar.com\/avatar\/0c4fe6688343aed3693b15573beae12c08ace5565409d5ab7509bf9c115f458d?s=96&d=mm&r=g","contentUrl":"https:\/\/secure.gravatar.com\/avatar\/0c4fe6688343aed3693b15573beae12c08ace5565409d5ab7509bf9c115f458d?s=96&d=mm&r=g","caption":"Edit\u00f6r"},"url":"https:\/\/www.kariyer.net\/kariyer-rehberi\/author\/editor\/"}]}},"_links":{"self":[{"href":"https:\/\/www.kariyer.net\/kariyer-rehberi\/wp-json\/wp\/v2\/posts\/9479","targetHints":{"allow":["GET"]}}],"collection":[{"href":"https:\/\/www.kariyer.net\/kariyer-rehberi\/wp-json\/wp\/v2\/posts"}],"about":[{"href":"https:\/\/www.kariyer.net\/kariyer-rehberi\/wp-json\/wp\/v2\/types\/post"}],"author":[{"embeddable":true,"href":"https:\/\/www.kariyer.net\/kariyer-rehberi\/wp-json\/wp\/v2\/users\/12"}],"replies":[{"embeddable":true,"href":"https:\/\/www.kariyer.net\/kariyer-rehberi\/wp-json\/wp\/v2\/comments?post=9479"}],"version-history":[{"count":1,"href":"https:\/\/www.kariyer.net\/kariyer-rehberi\/wp-json\/wp\/v2\/posts\/9479\/revisions"}],"predecessor-version":[{"id":19666,"href":"https:\/\/www.kariyer.net\/kariyer-rehberi\/wp-json\/wp\/v2\/posts\/9479\/revisions\/19666"}],"wp:attachment":[{"href":"https:\/\/www.kariyer.net\/kariyer-rehberi\/wp-json\/wp\/v2\/media?parent=9479"}],"wp:term":[{"taxonomy":"category","embeddable":true,"href":"https:\/\/www.kariyer.net\/kariyer-rehberi\/wp-json\/wp\/v2\/categories?post=9479"},{"taxonomy":"post_tag","embeddable":true,"href":"https:\/\/www.kariyer.net\/kariyer-rehberi\/wp-json\/wp\/v2\/tags?post=9479"}],"curies":[{"name":"wp","href":"https:\/\/api.w.org\/{rel}","templated":true}]}}