{"id":9480,"date":"2013-06-26T11:00:49","date_gmt":"2013-06-26T08:00:49","guid":{"rendered":"http:\/\/www.kariyerkampuste.com\/?p=1532"},"modified":"2024-07-03T15:31:40","modified_gmt":"2024-07-03T12:31:40","slug":"ikcidan-genclere-mesaj-gundemi-takip-edin-2","status":"publish","type":"post","link":"https:\/\/www.kariyer.net\/kariyer-rehberi\/ikcidan-genclere-mesaj-gundemi-takip-edin-2\/","title":{"rendered":"\u0130K&#8217;c\u0131dan gen\u00e7lere mesaj: &#8220;G\u00fcndemi takip edin&#8221;"},"content":{"rendered":"<p><a href=\"http:\/\/www.kariyerkampuste.com\/wp-content\/uploads\/2013\/06\/gokcen_dervisoglu_ic.jpg\"><img fetchpriority=\"high\" decoding=\"async\" class=\"alignleft size-full wp-image-1533\" alt=\"gokcen_dervisoglu_ic\" src=\"http:\/\/www.kariyerkampuste.com\/wp-content\/uploads\/2013\/06\/gokcen_dervisoglu_ic.jpg\" width=\"300\" height=\"200\" \/><\/a><\/p>\n<p><strong>Ba\u015far\u0131l\u0131 bir \u00fcniversite mezuniyetinin ard\u0131ndan, \u0130K alan\u0131nda kariyer yapmaya karar veren Ziylan Grup \u0130nsan Kaynaklar\u0131 Direkt\u00f6r\u00fc G\u00f6k\u00e7en Dervi\u015fo\u011flu, kariyerinde 15. y\u0131l\u0131n\u0131 dolduruyor. Dervi\u015fo\u011flu, gen\u00e7leri g\u00fcndemi takip etmeleri konusunda uyar\u0131yor.<\/strong><br \/>\n\u00dcniversiteye ad\u0131m atar atmaz \u0130nsan Kaynaklar\u0131 alan\u0131nda kariyer yapmay\u0131 akl\u0131na koyan G\u00f6k\u00e7en Dervi\u015fo\u011flu, Orta Do\u011fu Teknik \u00dcniversitesi Psikolojik Dan\u0131\u015fmanl\u0131k B\u00f6l\u00fcm\u00fc\u2019nde e\u011fitimini alm\u0131\u015f. \u201cAld\u0131\u011f\u0131m\u0131z e\u011fitimler \u0130nsan Kaynaklar\u0131 konular\u0131yla \u00e7ok yak\u0131ndan ilgiliydi\u201d diyen Dervi\u015fo\u011flu, okuldaki ba\u015far\u0131s\u0131 nedeniyle akademik kariyer yapmay\u0131 da \u00e7ok istemi\u015f. 2000\u2019de ayn\u0131 \u00fcniversitede e\u011fitim bilimleri y\u00fcksek lisans program\u0131n\u0131 tamamlam\u0131\u015f. Ancak tercihini profesyonel i\u015f hayat\u0131na girmekten yana kullanm\u0131\u015f. Gima, Ko\u00e7 Allianz Sigorta, Aras Kargo ve Simit Saray\u0131 A.\u015e. gibi firmalarda \u0130K alan\u0131nda \u00e7e\u015fitli pozisyonlarda g\u00f6rev yapm\u0131\u015f. Aral\u0131k 2012\u2019de Ziylan Grup \u0130nsan Kaynaklar\u0131 Direkt\u00f6r\u00fc olarak \u00e7al\u0131\u015fmaya ba\u015flayan G\u00f6k\u00e7en Dervi\u015fo\u011flu ile \u0130nsan Kaynaklar\u0131n\u0131n d\u00fcn\u00fcn\u00fc ve bug\u00fcn\u00fcn\u00fc konu\u015ftuk.<!--more--><\/p>\n<p><strong>\u0130K alan\u0131nda kariyer yapmaya nas\u0131l karar verdiniz?<\/strong><\/p>\n<p>Ben \u00fcniversiteye ba\u015flad\u0131\u011f\u0131m andan itibaren \u0130nsan Kaynaklar\u0131nda \u00e7al\u0131\u015fmay\u0131 hedefliyordum. Orta Do\u011fu Teknik \u00dcniversitesi Psikolojik Dan\u0131\u015fmanl\u0131k B\u00f6l\u00fcm\u00fc\u2019nde e\u011fitim ald\u0131m. Ald\u0131\u011f\u0131m\u0131z e\u011fitimler \u0130nsan Kaynaklar\u0131 konular\u0131yla \u00e7ok yak\u0131ndan ilgiliydi. Okulda ba\u015far\u0131m sebebiyle \u00f6zellikle mezun oldu\u011fumda akademik kariyer yapmay\u0131 da \u00e7ok istemi\u015ftim ama ara\u015ft\u0131rma g\u00f6revlisi kadrosu bir t\u00fcrl\u00fc a\u00e7\u0131lmay\u0131nca profesyonel i\u015f hayat\u0131na giri\u015f yapm\u0131\u015f oldum.<\/p>\n<p><strong>Gen\u00e7 \u0130K\u2019c\u0131lara ne gibi tavsiyeleriniz olur?<\/strong><\/p>\n<p>Sadece kendi \u015firketleri ve kendi yapt\u0131klar\u0131yla s\u0131n\u0131rl\u0131 kalmas\u0131nlar. Art\u0131k \u0130K ile ilgili bir\u00e7ok yay\u0131n var. Di\u011fer firmalar neler yap\u0131yor, \u0130K alan\u0131nda hangi geli\u015fmeler ya\u015fan\u0131yor, bunlar\u0131 takip etsinler. \u015eunu da ilave etmeliyim, kariyerinin ilk y\u0131llar\u0131nda olan baz\u0131 arkada\u015flar\u0131n yo\u011fun tempodan ya da ayn\u0131 anda birka\u00e7 i\u015fi yapmalar\u0131ndan dolay\u0131 yak\u0131nd\u0131klar\u0131n\u0131 g\u00f6r\u00fcyorum. Bu zorluklar\u0131n kendilerini daha zor \u015fartlar i\u00e7in antrenmanl\u0131 hale getirdi\u011fini ve onlar\u0131 geli\u015ftirdi\u011fini unutmamal\u0131lar.<\/p>\n<p><strong>M\u00fclakatlarda favori sorunuz ne?<\/strong><\/p>\n<p>Adaylarla g\u00f6r\u00fc\u015fmelerim genelde sohbet ortam\u0131nda ge\u00e7er. \u201cKendinizde en \u00e7ok g\u00fcvendi\u011finiz \u00f6zelli\u011finiz ve bu \u00f6zelli\u011finizle \u015firketimize nas\u0131l bir katk\u0131 sa\u011flamay\u0131 d\u00fc\u015f\u00fcn\u00fcyorsunuz?\u201d sorusunu s\u0131kl\u0131kla sormaya \u00e7al\u0131\u015f\u0131yorum.<\/p>\n<p><strong>Bug\u00fcne kadar yapt\u0131\u011f\u0131n\u0131z en ilgin\u00e7 m\u00fclakat ne idi?<\/strong><\/p>\n<p>Bazen baz\u0131 adaylar anne &#8211; baba ya da e\u015fi ya da ni\u015fanl\u0131s\u0131yla g\u00f6r\u00fc\u015fmeye geliyor. Siz do\u011fal olarak g\u00f6r\u00fc\u015fme odas\u0131na sadece aday\u0131 davet edersiniz. Bir g\u00f6r\u00fc\u015fmede babay\u0131 k\u0131z\u0131yla g\u00f6r\u00fc\u015fme yapma konusunda ikna etmekte \u00e7ok zorlanm\u0131\u015ft\u0131m. A\u00e7\u0131k\u00e7a kendisi olmadan k\u0131z\u0131n\u0131n kendisini yeterince iyi ifade edemeyece\u011fini s\u00f6ylemi\u015fti.<\/p>\n<p><strong>Bir m\u00fclakat i\u00e7in sizi g\u00f6r\u00fc\u015fmeye \u00e7a\u011f\u0131rsalar en \u00e7ok hangi soru sizi korkutur?<\/strong><\/p>\n<p>E\u011fer i\u015f hayat\u0131m\u0131n ilk y\u0131llar\u0131nda bu soruyu sorsayd\u0131n\u0131z size belki bir cevap verebilirdim ama \u015fu an b\u00f6yle bir korkum olmaz. Ne sorulursa cevap veririm diye d\u00fc\u015f\u00fcn\u00fcyorum.<\/p>\n<p>&nbsp;<\/p>\n<p><a title=\"\u0130K'c\u0131dan gen\u00e7lere mesaj: &quot;G\u00fcndemi Takip Edin&quot;\" href=\"http:\/\/www.kariyer.net\/kariyer-rehberi\/ik-cidan-genclere-mesaj-gundemi-takip-edin-\/1057\" target=\"_blank\" rel=\"noopener\">Makalenin tamam\u0131n\u0131 okumak i\u00e7in t\u0131klay\u0131n&gt;&gt;<\/a><\/p>\n<p><a title=\"\u0130nsan Kaynaklar\u0131 \u0130\u015f \u0130lanlar\u0131\" href=\"http:\/\/www.kariyer.net\/WebSite\/IsArama\/index.aspx?isalani=15\" target=\"_blank\" rel=\"noopener\">\u0130nsan Kaynaklar\u0131 alan\u0131ndaki i\u015f ilanlar\u0131 incelemek i\u00e7in t\u0131klay\u0131n&gt;&gt;<\/a><\/p>\n<p><a title=\"\u0130nsan Kaynaklar\u0131 Staj \u0130lanlar\u0131\" href=\"http:\/\/staj.kariyer.net\/WebSite\/IsArama\/index.aspx?isalani=15\" target=\"_blank\" rel=\"noopener\">\u0130nsan Kaynaklar\u0131 alan\u0131ndaki staj ilanlar\u0131n\u0131 incelemek i\u00e7in t\u0131klay\u0131n&gt;&gt;<\/a><\/p>\n<!-- templates\/buttons-placeholder.php -->\n<div class=\"da-reactions-outer TpostID9480\">\n\t    <div class=\"da-reactions-data da-reactions-container-async center\"\n         data-type=\"post\"\n         data-id=\"9480\"\n         id=\"da-reactions-slot-post-9480\">\n        <div class=\"da-reactions-static\">\n\t\t\t<img src=\"https:\/\/www.kariyer.net\/kariyer-rehberi\/wp-content\/plugins\/da-reactions\/assets\/dist\/loading.svg\" alt=\"Loading spinner\" width=\"48\" height=\"48\" style=\"width:48px\" \/>\n        <\/div>\n    <\/div>\n<\/div>\n","protected":false},"excerpt":{"rendered":"<p>Ba\u015far\u0131l\u0131 bir \u00fcniversite mezuniyetinin ard\u0131ndan, \u0130K alan\u0131nda kariyer yapmaya karar veren Ziylan Grup \u0130nsan Kaynaklar\u0131 Direkt\u00f6r\u00fc G\u00f6k\u00e7en Dervi\u015fo\u011flu, kariyerinde 15. y\u0131l\u0131n\u0131 dolduruyor. Dervi\u015fo\u011flu, gen\u00e7leri g\u00fcndemi takip etmeleri konusunda uyar\u0131yor. \u00dcniversiteye ad\u0131m atar atmaz \u0130nsan Kaynaklar\u0131 alan\u0131nda kariyer yapmay\u0131 akl\u0131na koyan G\u00f6k\u00e7en Dervi\u015fo\u011flu, Orta Do\u011fu Teknik \u00dcniversitesi Psikolojik Dan\u0131\u015fmanl\u0131k B\u00f6l\u00fcm\u00fc\u2019nde e\u011fitimini alm\u0131\u015f. \u201cAld\u0131\u011f\u0131m\u0131z e\u011fitimler \u0130nsan Kaynaklar\u0131 [&hellip;]<\/p>\n<!-- templates\/buttons-placeholder.php -->\n<div class=\"da-reactions-outer TpostID9480\">\n\t    <div class=\"da-reactions-data da-reactions-container-async center\"\n         data-type=\"post\"\n         data-id=\"9480\"\n         id=\"da-reactions-slot-post-9480\">\n        <div class=\"da-reactions-static\">\n\t\t\t<img src=\"https:\/\/www.kariyer.net\/kariyer-rehberi\/wp-content\/plugins\/da-reactions\/assets\/dist\/loading.svg\" alt=\"Loading spinner\" width=\"48\" height=\"48\" style=\"width:48px\" \/>\n        <\/div>\n    <\/div>\n<\/div>\n","protected":false},"author":12,"featured_media":0,"comment_status":"open","ping_status":"open","sticky":false,"template":"","format":"standard","meta":{"footnotes":"","_elementor_edit_mode":"","_elementor_template_type":"","_elementor_data":"","_elementor_page_settings":null,"_elementor_conditions":[]},"categories":[2211,56],"tags":[173,174,175,176],"class_list":{"0":"post-9480","1":"post","2":"type-post","3":"status-publish","4":"format-standard","6":"category-kariyer-gelisimi","7":"category-stajin-onemi","8":"tag-gokcen-dervisoglu","9":"tag-ikci-ne-is-yapar","10":"tag-insan-kaynaklarinda-kariyer","11":"tag-ziylan-insan-kaynaklari-direktoru"},"yoast_head":"<!-- This site is optimized with the Yoast SEO Premium plugin v21.4 (Yoast SEO v27.0) - https:\/\/yoast.com\/product\/yoast-seo-premium-wordpress\/ -->\n<title>\u0130K&#039;c\u0131dan gen\u00e7lere mesaj: &quot;G\u00fcndemi takip edin&quot; | Kariyer Rehberi<\/title>\n<meta name=\"description\" content=\"Ba\u015far\u0131l\u0131 bir \u00fcniversite mezuniyetinin ard\u0131ndan, \u0130K alan\u0131nda kariyer yapmaya karar veren Ziylan Grup \u0130nsan Kaynaklar\u0131 Direkt\u00f6r\u00fc G\u00f6k\u00e7en Dervi\u015fo\u011flu, kariyerinde 15. y\u0131l\u0131n\u0131 dolduruyor. Dervi\u015fo\u011flu, gen\u00e7leri g\u00fcndemi takip etmeleri konusunda uyar\u0131yor.\" \/>\n<meta name=\"robots\" content=\"index, follow, max-snippet:-1, max-image-preview:large, max-video-preview:-1\" \/>\n<link rel=\"canonical\" href=\"https:\/\/www.kariyer.net\/kariyer-rehberi\/ikcidan-genclere-mesaj-gundemi-takip-edin-2\/\" \/>\n<meta property=\"og:locale\" content=\"tr_TR\" \/>\n<meta property=\"og:type\" content=\"article\" \/>\n<meta property=\"og:title\" content=\"\u0130K&#039;c\u0131dan gen\u00e7lere mesaj: &quot;G\u00fcndemi takip edin&quot;\" \/>\n<meta property=\"og:description\" content=\"Ba\u015far\u0131l\u0131 bir \u00fcniversite mezuniyetinin ard\u0131ndan, \u0130K alan\u0131nda kariyer yapmaya karar veren Ziylan Grup \u0130nsan Kaynaklar\u0131 Direkt\u00f6r\u00fc G\u00f6k\u00e7en Dervi\u015fo\u011flu,\" \/>\n<meta property=\"og:url\" content=\"https:\/\/www.kariyer.net\/kariyer-rehberi\/ikcidan-genclere-mesaj-gundemi-takip-edin-2\/\" \/>\n<meta property=\"og:site_name\" content=\"Kariyer Rehberi\" \/>\n<meta property=\"article:published_time\" content=\"2013-06-26T08:00:49+00:00\" \/>\n<meta property=\"article:modified_time\" content=\"2024-07-03T12:31:40+00:00\" \/>\n<meta property=\"og:image\" content=\"http:\/\/www.kariyerkampuste.com\/wp-content\/uploads\/2013\/06\/gokcen_dervisoglu_ic.jpg\" \/>\n<meta name=\"author\" content=\"Edit\u00f6r\" \/>\n<meta name=\"twitter:card\" content=\"summary_large_image\" \/>\n<meta name=\"twitter:label1\" content=\"Yazan:\" \/>\n\t<meta name=\"twitter:data1\" content=\"Edit\u00f6r\" \/>\n\t<meta name=\"twitter:label2\" content=\"Tahmini okuma s\u00fcresi\" \/>\n\t<meta name=\"twitter:data2\" content=\"3 dakika\" \/>\n<!-- \/ Yoast SEO Premium plugin. -->","yoast_head_json":{"title":"\u0130K'c\u0131dan gen\u00e7lere mesaj: \"G\u00fcndemi takip edin\" | Kariyer Rehberi","description":"Ba\u015far\u0131l\u0131 bir \u00fcniversite mezuniyetinin ard\u0131ndan, \u0130K alan\u0131nda kariyer yapmaya karar veren Ziylan Grup \u0130nsan Kaynaklar\u0131 Direkt\u00f6r\u00fc G\u00f6k\u00e7en Dervi\u015fo\u011flu, kariyerinde 15. y\u0131l\u0131n\u0131 dolduruyor. Dervi\u015fo\u011flu, gen\u00e7leri g\u00fcndemi takip etmeleri konusunda uyar\u0131yor.","robots":{"index":"index","follow":"follow","max-snippet":"max-snippet:-1","max-image-preview":"max-image-preview:large","max-video-preview":"max-video-preview:-1"},"canonical":"https:\/\/www.kariyer.net\/kariyer-rehberi\/ikcidan-genclere-mesaj-gundemi-takip-edin-2\/","og_locale":"tr_TR","og_type":"article","og_title":"\u0130K'c\u0131dan gen\u00e7lere mesaj: \"G\u00fcndemi takip edin\"","og_description":"Ba\u015far\u0131l\u0131 bir \u00fcniversite mezuniyetinin ard\u0131ndan, \u0130K alan\u0131nda kariyer yapmaya karar veren Ziylan Grup \u0130nsan Kaynaklar\u0131 Direkt\u00f6r\u00fc G\u00f6k\u00e7en Dervi\u015fo\u011flu,","og_url":"https:\/\/www.kariyer.net\/kariyer-rehberi\/ikcidan-genclere-mesaj-gundemi-takip-edin-2\/","og_site_name":"Kariyer Rehberi","article_published_time":"2013-06-26T08:00:49+00:00","article_modified_time":"2024-07-03T12:31:40+00:00","og_image":[{"url":"http:\/\/www.kariyerkampuste.com\/wp-content\/uploads\/2013\/06\/gokcen_dervisoglu_ic.jpg","type":"","width":"","height":""}],"author":"Edit\u00f6r","twitter_card":"summary_large_image","twitter_misc":{"Yazan:":"Edit\u00f6r","Tahmini okuma s\u00fcresi":"3 dakika"},"schema":{"@context":"https:\/\/schema.org","@graph":[{"@type":"Article","@id":"https:\/\/www.kariyer.net\/kariyer-rehberi\/ikcidan-genclere-mesaj-gundemi-takip-edin-2\/#article","isPartOf":{"@id":"https:\/\/www.kariyer.net\/kariyer-rehberi\/ikcidan-genclere-mesaj-gundemi-takip-edin-2\/"},"author":{"name":"Edit\u00f6r","@id":"https:\/\/www.kariyer.net\/kariyer-rehberi\/#\/schema\/person\/94fd6e49c7ff1b1b2565a2cc4fd685dd"},"headline":"\u0130K&#8217;c\u0131dan gen\u00e7lere mesaj: &#8220;G\u00fcndemi takip edin&#8221;","datePublished":"2013-06-26T08:00:49+00:00","dateModified":"2024-07-03T12:31:40+00:00","mainEntityOfPage":{"@id":"https:\/\/www.kariyer.net\/kariyer-rehberi\/ikcidan-genclere-mesaj-gundemi-takip-edin-2\/"},"wordCount":605,"commentCount":0,"publisher":{"@id":"https:\/\/www.kariyer.net\/kariyer-rehberi\/#organization"},"image":{"@id":"https:\/\/www.kariyer.net\/kariyer-rehberi\/ikcidan-genclere-mesaj-gundemi-takip-edin-2\/#primaryimage"},"thumbnailUrl":"http:\/\/www.kariyerkampuste.com\/wp-content\/uploads\/2013\/06\/gokcen_dervisoglu_ic.jpg","keywords":["G\u00f6k\u00e7en Dervi\u015fo\u011flu","\u0130K'c\u0131 ne i\u015f yapar","insan kaynaklar\u0131nda kariyer","ziylan insan kaynaklar\u0131 direkt\u00f6r\u00fc"],"articleSection":["Kariyer Geli\u015fimi","Staj\u0131n \u00d6nemi"],"inLanguage":"tr","potentialAction":[{"@type":"CommentAction","name":"Comment","target":["https:\/\/www.kariyer.net\/kariyer-rehberi\/ikcidan-genclere-mesaj-gundemi-takip-edin-2\/#respond"]}]},{"@type":"WebPage","@id":"https:\/\/www.kariyer.net\/kariyer-rehberi\/ikcidan-genclere-mesaj-gundemi-takip-edin-2\/","url":"https:\/\/www.kariyer.net\/kariyer-rehberi\/ikcidan-genclere-mesaj-gundemi-takip-edin-2\/","name":"\u0130K'c\u0131dan gen\u00e7lere mesaj: \"G\u00fcndemi takip edin\" | Kariyer Rehberi","isPartOf":{"@id":"https:\/\/www.kariyer.net\/kariyer-rehberi\/#website"},"primaryImageOfPage":{"@id":"https:\/\/www.kariyer.net\/kariyer-rehberi\/ikcidan-genclere-mesaj-gundemi-takip-edin-2\/#primaryimage"},"image":{"@id":"https:\/\/www.kariyer.net\/kariyer-rehberi\/ikcidan-genclere-mesaj-gundemi-takip-edin-2\/#primaryimage"},"thumbnailUrl":"http:\/\/www.kariyerkampuste.com\/wp-content\/uploads\/2013\/06\/gokcen_dervisoglu_ic.jpg","datePublished":"2013-06-26T08:00:49+00:00","dateModified":"2024-07-03T12:31:40+00:00","description":"Ba\u015far\u0131l\u0131 bir \u00fcniversite mezuniyetinin ard\u0131ndan, \u0130K alan\u0131nda kariyer yapmaya karar veren Ziylan Grup \u0130nsan Kaynaklar\u0131 Direkt\u00f6r\u00fc G\u00f6k\u00e7en Dervi\u015fo\u011flu, kariyerinde 15. y\u0131l\u0131n\u0131 dolduruyor. Dervi\u015fo\u011flu, gen\u00e7leri g\u00fcndemi takip etmeleri konusunda uyar\u0131yor.","breadcrumb":{"@id":"https:\/\/www.kariyer.net\/kariyer-rehberi\/ikcidan-genclere-mesaj-gundemi-takip-edin-2\/#breadcrumb"},"inLanguage":"tr","potentialAction":[{"@type":"ReadAction","target":["https:\/\/www.kariyer.net\/kariyer-rehberi\/ikcidan-genclere-mesaj-gundemi-takip-edin-2\/"]}]},{"@type":"ImageObject","inLanguage":"tr","@id":"https:\/\/www.kariyer.net\/kariyer-rehberi\/ikcidan-genclere-mesaj-gundemi-takip-edin-2\/#primaryimage","url":"http:\/\/www.kariyerkampuste.com\/wp-content\/uploads\/2013\/06\/gokcen_dervisoglu_ic.jpg","contentUrl":"http:\/\/www.kariyerkampuste.com\/wp-content\/uploads\/2013\/06\/gokcen_dervisoglu_ic.jpg"},{"@type":"BreadcrumbList","@id":"https:\/\/www.kariyer.net\/kariyer-rehberi\/ikcidan-genclere-mesaj-gundemi-takip-edin-2\/#breadcrumb","itemListElement":[{"@type":"ListItem","position":1,"name":"Anasayfa","item":"https:\/\/www.kariyer.net\/kariyer-rehberi\/"},{"@type":"ListItem","position":2,"name":"\u0130K&#8217;c\u0131dan gen\u00e7lere mesaj: &#8220;G\u00fcndemi takip edin&#8221;"}]},{"@type":"WebSite","@id":"https:\/\/www.kariyer.net\/kariyer-rehberi\/#website","url":"https:\/\/www.kariyer.net\/kariyer-rehberi\/","name":"Kariyer Rehberi","description":"\u0130\u015f D\u00fcnyas\u0131yla \u0130lgili Bilmek \u0130stedi\u011finiz Her \u015eey","publisher":{"@id":"https:\/\/www.kariyer.net\/kariyer-rehberi\/#organization"},"potentialAction":[{"@type":"SearchAction","target":{"@type":"EntryPoint","urlTemplate":"https:\/\/www.kariyer.net\/kariyer-rehberi\/?s={search_term_string}"},"query-input":{"@type":"PropertyValueSpecification","valueRequired":true,"valueName":"search_term_string"}}],"inLanguage":"tr"},{"@type":"Organization","@id":"https:\/\/www.kariyer.net\/kariyer-rehberi\/#organization","name":"Kariyer.net","url":"https:\/\/www.kariyer.net\/kariyer-rehberi\/","logo":{"@type":"ImageObject","inLanguage":"tr","@id":"https:\/\/www.kariyer.net\/kariyer-rehberi\/#\/schema\/logo\/image\/","url":"https:\/\/www.kariyer.net\/kariyer-rehberi-new\/wp-content\/uploads\/2023\/01\/og-image11.jpg","contentUrl":"https:\/\/www.kariyer.net\/kariyer-rehberi-new\/wp-content\/uploads\/2023\/01\/og-image11.jpg","width":800,"height":800,"caption":"Kariyer.net"},"image":{"@id":"https:\/\/www.kariyer.net\/kariyer-rehberi\/#\/schema\/logo\/image\/"}},{"@type":"Person","@id":"https:\/\/www.kariyer.net\/kariyer-rehberi\/#\/schema\/person\/94fd6e49c7ff1b1b2565a2cc4fd685dd","name":"Edit\u00f6r","image":{"@type":"ImageObject","inLanguage":"tr","@id":"https:\/\/www.kariyer.net\/kariyer-rehberi\/#\/schema\/person\/image\/","url":"https:\/\/secure.gravatar.com\/avatar\/0c4fe6688343aed3693b15573beae12c08ace5565409d5ab7509bf9c115f458d?s=96&d=mm&r=g","contentUrl":"https:\/\/secure.gravatar.com\/avatar\/0c4fe6688343aed3693b15573beae12c08ace5565409d5ab7509bf9c115f458d?s=96&d=mm&r=g","caption":"Edit\u00f6r"},"url":"https:\/\/www.kariyer.net\/kariyer-rehberi\/author\/editor\/"}]}},"_links":{"self":[{"href":"https:\/\/www.kariyer.net\/kariyer-rehberi\/wp-json\/wp\/v2\/posts\/9480","targetHints":{"allow":["GET"]}}],"collection":[{"href":"https:\/\/www.kariyer.net\/kariyer-rehberi\/wp-json\/wp\/v2\/posts"}],"about":[{"href":"https:\/\/www.kariyer.net\/kariyer-rehberi\/wp-json\/wp\/v2\/types\/post"}],"author":[{"embeddable":true,"href":"https:\/\/www.kariyer.net\/kariyer-rehberi\/wp-json\/wp\/v2\/users\/12"}],"replies":[{"embeddable":true,"href":"https:\/\/www.kariyer.net\/kariyer-rehberi\/wp-json\/wp\/v2\/comments?post=9480"}],"version-history":[{"count":1,"href":"https:\/\/www.kariyer.net\/kariyer-rehberi\/wp-json\/wp\/v2\/posts\/9480\/revisions"}],"predecessor-version":[{"id":19665,"href":"https:\/\/www.kariyer.net\/kariyer-rehberi\/wp-json\/wp\/v2\/posts\/9480\/revisions\/19665"}],"wp:attachment":[{"href":"https:\/\/www.kariyer.net\/kariyer-rehberi\/wp-json\/wp\/v2\/media?parent=9480"}],"wp:term":[{"taxonomy":"category","embeddable":true,"href":"https:\/\/www.kariyer.net\/kariyer-rehberi\/wp-json\/wp\/v2\/categories?post=9480"},{"taxonomy":"post_tag","embeddable":true,"href":"https:\/\/www.kariyer.net\/kariyer-rehberi\/wp-json\/wp\/v2\/tags?post=9480"}],"curies":[{"name":"wp","href":"https:\/\/api.w.org\/{rel}","templated":true}]}}