{"id":9489,"date":"2013-10-09T11:00:41","date_gmt":"2013-10-09T08:00:41","guid":{"rendered":"http:\/\/www.kariyerkampuste.com\/?p=1653"},"modified":"2024-07-03T15:31:08","modified_gmt":"2024-07-03T12:31:08","slug":"staj-is-bulmanin-ilk-adimi-2","status":"publish","type":"post","link":"https:\/\/www.kariyer.net\/kariyer-rehberi\/staj-is-bulmanin-ilk-adimi-2\/","title":{"rendered":"Staj: \u0130\u015f Bulman\u0131n \u0130lk Ad\u0131m\u0131"},"content":{"rendered":"<p><img fetchpriority=\"high\" decoding=\"async\" class=\"alignleft\" alt=\"\" src=\"http:\/\/img1.kariyer.net\/Website\/uploads\/KariyerRehberi\/pictures\/yusuf_azoz_ic.jpg\" width=\"304\" height=\"200\" \/><\/p>\n<p><strong>Kariyer.net Genel M\u00fcd\u00fcr\u00fc Yusuf Azoz, stajlardan sonra o firmada kalman\u0131n m\u00fcmk\u00fcn oldu\u011funu, staj s\u00fcrecini verimli kullanmak gerekti\u011fini s\u00f6yl\u00fcyor. \u0130\u015fte Yusuf Azoz\u2019un staj \u00fczerine sorular\u0131m\u0131za verdi\u011fi yan\u0131tlar&#8230;<\/strong><\/p>\n<p><strong>Stajlar\u0131n i\u015f d\u00fcnyas\u0131ndaki \u00f6nemi art\u0131yor. Sizin bu konudaki g\u00f6zlemleriniz neler?<\/strong><\/p>\n<p>Staj, hem i\u015fveren hem de aday i\u00e7in \u00e7ok \u00f6nemli bir deneyim. Art\u0131k staj\u0131n fotokopi \u00e7ekmekten ibaret oldu\u011fu d\u00f6nem bitti. Yetenek sava\u015flar\u0131n\u0131n h\u0131zland\u0131\u011f\u0131 g\u00fcn\u00fcm\u00fczde bir\u00e7ok se\u00e7kin firma, yetenekleri mezun olur olmaz b\u00fcnyesine katabilmek i\u00e7in staj\u0131 da kapsayan \u00f6zel programlar d\u00fczenliyor. \u00d6zel oyun ve yar\u0131\u015fmalarla se\u00e7ti\u011fi gen\u00e7leri \u015firketinde uzun s\u00fcreli stajyer olarak istihdam ediyor ve bu gen\u00e7lerin \u015firkette kalmas\u0131 i\u00e7in \u00f6zel bir \u00e7aba g\u00f6steriyor. Bu durumda, kar\u015f\u0131l\u0131kl\u0131 bir kazan-kazan ili\u015fkisi s\u00f6z konusu. \u015eirket, gen\u00e7 yetenekleri kendi kurum k\u00fclt\u00fcr\u00fcne uygun bir \u015fekilde, y\u00fcksek ba\u011fl\u0131l\u0131kla yeti\u015ftiriyor. Gen\u00e7ler de kariyer basamaklar\u0131n\u0131 hen\u00fcz \u00f6\u011frenciyken t\u0131rmanmaya ba\u015flayarak kariyerinde \u00f6nemli bir avantaj yakal\u0131yor.<!--more--><\/p>\n<p><strong>\u00d6\u011frenciler staj imkanlar\u0131n\u0131 nas\u0131l ara\u015ft\u0131rabilir?<\/strong><\/p>\n<p>Staj \u00f6d\u00fcll\u00fc yar\u0131\u015fmalar ne yaz\u0131k ki \u00e7o\u011fu zaman \u00fclke geneline yay\u0131lmay\u0131p birka\u00e7 \u00fcniversite ile s\u0131n\u0131rl\u0131 kalabiliyor. Ancak hemen s\u00f6yleyelim; firmalar\u0131n stajyer ihtiyac\u0131 da asla t\u00fckenmiyor. Staj.kariyer.net sitemizde bir\u00e7ok se\u00e7kin firman\u0131n y\u0131l boyu stajyer ilanlar\u0131 verdiklerini g\u00f6r\u00fcyoruz. Bu ilanlara ba\u015fvurarak da gen\u00e7ler stajyer olma \u015fans\u0131n\u0131 yakalayabilir. Art\u0131k yaz stajlar\u0131 kadar k\u0131\u015f d\u00f6nemi stajlar\u0131 da yayg\u0131n. \u00d6\u011frenciler mutlaka bunlar\u0131 internetten, hedefledi\u011fi firmalar\u0131n sitelerinden takip etmeli.<\/p>\n<p><strong>Staj s\u00fcrecinde adaylar\u0131n dikkat etmesi gereken noktalar neler? Mutlaka yap\u0131n veya yapmay\u0131n diyece\u011finiz \u015feyler var m\u0131?<\/strong><\/p>\n<p><strong>Mutlaka yap\u0131lmas\u0131 gerekenler:<\/strong><\/p>\n<p>\u00b7\u00a0\u00a0\u00a0\u00a0\u00a0\u00a0\u00a0\u00a0 Daha fazla \u00e7al\u0131\u015fmaya, projelerde yer almaya g\u00f6n\u00fcll\u00fc olun. Ne kadar \u00e7ok projede yer al\u0131rsan\u0131z, kazanc\u0131n\u0131z da o kadar artacakt\u0131r. Bir s\u00fcre kimsenin yapmak istemedi\u011fi i\u015flerle ba\u015f ba\u015fa kalabilirsiniz. Ama bunun normal oldu\u011funu, verilen i\u015fi en iyi \u015fekile yapman\u0131n size fayda sa\u011flayaca\u011f\u0131n\u0131 akl\u0131n\u0131zdan \u00e7\u0131karmay\u0131n.<\/p>\n<p>\u00b7\u00a0\u00a0\u00a0\u00a0\u00a0\u00a0\u00a0\u00a0 Y\u00f6neticinizle, i\u015f arkada\u015flar\u0131n\u0131zla ve \u0130K departman\u0131yla iyi ili\u015fkiler kurun. Dikkat \u00e7ekmemeye \u00e7al\u0131\u015fmak do\u011fru bir davran\u0131\u015f olmaz. Kendinizi tan\u0131t\u0131n, sizi hat\u0131rlamalar\u0131n\u0131 sa\u011flay\u0131n. Bu ili\u015fkilerin size gelecekte de faydal\u0131 olabilece\u011fini unutmay\u0131n.<\/p>\n<p>\u00b7\u00a0\u00a0\u00a0\u00a0\u00a0\u00a0\u00a0\u00a0 Sab\u0131rl\u0131 olun. Daha ilk g\u00fcnden size sorumluluk ve inisiyatif verilmesini beklemeyin. Unutmay\u0131n, bu g\u00fcveni sizin tutum ve davran\u0131\u015flar\u0131n\u0131zla kazanman\u0131z gerekiyor. Fikirlerinizi payla\u015f\u0131rken de \u00f6l\u00e7\u00fcl\u00fc olmakta her zaman fayda var. Birlikte \u00e7al\u0131\u015ft\u0131\u011f\u0131n\u0131z ki\u015filerin sizden \u00e7ok daha deneyimli oldu\u011fun unutmay\u0131n.<\/p>\n<p>\u00b7\u00a0\u00a0\u00a0\u00a0\u00a0\u00a0\u00a0\u00a0 Bolca g\u00f6zlem yap\u0131n. \u0130\u015flerin nas\u0131l y\u00fcr\u00fcd\u00fc\u011f\u00fcn\u00fc, hangi konular\u0131n kimlere s\u00f6ylenmesi gerekti\u011fini anlamaya \u00e7al\u0131\u015f\u0131n.<\/p>\n<p>&nbsp;<\/p>\n<p><strong>Kesinlikle yap\u0131lmamas\u0131 gerekenler:<\/strong><\/p>\n<p>\u00b7\u00a0\u00a0\u00a0\u00a0\u00a0\u00a0\u00a0\u00a0 Yap\u0131lan i\u015fleri veya ki\u015fileri ele\u015ftirmek.<\/p>\n<p>\u00b7\u00a0\u00a0\u00a0\u00a0\u00a0\u00a0\u00a0\u00a0 Verilen i\u015flerden \u015fikayet etmek.<\/p>\n<p>\u00b7\u00a0\u00a0\u00a0\u00a0\u00a0\u00a0\u00a0\u00a0 \u0130li\u015fki kurmamak, etraf\u0131ndaki ki\u015filerle ilgilenmemek.<\/p>\n<p>\u00b7\u00a0\u00a0\u00a0\u00a0\u00a0\u00a0\u00a0\u00a0 Verilen i\u015fle yetinmek, daha fazlas\u0131 i\u00e7in \u00e7aba g\u00f6stermemek.<\/p>\n<p>\u00b7\u00a0\u00a0\u00a0\u00a0\u00a0\u00a0\u00a0\u00a0 Staj\u0131 zorunluluk gibi g\u00f6rmek, bitmesi i\u00e7in g\u00fcn saymak.<\/p>\n<p>&nbsp;<\/p>\n<p><strong>Staj da ki\u015fisel geli\u015fimin bir par\u00e7as\u0131. Ki\u015fisel geli\u015fimin \u00f6nemi sizce art\u0131yor mu?<\/strong><\/p>\n<p><strong>Baz\u0131 stajlar\u0131n sonras\u0131nda o firmada kalmak m\u00fcmk\u00fcn olabiliyor mu? Bu f\u0131rsatlar daha \u00e7ok hangi sekt\u00f6rlerde var?<\/strong><\/p>\n<p><strong>Staj s\u00fcrecini sonraki kariyeriniz i\u00e7in nas\u0131l daha faydal\u0131 hale getirebilirsiniz?<\/strong><\/p>\n<p><a title=\"Staj yapman\u0131n \u00f6nemi\" href=\"http:\/\/www.kariyer.net\/kariyer-rehberi\/staj-is-bulmanin-ilk-adimi-\/1094\" target=\"_blank\" rel=\"noopener\"><strong>Makalenin tamam\u0131n\u0131 okumak i\u00e7in t\u0131klay\u0131n&gt;&gt;<\/strong><\/a><\/p>\n<p><a title=\"Staj \u0130lanlar\u0131\" href=\"http:\/\/staj.kariyer.net\/website\/isarama\/index.aspx?hemenara=1&amp;pozisyonseviyesi=8\" target=\"_blank\" rel=\"noopener\">Staj ilanlar\u0131 i\u00e7in t\u0131klay\u0131n&gt;&gt;<\/a><\/p>\n<p>&nbsp;<\/p>\n<!-- templates\/buttons-placeholder.php -->\n<div class=\"da-reactions-outer TpostID9489\">\n\t    <div class=\"da-reactions-data da-reactions-container-async center\"\n         data-type=\"post\"\n         data-id=\"9489\"\n         id=\"da-reactions-slot-post-9489\">\n        <div class=\"da-reactions-static\">\n\t\t\t<img src=\"https:\/\/www.kariyer.net\/kariyer-rehberi\/wp-content\/plugins\/da-reactions\/assets\/dist\/loading.svg\" alt=\"Loading spinner\" width=\"48\" height=\"48\" style=\"width:48px\" \/>\n        <\/div>\n    <\/div>\n<\/div>\n","protected":false},"excerpt":{"rendered":"<p>Kariyer.net Genel M\u00fcd\u00fcr\u00fc Yusuf Azoz, stajlardan sonra o firmada kalman\u0131n m\u00fcmk\u00fcn oldu\u011funu, staj s\u00fcrecini verimli kullanmak gerekti\u011fini s\u00f6yl\u00fcyor. \u0130\u015fte Yusuf Azoz\u2019un staj \u00fczerine sorular\u0131m\u0131za verdi\u011fi yan\u0131tlar&#8230; Stajlar\u0131n i\u015f d\u00fcnyas\u0131ndaki \u00f6nemi art\u0131yor. Sizin bu konudaki g\u00f6zlemleriniz neler? Staj, hem i\u015fveren hem de aday i\u00e7in \u00e7ok \u00f6nemli bir deneyim. Art\u0131k staj\u0131n fotokopi \u00e7ekmekten ibaret oldu\u011fu d\u00f6nem bitti. [&hellip;]<\/p>\n<!-- templates\/buttons-placeholder.php -->\n<div class=\"da-reactions-outer TpostID9489\">\n\t    <div class=\"da-reactions-data da-reactions-container-async center\"\n         data-type=\"post\"\n         data-id=\"9489\"\n         id=\"da-reactions-slot-post-9489\">\n        <div class=\"da-reactions-static\">\n\t\t\t<img src=\"https:\/\/www.kariyer.net\/kariyer-rehberi\/wp-content\/plugins\/da-reactions\/assets\/dist\/loading.svg\" alt=\"Loading spinner\" width=\"48\" height=\"48\" style=\"width:48px\" \/>\n        <\/div>\n    <\/div>\n<\/div>\n","protected":false},"author":12,"featured_media":0,"comment_status":"open","ping_status":"open","sticky":false,"template":"","format":"standard","meta":{"footnotes":"","_elementor_edit_mode":"","_elementor_template_type":"","_elementor_data":"","_elementor_page_settings":null,"_elementor_conditions":[]},"categories":[2211,56],"tags":[57,224,58,225,226,227,228,229,230],"class_list":{"0":"post-9489","1":"post","2":"type-post","3":"status-publish","4":"format-standard","6":"category-kariyer-gelisimi","7":"category-stajin-onemi","8":"tag-staj","9":"tag-staj-aramak","10":"tag-staj-basvurusu","11":"tag-staj-ilanlari","12":"tag-staj-nasil-bulunur","13":"tag-staj-kariyer-net","14":"tag-stajda-dikkat-edilmesi-gerekenler","15":"tag-stajda-yapilmamasi-gerekenler","16":"tag-yusuf-azoz-roportaj"},"yoast_head":"<!-- This site is optimized with the Yoast SEO Premium plugin v21.4 (Yoast SEO v27.0) - https:\/\/yoast.com\/product\/yoast-seo-premium-wordpress\/ -->\n<title>Staj: \u0130\u015f Bulman\u0131n \u0130lk Ad\u0131m\u0131 | Kariyer Rehberi<\/title>\n<meta name=\"description\" content=\"Staj s\u00fcrecinde adaylar\u0131n dikkat etmesi gereken noktalar neler? \u00d6\u011frenciler staj imkanlar\u0131n\u0131 nas\u0131l ara\u015ft\u0131rabilir?\" \/>\n<meta name=\"robots\" content=\"index, follow, max-snippet:-1, max-image-preview:large, max-video-preview:-1\" \/>\n<link rel=\"canonical\" href=\"https:\/\/www.kariyer.net\/kariyer-rehberi\/staj-is-bulmanin-ilk-adimi-2\/\" \/>\n<meta property=\"og:locale\" content=\"tr_TR\" \/>\n<meta property=\"og:type\" content=\"article\" \/>\n<meta property=\"og:title\" content=\"Staj: \u0130\u015f Bulman\u0131n \u0130lk Ad\u0131m\u0131\" \/>\n<meta property=\"og:description\" content=\"Kariyer.net Genel M\u00fcd\u00fcr\u00fc Yusuf Azoz, stajlardan sonra o firmada kalman\u0131n m\u00fcmk\u00fcn oldu\u011funu, staj s\u00fcrecini verimli kullanmak gerekti\u011fini s\u00f6yl\u00fcyor. \u0130\u015fte Yusuf\" \/>\n<meta property=\"og:url\" content=\"https:\/\/www.kariyer.net\/kariyer-rehberi\/staj-is-bulmanin-ilk-adimi-2\/\" \/>\n<meta property=\"og:site_name\" content=\"Kariyer Rehberi\" \/>\n<meta property=\"article:published_time\" content=\"2013-10-09T08:00:41+00:00\" \/>\n<meta property=\"article:modified_time\" content=\"2024-07-03T12:31:08+00:00\" \/>\n<meta property=\"og:image\" content=\"http:\/\/img1.kariyer.net\/Website\/uploads\/KariyerRehberi\/pictures\/yusuf_azoz_ic.jpg\" \/>\n<meta name=\"author\" content=\"Edit\u00f6r\" \/>\n<meta name=\"twitter:card\" content=\"summary_large_image\" \/>\n<meta name=\"twitter:label1\" content=\"Yazan:\" \/>\n\t<meta name=\"twitter:data1\" content=\"Edit\u00f6r\" \/>\n\t<meta name=\"twitter:label2\" content=\"Tahmini okuma s\u00fcresi\" \/>\n\t<meta name=\"twitter:data2\" content=\"3 dakika\" \/>\n<!-- \/ Yoast SEO Premium plugin. -->","yoast_head_json":{"title":"Staj: \u0130\u015f Bulman\u0131n \u0130lk Ad\u0131m\u0131 | Kariyer Rehberi","description":"Staj s\u00fcrecinde adaylar\u0131n dikkat etmesi gereken noktalar neler? \u00d6\u011frenciler staj imkanlar\u0131n\u0131 nas\u0131l ara\u015ft\u0131rabilir?","robots":{"index":"index","follow":"follow","max-snippet":"max-snippet:-1","max-image-preview":"max-image-preview:large","max-video-preview":"max-video-preview:-1"},"canonical":"https:\/\/www.kariyer.net\/kariyer-rehberi\/staj-is-bulmanin-ilk-adimi-2\/","og_locale":"tr_TR","og_type":"article","og_title":"Staj: \u0130\u015f Bulman\u0131n \u0130lk Ad\u0131m\u0131","og_description":"Kariyer.net Genel M\u00fcd\u00fcr\u00fc Yusuf Azoz, stajlardan sonra o firmada kalman\u0131n m\u00fcmk\u00fcn oldu\u011funu, staj s\u00fcrecini verimli kullanmak gerekti\u011fini s\u00f6yl\u00fcyor. \u0130\u015fte Yusuf","og_url":"https:\/\/www.kariyer.net\/kariyer-rehberi\/staj-is-bulmanin-ilk-adimi-2\/","og_site_name":"Kariyer Rehberi","article_published_time":"2013-10-09T08:00:41+00:00","article_modified_time":"2024-07-03T12:31:08+00:00","og_image":[{"url":"http:\/\/img1.kariyer.net\/Website\/uploads\/KariyerRehberi\/pictures\/yusuf_azoz_ic.jpg","type":"","width":"","height":""}],"author":"Edit\u00f6r","twitter_card":"summary_large_image","twitter_misc":{"Yazan:":"Edit\u00f6r","Tahmini okuma s\u00fcresi":"3 dakika"},"schema":{"@context":"https:\/\/schema.org","@graph":[{"@type":"Article","@id":"https:\/\/www.kariyer.net\/kariyer-rehberi\/staj-is-bulmanin-ilk-adimi-2\/#article","isPartOf":{"@id":"https:\/\/www.kariyer.net\/kariyer-rehberi\/staj-is-bulmanin-ilk-adimi-2\/"},"author":{"name":"Edit\u00f6r","@id":"https:\/\/www.kariyer.net\/kariyer-rehberi\/#\/schema\/person\/94fd6e49c7ff1b1b2565a2cc4fd685dd"},"headline":"Staj: \u0130\u015f Bulman\u0131n \u0130lk Ad\u0131m\u0131","datePublished":"2013-10-09T08:00:41+00:00","dateModified":"2024-07-03T12:31:08+00:00","mainEntityOfPage":{"@id":"https:\/\/www.kariyer.net\/kariyer-rehberi\/staj-is-bulmanin-ilk-adimi-2\/"},"wordCount":636,"commentCount":0,"publisher":{"@id":"https:\/\/www.kariyer.net\/kariyer-rehberi\/#organization"},"image":{"@id":"https:\/\/www.kariyer.net\/kariyer-rehberi\/staj-is-bulmanin-ilk-adimi-2\/#primaryimage"},"thumbnailUrl":"http:\/\/img1.kariyer.net\/Website\/uploads\/KariyerRehberi\/pictures\/yusuf_azoz_ic.jpg","keywords":["Staj","staj aramak","Staj Ba\u015fvurusu","staj ilanlar\u0131","staj nas\u0131l bulunur","staj.kariyer.net","stajda dikkat edilmesi gerekenler","stajda yap\u0131lmamas\u0131 gerekenler","yusuf azoz r\u00f6portaj"],"articleSection":["Kariyer Geli\u015fimi","Staj\u0131n \u00d6nemi"],"inLanguage":"tr","potentialAction":[{"@type":"CommentAction","name":"Comment","target":["https:\/\/www.kariyer.net\/kariyer-rehberi\/staj-is-bulmanin-ilk-adimi-2\/#respond"]}]},{"@type":"WebPage","@id":"https:\/\/www.kariyer.net\/kariyer-rehberi\/staj-is-bulmanin-ilk-adimi-2\/","url":"https:\/\/www.kariyer.net\/kariyer-rehberi\/staj-is-bulmanin-ilk-adimi-2\/","name":"Staj: \u0130\u015f Bulman\u0131n \u0130lk Ad\u0131m\u0131 | Kariyer Rehberi","isPartOf":{"@id":"https:\/\/www.kariyer.net\/kariyer-rehberi\/#website"},"primaryImageOfPage":{"@id":"https:\/\/www.kariyer.net\/kariyer-rehberi\/staj-is-bulmanin-ilk-adimi-2\/#primaryimage"},"image":{"@id":"https:\/\/www.kariyer.net\/kariyer-rehberi\/staj-is-bulmanin-ilk-adimi-2\/#primaryimage"},"thumbnailUrl":"http:\/\/img1.kariyer.net\/Website\/uploads\/KariyerRehberi\/pictures\/yusuf_azoz_ic.jpg","datePublished":"2013-10-09T08:00:41+00:00","dateModified":"2024-07-03T12:31:08+00:00","description":"Staj s\u00fcrecinde adaylar\u0131n dikkat etmesi gereken noktalar neler? \u00d6\u011frenciler staj imkanlar\u0131n\u0131 nas\u0131l ara\u015ft\u0131rabilir?","breadcrumb":{"@id":"https:\/\/www.kariyer.net\/kariyer-rehberi\/staj-is-bulmanin-ilk-adimi-2\/#breadcrumb"},"inLanguage":"tr","potentialAction":[{"@type":"ReadAction","target":["https:\/\/www.kariyer.net\/kariyer-rehberi\/staj-is-bulmanin-ilk-adimi-2\/"]}]},{"@type":"ImageObject","inLanguage":"tr","@id":"https:\/\/www.kariyer.net\/kariyer-rehberi\/staj-is-bulmanin-ilk-adimi-2\/#primaryimage","url":"http:\/\/img1.kariyer.net\/Website\/uploads\/KariyerRehberi\/pictures\/yusuf_azoz_ic.jpg","contentUrl":"http:\/\/img1.kariyer.net\/Website\/uploads\/KariyerRehberi\/pictures\/yusuf_azoz_ic.jpg"},{"@type":"BreadcrumbList","@id":"https:\/\/www.kariyer.net\/kariyer-rehberi\/staj-is-bulmanin-ilk-adimi-2\/#breadcrumb","itemListElement":[{"@type":"ListItem","position":1,"name":"Anasayfa","item":"https:\/\/www.kariyer.net\/kariyer-rehberi\/"},{"@type":"ListItem","position":2,"name":"Staj: \u0130\u015f Bulman\u0131n \u0130lk Ad\u0131m\u0131"}]},{"@type":"WebSite","@id":"https:\/\/www.kariyer.net\/kariyer-rehberi\/#website","url":"https:\/\/www.kariyer.net\/kariyer-rehberi\/","name":"Kariyer Rehberi","description":"\u0130\u015f D\u00fcnyas\u0131yla \u0130lgili Bilmek \u0130stedi\u011finiz Her \u015eey","publisher":{"@id":"https:\/\/www.kariyer.net\/kariyer-rehberi\/#organization"},"potentialAction":[{"@type":"SearchAction","target":{"@type":"EntryPoint","urlTemplate":"https:\/\/www.kariyer.net\/kariyer-rehberi\/?s={search_term_string}"},"query-input":{"@type":"PropertyValueSpecification","valueRequired":true,"valueName":"search_term_string"}}],"inLanguage":"tr"},{"@type":"Organization","@id":"https:\/\/www.kariyer.net\/kariyer-rehberi\/#organization","name":"Kariyer.net","url":"https:\/\/www.kariyer.net\/kariyer-rehberi\/","logo":{"@type":"ImageObject","inLanguage":"tr","@id":"https:\/\/www.kariyer.net\/kariyer-rehberi\/#\/schema\/logo\/image\/","url":"https:\/\/www.kariyer.net\/kariyer-rehberi-new\/wp-content\/uploads\/2023\/01\/og-image11.jpg","contentUrl":"https:\/\/www.kariyer.net\/kariyer-rehberi-new\/wp-content\/uploads\/2023\/01\/og-image11.jpg","width":800,"height":800,"caption":"Kariyer.net"},"image":{"@id":"https:\/\/www.kariyer.net\/kariyer-rehberi\/#\/schema\/logo\/image\/"}},{"@type":"Person","@id":"https:\/\/www.kariyer.net\/kariyer-rehberi\/#\/schema\/person\/94fd6e49c7ff1b1b2565a2cc4fd685dd","name":"Edit\u00f6r","image":{"@type":"ImageObject","inLanguage":"tr","@id":"https:\/\/www.kariyer.net\/kariyer-rehberi\/#\/schema\/person\/image\/","url":"https:\/\/secure.gravatar.com\/avatar\/0c4fe6688343aed3693b15573beae12c08ace5565409d5ab7509bf9c115f458d?s=96&d=mm&r=g","contentUrl":"https:\/\/secure.gravatar.com\/avatar\/0c4fe6688343aed3693b15573beae12c08ace5565409d5ab7509bf9c115f458d?s=96&d=mm&r=g","caption":"Edit\u00f6r"},"url":"https:\/\/www.kariyer.net\/kariyer-rehberi\/author\/editor\/"}]}},"_links":{"self":[{"href":"https:\/\/www.kariyer.net\/kariyer-rehberi\/wp-json\/wp\/v2\/posts\/9489","targetHints":{"allow":["GET"]}}],"collection":[{"href":"https:\/\/www.kariyer.net\/kariyer-rehberi\/wp-json\/wp\/v2\/posts"}],"about":[{"href":"https:\/\/www.kariyer.net\/kariyer-rehberi\/wp-json\/wp\/v2\/types\/post"}],"author":[{"embeddable":true,"href":"https:\/\/www.kariyer.net\/kariyer-rehberi\/wp-json\/wp\/v2\/users\/12"}],"replies":[{"embeddable":true,"href":"https:\/\/www.kariyer.net\/kariyer-rehberi\/wp-json\/wp\/v2\/comments?post=9489"}],"version-history":[{"count":1,"href":"https:\/\/www.kariyer.net\/kariyer-rehberi\/wp-json\/wp\/v2\/posts\/9489\/revisions"}],"predecessor-version":[{"id":19652,"href":"https:\/\/www.kariyer.net\/kariyer-rehberi\/wp-json\/wp\/v2\/posts\/9489\/revisions\/19652"}],"wp:attachment":[{"href":"https:\/\/www.kariyer.net\/kariyer-rehberi\/wp-json\/wp\/v2\/media?parent=9489"}],"wp:term":[{"taxonomy":"category","embeddable":true,"href":"https:\/\/www.kariyer.net\/kariyer-rehberi\/wp-json\/wp\/v2\/categories?post=9489"},{"taxonomy":"post_tag","embeddable":true,"href":"https:\/\/www.kariyer.net\/kariyer-rehberi\/wp-json\/wp\/v2\/tags?post=9489"}],"curies":[{"name":"wp","href":"https:\/\/api.w.org\/{rel}","templated":true}]}}