{"id":9512,"date":"2013-01-01T16:12:05","date_gmt":"2013-01-01T14:12:05","guid":{"rendered":"http:\/\/www.kariyer.net\/kariyer-kampuste\/?p=3758"},"modified":"2024-07-03T15:33:38","modified_gmt":"2024-07-03T12:33:38","slug":"18-yonetim-bilimleri-kongresi-itude","status":"publish","type":"post","link":"https:\/\/www.kariyer.net\/kariyer-rehberi\/18-yonetim-bilimleri-kongresi-itude\/","title":{"rendered":"18. Y\u00f6netim Bilimleri Kongresi \u0130T\u00dc\u2019de"},"content":{"rendered":"<p><strong>17 y\u0131ld\u0131r ba\u015far\u0131yla ger\u00e7ekle\u015ftirilen ve \u00f6nemini her y\u0131l art\u0131ran<\/strong> <strong>Y\u00f6netim Bilimleri Kongresi (YBK)\u2019nin 18.\u2019si, 9-11 Mart 2017 tarihlerinde \u0130T\u00dc Ma\u00e7ka Yerle\u015fkesi\u2019nde ger\u00e7ekle\u015ftirilecek.<\/strong><\/p>\n<p>T\u00fcrkiye\u2019nin en aktif \u00f6\u011frenci kul\u00fcplerinden \u0130T\u00dc \u0130\u015fletme M\u00fchendisli\u011fi Kul\u00fcb\u00fc taraf\u0131ndan d\u00fczenlenen kongre, her y\u0131l 62 farkl\u0131 \u00fcniversiteden 800 ki\u015filik kat\u0131l\u0131mc\u0131ya ve internet \u00fczerinden 30 bin ki\u015fiye ev sahipli\u011fi yap\u0131yor. Kongre; oturumlar, vaka \u00e7al\u0131\u015fmalar\u0131, kariyer alan\u0131 ve kapan\u0131\u015f gecesi olmak \u00fczere d\u00f6rt ana b\u00f6l\u00fcmden olu\u015fuyor. Kongrenin amac\u0131, \u00f6\u011frenciler ve i\u015f d\u00fcnyas\u0131 aras\u0131nda k\u00f6pr\u00fc kurarak, d\u00fcnyada trend olan y\u00f6netim konular\u0131 hakk\u0131nda bilgi payla\u015f\u0131m\u0131na olanak vermek ve kariyer planlamas\u0131 yapmakta olan \u00f6\u011frencilere yol g\u00f6sterme<\/p>\n<p>Y\u00f6netim Bilimleri Kongresi kapsam\u0131nda T\u00fcrkiye\u2019nin ve D\u00fcnya\u2019n\u0131n g\u00fcndemindeki konular d\u00fcn\u00fc ve bug\u00fcn\u00fcyle ilgili firma temsilcileri ve sekt\u00f6r\u00fcn \u00f6nde gelen isimleri taraf\u0131ndan ele al\u0131nacak. Bunlar\u0131n yan\u0131 s\u0131ra organizasyon kapsam\u0131nda y\u00f6netim bilimlerinin \u00fclkemizdeki gelece\u011fi ile ilgili beklentiler, f\u00fct\u00fcristik yakla\u015f\u0131mlarla irdelenecek ve konu\u015fmac\u0131larla kat\u0131l\u0131mc\u0131lar aras\u0131nda bilgi ve fikir aktar\u0131m\u0131 etkin bir \u015fekilde sa\u011flanacak.<\/p>\n<p>Bu sene kongrede kat\u0131l\u0131mc\u0131larla bir araya gelecek isimlerden baz\u0131lar\u0131 \u015fu \u015fekilde; Procter&amp;Gamble T\u00fcrkiye CFO\u2019su \u0130smet Kartal, Henkel-T\u00fcrk Henkel T\u00fcketici Yap\u0131\u015ft\u0131r\u0131c\u0131lar\u0131 T\u00fcrkiye M\u00fcd\u00fcr\u00fc Walter Brattinga, BGC Partners Ba\u015fekonomisti \u00d6zg\u00fcr Altu\u011f, Stolk Kurucusu \u0130brahim Selim, Bloomberg HT Ekonomi ve Finans Sunucusu A\u00e7\u0131l Sezen, TEB Y\u00f6netim Kurulu \u00dcyesi \u00d6mer Yenido\u011fan, Garanti \u00d6deme Sistemleri Genel M\u00fcd\u00fcr Yard\u0131mc\u0131s\u0131 I\u015f\u0131l Akdemir Evlioglu, Danone Pazarlama ve Sat\u0131\u015f Direkt\u00f6r\u00fc Emre Ka\u015f\u0131k\u00e7\u0131, Hayat Kimya CFO Yavuz Zaman.<\/p>\n<p>Organizasyon kapsam\u0131nda \u00fc\u00e7 g\u00fcn boyunca e\u011fitimler ve vaka \u00e7al\u0131\u015fmalar\u0131 d\u00fczenlenecek. Vaka \u00e7al\u0131\u015fmalar\u0131 i\u00e7in toplanan ba\u015fvurular \u00fczerine kat\u0131l\u0131mc\u0131 firmalar taraf\u0131ndan yap\u0131lacak elemelerle belirlenecek kat\u0131l\u0131mc\u0131larla vaka \u00e7al\u0131\u015fmalar\u0131 ger\u00e7ekle\u015ftirecekler. Vaka \u00e7al\u0131\u015fmalar\u0131nda kat\u0131l\u0131mc\u0131lara staj imkan\u0131n\u0131n da sunulabilece\u011fi \u00e7e\u015fitli s\u00fcrpriz hediyeler verilecek.<\/p>\n<p>Ba\u015fvuru i\u00e7in : <a href=\"http:\/\/bit.ly\/ituisletmeyonetimbilimleri\">http:\/\/bit.ly\/ituisletmeyonetimbilimleri<\/a><\/p>\n<!-- templates\/buttons-placeholder.php -->\n<div class=\"da-reactions-outer TpostID9512\">\n\t    <div class=\"da-reactions-data da-reactions-container-async center\"\n         data-type=\"post\"\n         data-id=\"9512\"\n         id=\"da-reactions-slot-post-9512\">\n        <div class=\"da-reactions-static\">\n\t\t\t<img src=\"https:\/\/www.kariyer.net\/kariyer-rehberi\/wp-content\/plugins\/da-reactions\/assets\/dist\/loading.svg\" alt=\"Loading spinner\" width=\"48\" height=\"48\" style=\"width:48px\" \/>\n        <\/div>\n    <\/div>\n<\/div>\n","protected":false},"excerpt":{"rendered":"<p>17 y\u0131ld\u0131r ba\u015far\u0131yla ger\u00e7ekle\u015ftirilen ve \u00f6nemini her y\u0131l art\u0131ran Y\u00f6netim Bilimleri Kongresi (YBK)\u2019nin 18.\u2019si, 9-11 Mart 2017 tarihlerinde \u0130T\u00dc Ma\u00e7ka Yerle\u015fkesi\u2019nde ger\u00e7ekle\u015ftirilecek. T\u00fcrkiye\u2019nin en aktif \u00f6\u011frenci kul\u00fcplerinden \u0130T\u00dc \u0130\u015fletme M\u00fchendisli\u011fi Kul\u00fcb\u00fc taraf\u0131ndan d\u00fczenlenen kongre, her y\u0131l 62 farkl\u0131 \u00fcniversiteden 800 ki\u015filik kat\u0131l\u0131mc\u0131ya ve internet \u00fczerinden 30 bin ki\u015fiye ev sahipli\u011fi yap\u0131yor. Kongre; oturumlar, vaka \u00e7al\u0131\u015fmalar\u0131, [&hellip;]<\/p>\n<!-- templates\/buttons-placeholder.php -->\n<div class=\"da-reactions-outer TpostID9512\">\n\t    <div class=\"da-reactions-data da-reactions-container-async center\"\n         data-type=\"post\"\n         data-id=\"9512\"\n         id=\"da-reactions-slot-post-9512\">\n        <div class=\"da-reactions-static\">\n\t\t\t<img src=\"https:\/\/www.kariyer.net\/kariyer-rehberi\/wp-content\/plugins\/da-reactions\/assets\/dist\/loading.svg\" alt=\"Loading spinner\" width=\"48\" height=\"48\" style=\"width:48px\" \/>\n        <\/div>\n    <\/div>\n<\/div>\n","protected":false},"author":12,"featured_media":3759,"comment_status":"open","ping_status":"open","sticky":false,"template":"","format":"standard","meta":{"footnotes":"","_elementor_edit_mode":"","_elementor_template_type":"","_elementor_data":"","_elementor_page_settings":null,"_elementor_conditions":[]},"categories":[2211,56],"tags":[],"class_list":{"0":"post-9512","1":"post","2":"type-post","3":"status-publish","4":"format-standard","5":"has-post-thumbnail","7":"category-kariyer-gelisimi","8":"category-stajin-onemi"},"yoast_head":"<!-- This site is optimized with the Yoast SEO Premium plugin v21.4 (Yoast SEO v27.0) - https:\/\/yoast.com\/product\/yoast-seo-premium-wordpress\/ -->\n<title>18. Y\u00f6netim Bilimleri Kongresi \u0130T\u00dc\u2019de | Kariyer Rehberi<\/title>\n<meta name=\"description\" content=\"17 y\u0131ld\u0131r ba\u015far\u0131yla ger\u00e7ekle\u015ftirilen ve \u00f6nemini her y\u0131l art\u0131ran Y\u00f6netim Bilimleri Kongresi (YBK)\u2019nin 18.\u2019si, 9-11 Mart 2017 tarihlerinde \u0130T\u00dc Ma\u00e7ka\" \/>\n<meta name=\"robots\" content=\"index, follow, max-snippet:-1, max-image-preview:large, max-video-preview:-1\" \/>\n<link rel=\"canonical\" href=\"https:\/\/www.kariyer.net\/kariyer-rehberi\/18-yonetim-bilimleri-kongresi-itude\/\" \/>\n<meta property=\"og:locale\" content=\"tr_TR\" \/>\n<meta property=\"og:type\" content=\"article\" \/>\n<meta property=\"og:title\" content=\"18. Y\u00f6netim Bilimleri Kongresi \u0130T\u00dc\u2019de\" \/>\n<meta property=\"og:description\" content=\"17 y\u0131ld\u0131r ba\u015far\u0131yla ger\u00e7ekle\u015ftirilen ve \u00f6nemini her y\u0131l art\u0131ran Y\u00f6netim Bilimleri Kongresi (YBK)\u2019nin 18.\u2019si, 9-11 Mart 2017 tarihlerinde \u0130T\u00dc Ma\u00e7ka\" \/>\n<meta property=\"og:url\" content=\"https:\/\/www.kariyer.net\/kariyer-rehberi\/18-yonetim-bilimleri-kongresi-itude\/\" \/>\n<meta property=\"og:site_name\" content=\"Kariyer Rehberi\" \/>\n<meta property=\"article:published_time\" content=\"2013-01-01T14:12:05+00:00\" \/>\n<meta property=\"article:modified_time\" content=\"2024-07-03T12:33:38+00:00\" \/>\n<meta name=\"author\" content=\"Edit\u00f6r\" \/>\n<meta name=\"twitter:card\" content=\"summary_large_image\" \/>\n<meta name=\"twitter:label1\" content=\"Yazan:\" \/>\n\t<meta name=\"twitter:data1\" content=\"Edit\u00f6r\" \/>\n\t<meta name=\"twitter:label2\" content=\"Tahmini okuma s\u00fcresi\" \/>\n\t<meta name=\"twitter:data2\" content=\"2 dakika\" \/>\n<!-- \/ Yoast SEO Premium plugin. -->","yoast_head_json":{"title":"18. Y\u00f6netim Bilimleri Kongresi \u0130T\u00dc\u2019de | Kariyer Rehberi","description":"17 y\u0131ld\u0131r ba\u015far\u0131yla ger\u00e7ekle\u015ftirilen ve \u00f6nemini her y\u0131l art\u0131ran Y\u00f6netim Bilimleri Kongresi (YBK)\u2019nin 18.\u2019si, 9-11 Mart 2017 tarihlerinde \u0130T\u00dc Ma\u00e7ka","robots":{"index":"index","follow":"follow","max-snippet":"max-snippet:-1","max-image-preview":"max-image-preview:large","max-video-preview":"max-video-preview:-1"},"canonical":"https:\/\/www.kariyer.net\/kariyer-rehberi\/18-yonetim-bilimleri-kongresi-itude\/","og_locale":"tr_TR","og_type":"article","og_title":"18. Y\u00f6netim Bilimleri Kongresi \u0130T\u00dc\u2019de","og_description":"17 y\u0131ld\u0131r ba\u015far\u0131yla ger\u00e7ekle\u015ftirilen ve \u00f6nemini her y\u0131l art\u0131ran Y\u00f6netim Bilimleri Kongresi (YBK)\u2019nin 18.\u2019si, 9-11 Mart 2017 tarihlerinde \u0130T\u00dc Ma\u00e7ka","og_url":"https:\/\/www.kariyer.net\/kariyer-rehberi\/18-yonetim-bilimleri-kongresi-itude\/","og_site_name":"Kariyer Rehberi","article_published_time":"2013-01-01T14:12:05+00:00","article_modified_time":"2024-07-03T12:33:38+00:00","author":"Edit\u00f6r","twitter_card":"summary_large_image","twitter_misc":{"Yazan:":"Edit\u00f6r","Tahmini okuma s\u00fcresi":"2 dakika"},"schema":{"@context":"https:\/\/schema.org","@graph":[{"@type":"Article","@id":"https:\/\/www.kariyer.net\/kariyer-rehberi\/18-yonetim-bilimleri-kongresi-itude\/#article","isPartOf":{"@id":"https:\/\/www.kariyer.net\/kariyer-rehberi\/18-yonetim-bilimleri-kongresi-itude\/"},"author":{"name":"Edit\u00f6r","@id":"https:\/\/www.kariyer.net\/kariyer-rehberi\/#\/schema\/person\/94fd6e49c7ff1b1b2565a2cc4fd685dd"},"headline":"18. Y\u00f6netim Bilimleri Kongresi \u0130T\u00dc\u2019de","datePublished":"2013-01-01T14:12:05+00:00","dateModified":"2024-07-03T12:33:38+00:00","mainEntityOfPage":{"@id":"https:\/\/www.kariyer.net\/kariyer-rehberi\/18-yonetim-bilimleri-kongresi-itude\/"},"wordCount":389,"commentCount":0,"publisher":{"@id":"https:\/\/www.kariyer.net\/kariyer-rehberi\/#organization"},"image":{"@id":"https:\/\/www.kariyer.net\/kariyer-rehberi\/18-yonetim-bilimleri-kongresi-itude\/#primaryimage"},"thumbnailUrl":"","articleSection":["Kariyer Geli\u015fimi","Staj\u0131n \u00d6nemi"],"inLanguage":"tr","potentialAction":[{"@type":"CommentAction","name":"Comment","target":["https:\/\/www.kariyer.net\/kariyer-rehberi\/18-yonetim-bilimleri-kongresi-itude\/#respond"]}]},{"@type":"WebPage","@id":"https:\/\/www.kariyer.net\/kariyer-rehberi\/18-yonetim-bilimleri-kongresi-itude\/","url":"https:\/\/www.kariyer.net\/kariyer-rehberi\/18-yonetim-bilimleri-kongresi-itude\/","name":"18. Y\u00f6netim Bilimleri Kongresi \u0130T\u00dc\u2019de | Kariyer Rehberi","isPartOf":{"@id":"https:\/\/www.kariyer.net\/kariyer-rehberi\/#website"},"primaryImageOfPage":{"@id":"https:\/\/www.kariyer.net\/kariyer-rehberi\/18-yonetim-bilimleri-kongresi-itude\/#primaryimage"},"image":{"@id":"https:\/\/www.kariyer.net\/kariyer-rehberi\/18-yonetim-bilimleri-kongresi-itude\/#primaryimage"},"thumbnailUrl":"","datePublished":"2013-01-01T14:12:05+00:00","dateModified":"2024-07-03T12:33:38+00:00","description":"17 y\u0131ld\u0131r ba\u015far\u0131yla ger\u00e7ekle\u015ftirilen ve \u00f6nemini her y\u0131l art\u0131ran Y\u00f6netim Bilimleri Kongresi (YBK)\u2019nin 18.\u2019si, 9-11 Mart 2017 tarihlerinde \u0130T\u00dc Ma\u00e7ka","breadcrumb":{"@id":"https:\/\/www.kariyer.net\/kariyer-rehberi\/18-yonetim-bilimleri-kongresi-itude\/#breadcrumb"},"inLanguage":"tr","potentialAction":[{"@type":"ReadAction","target":["https:\/\/www.kariyer.net\/kariyer-rehberi\/18-yonetim-bilimleri-kongresi-itude\/"]}]},{"@type":"ImageObject","inLanguage":"tr","@id":"https:\/\/www.kariyer.net\/kariyer-rehberi\/18-yonetim-bilimleri-kongresi-itude\/#primaryimage","url":"","contentUrl":""},{"@type":"BreadcrumbList","@id":"https:\/\/www.kariyer.net\/kariyer-rehberi\/18-yonetim-bilimleri-kongresi-itude\/#breadcrumb","itemListElement":[{"@type":"ListItem","position":1,"name":"Anasayfa","item":"https:\/\/www.kariyer.net\/kariyer-rehberi\/"},{"@type":"ListItem","position":2,"name":"18. Y\u00f6netim Bilimleri Kongresi \u0130T\u00dc\u2019de"}]},{"@type":"WebSite","@id":"https:\/\/www.kariyer.net\/kariyer-rehberi\/#website","url":"https:\/\/www.kariyer.net\/kariyer-rehberi\/","name":"Kariyer Rehberi","description":"\u0130\u015f D\u00fcnyas\u0131yla \u0130lgili Bilmek \u0130stedi\u011finiz Her \u015eey","publisher":{"@id":"https:\/\/www.kariyer.net\/kariyer-rehberi\/#organization"},"potentialAction":[{"@type":"SearchAction","target":{"@type":"EntryPoint","urlTemplate":"https:\/\/www.kariyer.net\/kariyer-rehberi\/?s={search_term_string}"},"query-input":{"@type":"PropertyValueSpecification","valueRequired":true,"valueName":"search_term_string"}}],"inLanguage":"tr"},{"@type":"Organization","@id":"https:\/\/www.kariyer.net\/kariyer-rehberi\/#organization","name":"Kariyer.net","url":"https:\/\/www.kariyer.net\/kariyer-rehberi\/","logo":{"@type":"ImageObject","inLanguage":"tr","@id":"https:\/\/www.kariyer.net\/kariyer-rehberi\/#\/schema\/logo\/image\/","url":"https:\/\/www.kariyer.net\/kariyer-rehberi-new\/wp-content\/uploads\/2023\/01\/og-image11.jpg","contentUrl":"https:\/\/www.kariyer.net\/kariyer-rehberi-new\/wp-content\/uploads\/2023\/01\/og-image11.jpg","width":800,"height":800,"caption":"Kariyer.net"},"image":{"@id":"https:\/\/www.kariyer.net\/kariyer-rehberi\/#\/schema\/logo\/image\/"}},{"@type":"Person","@id":"https:\/\/www.kariyer.net\/kariyer-rehberi\/#\/schema\/person\/94fd6e49c7ff1b1b2565a2cc4fd685dd","name":"Edit\u00f6r","image":{"@type":"ImageObject","inLanguage":"tr","@id":"https:\/\/www.kariyer.net\/kariyer-rehberi\/#\/schema\/person\/image\/","url":"https:\/\/secure.gravatar.com\/avatar\/0c4fe6688343aed3693b15573beae12c08ace5565409d5ab7509bf9c115f458d?s=96&d=mm&r=g","contentUrl":"https:\/\/secure.gravatar.com\/avatar\/0c4fe6688343aed3693b15573beae12c08ace5565409d5ab7509bf9c115f458d?s=96&d=mm&r=g","caption":"Edit\u00f6r"},"url":"https:\/\/www.kariyer.net\/kariyer-rehberi\/author\/editor\/"}]}},"_links":{"self":[{"href":"https:\/\/www.kariyer.net\/kariyer-rehberi\/wp-json\/wp\/v2\/posts\/9512","targetHints":{"allow":["GET"]}}],"collection":[{"href":"https:\/\/www.kariyer.net\/kariyer-rehberi\/wp-json\/wp\/v2\/posts"}],"about":[{"href":"https:\/\/www.kariyer.net\/kariyer-rehberi\/wp-json\/wp\/v2\/types\/post"}],"author":[{"embeddable":true,"href":"https:\/\/www.kariyer.net\/kariyer-rehberi\/wp-json\/wp\/v2\/users\/12"}],"replies":[{"embeddable":true,"href":"https:\/\/www.kariyer.net\/kariyer-rehberi\/wp-json\/wp\/v2\/comments?post=9512"}],"version-history":[{"count":1,"href":"https:\/\/www.kariyer.net\/kariyer-rehberi\/wp-json\/wp\/v2\/posts\/9512\/revisions"}],"predecessor-version":[{"id":19764,"href":"https:\/\/www.kariyer.net\/kariyer-rehberi\/wp-json\/wp\/v2\/posts\/9512\/revisions\/19764"}],"wp:featuredmedia":[{"embeddable":true,"href":"https:\/\/www.kariyer.net\/kariyer-rehberi\/wp-json\/"}],"wp:attachment":[{"href":"https:\/\/www.kariyer.net\/kariyer-rehberi\/wp-json\/wp\/v2\/media?parent=9512"}],"wp:term":[{"taxonomy":"category","embeddable":true,"href":"https:\/\/www.kariyer.net\/kariyer-rehberi\/wp-json\/wp\/v2\/categories?post=9512"},{"taxonomy":"post_tag","embeddable":true,"href":"https:\/\/www.kariyer.net\/kariyer-rehberi\/wp-json\/wp\/v2\/tags?post=9512"}],"curies":[{"name":"wp","href":"https:\/\/api.w.org\/{rel}","templated":true}]}}