{"id":953,"date":"2013-12-17T02:00:00","date_gmt":"2013-12-17T00:00:00","guid":{"rendered":"http:\/\/92.45.35.169\/ekibinizden-iki-adim-onde-olmak-zorundasiniz\/"},"modified":"2017-08-28T16:46:24","modified_gmt":"2017-08-28T13:46:24","slug":"ekibinizden-iki-adim-onde-olmak-zorundasiniz","status":"publish","type":"post","link":"https:\/\/www.kariyer.net\/kariyer-rehberi\/ekibinizden-iki-adim-onde-olmak-zorundasiniz\/","title":{"rendered":"&#8220;Ekibinizden iki ad\u0131m \u00f6nde olmak zorundas\u0131n\u0131z&#8221;"},"content":{"rendered":"<p><img decoding=\"async\" style=\"width: 200px; height: 291px; margin: 10px; float: left;\" alt=\"\" src=\"http:\/\/img1.kariyer.net\/WebSite\/uploads\/KariyerRehberi\/pictures\/multinet.jpg\" \/><strong><\/strong><\/p>\n<p><b>Multinet Kurumsal Hizmetler CEO\u2019su Yusuf Ziya G\u00fcnd\u00fcz, yurt i\u00e7inde ve yurt d\u0131\u015f\u0131nda edindi\u011fi deneyimlerle ba\u015far\u0131l\u0131 projelere imza atan, \u00e7al\u0131\u015ft\u0131\u011f\u0131 \u015firketlerde iz b\u0131rakan bir isim.<\/b><\/p>\n<p>&nbsp;<\/p>\n<p>Memur bir baban\u0131n \u00e7ocu\u011fu olarak 1954 y\u0131l\u0131nda \u0130stanbul\u2019da do\u011fan ama \u00f6\u011frenim hayat\u0131n\u0131n b\u00fcy\u00fck bir k\u0131sm\u0131n\u0131 Ankara\u2019da ge\u00e7iren Multinet Kurumsal Hizmetler CEO\u2019su Yusuf Ziya G\u00fcnd\u00fcz orta\u00f6\u011frenimini TED Ankara Koleji\u2019nde tamamlam\u0131\u015f. Ankara \u00dcniversitesi \u0130ktisadi Ticari \u0130limler Akademisi\u2019nden mezun olduktan sonra e\u011fitimine yurt d\u0131\u015f\u0131nda devam etmi\u015f. \u0130nsan Kaynaklar\u0131n\u0131n da konusu olan insan ili\u015fkileri, organizasyonlardaki insan y\u00f6netimi \u00fczerine bir tez \u00e7al\u0131\u015fmas\u0131 haz\u0131rlam\u0131\u015f.<\/p>\n<p>Kariyer hayat\u0131na Shell\u2019de ba\u015flayan G\u00fcnd\u00fcz, 20 y\u0131l boyunca Shell T\u00fcrkiye, Londra ve Paris\u2019te \u00e7e\u015fitli g\u00f6revlerde \u00e7al\u0131\u015fm\u0131\u015f. 2001 y\u0131l\u0131nda Petrol Ofisi \u00f6zelle\u015ftirmesi sonras\u0131nda t\u00fcm sat\u0131\u015f ve pazarlama faaliyetlerinden sorumlu direkt\u00f6r olarak g\u00f6revini s\u00fcrd\u00fcrm\u00fc\u015f. 2003 \u2013 2007 y\u0131llar\u0131 aras\u0131nda Yurti\u00e7i Kargo Genel M\u00fcd\u00fcrl\u00fc\u011f\u00fc ve Ta\u015f\u0131ma Grup Ba\u015fkanl\u0131\u011f\u0131 g\u00f6revlerini \u00fcstlenen Yusuf Ziya G\u00fcnd\u00fcz, ard\u0131ndan Aras Holding CEO\u2019lu\u011fu g\u00f6revini devralm\u0131\u015f. 33 y\u0131ll\u0131k tecr\u00fcbesinin son 1.5 y\u0131l\u0131n\u0131 Multinet Kurumsal Hizmetler CEO\u2019lu\u011fu g\u00f6revinde s\u00fcrd\u00fcren G\u00fcnd\u00fcz\u2019den i\u015f hayat\u0131na dair \u00f6nemli bilgiler edindik.<\/p>\n<p>\u0130\u015f hayat\u0131n\u0131za Shell\u2019de ba\u015flad\u0131n\u0131z ve 20 y\u0131l farkl\u0131 g\u00f6revler ald\u0131n\u0131z. Hangi \u00fclkelerde \u00e7al\u0131\u015ft\u0131n\u0131z?<\/p>\n<p>1980\u2019de Shell\u2019e girdim. T\u00fcrkiye\u2019deki b\u00fct\u00fcn kademelerinde hatta y\u00f6netim kurulu \u00fcyeli\u011fine kadar \u00e7\u0131kt\u0131m. Yakla\u015f\u0131k 3.5 y\u0131l Londra\u2019da t\u00fcm d\u00fcnyay\u0131 kapsayan bir projede \u00e7al\u0131\u015ft\u0131m. Bu bana bilgi ve tecr\u00fcbe kazand\u0131rd\u0131. D\u00f6nd\u00fckten sonra Shell\u2019in ilk b\u00fcy\u00fck de\u011fi\u015fim projesinin ve organizasyonunun ba\u015f\u0131na ge\u00e7tim. De\u011fi\u015fimin, de\u011fi\u015fim y\u00f6netiminin ne oldu\u011funu \u00f6\u011frendim. Sonra Fransa\u2019ya gittim. Avrupa\u2019n\u0131n t\u00fcm\u00fcn\u00fc kapsayan projenin bir b\u00f6l\u00fcm\u00fcnden sorumluydum. 14 farkl\u0131 \u00fclkeden \u00e7al\u0131\u015fanlar zaman zaman hava alanlar\u0131nda bir araya gelirdik. Bu y\u0131llar global merkezi y\u00f6netiminin ba\u015flad\u0131\u011f\u0131 d\u00f6nemlerdi.<\/p>\n<p>&nbsp;<\/p>\n<p><b>T\u00fcrkiye\u2019ye d\u00f6n\u00fc\u015f karar\u0131n\u0131 nas\u0131l ald\u0131n\u0131z?<\/b><\/p>\n<p>De\u011fi\u015fik \u00fclkelerde g\u00f6rev almam\u0131 gerektiren bir kariyer devaml\u0131l\u0131\u011f\u0131 olu\u015ftu ama T\u00fcrkiye\u2019den iyice uzakla\u015fm\u0131\u015f olacakt\u0131m. Ciddi bir karar vermem gerekiyordu. \u201cArt\u0131k yeter\u201d dedim kendi kendime\u2026 Bu tip yurt d\u0131\u015f\u0131 misyonlar\u0131n\u0131n \u00e7ocuklar \u00fczerinde de \u00e7ok tesiri oluyor. Biz de e\u015fimle yuvaya, \u00fclkemize d\u00f6nmeye karar verdik. Ben bu arada yakla\u015f\u0131k 6 ay Rusya\u2019da kalarak orada bir projeyi bitirdim. O d\u00f6nemde T\u00fcrkiye\u2019nin en b\u00fcy\u00fck \u00f6zelle\u015ftirmesi olan Petrol Ofisi \u00f6zelle\u015ftirmesi ger\u00e7ekle\u015fti. \u015eirketi teslim alan ilk y\u00f6neticilerden biriyim. Yakla\u015f\u0131k \u00fc\u00e7 y\u0131lda kurumsalla\u015fmas\u0131, bayii ili\u015fkileri, network y\u00f6netimi, \u00fcr\u00fcnlerin do\u011fru konumland\u0131r\u0131lmas\u0131 gibi \u00e7al\u0131\u015fmalar\u0131 e\u015f zamanl\u0131 olarak yapmaya ba\u015flad\u0131k. Ard\u0131ndan tamamen bamba\u015fka bir sekt\u00f6re; Yurti\u00e7i Kargo\u2019ya ve oradan da Aras Kargo\u2019ya ge\u00e7tim. Multinet\u2019e ge\u00e7i\u015fimle birlikte kariyer hayat\u0131mda yepyeni bir sayfa a\u00e7\u0131lm\u0131\u015f oldu.<\/p>\n<p>&nbsp;<\/p>\n<p><b>Ge\u00e7mi\u015f deneyimleriniz genel m\u00fcd\u00fcrl\u00fck koltu\u011funda i\u015finizi kolayla\u015ft\u0131r\u0131yor mu?<\/b><\/p>\n<p>Benim alan\u0131m sat\u0131\u015f ve pazarlama. Y\u00f6netimini iyi bildi\u011fim bir alan. Bir fonksiyon diye g\u00f6remezsiniz ama zamanla edindi\u011fin bir yetenek veya yetkinlikle de\u011fi\u015fimin y\u00f6netimi. Bu her yerde her zaman ge\u00e7erli, ev ve sosyal hayat\u0131n\u0131zda da her zaman kar\u015f\u0131n\u0131za \u00e7\u0131k\u0131yor. Yapt\u0131\u011f\u0131n\u0131z projeler, uluslararas\u0131 a\u00e7\u0131l\u0131mlar, de\u011fi\u015fik k\u00fclt\u00fcrleri tan\u0131mak \u00e7ok farkl\u0131 bak\u0131\u015f a\u00e7\u0131lar\u0131 kazand\u0131r\u0131yor.<\/p>\n<p>&nbsp;<\/p>\n<p><b>Nas\u0131l bir y\u00f6neticisiniz, i\u015f hayat\u0131n\u0131z boyunca nelere dikkat ettiniz?<\/b><\/p>\n<p>B\u00fct\u00fcn \u00e7al\u0131\u015fma hayat\u0131mda hep payla\u015f\u0131mc\u0131 oldum. Dolay\u0131s\u0131yla hep \u015feffaf oldum, s\u00f6z\u00fcm\u00fcn arkas\u0131nda durmaya, adaletli olmaya \u00e7al\u0131\u015ft\u0131m. Bunlar da zaten kurumlar\u0131n de\u011ferlerinin i\u00e7inde. B\u00f6yle \u00e7al\u0131\u015farak ba\u015far\u0131y\u0131 da, sorunu da, riski de payla\u015ft\u0131\u011f\u0131n\u0131z zaman zaten ekibinizin sizinle beraber adanm\u0131\u015fl\u0131\u011f\u0131 ve o misyona kilitlenmesi art\u0131yor. Belki iki ad\u0131m \u00f6nde gidiyorsunuz ama onlar da kazan\u0131yorlar, onlar da yetkinliklerini art\u0131r\u0131yorlar. Burada as\u0131l mesele de\u011fi\u015fim y\u00f6netiminin \u00f6nemi. \u015eirketler s\u00fcrekli de\u011fi\u015fim i\u00e7indeler.<\/p>\n<p>&nbsp;<\/p>\n<p><b>Uluslararas\u0131 bir\u00e7ok firma, T\u00fcrkiye\u2019deki pazar\u0131 iyi de\u011ferlendiriyor. Siz bu durumu nas\u0131l yorumluyorsunuz?<\/b><\/p>\n<p>Gelmeyen \u00e7ok b\u00fcy\u00fck bir f\u0131rsat ka\u00e7\u0131r\u0131yor. Gelen de \u00e7ok mutlu. Elbette, T\u00fcrk insan\u0131n\u0131n \u00e7al\u0131\u015fmas\u0131, azmi, gayreti, yarat\u0131c\u0131l\u0131\u011f\u0131 da bunda etkili. Biz Anadolu topra\u011f\u0131nda yeti\u015fmi\u015f insanlar olarak \u00e7ok de\u011fi\u015fik k\u00fclt\u00fcrlerle i\u00e7 i\u00e7e bu g\u00fcnlere gelmi\u015f durumday\u0131z. Nitekim bir\u00e7ok yabanc\u0131 \u015firketin \u0130stanbul merkezi \u015fu anda Balkanlar, Orta Do\u011fu, Yak\u0131n Asya\u2019dan sorumlu. Giderek de bu \u015fekilde daha fazla T\u00fcrk \u00e7al\u0131\u015fan\u0131 bu g\u00f6revlerde istihdam ediyorlar, ba\u015far\u0131l\u0131 olunca yurt d\u0131\u015f\u0131ndaki di\u011fer i\u015flere g\u00f6nderiyorlar.<\/p>\n<p>&nbsp;<\/p>\n<p><b>Adaylar i\u00e7in de \u00f6nemli bir f\u0131rsat olarak de\u011ferlendirilebilir mi?<\/b><\/p>\n<p>Gen\u00e7ler i\u00e7in \u00e7ok b\u00fcy\u00fck bir f\u0131rsat bu ama unutulmamas\u0131 gereken bir \u015fey var ki; \u015fu anda Avrupa\u2019da \u00f6zellikle Akdeniz b\u00f6lgesinde \u0130spanya, \u0130talya, Portekiz\u2019e bakt\u0131\u011f\u0131m\u0131zda 25 ya\u015f alt\u0131nda i\u015fsizlik y\u00fczde 50. Orada da bir rekabet var. Oradan da insanlar ba\u015fka \u00fclkelere gidiyor. Dolay\u0131s\u0131yla bizim gen\u00e7li\u011fimizin bu g\u00fczel yetkinliklerinin \u00fcst\u00fcne bilgiyi, lisan\u0131 koymal\u0131. O zaman \u00e7ok iyi yerlerde olabilirler.<\/p>\n<p>&nbsp;<\/p>\n<p><b>Gen\u00e7lere bir mesaj\u0131n\u0131z var m\u0131?<\/b><\/p>\n<p>Maalesef e\u011fitim sistemimiz nedeniyle gen\u00e7ler kendini tan\u0131madan birtak\u0131m b\u00f6l\u00fcmlere giriyor ve mezun oluyor. O i\u015fi sevip sevmedi\u011fini de bilmiyor, o meslekle ilgili ara\u015ft\u0131rmas\u0131 veya bilgisi yok. Mezun oldu\u011funda sudan \u00e7\u0131km\u0131\u015f bal\u0131k gibi \u201cBen ne yapaca\u011f\u0131m\u201d diyor. Ben hep \u015funu s\u00f6yl\u00fcyorum: \u00d6nce aynay\u0131 kendinize tutun, kendi vizyonunuz olsun. Ne istedi\u011finizi biliyorsan\u0131z ona g\u00f6re bir i\u015fe girersiniz, orada azmedip onu iyi \u00f6\u011frendikten sonra ilerleyebilirsiniz.<\/p>\n<p>&nbsp;<\/p>\n<p><b>Ailenizle nas\u0131l vakit ge\u00e7irirsiniz?\u00a0<\/b><\/p>\n<p>30 y\u0131ll\u0131k evliyim, 27 ve 22 ya\u015flar\u0131nda iki \u00e7ocu\u011fum var. \u00c7ocuklar\u0131m k\u00fc\u00e7\u00fckken evde daha \u00e7ok zaman harc\u0131yorduk. Ama b\u00fcy\u00fcd\u00fcklerinde evden u\u00e7mu\u015f gibi oluyorlar. Sizinle tatile gitmiyorlar, sizinle daha az vakit ge\u00e7iriyorlar. Al\u0131\u015fmas\u0131 biraz zaman al\u0131yor yokluklar\u0131na ama biz pazar g\u00fcnleri hep bir arada vakit ge\u00e7irerek aile ba\u011flar\u0131m\u0131z\u0131 g\u00fc\u00e7l\u00fc tutmaya \u00e7al\u0131\u015f\u0131yoruz.<\/p>\n<p>&nbsp;<\/p>\n<p><b>Bo\u015f zamanlar\u0131n\u0131zda neler yapmaktan ho\u015flan\u0131rs\u0131n\u0131z?<\/b><\/p>\n<p>S\u0131rt\u0131mdaki bir problemden dolay\u0131 \u00e7ok fazla spor yapam\u0131yorum. \u015eu anda gen\u00e7lere y\u00f6nelik birtak\u0131m \u015feyleri derleyip toplamaya \u00e7al\u0131\u015f\u0131yorum. O y\u00fczden de daha \u00e7ok makale okuyor; yurt d\u0131\u015f\u0131ndan k\u00fc\u00e7\u00fck dergi ve dok\u00fcmanlar\u0131 toplamaya \u00e7al\u0131\u015f\u0131yorum.<\/p>\n<p>&nbsp;<\/p>\n<p>&nbsp;<\/p>\n<p><b>K\u0131sa K\u0131sa\u2026<\/b><\/p>\n<p>En s\u0131k ziyaret etti\u011finiz internet sitesi?<\/p>\n<p>Patronlardunyasi.com<\/p>\n<p>Dinlemekten ho\u015fland\u0131\u011f\u0131n\u0131z m\u00fczik t\u00fcrleri?<\/p>\n<p>T\u00fcrk m\u00fczi\u011fi, klasik m\u00fczik ya da Yunan m\u00fczi\u011fi\u2026 Yelpazem geni\u015f.<\/p>\n<p>En son okudu\u011funuz kitap?<\/p>\n<p>\u00c7ankaya \/ Falih R\u0131fk\u0131 Atay<\/p>\n<p>\u0130zlemekten keyif ald\u0131\u011f\u0131n\u0131z program?<\/p>\n<p>\u015eu aralar favorim \u201cSuits\u201d<\/p>\n<p>En s\u0131k gitti\u011finiz restoran?<\/p>\n<p>Bal\u0131k\u00e7\u0131 Kahraman klasik olarak sayabilece\u011fim bir yer.<\/p>\n<p>En sevdi\u011finiz yemek?<\/p>\n<p>Her t\u00fcrl\u00fc hamur i\u015fi<\/p>\n<p>&nbsp;<\/p>\n<p><strong>\u00a0<\/strong><\/p>\n<!-- templates\/buttons-placeholder.php -->\n<div class=\"da-reactions-outer TpostID953\">\n\t    <div class=\"da-reactions-data da-reactions-container-async center\"\n         data-type=\"post\"\n         data-id=\"953\"\n         id=\"da-reactions-slot-post-953\">\n        <div class=\"da-reactions-static\">\n\t\t\t<img src=\"https:\/\/www.kariyer.net\/kariyer-rehberi\/wp-content\/plugins\/da-reactions\/assets\/dist\/loading.svg\" alt=\"Loading spinner\" width=\"48\" height=\"48\" style=\"width:48px\" \/>\n        <\/div>\n    <\/div>\n<\/div>\n","protected":false},"excerpt":{"rendered":"<p>Multinet Kurumsal Hizmetler CEO\u2019su Yusuf Ziya G\u00fcnd\u00fcz, yurt i\u00e7inde ve yurt d\u0131\u015f\u0131nda edindi\u011fi deneyimlerle ba\u015far\u0131l\u0131 projelere imza atan, \u00e7al\u0131\u015ft\u0131\u011f\u0131 \u015firketlerde iz b\u0131rakan bir isim. &nbsp; Memur bir baban\u0131n \u00e7ocu\u011fu olarak 1954 y\u0131l\u0131nda \u0130stanbul\u2019da do\u011fan ama \u00f6\u011frenim hayat\u0131n\u0131n b\u00fcy\u00fck bir k\u0131sm\u0131n\u0131 Ankara\u2019da ge\u00e7iren Multinet Kurumsal Hizmetler CEO\u2019su Yusuf Ziya G\u00fcnd\u00fcz orta\u00f6\u011frenimini TED Ankara Koleji\u2019nde tamamlam\u0131\u015f. Ankara [&hellip;]<\/p>\n<!-- templates\/buttons-placeholder.php -->\n<div class=\"da-reactions-outer TpostID953\">\n\t    <div class=\"da-reactions-data da-reactions-container-async center\"\n         data-type=\"post\"\n         data-id=\"953\"\n         id=\"da-reactions-slot-post-953\">\n        <div class=\"da-reactions-static\">\n\t\t\t<img src=\"https:\/\/www.kariyer.net\/kariyer-rehberi\/wp-content\/plugins\/da-reactions\/assets\/dist\/loading.svg\" alt=\"Loading spinner\" width=\"48\" height=\"48\" style=\"width:48px\" \/>\n        <\/div>\n    <\/div>\n<\/div>\n","protected":false},"author":6,"featured_media":3698,"comment_status":"open","ping_status":"open","sticky":false,"template":"","format":"standard","meta":{"footnotes":"","_elementor_edit_mode":"","_elementor_template_type":"","_elementor_data":"","_elementor_page_settings":null,"_elementor_conditions":[]},"categories":[46],"tags":[],"class_list":{"0":"post-953","1":"post","2":"type-post","3":"status-publish","4":"format-standard","5":"has-post-thumbnail","7":"category-is-hayati"},"yoast_head":"<!-- This site is optimized with the Yoast SEO Premium plugin v21.4 (Yoast SEO v27.0) - https:\/\/yoast.com\/product\/yoast-seo-premium-wordpress\/ -->\n<title>&quot;Ekibinizden iki ad\u0131m \u00f6nde olmak zorundas\u0131n\u0131z&quot; | Kariyer Rehberi<\/title>\n<meta name=\"description\" content=\"Multinet Kurumsal Hizmetler CEO\u2019su Yusuf Ziya G\u00fcnd\u00fcz, yurt i\u00e7inde ve yurt d\u0131\u015f\u0131nda edindi\u011fi deneyimlerle ba\u015far\u0131l\u0131 projelere imza atan, \u00e7al\u0131\u015ft\u0131\u011f\u0131\" \/>\n<meta name=\"robots\" content=\"index, follow, max-snippet:-1, max-image-preview:large, max-video-preview:-1\" \/>\n<link rel=\"canonical\" href=\"https:\/\/www.kariyer.net\/kariyer-rehberi\/ekibinizden-iki-adim-onde-olmak-zorundasiniz\/\" \/>\n<meta property=\"og:locale\" content=\"tr_TR\" \/>\n<meta property=\"og:type\" content=\"article\" \/>\n<meta property=\"og:title\" content=\"&quot;Ekibinizden iki ad\u0131m \u00f6nde olmak zorundas\u0131n\u0131z&quot;\" \/>\n<meta property=\"og:description\" content=\"Multinet Kurumsal Hizmetler CEO\u2019su Yusuf Ziya G\u00fcnd\u00fcz, yurt i\u00e7inde ve yurt d\u0131\u015f\u0131nda edindi\u011fi deneyimlerle ba\u015far\u0131l\u0131 projelere imza atan, \u00e7al\u0131\u015ft\u0131\u011f\u0131\" \/>\n<meta property=\"og:url\" content=\"https:\/\/www.kariyer.net\/kariyer-rehberi\/ekibinizden-iki-adim-onde-olmak-zorundasiniz\/\" \/>\n<meta property=\"og:site_name\" content=\"Kariyer Rehberi\" \/>\n<meta property=\"article:published_time\" content=\"2013-12-17T00:00:00+00:00\" \/>\n<meta property=\"article:modified_time\" content=\"2017-08-28T13:46:24+00:00\" \/>\n<meta property=\"og:image\" content=\"https:\/\/www.kariyer.net\/kariyer-rehberi\/wp-content\/uploads\/2013\/12\/yusuf-ziya-gunduz.jpg\" \/>\n\t<meta property=\"og:image:width\" content=\"600\" \/>\n\t<meta property=\"og:image:height\" content=\"300\" \/>\n\t<meta property=\"og:image:type\" content=\"image\/jpeg\" \/>\n<meta name=\"author\" content=\"Merve Tun\u00e7er\" \/>\n<meta name=\"twitter:card\" content=\"summary_large_image\" \/>\n<meta name=\"twitter:label1\" content=\"Yazan:\" \/>\n\t<meta name=\"twitter:data1\" content=\"Merve Tun\u00e7er\" \/>\n\t<meta name=\"twitter:label2\" content=\"Tahmini okuma s\u00fcresi\" \/>\n\t<meta name=\"twitter:data2\" content=\"6 dakika\" \/>\n<!-- \/ Yoast SEO Premium plugin. -->","yoast_head_json":{"title":"\"Ekibinizden iki ad\u0131m \u00f6nde olmak zorundas\u0131n\u0131z\" | Kariyer Rehberi","description":"Multinet Kurumsal Hizmetler CEO\u2019su Yusuf Ziya G\u00fcnd\u00fcz, yurt i\u00e7inde ve yurt d\u0131\u015f\u0131nda edindi\u011fi deneyimlerle ba\u015far\u0131l\u0131 projelere imza atan, \u00e7al\u0131\u015ft\u0131\u011f\u0131","robots":{"index":"index","follow":"follow","max-snippet":"max-snippet:-1","max-image-preview":"max-image-preview:large","max-video-preview":"max-video-preview:-1"},"canonical":"https:\/\/www.kariyer.net\/kariyer-rehberi\/ekibinizden-iki-adim-onde-olmak-zorundasiniz\/","og_locale":"tr_TR","og_type":"article","og_title":"\"Ekibinizden iki ad\u0131m \u00f6nde olmak zorundas\u0131n\u0131z\"","og_description":"Multinet Kurumsal Hizmetler CEO\u2019su Yusuf Ziya G\u00fcnd\u00fcz, yurt i\u00e7inde ve yurt d\u0131\u015f\u0131nda edindi\u011fi deneyimlerle ba\u015far\u0131l\u0131 projelere imza atan, \u00e7al\u0131\u015ft\u0131\u011f\u0131","og_url":"https:\/\/www.kariyer.net\/kariyer-rehberi\/ekibinizden-iki-adim-onde-olmak-zorundasiniz\/","og_site_name":"Kariyer Rehberi","article_published_time":"2013-12-17T00:00:00+00:00","article_modified_time":"2017-08-28T13:46:24+00:00","og_image":[{"width":600,"height":300,"url":"https:\/\/www.kariyer.net\/kariyer-rehberi\/wp-content\/uploads\/2013\/12\/yusuf-ziya-gunduz.jpg","type":"image\/jpeg"}],"author":"Merve Tun\u00e7er","twitter_card":"summary_large_image","twitter_misc":{"Yazan:":"Merve Tun\u00e7er","Tahmini okuma s\u00fcresi":"6 dakika"},"schema":{"@context":"https:\/\/schema.org","@graph":[{"@type":"Article","@id":"https:\/\/www.kariyer.net\/kariyer-rehberi\/ekibinizden-iki-adim-onde-olmak-zorundasiniz\/#article","isPartOf":{"@id":"https:\/\/www.kariyer.net\/kariyer-rehberi\/ekibinizden-iki-adim-onde-olmak-zorundasiniz\/"},"author":{"name":"Merve Tun\u00e7er","@id":"https:\/\/www.kariyer.net\/kariyer-rehberi\/#\/schema\/person\/0a1b137f53ff777a71394484346c28a1"},"headline":"&#8220;Ekibinizden iki ad\u0131m \u00f6nde olmak zorundas\u0131n\u0131z&#8221;","datePublished":"2013-12-17T00:00:00+00:00","dateModified":"2017-08-28T13:46:24+00:00","mainEntityOfPage":{"@id":"https:\/\/www.kariyer.net\/kariyer-rehberi\/ekibinizden-iki-adim-onde-olmak-zorundasiniz\/"},"wordCount":1287,"commentCount":0,"publisher":{"@id":"https:\/\/www.kariyer.net\/kariyer-rehberi\/#organization"},"image":{"@id":"https:\/\/www.kariyer.net\/kariyer-rehberi\/ekibinizden-iki-adim-onde-olmak-zorundasiniz\/#primaryimage"},"thumbnailUrl":"https:\/\/www.kariyer.net\/kariyer-rehberi\/wp-content\/uploads\/2013\/12\/yusuf-ziya-gunduz.jpg","articleSection":["\u0130\u015f Hayat\u0131"],"inLanguage":"tr","potentialAction":[{"@type":"CommentAction","name":"Comment","target":["https:\/\/www.kariyer.net\/kariyer-rehberi\/ekibinizden-iki-adim-onde-olmak-zorundasiniz\/#respond"]}]},{"@type":"WebPage","@id":"https:\/\/www.kariyer.net\/kariyer-rehberi\/ekibinizden-iki-adim-onde-olmak-zorundasiniz\/","url":"https:\/\/www.kariyer.net\/kariyer-rehberi\/ekibinizden-iki-adim-onde-olmak-zorundasiniz\/","name":"\"Ekibinizden iki ad\u0131m \u00f6nde olmak zorundas\u0131n\u0131z\" | Kariyer Rehberi","isPartOf":{"@id":"https:\/\/www.kariyer.net\/kariyer-rehberi\/#website"},"primaryImageOfPage":{"@id":"https:\/\/www.kariyer.net\/kariyer-rehberi\/ekibinizden-iki-adim-onde-olmak-zorundasiniz\/#primaryimage"},"image":{"@id":"https:\/\/www.kariyer.net\/kariyer-rehberi\/ekibinizden-iki-adim-onde-olmak-zorundasiniz\/#primaryimage"},"thumbnailUrl":"https:\/\/www.kariyer.net\/kariyer-rehberi\/wp-content\/uploads\/2013\/12\/yusuf-ziya-gunduz.jpg","datePublished":"2013-12-17T00:00:00+00:00","dateModified":"2017-08-28T13:46:24+00:00","description":"Multinet Kurumsal Hizmetler CEO\u2019su Yusuf Ziya G\u00fcnd\u00fcz, yurt i\u00e7inde ve yurt d\u0131\u015f\u0131nda edindi\u011fi deneyimlerle ba\u015far\u0131l\u0131 projelere imza atan, \u00e7al\u0131\u015ft\u0131\u011f\u0131","breadcrumb":{"@id":"https:\/\/www.kariyer.net\/kariyer-rehberi\/ekibinizden-iki-adim-onde-olmak-zorundasiniz\/#breadcrumb"},"inLanguage":"tr","potentialAction":[{"@type":"ReadAction","target":["https:\/\/www.kariyer.net\/kariyer-rehberi\/ekibinizden-iki-adim-onde-olmak-zorundasiniz\/"]}]},{"@type":"ImageObject","inLanguage":"tr","@id":"https:\/\/www.kariyer.net\/kariyer-rehberi\/ekibinizden-iki-adim-onde-olmak-zorundasiniz\/#primaryimage","url":"https:\/\/www.kariyer.net\/kariyer-rehberi\/wp-content\/uploads\/2013\/12\/yusuf-ziya-gunduz.jpg","contentUrl":"https:\/\/www.kariyer.net\/kariyer-rehberi\/wp-content\/uploads\/2013\/12\/yusuf-ziya-gunduz.jpg","width":600,"height":300},{"@type":"BreadcrumbList","@id":"https:\/\/www.kariyer.net\/kariyer-rehberi\/ekibinizden-iki-adim-onde-olmak-zorundasiniz\/#breadcrumb","itemListElement":[{"@type":"ListItem","position":1,"name":"Anasayfa","item":"https:\/\/www.kariyer.net\/kariyer-rehberi\/"},{"@type":"ListItem","position":2,"name":"&#8220;Ekibinizden iki ad\u0131m \u00f6nde olmak zorundas\u0131n\u0131z&#8221;"}]},{"@type":"WebSite","@id":"https:\/\/www.kariyer.net\/kariyer-rehberi\/#website","url":"https:\/\/www.kariyer.net\/kariyer-rehberi\/","name":"Kariyer Rehberi","description":"\u0130\u015f D\u00fcnyas\u0131yla \u0130lgili Bilmek \u0130stedi\u011finiz Her \u015eey","publisher":{"@id":"https:\/\/www.kariyer.net\/kariyer-rehberi\/#organization"},"potentialAction":[{"@type":"SearchAction","target":{"@type":"EntryPoint","urlTemplate":"https:\/\/www.kariyer.net\/kariyer-rehberi\/?s={search_term_string}"},"query-input":{"@type":"PropertyValueSpecification","valueRequired":true,"valueName":"search_term_string"}}],"inLanguage":"tr"},{"@type":"Organization","@id":"https:\/\/www.kariyer.net\/kariyer-rehberi\/#organization","name":"Kariyer.net","url":"https:\/\/www.kariyer.net\/kariyer-rehberi\/","logo":{"@type":"ImageObject","inLanguage":"tr","@id":"https:\/\/www.kariyer.net\/kariyer-rehberi\/#\/schema\/logo\/image\/","url":"https:\/\/www.kariyer.net\/kariyer-rehberi-new\/wp-content\/uploads\/2023\/01\/og-image11.jpg","contentUrl":"https:\/\/www.kariyer.net\/kariyer-rehberi-new\/wp-content\/uploads\/2023\/01\/og-image11.jpg","width":800,"height":800,"caption":"Kariyer.net"},"image":{"@id":"https:\/\/www.kariyer.net\/kariyer-rehberi\/#\/schema\/logo\/image\/"}},{"@type":"Person","@id":"https:\/\/www.kariyer.net\/kariyer-rehberi\/#\/schema\/person\/0a1b137f53ff777a71394484346c28a1","name":"Merve Tun\u00e7er","image":{"@type":"ImageObject","inLanguage":"tr","@id":"https:\/\/www.kariyer.net\/kariyer-rehberi\/#\/schema\/person\/image\/","url":"https:\/\/secure.gravatar.com\/avatar\/f901bc11e2b7a88ba6f6ba817ccc4d8f7782f16694472c26fd2664737093f4f2?s=96&d=mm&r=g","contentUrl":"https:\/\/secure.gravatar.com\/avatar\/f901bc11e2b7a88ba6f6ba817ccc4d8f7782f16694472c26fd2664737093f4f2?s=96&d=mm&r=g","caption":"Merve Tun\u00e7er"},"description":"Kad\u0131k\u00f6y Anadolu Lisesi\u2019nin ard\u0131ndan diplomat olma hayaliyle girdi\u011fi Marmara \u00dcniversitesi Frans\u0131zca Siyaset Bilimi ve Kamu Y\u00f6netimi B\u00f6l\u00fcm\u00fc\u2019nde e\u011fitimine devam ederken gazetecilik mesle\u011fine g\u00f6nl\u00fcn\u00fc kapt\u0131rd\u0131. \u201cT\u00fcrkiye\u2019de ve Fransa\u2019da Gazeteci Kimli\u011fi Sorunu\u201d konulu tezini yazarken \u00e7al\u0131\u015fmaya ba\u015flad\u0131\u011f\u0131 ajansta gazetecili\u011fe ad\u0131m att\u0131.","sameAs":["http:\/\/www.kariyer.net\/kariyer-rehberi\/merve-tuncer\/"],"url":"https:\/\/www.kariyer.net\/kariyer-rehberi\/author\/merve-tuncer\/"}]}},"_links":{"self":[{"href":"https:\/\/www.kariyer.net\/kariyer-rehberi\/wp-json\/wp\/v2\/posts\/953","targetHints":{"allow":["GET"]}}],"collection":[{"href":"https:\/\/www.kariyer.net\/kariyer-rehberi\/wp-json\/wp\/v2\/posts"}],"about":[{"href":"https:\/\/www.kariyer.net\/kariyer-rehberi\/wp-json\/wp\/v2\/types\/post"}],"author":[{"embeddable":true,"href":"https:\/\/www.kariyer.net\/kariyer-rehberi\/wp-json\/wp\/v2\/users\/6"}],"replies":[{"embeddable":true,"href":"https:\/\/www.kariyer.net\/kariyer-rehberi\/wp-json\/wp\/v2\/comments?post=953"}],"version-history":[{"count":0,"href":"https:\/\/www.kariyer.net\/kariyer-rehberi\/wp-json\/wp\/v2\/posts\/953\/revisions"}],"wp:featuredmedia":[{"embeddable":true,"href":"https:\/\/www.kariyer.net\/kariyer-rehberi\/wp-json\/wp\/v2\/media\/3698"}],"wp:attachment":[{"href":"https:\/\/www.kariyer.net\/kariyer-rehberi\/wp-json\/wp\/v2\/media?parent=953"}],"wp:term":[{"taxonomy":"category","embeddable":true,"href":"https:\/\/www.kariyer.net\/kariyer-rehberi\/wp-json\/wp\/v2\/categories?post=953"},{"taxonomy":"post_tag","embeddable":true,"href":"https:\/\/www.kariyer.net\/kariyer-rehberi\/wp-json\/wp\/v2\/tags?post=953"}],"curies":[{"name":"wp","href":"https:\/\/api.w.org\/{rel}","templated":true}]}}