{"id":9555,"date":"2013-05-14T17:18:26","date_gmt":"2013-05-14T14:18:26","guid":{"rendered":"http:\/\/www.kariyerkampuste.com\/?p=1491"},"modified":"2024-07-03T15:31:42","modified_gmt":"2024-07-03T12:31:42","slug":"yildiz-teknik-universitesi-dunya-birincisi-oldu","status":"publish","type":"post","link":"https:\/\/www.kariyer.net\/kariyer-rehberi\/yildiz-teknik-universitesi-dunya-birincisi-oldu\/","title":{"rendered":"Y\u0131ld\u0131z Teknik \u00dcniversitesi D\u00fcnya Birincisi Oldu!"},"content":{"rendered":"<p><a href=\"http:\/\/www.kariyerkampuste.com\/wp-content\/uploads\/2013\/05\/logo500.gif\"><img fetchpriority=\"high\" decoding=\"async\" class=\"alignleft  wp-image-1493\" alt=\"logo500\" src=\"http:\/\/www.kariyerkampuste.com\/wp-content\/uploads\/2013\/05\/logo500-300x300.gif\" width=\"240\" height=\"240\" \/><\/a>Y\u0131ld\u0131z Teknik \u00dcniversitesi \u00f6\u011frencileri uluslararas\u0131 d\u00fczeyde d\u00fczenlenen \u00e7ok-k\u00fclt\u00fcrl\u00fcl\u00fck ve yeni teknolojiler temel al\u0131narak olu\u015fturulan hedefler ile bi\u00e7imlendirilen Indra Gelece\u011fin Fikirleri Yar\u0131\u015fmas\u0131\u2019n\u0131n, Indra\u2019n\u0131n Brezilya Sao Paula\u2019daki Merkezinde d\u00fczenlenen finalinde birinci oldu.<\/p>\n<p>Y\u0131ld\u0131z Teknik \u00dcniversitesi\u2019nden yar\u0131\u015fmaya kat\u0131lan; Vildan Nurda\u011f, Necati Cihan Camg\u00f6z ve S\u00fcha Boncuk\u00e7u uluslararas\u0131 d\u00fczeyde d\u00fczenlenen, \u00e7ok-k\u00fclt\u00fcrl\u00fcl\u00fck ve yeni teknolojiler temel al\u0131narak olu\u015fturulan hedefler ile bi\u00e7imlendirilen Indra Gelece\u011fin Fikirleri Yar\u0131\u015fmas\u0131\u2019n\u0131 kazand\u0131. \u0130lk defa Indra\u2019n\u0131n Brezilya Sao Paulo\u2019daki ofislerinde final a\u015famas\u0131 d\u00fczenlenen yar\u0131\u015fmada \u00f6\u011frenciler Brezilya\u2019da y\u00fcr\u00fct\u00fclen ger\u00e7ek Indra projelerine ili\u015fkin analizler yaparak \u00e7\u00f6z\u00fcmler sundular.<br \/>\n<!--more--><\/p>\n<p>Y\u0131ld\u0131z Teknik \u00f6\u011frencileri final a\u015famas\u0131nda ikincilik \u00f6d\u00fcl\u00fcn\u00fc kazanan Filipinler Diliman \u00dcniversitesi \u00f6\u011frencileri ile yar\u0131\u015ft\u0131lar; ekipler yar\u0131-finalde Madrid Teknik \u00dcniversitesi (\u0130spanya) ve Sao Paulo \u00dcniversitesi (Brezilya) \u00f6\u011frencileri ile yar\u0131\u015ft\u0131lar.<\/p>\n<p><a title=\"Y\u0131ld\u0131z Teknik \u00dcniversitesi D\u00fcnya 1. si Oldu!\" href=\"http:\/\/www.kariyer.net\/kariyer-rehberi\/yildiz-teknik-universitesi-dunya-1-si-oldu\/1050\" target=\"_blank\" rel=\"noopener\">Makalenin devam\u0131 i\u00e7in t\u0131klay\u0131n&gt;&gt;<\/a><\/p>\n<p>Ba\u015far\u0131lar\u0131ndan dolay\u0131 Y\u0131ld\u0131z Teknik \u00dcniversitesi \u00f6\u011frencilerini kutluyoruz!<\/p>\n<p>&nbsp;<\/p>\n<!-- templates\/buttons-placeholder.php -->\n<div class=\"da-reactions-outer TpostID9555\">\n\t    <div class=\"da-reactions-data da-reactions-container-async center\"\n         data-type=\"post\"\n         data-id=\"9555\"\n         id=\"da-reactions-slot-post-9555\">\n        <div class=\"da-reactions-static\">\n\t\t\t<img src=\"https:\/\/www.kariyer.net\/kariyer-rehberi\/wp-content\/plugins\/da-reactions\/assets\/dist\/loading.svg\" alt=\"Loading spinner\" width=\"48\" height=\"48\" style=\"width:48px\" \/>\n        <\/div>\n    <\/div>\n<\/div>\n","protected":false},"excerpt":{"rendered":"<p>Y\u0131ld\u0131z Teknik \u00dcniversitesi \u00f6\u011frencileri uluslararas\u0131 d\u00fczeyde d\u00fczenlenen \u00e7ok-k\u00fclt\u00fcrl\u00fcl\u00fck ve yeni teknolojiler temel al\u0131narak olu\u015fturulan hedefler ile bi\u00e7imlendirilen Indra Gelece\u011fin Fikirleri Yar\u0131\u015fmas\u0131\u2019n\u0131n, Indra\u2019n\u0131n Brezilya Sao Paula\u2019daki Merkezinde d\u00fczenlenen finalinde birinci oldu. Y\u0131ld\u0131z Teknik \u00dcniversitesi\u2019nden yar\u0131\u015fmaya kat\u0131lan; Vildan Nurda\u011f, Necati Cihan Camg\u00f6z ve S\u00fcha Boncuk\u00e7u uluslararas\u0131 d\u00fczeyde d\u00fczenlenen, \u00e7ok-k\u00fclt\u00fcrl\u00fcl\u00fck ve yeni teknolojiler temel al\u0131narak olu\u015fturulan hedefler ile [&hellip;]<\/p>\n<!-- templates\/buttons-placeholder.php -->\n<div class=\"da-reactions-outer TpostID9555\">\n\t    <div class=\"da-reactions-data da-reactions-container-async center\"\n         data-type=\"post\"\n         data-id=\"9555\"\n         id=\"da-reactions-slot-post-9555\">\n        <div class=\"da-reactions-static\">\n\t\t\t<img src=\"https:\/\/www.kariyer.net\/kariyer-rehberi\/wp-content\/plugins\/da-reactions\/assets\/dist\/loading.svg\" alt=\"Loading spinner\" width=\"48\" height=\"48\" style=\"width:48px\" \/>\n        <\/div>\n    <\/div>\n<\/div>\n","protected":false},"author":12,"featured_media":0,"comment_status":"open","ping_status":"open","sticky":false,"template":"","format":"standard","meta":{"footnotes":"","_elementor_edit_mode":"","_elementor_template_type":"","_elementor_data":"","_elementor_page_settings":null,"_elementor_conditions":[]},"categories":[2211,164],"tags":[464,465,466,468,469],"class_list":{"0":"post-9555","1":"post","2":"type-post","3":"status-publish","4":"format-standard","6":"category-kariyer-gelisimi","7":"category-universite-kuluplerinden-haberler","8":"tag-indra-future-minds-competition","9":"tag-indra-future-minds-final","10":"tag-indra-gelecegin-fikirleri","11":"tag-indra-yarisma","12":"tag-yildiz-teknik-universitesi-1-oldu"},"yoast_head":"<!-- This site is optimized with the Yoast SEO Premium plugin v21.4 (Yoast SEO v27.0) - https:\/\/yoast.com\/product\/yoast-seo-premium-wordpress\/ -->\n<title>Y\u0131ld\u0131z Teknik \u00dcniversitesi D\u00fcnya Birincisi Oldu! | Kariyer Rehberi<\/title>\n<meta name=\"description\" content=\"Y\u0131ld\u0131z Teknik \u00dcniversitesi \u00f6\u011frencileri uluslararas\u0131 d\u00fczeyde d\u00fczenlenen \u00e7ok-k\u00fclt\u00fcrl\u00fcl\u00fck ve yeni teknolojiler temel al\u0131narak olu\u015fturulan hedefler ile bi\u00e7imlendirilen Indra Gelece\u011fin Fikirleri Yar\u0131\u015fmas\u0131\u2019n\u0131n, Indra\u2019n\u0131n Brezilya Sao Paula\u2019daki Merkezinde d\u00fczenlenen finalinde birinci oldu.\" \/>\n<meta name=\"robots\" content=\"index, follow, max-snippet:-1, max-image-preview:large, max-video-preview:-1\" \/>\n<link rel=\"canonical\" href=\"https:\/\/www.kariyer.net\/kariyer-rehberi\/yildiz-teknik-universitesi-dunya-birincisi-oldu\/\" \/>\n<meta property=\"og:locale\" content=\"tr_TR\" \/>\n<meta property=\"og:type\" content=\"article\" \/>\n<meta property=\"og:title\" content=\"Y\u0131ld\u0131z Teknik \u00dcniversitesi D\u00fcnya Birincisi Oldu!\" \/>\n<meta property=\"og:description\" content=\"Y\u0131ld\u0131z Teknik \u00dcniversitesi \u00f6\u011frencileri uluslararas\u0131 d\u00fczeyde d\u00fczenlenen \u00e7ok-k\u00fclt\u00fcrl\u00fcl\u00fck ve yeni teknolojiler temel al\u0131narak olu\u015fturulan hedefler ile\" \/>\n<meta property=\"og:url\" content=\"https:\/\/www.kariyer.net\/kariyer-rehberi\/yildiz-teknik-universitesi-dunya-birincisi-oldu\/\" \/>\n<meta property=\"og:site_name\" content=\"Kariyer Rehberi\" \/>\n<meta property=\"article:published_time\" content=\"2013-05-14T14:18:26+00:00\" \/>\n<meta property=\"article:modified_time\" content=\"2024-07-03T12:31:42+00:00\" \/>\n<meta property=\"og:image\" content=\"http:\/\/www.kariyerkampuste.com\/wp-content\/uploads\/2013\/05\/logo500-300x300.gif\" \/>\n<meta name=\"author\" content=\"Edit\u00f6r\" \/>\n<meta name=\"twitter:card\" content=\"summary_large_image\" \/>\n<meta name=\"twitter:label1\" content=\"Yazan:\" \/>\n\t<meta name=\"twitter:data1\" content=\"Edit\u00f6r\" \/>\n\t<meta name=\"twitter:label2\" content=\"Tahmini okuma s\u00fcresi\" \/>\n\t<meta name=\"twitter:data2\" content=\"1 dakika\" \/>\n<!-- \/ Yoast SEO Premium plugin. -->","yoast_head_json":{"title":"Y\u0131ld\u0131z Teknik \u00dcniversitesi D\u00fcnya Birincisi Oldu! | Kariyer Rehberi","description":"Y\u0131ld\u0131z Teknik \u00dcniversitesi \u00f6\u011frencileri uluslararas\u0131 d\u00fczeyde d\u00fczenlenen \u00e7ok-k\u00fclt\u00fcrl\u00fcl\u00fck ve yeni teknolojiler temel al\u0131narak olu\u015fturulan hedefler ile bi\u00e7imlendirilen Indra Gelece\u011fin Fikirleri Yar\u0131\u015fmas\u0131\u2019n\u0131n, Indra\u2019n\u0131n Brezilya Sao Paula\u2019daki Merkezinde d\u00fczenlenen finalinde birinci oldu.","robots":{"index":"index","follow":"follow","max-snippet":"max-snippet:-1","max-image-preview":"max-image-preview:large","max-video-preview":"max-video-preview:-1"},"canonical":"https:\/\/www.kariyer.net\/kariyer-rehberi\/yildiz-teknik-universitesi-dunya-birincisi-oldu\/","og_locale":"tr_TR","og_type":"article","og_title":"Y\u0131ld\u0131z Teknik \u00dcniversitesi D\u00fcnya Birincisi Oldu!","og_description":"Y\u0131ld\u0131z Teknik \u00dcniversitesi \u00f6\u011frencileri uluslararas\u0131 d\u00fczeyde d\u00fczenlenen \u00e7ok-k\u00fclt\u00fcrl\u00fcl\u00fck ve yeni teknolojiler temel al\u0131narak olu\u015fturulan hedefler ile","og_url":"https:\/\/www.kariyer.net\/kariyer-rehberi\/yildiz-teknik-universitesi-dunya-birincisi-oldu\/","og_site_name":"Kariyer Rehberi","article_published_time":"2013-05-14T14:18:26+00:00","article_modified_time":"2024-07-03T12:31:42+00:00","og_image":[{"url":"http:\/\/www.kariyerkampuste.com\/wp-content\/uploads\/2013\/05\/logo500-300x300.gif","type":"","width":"","height":""}],"author":"Edit\u00f6r","twitter_card":"summary_large_image","twitter_misc":{"Yazan:":"Edit\u00f6r","Tahmini okuma s\u00fcresi":"1 dakika"},"schema":{"@context":"https:\/\/schema.org","@graph":[{"@type":"Article","@id":"https:\/\/www.kariyer.net\/kariyer-rehberi\/yildiz-teknik-universitesi-dunya-birincisi-oldu\/#article","isPartOf":{"@id":"https:\/\/www.kariyer.net\/kariyer-rehberi\/yildiz-teknik-universitesi-dunya-birincisi-oldu\/"},"author":{"name":"Edit\u00f6r","@id":"https:\/\/www.kariyer.net\/kariyer-rehberi\/#\/schema\/person\/94fd6e49c7ff1b1b2565a2cc4fd685dd"},"headline":"Y\u0131ld\u0131z Teknik \u00dcniversitesi D\u00fcnya Birincisi Oldu!","datePublished":"2013-05-14T14:18:26+00:00","dateModified":"2024-07-03T12:31:42+00:00","mainEntityOfPage":{"@id":"https:\/\/www.kariyer.net\/kariyer-rehberi\/yildiz-teknik-universitesi-dunya-birincisi-oldu\/"},"wordCount":205,"commentCount":0,"publisher":{"@id":"https:\/\/www.kariyer.net\/kariyer-rehberi\/#organization"},"image":{"@id":"https:\/\/www.kariyer.net\/kariyer-rehberi\/yildiz-teknik-universitesi-dunya-birincisi-oldu\/#primaryimage"},"thumbnailUrl":"http:\/\/www.kariyerkampuste.com\/wp-content\/uploads\/2013\/05\/logo500-300x300.gif","keywords":["indra future minds competition","indra future minds final","indra gelece\u011fin fikirleri","indra yar\u0131\u015fma","y\u0131ld\u0131z teknik \u00fcniversitesi 1. oldu"],"articleSection":["Kariyer Geli\u015fimi","\u00dcniversite Kul\u00fcplerinden Haberler"],"inLanguage":"tr","potentialAction":[{"@type":"CommentAction","name":"Comment","target":["https:\/\/www.kariyer.net\/kariyer-rehberi\/yildiz-teknik-universitesi-dunya-birincisi-oldu\/#respond"]}]},{"@type":"WebPage","@id":"https:\/\/www.kariyer.net\/kariyer-rehberi\/yildiz-teknik-universitesi-dunya-birincisi-oldu\/","url":"https:\/\/www.kariyer.net\/kariyer-rehberi\/yildiz-teknik-universitesi-dunya-birincisi-oldu\/","name":"Y\u0131ld\u0131z Teknik \u00dcniversitesi D\u00fcnya Birincisi Oldu! | Kariyer Rehberi","isPartOf":{"@id":"https:\/\/www.kariyer.net\/kariyer-rehberi\/#website"},"primaryImageOfPage":{"@id":"https:\/\/www.kariyer.net\/kariyer-rehberi\/yildiz-teknik-universitesi-dunya-birincisi-oldu\/#primaryimage"},"image":{"@id":"https:\/\/www.kariyer.net\/kariyer-rehberi\/yildiz-teknik-universitesi-dunya-birincisi-oldu\/#primaryimage"},"thumbnailUrl":"http:\/\/www.kariyerkampuste.com\/wp-content\/uploads\/2013\/05\/logo500-300x300.gif","datePublished":"2013-05-14T14:18:26+00:00","dateModified":"2024-07-03T12:31:42+00:00","description":"Y\u0131ld\u0131z Teknik \u00dcniversitesi \u00f6\u011frencileri uluslararas\u0131 d\u00fczeyde d\u00fczenlenen \u00e7ok-k\u00fclt\u00fcrl\u00fcl\u00fck ve yeni teknolojiler temel al\u0131narak olu\u015fturulan hedefler ile bi\u00e7imlendirilen Indra Gelece\u011fin Fikirleri Yar\u0131\u015fmas\u0131\u2019n\u0131n, Indra\u2019n\u0131n Brezilya Sao Paula\u2019daki Merkezinde d\u00fczenlenen finalinde birinci oldu.","breadcrumb":{"@id":"https:\/\/www.kariyer.net\/kariyer-rehberi\/yildiz-teknik-universitesi-dunya-birincisi-oldu\/#breadcrumb"},"inLanguage":"tr","potentialAction":[{"@type":"ReadAction","target":["https:\/\/www.kariyer.net\/kariyer-rehberi\/yildiz-teknik-universitesi-dunya-birincisi-oldu\/"]}]},{"@type":"ImageObject","inLanguage":"tr","@id":"https:\/\/www.kariyer.net\/kariyer-rehberi\/yildiz-teknik-universitesi-dunya-birincisi-oldu\/#primaryimage","url":"http:\/\/www.kariyerkampuste.com\/wp-content\/uploads\/2013\/05\/logo500-300x300.gif","contentUrl":"http:\/\/www.kariyerkampuste.com\/wp-content\/uploads\/2013\/05\/logo500-300x300.gif"},{"@type":"BreadcrumbList","@id":"https:\/\/www.kariyer.net\/kariyer-rehberi\/yildiz-teknik-universitesi-dunya-birincisi-oldu\/#breadcrumb","itemListElement":[{"@type":"ListItem","position":1,"name":"Anasayfa","item":"https:\/\/www.kariyer.net\/kariyer-rehberi\/"},{"@type":"ListItem","position":2,"name":"Y\u0131ld\u0131z Teknik \u00dcniversitesi D\u00fcnya Birincisi Oldu!"}]},{"@type":"WebSite","@id":"https:\/\/www.kariyer.net\/kariyer-rehberi\/#website","url":"https:\/\/www.kariyer.net\/kariyer-rehberi\/","name":"Kariyer Rehberi","description":"\u0130\u015f D\u00fcnyas\u0131yla \u0130lgili Bilmek \u0130stedi\u011finiz Her \u015eey","publisher":{"@id":"https:\/\/www.kariyer.net\/kariyer-rehberi\/#organization"},"potentialAction":[{"@type":"SearchAction","target":{"@type":"EntryPoint","urlTemplate":"https:\/\/www.kariyer.net\/kariyer-rehberi\/?s={search_term_string}"},"query-input":{"@type":"PropertyValueSpecification","valueRequired":true,"valueName":"search_term_string"}}],"inLanguage":"tr"},{"@type":"Organization","@id":"https:\/\/www.kariyer.net\/kariyer-rehberi\/#organization","name":"Kariyer.net","url":"https:\/\/www.kariyer.net\/kariyer-rehberi\/","logo":{"@type":"ImageObject","inLanguage":"tr","@id":"https:\/\/www.kariyer.net\/kariyer-rehberi\/#\/schema\/logo\/image\/","url":"https:\/\/www.kariyer.net\/kariyer-rehberi-new\/wp-content\/uploads\/2023\/01\/og-image11.jpg","contentUrl":"https:\/\/www.kariyer.net\/kariyer-rehberi-new\/wp-content\/uploads\/2023\/01\/og-image11.jpg","width":800,"height":800,"caption":"Kariyer.net"},"image":{"@id":"https:\/\/www.kariyer.net\/kariyer-rehberi\/#\/schema\/logo\/image\/"}},{"@type":"Person","@id":"https:\/\/www.kariyer.net\/kariyer-rehberi\/#\/schema\/person\/94fd6e49c7ff1b1b2565a2cc4fd685dd","name":"Edit\u00f6r","image":{"@type":"ImageObject","inLanguage":"tr","@id":"https:\/\/www.kariyer.net\/kariyer-rehberi\/#\/schema\/person\/image\/","url":"https:\/\/secure.gravatar.com\/avatar\/0c4fe6688343aed3693b15573beae12c08ace5565409d5ab7509bf9c115f458d?s=96&d=mm&r=g","contentUrl":"https:\/\/secure.gravatar.com\/avatar\/0c4fe6688343aed3693b15573beae12c08ace5565409d5ab7509bf9c115f458d?s=96&d=mm&r=g","caption":"Edit\u00f6r"},"url":"https:\/\/www.kariyer.net\/kariyer-rehberi\/author\/editor\/"}]}},"_links":{"self":[{"href":"https:\/\/www.kariyer.net\/kariyer-rehberi\/wp-json\/wp\/v2\/posts\/9555","targetHints":{"allow":["GET"]}}],"collection":[{"href":"https:\/\/www.kariyer.net\/kariyer-rehberi\/wp-json\/wp\/v2\/posts"}],"about":[{"href":"https:\/\/www.kariyer.net\/kariyer-rehberi\/wp-json\/wp\/v2\/types\/post"}],"author":[{"embeddable":true,"href":"https:\/\/www.kariyer.net\/kariyer-rehberi\/wp-json\/wp\/v2\/users\/12"}],"replies":[{"embeddable":true,"href":"https:\/\/www.kariyer.net\/kariyer-rehberi\/wp-json\/wp\/v2\/comments?post=9555"}],"version-history":[{"count":1,"href":"https:\/\/www.kariyer.net\/kariyer-rehberi\/wp-json\/wp\/v2\/posts\/9555\/revisions"}],"predecessor-version":[{"id":19669,"href":"https:\/\/www.kariyer.net\/kariyer-rehberi\/wp-json\/wp\/v2\/posts\/9555\/revisions\/19669"}],"wp:attachment":[{"href":"https:\/\/www.kariyer.net\/kariyer-rehberi\/wp-json\/wp\/v2\/media?parent=9555"}],"wp:term":[{"taxonomy":"category","embeddable":true,"href":"https:\/\/www.kariyer.net\/kariyer-rehberi\/wp-json\/wp\/v2\/categories?post=9555"},{"taxonomy":"post_tag","embeddable":true,"href":"https:\/\/www.kariyer.net\/kariyer-rehberi\/wp-json\/wp\/v2\/tags?post=9555"}],"curies":[{"name":"wp","href":"https:\/\/api.w.org\/{rel}","templated":true}]}}