{"id":9560,"date":"2012-12-19T10:00:08","date_gmt":"2012-12-19T08:00:08","guid":{"rendered":"http:\/\/www.kariyerkampuste.com\/?p=895"},"modified":"2024-07-03T15:38:01","modified_gmt":"2024-07-03T12:38:01","slug":"turkiyenin-universite-bulusmasi-22-23-aralikta","status":"publish","type":"post","link":"https:\/\/www.kariyer.net\/kariyer-rehberi\/turkiyenin-universite-bulusmasi-22-23-aralikta\/","title":{"rendered":"&quot;T\u00fcrkiye&#039;nin \u00dcniversite Bulu\u015fmas\u0131&quot; 22-23 Aral\u0131k&#039;ta!"},"content":{"rendered":"<p><b><a href=\"http:\/\/www.kariyerkampuste.com\/wp-content\/uploads\/2012\/12\/Genc-Akademi.jpg\"><img fetchpriority=\"high\" decoding=\"async\" class=\"alignright size-medium wp-image-896\" alt=\"Genc Akademi\" src=\"http:\/\/www.kariyerkampuste.com\/wp-content\/uploads\/2012\/12\/Genc-Akademi-295x300.jpg\" width=\"295\" height=\"300\" \/><\/a>\u00a0GEN\u00c7 AKADEM\u0130\u2019N\u0130N KAPILARI TEKRAR A\u00c7ILIYOR<\/b><\/p>\n<p><b>T\u00dcRK\u0130YE\u2019N\u0130N \u00dcN\u0130VERS\u0130TE BULU\u015eMASI <\/b>slogan\u0131yla yola \u00e7\u0131kan, Bilkent \u00dcniversitesi End\u00fcstri M\u00fchendisli\u011fi Operational Research Kul\u00fcb\u00fc bu y\u0131l <b>8. Gen\u00e7 AKADEM\u0130 <\/b>sempozyumunu \u00a0Ankara\u2019da d\u00fczenliyor.<\/p>\n<p><b>Gen\u00e7 AKADEM\u0130 22-23 Aral\u0131k 2012<\/b> tarihlerinde kap\u0131lar\u0131n\u0131 T\u00fcrkiye\u2019nin \u00e7e\u015fitli illerinden gelen \u00dcniversite \u00f6\u011frencilerine a\u00e7\u0131yor.<\/p>\n<p>Ge\u00e7en y\u0131l 750 \u00f6\u011frencinin kat\u0131l\u0131m\u0131n\u0131n sa\u011fland\u0131\u011f\u0131 sempozyum bu y\u0131l <b>T\u00fcrkiye genelinde 60 farkl\u0131 \u00fcniversiteden 80 farkl\u0131 b\u00f6l\u00fcmden kat\u0131lacak 1000 \u00f6\u011frenciyi bir araya getirmeyi hedefliyor.<!--more--> <\/b><\/p>\n<p>1992 y\u0131l\u0131nda kurulan ve 20 y\u0131ll\u0131k deneyim ve bilgi birikimine sahip\u00a0 \u201cOperational Research Kul\u00fcb\u00fc\u201d bu y\u0131l 8.si d\u00fczenlenen sempozyumda \u00dcniversite \u00f6\u011frencileri ile \u00e7e\u015fitli sekt\u00f6rlerin ileri gelen y\u00f6neticilerini\u00a0 bulu\u015fturacak.<\/p>\n<p><b>Sempozyumda &#8220;Bug\u00fcn\u00fcn S\u00f6z Sahipleri&#8221; ile &#8220;Gelece\u011fin S\u00f6z Sahipleri&#8221; \u00e7e\u015fitli ba\u015fl\u0131klar \u00fczerinde konu\u015facaklar.\u00a0 <\/b><\/p>\n<p>2 tam g\u00fcn boyunca devam edecek olan Gen\u00e7AKADEM\u0130\u2019de alan\u0131nda s\u00f6z sahibi isimler gen\u00e7lere deneyimlerini aktaracaklar. Etkinlik \u00e7er\u00e7evesinde kat\u0131l\u0131mc\u0131lar\u0131n konu\u015fmac\u0131larla rahat bir ileti\u015fim kuraca\u011f\u0131 sempozyum, T\u00fcrkiye&#8217;nin d\u00f6rt bir yan\u0131nda okuyan farkl\u0131 ilgi ve yeteneklere sahip \u00fcniversite \u00f6\u011frencilerine hitap ediyor.<\/p>\n<p>Bug\u00fcn\u00fcn liderlerinin gelece\u011fi ile bulu\u015ftu\u011fu etkinlik medya, siyaset ve i\u015f d\u00fcnyas\u0131ndan tan\u0131nm\u0131\u015f simalar\u0131n kat\u0131l\u0131m\u0131yla ger\u00e7ekle\u015fecek.<\/p>\n<p><b>8. Gen\u00e7 Akademi\u2019de yer alacak konu\u015fmac\u0131lar:<br \/>\n<\/b><br \/>\n<b>Nuri Vatan \/ <\/b>Vatan Bilgisayar Kurucusuve YKB<\/p>\n<p><b>Baybars Altunta\u015f \/ <\/b>Deulcom International Kurucusu<br \/>\n<b>\u00c7i\u011fdem Ertem \/ <\/b>Intel Global \u0130\u015f Geli\u015ftirme M\u00fcd\u00fcr\u00fc<\/p>\n<p><b>Ali Bilalo\u011flu \/ <\/b>Do\u011fu\u015f Otomotiv CEO\u2019su<\/p>\n<p><b>Gamze Cizreli \/ <\/b>BigChefs, Quick China Kurucusu<br \/>\n<b>Bekir Co\u015fkun<\/b> \/ Cumhuriyet Gazetesi Yazar\u0131<\/p>\n<p><b>Sel\u00e7uk Erdem<\/b> \/ Penguen Dergisi Karikat\u00fcristi<\/p>\n<p><b>Do\u011fan Ka\u015f\u0131k\u00e7\u0131<\/b> \/ \u00c7elebi Grup Genel M\u00fcd\u00fcr\u00fc<\/p>\n<p><a title=\"Gen\u00e7 Akademi etkinlik program\u0131\" href=\"http:\/\/genc-akademi.org\/conference-seminar-agenda\/\">Etkinlik takvimine buradan ula\u015fabilirsiniz&gt;&gt;<\/p>\n<p><\/a><\/p>\n<p>&nbsp;<\/p>\n<p><a title=\"Gen\u00e7 Akademi etkinlik program\u0131\" href=\"http:\/\/genc-akademi.org\/conference-seminar-agenda\/\">Detayl\u0131 bilgi i\u00e7in buraya t\u0131klay\u0131n&gt;&gt;<\/a><\/p>\n<p><a title=\"Gen\u00e7 akademi kay\u0131t\" href=\"http:\/\/genc-akademi.org\/registration\/\"><\/p>\n<p style=\"display: inline !important;\">Kay\u0131t i\u00e7in buraya t\u0131klay\u0131n&gt;&gt;<\/p>\n<p><\/a><\/p>\n<!-- templates\/buttons-placeholder.php -->\n<div class=\"da-reactions-outer TpostID9560\">\n\t    <div class=\"da-reactions-data da-reactions-container-async center\"\n         data-type=\"post\"\n         data-id=\"9560\"\n         id=\"da-reactions-slot-post-9560\">\n        <div class=\"da-reactions-static\">\n\t\t\t<img src=\"https:\/\/www.kariyer.net\/kariyer-rehberi\/wp-content\/plugins\/da-reactions\/assets\/dist\/loading.svg\" alt=\"Loading spinner\" width=\"48\" height=\"48\" style=\"width:48px\" \/>\n        <\/div>\n    <\/div>\n<\/div>\n","protected":false},"excerpt":{"rendered":"<p>\u00a0GEN\u00c7 AKADEM\u0130\u2019N\u0130N KAPILARI TEKRAR A\u00c7ILIYOR T\u00dcRK\u0130YE\u2019N\u0130N \u00dcN\u0130VERS\u0130TE BULU\u015eMASI slogan\u0131yla yola \u00e7\u0131kan, Bilkent \u00dcniversitesi End\u00fcstri M\u00fchendisli\u011fi Operational Research Kul\u00fcb\u00fc bu y\u0131l 8. Gen\u00e7 AKADEM\u0130 sempozyumunu \u00a0Ankara\u2019da d\u00fczenliyor. Gen\u00e7 AKADEM\u0130 22-23 Aral\u0131k 2012 tarihlerinde kap\u0131lar\u0131n\u0131 T\u00fcrkiye\u2019nin \u00e7e\u015fitli illerinden gelen \u00dcniversite \u00f6\u011frencilerine a\u00e7\u0131yor. Ge\u00e7en y\u0131l 750 \u00f6\u011frencinin kat\u0131l\u0131m\u0131n\u0131n sa\u011fland\u0131\u011f\u0131 sempozyum bu y\u0131l T\u00fcrkiye genelinde 60 farkl\u0131 \u00fcniversiteden 80 [&hellip;]<\/p>\n<!-- templates\/buttons-placeholder.php -->\n<div class=\"da-reactions-outer TpostID9560\">\n\t    <div class=\"da-reactions-data da-reactions-container-async center\"\n         data-type=\"post\"\n         data-id=\"9560\"\n         id=\"da-reactions-slot-post-9560\">\n        <div class=\"da-reactions-static\">\n\t\t\t<img src=\"https:\/\/www.kariyer.net\/kariyer-rehberi\/wp-content\/plugins\/da-reactions\/assets\/dist\/loading.svg\" alt=\"Loading spinner\" width=\"48\" height=\"48\" style=\"width:48px\" \/>\n        <\/div>\n    <\/div>\n<\/div>\n","protected":false},"author":12,"featured_media":0,"comment_status":"open","ping_status":"open","sticky":false,"template":"","format":"standard","meta":{"footnotes":"","_elementor_edit_mode":"","_elementor_template_type":"","_elementor_data":"","_elementor_page_settings":null,"_elementor_conditions":[]},"categories":[2211,164],"tags":[487,488,489,490,491],"class_list":{"0":"post-9560","1":"post","2":"type-post","3":"status-publish","4":"format-standard","6":"category-kariyer-gelisimi","7":"category-universite-kuluplerinden-haberler","8":"tag-bilkent-universitesi-endustri-muhendiligi-kulubu","9":"tag-bilkent-universitesi-etkinlik","10":"tag-genc-akademi","11":"tag-genc-akademi-basvuru","12":"tag-operational-research-kulubu"},"yoast_head":"<!-- This site is optimized with the Yoast SEO Premium plugin v21.4 (Yoast SEO v27.0) - https:\/\/yoast.com\/product\/yoast-seo-premium-wordpress\/ -->\n<title>Bilkent \u00dcniversitesi End\u00fcstri M\u00fchendisli\u011fi Operational Research Kul\u00fcb\u00fc bu y\u0131l 8. Gen\u00e7 AKADEM\u0130 sempozyumunu Ankara\u2019da d\u00fczenliyor. | Kariyer Rehberi<\/title>\n<meta name=\"description\" content=\"Gen\u00e7 AKADEM\u0130 22-23 Aral\u0131k 2012 tarihlerinde kap\u0131lar\u0131n\u0131 T\u00fcrkiye\u2019nin \u00e7e\u015fitli illerinden gelen \u00dcniversite \u00f6\u011frencilerine a\u00e7\u0131yor.\" \/>\n<meta name=\"robots\" content=\"index, follow, max-snippet:-1, max-image-preview:large, max-video-preview:-1\" \/>\n<link rel=\"canonical\" href=\"https:\/\/www.kariyer.net\/kariyer-rehberi\/turkiyenin-universite-bulusmasi-22-23-aralikta\/\" \/>\n<meta property=\"og:locale\" content=\"tr_TR\" \/>\n<meta property=\"og:type\" content=\"article\" \/>\n<meta property=\"og:title\" content=\"&quot;T\u00fcrkiye&#039;nin \u00dcniversite Bulu\u015fmas\u0131&quot; 22-23 Aral\u0131k&#039;ta!\" \/>\n<meta property=\"og:description\" content=\"\u00a0GEN\u00c7 AKADEM\u0130\u2019N\u0130N KAPILARI TEKRAR A\u00c7ILIYOR T\u00dcRK\u0130YE\u2019N\u0130N \u00dcN\u0130VERS\u0130TE BULU\u015eMASI slogan\u0131yla yola \u00e7\u0131kan, Bilkent \u00dcniversitesi End\u00fcstri M\u00fchendisli\u011fi Operational\" \/>\n<meta property=\"og:url\" content=\"https:\/\/www.kariyer.net\/kariyer-rehberi\/turkiyenin-universite-bulusmasi-22-23-aralikta\/\" \/>\n<meta property=\"og:site_name\" content=\"Kariyer Rehberi\" \/>\n<meta property=\"article:published_time\" content=\"2012-12-19T08:00:08+00:00\" \/>\n<meta property=\"article:modified_time\" content=\"2024-07-03T12:38:01+00:00\" \/>\n<meta property=\"og:image\" content=\"http:\/\/www.kariyerkampuste.com\/wp-content\/uploads\/2012\/12\/Genc-Akademi-295x300.jpg\" \/>\n<meta name=\"author\" content=\"Edit\u00f6r\" \/>\n<meta name=\"twitter:card\" content=\"summary_large_image\" \/>\n<meta name=\"twitter:label1\" content=\"Yazan:\" \/>\n\t<meta name=\"twitter:data1\" content=\"Edit\u00f6r\" \/>\n\t<meta name=\"twitter:label2\" content=\"Tahmini okuma s\u00fcresi\" \/>\n\t<meta name=\"twitter:data2\" content=\"2 dakika\" \/>\n<!-- \/ Yoast SEO Premium plugin. -->","yoast_head_json":{"title":"Bilkent \u00dcniversitesi End\u00fcstri M\u00fchendisli\u011fi Operational Research Kul\u00fcb\u00fc bu y\u0131l 8. Gen\u00e7 AKADEM\u0130 sempozyumunu Ankara\u2019da d\u00fczenliyor. | Kariyer Rehberi","description":"Gen\u00e7 AKADEM\u0130 22-23 Aral\u0131k 2012 tarihlerinde kap\u0131lar\u0131n\u0131 T\u00fcrkiye\u2019nin \u00e7e\u015fitli illerinden gelen \u00dcniversite \u00f6\u011frencilerine a\u00e7\u0131yor.","robots":{"index":"index","follow":"follow","max-snippet":"max-snippet:-1","max-image-preview":"max-image-preview:large","max-video-preview":"max-video-preview:-1"},"canonical":"https:\/\/www.kariyer.net\/kariyer-rehberi\/turkiyenin-universite-bulusmasi-22-23-aralikta\/","og_locale":"tr_TR","og_type":"article","og_title":"&quot;T\u00fcrkiye&#039;nin \u00dcniversite Bulu\u015fmas\u0131&quot; 22-23 Aral\u0131k&#039;ta!","og_description":"\u00a0GEN\u00c7 AKADEM\u0130\u2019N\u0130N KAPILARI TEKRAR A\u00c7ILIYOR T\u00dcRK\u0130YE\u2019N\u0130N \u00dcN\u0130VERS\u0130TE BULU\u015eMASI slogan\u0131yla yola \u00e7\u0131kan, Bilkent \u00dcniversitesi End\u00fcstri M\u00fchendisli\u011fi Operational","og_url":"https:\/\/www.kariyer.net\/kariyer-rehberi\/turkiyenin-universite-bulusmasi-22-23-aralikta\/","og_site_name":"Kariyer Rehberi","article_published_time":"2012-12-19T08:00:08+00:00","article_modified_time":"2024-07-03T12:38:01+00:00","og_image":[{"url":"http:\/\/www.kariyerkampuste.com\/wp-content\/uploads\/2012\/12\/Genc-Akademi-295x300.jpg","type":"","width":"","height":""}],"author":"Edit\u00f6r","twitter_card":"summary_large_image","twitter_misc":{"Yazan:":"Edit\u00f6r","Tahmini okuma s\u00fcresi":"2 dakika"},"schema":{"@context":"https:\/\/schema.org","@graph":[{"@type":"Article","@id":"https:\/\/www.kariyer.net\/kariyer-rehberi\/turkiyenin-universite-bulusmasi-22-23-aralikta\/#article","isPartOf":{"@id":"https:\/\/www.kariyer.net\/kariyer-rehberi\/turkiyenin-universite-bulusmasi-22-23-aralikta\/"},"author":{"name":"Edit\u00f6r","@id":"https:\/\/www.kariyer.net\/kariyer-rehberi\/#\/schema\/person\/94fd6e49c7ff1b1b2565a2cc4fd685dd"},"headline":"&quot;T\u00fcrkiye&#039;nin \u00dcniversite Bulu\u015fmas\u0131&quot; 22-23 Aral\u0131k&#039;ta!","datePublished":"2012-12-19T08:00:08+00:00","dateModified":"2024-07-03T12:38:01+00:00","mainEntityOfPage":{"@id":"https:\/\/www.kariyer.net\/kariyer-rehberi\/turkiyenin-universite-bulusmasi-22-23-aralikta\/"},"wordCount":343,"commentCount":0,"publisher":{"@id":"https:\/\/www.kariyer.net\/kariyer-rehberi\/#organization"},"image":{"@id":"https:\/\/www.kariyer.net\/kariyer-rehberi\/turkiyenin-universite-bulusmasi-22-23-aralikta\/#primaryimage"},"thumbnailUrl":"http:\/\/www.kariyerkampuste.com\/wp-content\/uploads\/2012\/12\/Genc-Akademi-295x300.jpg","keywords":["bilkent \u00fcniversitesi end\u00fcstri m\u00fchendili\u011fi kul\u00fcb\u00fc","bilkent \u00fcniversitesi etkinlik","gen\u00e7 akademi","gen\u00e7 akademi ba\u015fvuru","operational research kul\u00fcb\u00fc"],"articleSection":["Kariyer Geli\u015fimi","\u00dcniversite Kul\u00fcplerinden Haberler"],"inLanguage":"tr","potentialAction":[{"@type":"CommentAction","name":"Comment","target":["https:\/\/www.kariyer.net\/kariyer-rehberi\/turkiyenin-universite-bulusmasi-22-23-aralikta\/#respond"]}]},{"@type":"WebPage","@id":"https:\/\/www.kariyer.net\/kariyer-rehberi\/turkiyenin-universite-bulusmasi-22-23-aralikta\/","url":"https:\/\/www.kariyer.net\/kariyer-rehberi\/turkiyenin-universite-bulusmasi-22-23-aralikta\/","name":"Bilkent \u00dcniversitesi End\u00fcstri M\u00fchendisli\u011fi Operational Research Kul\u00fcb\u00fc bu y\u0131l 8. Gen\u00e7 AKADEM\u0130 sempozyumunu Ankara\u2019da d\u00fczenliyor. | Kariyer Rehberi","isPartOf":{"@id":"https:\/\/www.kariyer.net\/kariyer-rehberi\/#website"},"primaryImageOfPage":{"@id":"https:\/\/www.kariyer.net\/kariyer-rehberi\/turkiyenin-universite-bulusmasi-22-23-aralikta\/#primaryimage"},"image":{"@id":"https:\/\/www.kariyer.net\/kariyer-rehberi\/turkiyenin-universite-bulusmasi-22-23-aralikta\/#primaryimage"},"thumbnailUrl":"http:\/\/www.kariyerkampuste.com\/wp-content\/uploads\/2012\/12\/Genc-Akademi-295x300.jpg","datePublished":"2012-12-19T08:00:08+00:00","dateModified":"2024-07-03T12:38:01+00:00","description":"Gen\u00e7 AKADEM\u0130 22-23 Aral\u0131k 2012 tarihlerinde kap\u0131lar\u0131n\u0131 T\u00fcrkiye\u2019nin \u00e7e\u015fitli illerinden gelen \u00dcniversite \u00f6\u011frencilerine a\u00e7\u0131yor.","breadcrumb":{"@id":"https:\/\/www.kariyer.net\/kariyer-rehberi\/turkiyenin-universite-bulusmasi-22-23-aralikta\/#breadcrumb"},"inLanguage":"tr","potentialAction":[{"@type":"ReadAction","target":["https:\/\/www.kariyer.net\/kariyer-rehberi\/turkiyenin-universite-bulusmasi-22-23-aralikta\/"]}]},{"@type":"ImageObject","inLanguage":"tr","@id":"https:\/\/www.kariyer.net\/kariyer-rehberi\/turkiyenin-universite-bulusmasi-22-23-aralikta\/#primaryimage","url":"http:\/\/www.kariyerkampuste.com\/wp-content\/uploads\/2012\/12\/Genc-Akademi-295x300.jpg","contentUrl":"http:\/\/www.kariyerkampuste.com\/wp-content\/uploads\/2012\/12\/Genc-Akademi-295x300.jpg"},{"@type":"BreadcrumbList","@id":"https:\/\/www.kariyer.net\/kariyer-rehberi\/turkiyenin-universite-bulusmasi-22-23-aralikta\/#breadcrumb","itemListElement":[{"@type":"ListItem","position":1,"name":"Anasayfa","item":"https:\/\/www.kariyer.net\/kariyer-rehberi\/"},{"@type":"ListItem","position":2,"name":"&quot;T\u00fcrkiye&#039;nin \u00dcniversite Bulu\u015fmas\u0131&quot; 22-23 Aral\u0131k&#039;ta!"}]},{"@type":"WebSite","@id":"https:\/\/www.kariyer.net\/kariyer-rehberi\/#website","url":"https:\/\/www.kariyer.net\/kariyer-rehberi\/","name":"Kariyer Rehberi","description":"\u0130\u015f D\u00fcnyas\u0131yla \u0130lgili Bilmek \u0130stedi\u011finiz Her \u015eey","publisher":{"@id":"https:\/\/www.kariyer.net\/kariyer-rehberi\/#organization"},"potentialAction":[{"@type":"SearchAction","target":{"@type":"EntryPoint","urlTemplate":"https:\/\/www.kariyer.net\/kariyer-rehberi\/?s={search_term_string}"},"query-input":{"@type":"PropertyValueSpecification","valueRequired":true,"valueName":"search_term_string"}}],"inLanguage":"tr"},{"@type":"Organization","@id":"https:\/\/www.kariyer.net\/kariyer-rehberi\/#organization","name":"Kariyer.net","url":"https:\/\/www.kariyer.net\/kariyer-rehberi\/","logo":{"@type":"ImageObject","inLanguage":"tr","@id":"https:\/\/www.kariyer.net\/kariyer-rehberi\/#\/schema\/logo\/image\/","url":"https:\/\/www.kariyer.net\/kariyer-rehberi-new\/wp-content\/uploads\/2023\/01\/og-image11.jpg","contentUrl":"https:\/\/www.kariyer.net\/kariyer-rehberi-new\/wp-content\/uploads\/2023\/01\/og-image11.jpg","width":800,"height":800,"caption":"Kariyer.net"},"image":{"@id":"https:\/\/www.kariyer.net\/kariyer-rehberi\/#\/schema\/logo\/image\/"}},{"@type":"Person","@id":"https:\/\/www.kariyer.net\/kariyer-rehberi\/#\/schema\/person\/94fd6e49c7ff1b1b2565a2cc4fd685dd","name":"Edit\u00f6r","image":{"@type":"ImageObject","inLanguage":"tr","@id":"https:\/\/www.kariyer.net\/kariyer-rehberi\/#\/schema\/person\/image\/","url":"https:\/\/secure.gravatar.com\/avatar\/0c4fe6688343aed3693b15573beae12c08ace5565409d5ab7509bf9c115f458d?s=96&d=mm&r=g","contentUrl":"https:\/\/secure.gravatar.com\/avatar\/0c4fe6688343aed3693b15573beae12c08ace5565409d5ab7509bf9c115f458d?s=96&d=mm&r=g","caption":"Edit\u00f6r"},"url":"https:\/\/www.kariyer.net\/kariyer-rehberi\/author\/editor\/"}]}},"_links":{"self":[{"href":"https:\/\/www.kariyer.net\/kariyer-rehberi\/wp-json\/wp\/v2\/posts\/9560","targetHints":{"allow":["GET"]}}],"collection":[{"href":"https:\/\/www.kariyer.net\/kariyer-rehberi\/wp-json\/wp\/v2\/posts"}],"about":[{"href":"https:\/\/www.kariyer.net\/kariyer-rehberi\/wp-json\/wp\/v2\/types\/post"}],"author":[{"embeddable":true,"href":"https:\/\/www.kariyer.net\/kariyer-rehberi\/wp-json\/wp\/v2\/users\/12"}],"replies":[{"embeddable":true,"href":"https:\/\/www.kariyer.net\/kariyer-rehberi\/wp-json\/wp\/v2\/comments?post=9560"}],"version-history":[{"count":1,"href":"https:\/\/www.kariyer.net\/kariyer-rehberi\/wp-json\/wp\/v2\/posts\/9560\/revisions"}],"predecessor-version":[{"id":19951,"href":"https:\/\/www.kariyer.net\/kariyer-rehberi\/wp-json\/wp\/v2\/posts\/9560\/revisions\/19951"}],"wp:attachment":[{"href":"https:\/\/www.kariyer.net\/kariyer-rehberi\/wp-json\/wp\/v2\/media?parent=9560"}],"wp:term":[{"taxonomy":"category","embeddable":true,"href":"https:\/\/www.kariyer.net\/kariyer-rehberi\/wp-json\/wp\/v2\/categories?post=9560"},{"taxonomy":"post_tag","embeddable":true,"href":"https:\/\/www.kariyer.net\/kariyer-rehberi\/wp-json\/wp\/v2\/tags?post=9560"}],"curies":[{"name":"wp","href":"https:\/\/api.w.org\/{rel}","templated":true}]}}