{"id":9561,"date":"2012-12-20T20:28:06","date_gmt":"2012-12-20T18:28:06","guid":{"rendered":"http:\/\/www.kariyerkampuste.com\/?p=919"},"modified":"2024-07-03T15:37:59","modified_gmt":"2024-07-03T12:37:59","slug":"21-aralik-anadolu-universitesindeki-etkinligimiz-ileri-bir-tarihe-ertelendi","status":"publish","type":"post","link":"https:\/\/www.kariyer.net\/kariyer-rehberi\/21-aralik-anadolu-universitesindeki-etkinligimiz-ileri-bir-tarihe-ertelendi\/","title":{"rendered":"21 Aral\u0131k&#039;ta Anadolu \u00dcniversitesi&#039;nde ger\u00e7ekle\u015fecek etkinli\u011fimiz ileri bir tarihe ertelendi"},"content":{"rendered":"<p>&nbsp;<\/p>\n<p><a href=\"http:\/\/www.kariyerkampuste.com\/wp-content\/uploads\/2012\/12\/sad-smiley2.jpg\"><img decoding=\"async\" class=\"alignleft size-thumbnail wp-image-922\" alt=\"sad smiley\" src=\"http:\/\/www.kariyerkampuste.com\/wp-content\/uploads\/2012\/12\/sad-smiley2-150x150.jpg\" width=\"150\" height=\"150\" \/><\/a>\u00dcz\u00fclerek duyuruyoruz ki;<\/p>\n<p><strong>21 Aral\u0131k 2012 Cuma<\/strong> g\u00fcn\u00fc Anadolu \u00dcniversitesi&#8217;nde ger\u00e7ekle\u015fecek &#8220;Etkili \u00d6zge\u00e7mi\u015f Olu\u015fturma ve M\u00fclakat&#8221; seminerimiz, olumsuz hava \u015fartlar\u0131ndan dolay\u0131 ileri bir tarihe <strong>ertelenmi\u015ftir.\u00a0<\/strong>Etkinli\u011fin yeni tarihi hakk\u0131nda tekrar bilgilendirme yapaca\u011f\u0131z.<\/p>\n<p>G\u00f6r\u00fc\u015fmek \u00fczere&#8230;<\/p>\n<p>&nbsp;<\/p>\n<!-- templates\/buttons-placeholder.php -->\n<div class=\"da-reactions-outer TpostID9561\">\n\t    <div class=\"da-reactions-data da-reactions-container-async center\"\n         data-type=\"post\"\n         data-id=\"9561\"\n         id=\"da-reactions-slot-post-9561\">\n        <div class=\"da-reactions-static\">\n\t\t\t<img src=\"https:\/\/www.kariyer.net\/kariyer-rehberi\/wp-content\/plugins\/da-reactions\/assets\/dist\/loading.svg\" alt=\"Loading spinner\" width=\"48\" height=\"48\" style=\"width:48px\" \/>\n        <\/div>\n    <\/div>\n<\/div>\n","protected":false},"excerpt":{"rendered":"<p>&nbsp; \u00dcz\u00fclerek duyuruyoruz ki; 21 Aral\u0131k 2012 Cuma g\u00fcn\u00fc Anadolu \u00dcniversitesi&#8217;nde ger\u00e7ekle\u015fecek &#8220;Etkili \u00d6zge\u00e7mi\u015f Olu\u015fturma ve M\u00fclakat&#8221; seminerimiz, olumsuz hava \u015fartlar\u0131ndan dolay\u0131 ileri bir tarihe ertelenmi\u015ftir.\u00a0Etkinli\u011fin yeni tarihi hakk\u0131nda tekrar bilgilendirme yapaca\u011f\u0131z. G\u00f6r\u00fc\u015fmek \u00fczere&#8230; &nbsp;<\/p>\n<!-- templates\/buttons-placeholder.php -->\n<div class=\"da-reactions-outer TpostID9561\">\n\t    <div class=\"da-reactions-data da-reactions-container-async center\"\n         data-type=\"post\"\n         data-id=\"9561\"\n         id=\"da-reactions-slot-post-9561\">\n        <div class=\"da-reactions-static\">\n\t\t\t<img src=\"https:\/\/www.kariyer.net\/kariyer-rehberi\/wp-content\/plugins\/da-reactions\/assets\/dist\/loading.svg\" alt=\"Loading spinner\" width=\"48\" height=\"48\" style=\"width:48px\" \/>\n        <\/div>\n    <\/div>\n<\/div>\n","protected":false},"author":12,"featured_media":0,"comment_status":"open","ping_status":"open","sticky":false,"template":"","format":"standard","meta":{"footnotes":"","_elementor_edit_mode":"","_elementor_template_type":"","_elementor_data":"","_elementor_page_settings":null,"_elementor_conditions":[]},"categories":[2211,164],"tags":[],"class_list":{"0":"post-9561","1":"post","2":"type-post","3":"status-publish","4":"format-standard","6":"category-kariyer-gelisimi","7":"category-universite-kuluplerinden-haberler"},"yoast_head":"<!-- This site is optimized with the Yoast SEO Premium plugin v21.4 (Yoast SEO v27.0) - https:\/\/yoast.com\/product\/yoast-seo-premium-wordpress\/ -->\n<title>21 Aral\u0131k&#039;ta Anadolu \u00dcniversitesi&#039;nde ger\u00e7ekle\u015fecek etkinli\u011fimiz ileri bir tarihe ertelendi | Kariyer Rehberi<\/title>\n<meta name=\"description\" content=\"&nbsp; \u00dcz\u00fclerek duyuruyoruz ki; 21 Aral\u0131k 2012 Cuma g\u00fcn\u00fc Anadolu \u00dcniversitesi&#039;nde ger\u00e7ekle\u015fecek &quot;Etkili \u00d6zge\u00e7mi\u015f Olu\u015fturma ve M\u00fclakat&quot; seminerimiz,\" \/>\n<meta name=\"robots\" content=\"index, follow, max-snippet:-1, max-image-preview:large, max-video-preview:-1\" \/>\n<link rel=\"canonical\" href=\"https:\/\/www.kariyer.net\/kariyer-rehberi\/21-aralik-anadolu-universitesindeki-etkinligimiz-ileri-bir-tarihe-ertelendi\/\" \/>\n<meta property=\"og:locale\" content=\"tr_TR\" \/>\n<meta property=\"og:type\" content=\"article\" \/>\n<meta property=\"og:title\" content=\"21 Aral\u0131k&#039;ta Anadolu \u00dcniversitesi&#039;nde ger\u00e7ekle\u015fecek etkinli\u011fimiz ileri bir tarihe ertelendi\" \/>\n<meta property=\"og:description\" content=\"&nbsp; \u00dcz\u00fclerek duyuruyoruz ki; 21 Aral\u0131k 2012 Cuma g\u00fcn\u00fc Anadolu \u00dcniversitesi&#039;nde ger\u00e7ekle\u015fecek &quot;Etkili \u00d6zge\u00e7mi\u015f Olu\u015fturma ve M\u00fclakat&quot; seminerimiz,\" \/>\n<meta property=\"og:url\" content=\"https:\/\/www.kariyer.net\/kariyer-rehberi\/21-aralik-anadolu-universitesindeki-etkinligimiz-ileri-bir-tarihe-ertelendi\/\" \/>\n<meta property=\"og:site_name\" content=\"Kariyer Rehberi\" \/>\n<meta property=\"article:published_time\" content=\"2012-12-20T18:28:06+00:00\" \/>\n<meta property=\"article:modified_time\" content=\"2024-07-03T12:37:59+00:00\" \/>\n<meta property=\"og:image\" content=\"http:\/\/www.kariyerkampuste.com\/wp-content\/uploads\/2012\/12\/sad-smiley2-150x150.jpg\" \/>\n<meta name=\"author\" content=\"Edit\u00f6r\" \/>\n<meta name=\"twitter:card\" content=\"summary_large_image\" \/>\n<meta name=\"twitter:label1\" content=\"Yazan:\" \/>\n\t<meta name=\"twitter:data1\" content=\"Edit\u00f6r\" \/>\n<!-- \/ Yoast SEO Premium plugin. -->","yoast_head_json":{"title":"21 Aral\u0131k&#039;ta Anadolu \u00dcniversitesi&#039;nde ger\u00e7ekle\u015fecek etkinli\u011fimiz ileri bir tarihe ertelendi | Kariyer Rehberi","description":"&nbsp; \u00dcz\u00fclerek duyuruyoruz ki; 21 Aral\u0131k 2012 Cuma g\u00fcn\u00fc Anadolu \u00dcniversitesi'nde ger\u00e7ekle\u015fecek \"Etkili \u00d6zge\u00e7mi\u015f Olu\u015fturma ve M\u00fclakat\" seminerimiz,","robots":{"index":"index","follow":"follow","max-snippet":"max-snippet:-1","max-image-preview":"max-image-preview:large","max-video-preview":"max-video-preview:-1"},"canonical":"https:\/\/www.kariyer.net\/kariyer-rehberi\/21-aralik-anadolu-universitesindeki-etkinligimiz-ileri-bir-tarihe-ertelendi\/","og_locale":"tr_TR","og_type":"article","og_title":"21 Aral\u0131k&#039;ta Anadolu \u00dcniversitesi&#039;nde ger\u00e7ekle\u015fecek etkinli\u011fimiz ileri bir tarihe ertelendi","og_description":"&nbsp; \u00dcz\u00fclerek duyuruyoruz ki; 21 Aral\u0131k 2012 Cuma g\u00fcn\u00fc Anadolu \u00dcniversitesi'nde ger\u00e7ekle\u015fecek \"Etkili \u00d6zge\u00e7mi\u015f Olu\u015fturma ve M\u00fclakat\" seminerimiz,","og_url":"https:\/\/www.kariyer.net\/kariyer-rehberi\/21-aralik-anadolu-universitesindeki-etkinligimiz-ileri-bir-tarihe-ertelendi\/","og_site_name":"Kariyer Rehberi","article_published_time":"2012-12-20T18:28:06+00:00","article_modified_time":"2024-07-03T12:37:59+00:00","og_image":[{"url":"http:\/\/www.kariyerkampuste.com\/wp-content\/uploads\/2012\/12\/sad-smiley2-150x150.jpg","type":"","width":"","height":""}],"author":"Edit\u00f6r","twitter_card":"summary_large_image","twitter_misc":{"Yazan:":"Edit\u00f6r"},"schema":{"@context":"https:\/\/schema.org","@graph":[{"@type":"Article","@id":"https:\/\/www.kariyer.net\/kariyer-rehberi\/21-aralik-anadolu-universitesindeki-etkinligimiz-ileri-bir-tarihe-ertelendi\/#article","isPartOf":{"@id":"https:\/\/www.kariyer.net\/kariyer-rehberi\/21-aralik-anadolu-universitesindeki-etkinligimiz-ileri-bir-tarihe-ertelendi\/"},"author":{"name":"Edit\u00f6r","@id":"https:\/\/www.kariyer.net\/kariyer-rehberi\/#\/schema\/person\/94fd6e49c7ff1b1b2565a2cc4fd685dd"},"headline":"21 Aral\u0131k&#039;ta Anadolu \u00dcniversitesi&#039;nde ger\u00e7ekle\u015fecek etkinli\u011fimiz ileri bir tarihe ertelendi","datePublished":"2012-12-20T18:28:06+00:00","dateModified":"2024-07-03T12:37:59+00:00","mainEntityOfPage":{"@id":"https:\/\/www.kariyer.net\/kariyer-rehberi\/21-aralik-anadolu-universitesindeki-etkinligimiz-ileri-bir-tarihe-ertelendi\/"},"wordCount":65,"commentCount":0,"publisher":{"@id":"https:\/\/www.kariyer.net\/kariyer-rehberi\/#organization"},"image":{"@id":"https:\/\/www.kariyer.net\/kariyer-rehberi\/21-aralik-anadolu-universitesindeki-etkinligimiz-ileri-bir-tarihe-ertelendi\/#primaryimage"},"thumbnailUrl":"http:\/\/www.kariyerkampuste.com\/wp-content\/uploads\/2012\/12\/sad-smiley2-150x150.jpg","articleSection":["Kariyer Geli\u015fimi","\u00dcniversite Kul\u00fcplerinden Haberler"],"inLanguage":"tr","potentialAction":[{"@type":"CommentAction","name":"Comment","target":["https:\/\/www.kariyer.net\/kariyer-rehberi\/21-aralik-anadolu-universitesindeki-etkinligimiz-ileri-bir-tarihe-ertelendi\/#respond"]}]},{"@type":"WebPage","@id":"https:\/\/www.kariyer.net\/kariyer-rehberi\/21-aralik-anadolu-universitesindeki-etkinligimiz-ileri-bir-tarihe-ertelendi\/","url":"https:\/\/www.kariyer.net\/kariyer-rehberi\/21-aralik-anadolu-universitesindeki-etkinligimiz-ileri-bir-tarihe-ertelendi\/","name":"21 Aral\u0131k&#039;ta Anadolu \u00dcniversitesi&#039;nde ger\u00e7ekle\u015fecek etkinli\u011fimiz ileri bir tarihe ertelendi | Kariyer Rehberi","isPartOf":{"@id":"https:\/\/www.kariyer.net\/kariyer-rehberi\/#website"},"primaryImageOfPage":{"@id":"https:\/\/www.kariyer.net\/kariyer-rehberi\/21-aralik-anadolu-universitesindeki-etkinligimiz-ileri-bir-tarihe-ertelendi\/#primaryimage"},"image":{"@id":"https:\/\/www.kariyer.net\/kariyer-rehberi\/21-aralik-anadolu-universitesindeki-etkinligimiz-ileri-bir-tarihe-ertelendi\/#primaryimage"},"thumbnailUrl":"http:\/\/www.kariyerkampuste.com\/wp-content\/uploads\/2012\/12\/sad-smiley2-150x150.jpg","datePublished":"2012-12-20T18:28:06+00:00","dateModified":"2024-07-03T12:37:59+00:00","description":"&nbsp; \u00dcz\u00fclerek duyuruyoruz ki; 21 Aral\u0131k 2012 Cuma g\u00fcn\u00fc Anadolu \u00dcniversitesi'nde ger\u00e7ekle\u015fecek \"Etkili \u00d6zge\u00e7mi\u015f Olu\u015fturma ve M\u00fclakat\" seminerimiz,","breadcrumb":{"@id":"https:\/\/www.kariyer.net\/kariyer-rehberi\/21-aralik-anadolu-universitesindeki-etkinligimiz-ileri-bir-tarihe-ertelendi\/#breadcrumb"},"inLanguage":"tr","potentialAction":[{"@type":"ReadAction","target":["https:\/\/www.kariyer.net\/kariyer-rehberi\/21-aralik-anadolu-universitesindeki-etkinligimiz-ileri-bir-tarihe-ertelendi\/"]}]},{"@type":"ImageObject","inLanguage":"tr","@id":"https:\/\/www.kariyer.net\/kariyer-rehberi\/21-aralik-anadolu-universitesindeki-etkinligimiz-ileri-bir-tarihe-ertelendi\/#primaryimage","url":"http:\/\/www.kariyerkampuste.com\/wp-content\/uploads\/2012\/12\/sad-smiley2-150x150.jpg","contentUrl":"http:\/\/www.kariyerkampuste.com\/wp-content\/uploads\/2012\/12\/sad-smiley2-150x150.jpg"},{"@type":"BreadcrumbList","@id":"https:\/\/www.kariyer.net\/kariyer-rehberi\/21-aralik-anadolu-universitesindeki-etkinligimiz-ileri-bir-tarihe-ertelendi\/#breadcrumb","itemListElement":[{"@type":"ListItem","position":1,"name":"Anasayfa","item":"https:\/\/www.kariyer.net\/kariyer-rehberi\/"},{"@type":"ListItem","position":2,"name":"21 Aral\u0131k&#039;ta Anadolu \u00dcniversitesi&#039;nde ger\u00e7ekle\u015fecek etkinli\u011fimiz ileri bir tarihe ertelendi"}]},{"@type":"WebSite","@id":"https:\/\/www.kariyer.net\/kariyer-rehberi\/#website","url":"https:\/\/www.kariyer.net\/kariyer-rehberi\/","name":"Kariyer Rehberi","description":"\u0130\u015f D\u00fcnyas\u0131yla \u0130lgili Bilmek \u0130stedi\u011finiz Her \u015eey","publisher":{"@id":"https:\/\/www.kariyer.net\/kariyer-rehberi\/#organization"},"potentialAction":[{"@type":"SearchAction","target":{"@type":"EntryPoint","urlTemplate":"https:\/\/www.kariyer.net\/kariyer-rehberi\/?s={search_term_string}"},"query-input":{"@type":"PropertyValueSpecification","valueRequired":true,"valueName":"search_term_string"}}],"inLanguage":"tr"},{"@type":"Organization","@id":"https:\/\/www.kariyer.net\/kariyer-rehberi\/#organization","name":"Kariyer.net","url":"https:\/\/www.kariyer.net\/kariyer-rehberi\/","logo":{"@type":"ImageObject","inLanguage":"tr","@id":"https:\/\/www.kariyer.net\/kariyer-rehberi\/#\/schema\/logo\/image\/","url":"https:\/\/www.kariyer.net\/kariyer-rehberi-new\/wp-content\/uploads\/2023\/01\/og-image11.jpg","contentUrl":"https:\/\/www.kariyer.net\/kariyer-rehberi-new\/wp-content\/uploads\/2023\/01\/og-image11.jpg","width":800,"height":800,"caption":"Kariyer.net"},"image":{"@id":"https:\/\/www.kariyer.net\/kariyer-rehberi\/#\/schema\/logo\/image\/"}},{"@type":"Person","@id":"https:\/\/www.kariyer.net\/kariyer-rehberi\/#\/schema\/person\/94fd6e49c7ff1b1b2565a2cc4fd685dd","name":"Edit\u00f6r","image":{"@type":"ImageObject","inLanguage":"tr","@id":"https:\/\/www.kariyer.net\/kariyer-rehberi\/#\/schema\/person\/image\/","url":"https:\/\/secure.gravatar.com\/avatar\/0c4fe6688343aed3693b15573beae12c08ace5565409d5ab7509bf9c115f458d?s=96&d=mm&r=g","contentUrl":"https:\/\/secure.gravatar.com\/avatar\/0c4fe6688343aed3693b15573beae12c08ace5565409d5ab7509bf9c115f458d?s=96&d=mm&r=g","caption":"Edit\u00f6r"},"url":"https:\/\/www.kariyer.net\/kariyer-rehberi\/author\/editor\/"}]}},"_links":{"self":[{"href":"https:\/\/www.kariyer.net\/kariyer-rehberi\/wp-json\/wp\/v2\/posts\/9561","targetHints":{"allow":["GET"]}}],"collection":[{"href":"https:\/\/www.kariyer.net\/kariyer-rehberi\/wp-json\/wp\/v2\/posts"}],"about":[{"href":"https:\/\/www.kariyer.net\/kariyer-rehberi\/wp-json\/wp\/v2\/types\/post"}],"author":[{"embeddable":true,"href":"https:\/\/www.kariyer.net\/kariyer-rehberi\/wp-json\/wp\/v2\/users\/12"}],"replies":[{"embeddable":true,"href":"https:\/\/www.kariyer.net\/kariyer-rehberi\/wp-json\/wp\/v2\/comments?post=9561"}],"version-history":[{"count":1,"href":"https:\/\/www.kariyer.net\/kariyer-rehberi\/wp-json\/wp\/v2\/posts\/9561\/revisions"}],"predecessor-version":[{"id":19948,"href":"https:\/\/www.kariyer.net\/kariyer-rehberi\/wp-json\/wp\/v2\/posts\/9561\/revisions\/19948"}],"wp:attachment":[{"href":"https:\/\/www.kariyer.net\/kariyer-rehberi\/wp-json\/wp\/v2\/media?parent=9561"}],"wp:term":[{"taxonomy":"category","embeddable":true,"href":"https:\/\/www.kariyer.net\/kariyer-rehberi\/wp-json\/wp\/v2\/categories?post=9561"},{"taxonomy":"post_tag","embeddable":true,"href":"https:\/\/www.kariyer.net\/kariyer-rehberi\/wp-json\/wp\/v2\/tags?post=9561"}],"curies":[{"name":"wp","href":"https:\/\/api.w.org\/{rel}","templated":true}]}}