{"id":9574,"date":"2013-01-01T15:06:33","date_gmt":"2013-01-01T13:06:33","guid":{"rendered":"http:\/\/www.kariyerkampuste.com\/?p=1127"},"modified":"2024-07-03T15:34:25","modified_gmt":"2024-07-03T12:34:25","slug":"yonetim-ve-muhendislik-gunleri-2-3-martta-odtu-kultur-ve-kongre-merkezinde","status":"publish","type":"post","link":"https:\/\/www.kariyer.net\/kariyer-rehberi\/yonetim-ve-muhendislik-gunleri-2-3-martta-odtu-kultur-ve-kongre-merkezinde\/","title":{"rendered":"Y\u00f6netim ve M\u00fchendislik G\u00fcnleri 2-3 Mart&#039;ta ODT\u00dc K\u00fclt\u00fcr ve Kongre Merkezi\u2019nde"},"content":{"rendered":"<p><a href=\"http:\/\/www.kariyerkampuste.com\/wp-content\/uploads\/2013\/02\/odtu-verimlilik-markalasma-.jpg\"><img fetchpriority=\"high\" decoding=\"async\" class=\"alignleft size-full wp-image-1128\" alt=\"odtu verimlilik markalasma\" src=\"http:\/\/www.kariyerkampuste.com\/wp-content\/uploads\/2013\/02\/odtu-verimlilik-markalasma-.jpg\" width=\"376\" height=\"535\" \/><\/a>Y\u00f6netim ve M\u00fchendislik G\u00fcnleri(YMG) bu y\u0131l da hedefleri do\u011frultusunda 2-3 Mart 2013 ODT\u00dc K\u00fclt\u00fcr ve Kongre Merkezi\u2019nde \u201cMarkala\u015fma\u201d temas\u0131yla ger\u00e7ekle\u015fecektir.<\/p>\n<p>2 g\u00fcn s\u00fcren bu oturum ve s\u00f6yle\u015filerde; kat\u0131l\u0131mc\u0131lar\u0131n, konu\u015fmac\u0131lardan en \u00fcst d\u00fczeyde faydalanmas\u0131 sa\u011flan\u0131p, tecr\u00fcbe aktar\u0131m\u0131 yoluyla, gen\u00e7 m\u00fchendis ve y\u00f6netici adaylar\u0131na benzersiz bir kendini geli\u015ftirme f\u0131rsat\u0131n\u0131n sa\u011flamas\u0131 temel ama\u00e7 olacakt\u0131r. \u0130\u015f d\u00fcnyas\u0131ndan 17 de\u011ferli isim oturumlarda \u201cMarkala\u015fma\u201d ba\u015fl\u0131\u011f\u0131 alt\u0131nda konu\u015fmac\u0131 olarak yer alacaklard\u0131r. Yine her iki g\u00fcn\u00fcn sonunda \u00fcnl\u00fc s\u00f6yle\u015fileri yap\u0131lacakt\u0131r. ODT\u00dc K\u00fclt\u00fcr ve Kongre Merkezi Fuayesinde de kat\u0131l\u0131mc\u0131lar\u0131 e\u011flenceli bir ortam bekliyor olacak. Organizasyona kat\u0131l\u0131m <strong>\u00fccretsizdir<\/strong> ve 7 oturuma kat\u0131lan konuklar\u0131m\u0131za sertifika verilecektir. Kongre, ODT\u00dc \u00f6\u011frencilerinin yan\u0131 s\u0131ra Ankara ve T\u00fcrkiye\u2019deki di\u011fer \u00fcniversitelerden de bir\u00e7ok \u00f6\u011frenciyi a\u011f\u0131rlamaktad\u0131r. Organizasyon toplamda 1500 ki\u015fiye ula\u015f\u0131lmaktad\u0131r.<!--more--><\/p>\n<p>&nbsp;<\/p>\n<p>Konaklamal\u0131 kat\u0131l\u0131m ile ilgili detayl\u0131 bilgi i\u00e7in <a href=\"http:\/\/www.odtuvt.org.tr\/\">www.odtuvt.org.tr<\/a> adresini ziyaret edebilirsiniz.<\/p>\n<p><b>13. YMG Program\u0131:<\/b><\/p>\n<p><b>\u00a0<\/b>Cumartesi:<\/p>\n<p>9:30\u00a0\u00a0\u00a0\u00a0 A\u00e7\u0131l\u0131\u015f Konu\u015fmalar\u0131<\/p>\n<p>1.Oturum\u00a0\u00a0\u00a0\u00a0\u00a0\u00a0\u00a0 10:50\u00a0\u00a0 Ya\u015far Holding Y\u00f6netim Kurulu Ba\u015fkan\u0131 \u0130dil Yi\u011fitba\u015f\u0131<\/p>\n<p>2.Oturum\u00a0\u00a0\u00a0\u00a0\u00a0\u00a0\u00a0 11:40\u00a0\u00a0 Abdi \u0130brahim Sat\u0131\u015f ve Pazarlama Direkt\u00f6r\u00fc Hayal Tepe<\/p>\n<p>12:20\u00a0\u00a0 Unilever Pazarlama Direkt\u00f6r\u00fc Leyal Eskin<\/p>\n<p>3.Oturum\u00a0\u00a0\u00a0\u00a0\u00a0\u00a0\u00a0 13:40\u00a0\u00a0 Avea Genel M\u00fcd\u00fcr Yard\u0131mc\u0131s\u0131 Kadir Boysan<\/p>\n<p>14:10\u00a0\u00a0 Ar\u00e7elik Pazarlama Direkt\u00f6r\u00fc Bar\u0131\u015f Orbay<\/p>\n<p>4.Oturum \u00a0 \u00a0 \u00a0\u00a015:40\u00a0\u00a0 Borusan Lojistik Genel M\u00fcd\u00fcr\u00fc Kaan G\u00fcrgen\u00e7<\/p>\n<p>5.Oturum\u00a0\u00a0\u00a0\u00a0\u00a0\u00a0\u00a0 16:30\u00a0\u00a0 PwC T\u00fcrkiye Partneri Murat Sancar<\/p>\n<p>S\u00f6yle\u015fi\u00a0\u00a0\u00a0\u00a0\u00a0\u00a0\u00a0\u00a0\u00a0\u00a0\u00a0\u00a0\u00a0\u00a0\u00a0\u00a0\u00a0\u00a0\u00a0\u00a0\u00a0\u00a0\u00a0 17:00 \u00a0 Batesmotelpro<\/p>\n<p>&nbsp;<\/p>\n<p>Pazar:<\/p>\n<p>6.Oturum\u00a0\u00a0\u00a0\u00a0\u00a0\u00a0\u00a0 10:00\u00a0\u00a0 Uzman TV kurucusu Ersan \u00d6zer<\/p>\n<p>10:30\u00a0\u00a0 Fizy Genel M\u00fcd\u00fcr\u00fc Levent Erim<\/p>\n<p>11:00\u00a0\u00a0 Bigumigu kurucusu Yal\u00e7\u0131n Pembecio\u011flu<\/p>\n<p>7.Oturum\u00a0\u00a0\u00a0\u00a0\u00a0\u00a0\u00a0 11:40\u00a0\u00a0 R\u00f6nesans Holding Y\u00f6netim Kurulu Ba\u015fkan V. Ferit Seyfi Ya\u011fmuro\u011flu<\/p>\n<p>R\u00f6nesans Holding CSO \u0130lker \u00c7a\u011flar<\/p>\n<p>8.Oturum\u00a0\u00a0\u00a0\u00a0\u00a0\u00a0\u00a0 12:20\u00a0\u00a0 Vatan Bilgisayar Genel M\u00fcd\u00fcr\u00fc Hasan Vatan<\/p>\n<p>9.Oturum\u00a0\u00a0\u00a0\u00a0\u00a0\u00a0\u00a0 13:40\u00a0\u00a0 Ko\u00e7 \u00dcni. \u00d6\u011f. G\u00f6revlisi, \u0130\u015f adam\u0131 ve Yazar Semih Yalman<\/p>\n<p>14:20\u00a0\u00a0 Markam Kurucusu G\u00fcven Bor\u00e7a<\/p>\n<p>10.Oturum\u00a0\u00a0\u00a0\u00a0\u00a0 15:10\u00a0\u00a0 Deulcom International Kurucusu ve Giri\u015fimci Baybars Altunta\u015f<\/p>\n<p>S\u00f6yle\u015fi\u00a0\u00a0\u00a0\u00a0\u00a0\u00a0\u00a0\u00a0\u00a0\u00a0\u00a0\u00a0\u00a0\u00a0\u00a0\u00a0\u00a0\u00a0\u00a0\u00a0\u00a0\u00a0\u00a0 17:00\u00a0\u00a0 \u015eef ve Hecha Kurucusu Ya\u011f\u0131z \u0130zg\u00fcl<\/p>\n<p><b>\u00a0<\/b><\/p>\n<p><b>Ba\u011flant\u0131 adresleri:<\/b><\/p>\n<p>Facebook etkinlik sayfas\u0131:\u00a0\u00a0\u00a0\u00a0\u00a0 <a href=\"https:\/\/www.facebook.com\/events\/483536065043497\/\">https:\/\/www.facebook.com\/events\/483536065043497\/<\/a><\/p>\n<p>YMG Twitter:\u00a0\u00a0\u00a0\u00a0\u00a0\u00a0\u00a0\u00a0\u00a0\u00a0\u00a0\u00a0\u00a0\u00a0\u00a0\u00a0\u00a0\u00a0\u00a0\u00a0\u00a0\u00a0\u00a0\u00a0\u00a0\u00a0\u00a0\u00a0\u00a0\u00a0\u00a0\u00a0\u00a0\u00a0\u00a0 <a href=\"https:\/\/twitter.com\/YMG_VT_ODTU\">https:\/\/twitter.com\/YMG_VT_ODTU<\/a><\/p>\n<p>YMG Facebook:\u00a0\u00a0\u00a0\u00a0\u00a0\u00a0\u00a0\u00a0\u00a0\u00a0\u00a0\u00a0\u00a0\u00a0\u00a0\u00a0\u00a0\u00a0\u00a0 <a href=\"https:\/\/www.facebook.com\/YonetimVeMuhendislikGunleri\">https:\/\/www.facebook.com\/YonetimVeMuhendislikGunleri<\/a><\/p>\n<p>ODT\u00dcVT web sitesi:\u00a0\u00a0\u00a0\u00a0\u00a0\u00a0\u00a0\u00a0\u00a0\u00a0\u00a0\u00a0 <a href=\"http:\/\/www.odtuvt.org.tr\/\">http:\/\/www.odtuvt.org.tr\/<\/a><\/p>\n<p>\u0130leti\u015fim:\u00a0\u00a0\u00a0\u00a0\u00a0\u00a0\u00a0\u00a0\u00a0\u00a0\u00a0\u00a0\u00a0\u00a0\u00a0\u00a0\u00a0\u00a0\u00a0\u00a0\u00a0\u00a0\u00a0\u00a0\u00a0\u00a0\u00a0\u00a0\u00a0\u00a0\u00a0\u00a0\u00a0 <a href=\"mailto:ymg@odtuvt.org.tr\">ymg@odtuvt.org.tr<\/a><\/p>\n<p>&nbsp;<\/p>\n<p><b>Sponsor Listesi:\u00a0<\/b><\/p>\n<p><b>Stratejik Partner <\/b>Kariyer.net<\/p>\n<p><b>Mali Sponsorluk<\/b> Mercedes-Benz<\/p>\n<p><b>Mali Sponsorluk <\/b>Mars Lojistik<\/p>\n<p><b>Ula\u015f\u0131m Sponsorlu\u011fu<\/b> Pamukkale Turizm<\/p>\n<p><b>Vaka Analizi Yar\u0131\u015fmas\u0131 Partneri<\/b> PwC<\/p>\n<p><b>\u0130leti\u015fim Sponsorlu\u011fu<\/b> Ekonomist Dergi ve Web<\/p>\n<p><b>\u0130leti\u015fim Sponsorlu\u011fu<\/b> H\u00fcrriyet Ankara ve Kamp\u00fcs<\/p>\n<p><b>\u0130leti\u015fim Sponsorlu\u011fu<\/b> MAX FM Radyo ve Web<\/p>\n<p><b>\u00dcr\u00fcn sponsorlu\u011fu<\/b> Nestle<\/p>\n<p><b>\u00dcr\u00fcn sponsorlu\u011fu<\/b> Gloria Jean&#8217;s Coffees<\/p>\n<p><b>\u00dcr\u00fcn sponsorlu\u011fu<\/b> P\u0131nar<\/p>\n<!-- templates\/buttons-placeholder.php -->\n<div class=\"da-reactions-outer TpostID9574\">\n\t    <div class=\"da-reactions-data da-reactions-container-async center\"\n         data-type=\"post\"\n         data-id=\"9574\"\n         id=\"da-reactions-slot-post-9574\">\n        <div class=\"da-reactions-static\">\n\t\t\t<img src=\"https:\/\/www.kariyer.net\/kariyer-rehberi\/wp-content\/plugins\/da-reactions\/assets\/dist\/loading.svg\" alt=\"Loading spinner\" width=\"48\" height=\"48\" style=\"width:48px\" \/>\n        <\/div>\n    <\/div>\n<\/div>\n","protected":false},"excerpt":{"rendered":"<p>Y\u00f6netim ve M\u00fchendislik G\u00fcnleri(YMG) bu y\u0131l da hedefleri do\u011frultusunda 2-3 Mart 2013 ODT\u00dc K\u00fclt\u00fcr ve Kongre Merkezi\u2019nde \u201cMarkala\u015fma\u201d temas\u0131yla ger\u00e7ekle\u015fecektir. 2 g\u00fcn s\u00fcren bu oturum ve s\u00f6yle\u015filerde; kat\u0131l\u0131mc\u0131lar\u0131n, konu\u015fmac\u0131lardan en \u00fcst d\u00fczeyde faydalanmas\u0131 sa\u011flan\u0131p, tecr\u00fcbe aktar\u0131m\u0131 yoluyla, gen\u00e7 m\u00fchendis ve y\u00f6netici adaylar\u0131na benzersiz bir kendini geli\u015ftirme f\u0131rsat\u0131n\u0131n sa\u011flamas\u0131 temel ama\u00e7 olacakt\u0131r. \u0130\u015f d\u00fcnyas\u0131ndan 17 de\u011ferli [&hellip;]<\/p>\n<!-- templates\/buttons-placeholder.php -->\n<div class=\"da-reactions-outer TpostID9574\">\n\t    <div class=\"da-reactions-data da-reactions-container-async center\"\n         data-type=\"post\"\n         data-id=\"9574\"\n         id=\"da-reactions-slot-post-9574\">\n        <div class=\"da-reactions-static\">\n\t\t\t<img src=\"https:\/\/www.kariyer.net\/kariyer-rehberi\/wp-content\/plugins\/da-reactions\/assets\/dist\/loading.svg\" alt=\"Loading spinner\" width=\"48\" height=\"48\" style=\"width:48px\" \/>\n        <\/div>\n    <\/div>\n<\/div>\n","protected":false},"author":12,"featured_media":0,"comment_status":"open","ping_status":"open","sticky":false,"template":"","format":"standard","meta":{"footnotes":"","_elementor_edit_mode":"","_elementor_template_type":"","_elementor_data":"","_elementor_page_settings":null,"_elementor_conditions":[]},"categories":[2211,164],"tags":[],"class_list":{"0":"post-9574","1":"post","2":"type-post","3":"status-publish","4":"format-standard","6":"category-kariyer-gelisimi","7":"category-universite-kuluplerinden-haberler"},"yoast_head":"<!-- This site is optimized with the Yoast SEO Premium plugin v21.4 (Yoast SEO v27.0) - https:\/\/yoast.com\/product\/yoast-seo-premium-wordpress\/ -->\n<title>Y\u00f6netim ve M\u00fchendislik G\u00fcnleri 2-3 Mart&#039;ta ODT\u00dc K\u00fclt\u00fcr ve Kongre Merkezi\u2019nde | Kariyer Rehberi<\/title>\n<meta name=\"description\" content=\"Y\u00f6netim ve M\u00fchendislik G\u00fcnleri(YMG) bu y\u0131l da hedefleri do\u011frultusunda 2-3 Mart 2013 ODT\u00dc K\u00fclt\u00fcr ve Kongre Merkezi\u2019nde \u201cMarkala\u015fma\u201d temas\u0131yla ger\u00e7ekle\u015fecektir.\" \/>\n<meta name=\"robots\" content=\"index, follow, max-snippet:-1, max-image-preview:large, max-video-preview:-1\" \/>\n<link rel=\"canonical\" href=\"https:\/\/www.kariyer.net\/kariyer-rehberi\/yonetim-ve-muhendislik-gunleri-2-3-martta-odtu-kultur-ve-kongre-merkezinde\/\" \/>\n<meta property=\"og:locale\" content=\"tr_TR\" \/>\n<meta property=\"og:type\" content=\"article\" \/>\n<meta property=\"og:title\" content=\"Y\u00f6netim ve M\u00fchendislik G\u00fcnleri 2-3 Mart&#039;ta ODT\u00dc K\u00fclt\u00fcr ve Kongre Merkezi\u2019nde\" \/>\n<meta property=\"og:description\" content=\"Y\u00f6netim ve M\u00fchendislik G\u00fcnleri(YMG) bu y\u0131l da hedefleri do\u011frultusunda 2-3 Mart 2013 ODT\u00dc K\u00fclt\u00fcr ve Kongre Merkezi\u2019nde \u201cMarkala\u015fma\u201d temas\u0131yla\" \/>\n<meta property=\"og:url\" content=\"https:\/\/www.kariyer.net\/kariyer-rehberi\/yonetim-ve-muhendislik-gunleri-2-3-martta-odtu-kultur-ve-kongre-merkezinde\/\" \/>\n<meta property=\"og:site_name\" content=\"Kariyer Rehberi\" \/>\n<meta property=\"article:published_time\" content=\"2013-01-01T13:06:33+00:00\" \/>\n<meta property=\"article:modified_time\" content=\"2024-07-03T12:34:25+00:00\" \/>\n<meta property=\"og:image\" content=\"http:\/\/www.kariyerkampuste.com\/wp-content\/uploads\/2013\/02\/odtu-verimlilik-markalasma-.jpg\" \/>\n<meta name=\"author\" content=\"Edit\u00f6r\" \/>\n<meta name=\"twitter:card\" content=\"summary_large_image\" \/>\n<meta name=\"twitter:label1\" content=\"Yazan:\" \/>\n\t<meta name=\"twitter:data1\" content=\"Edit\u00f6r\" \/>\n\t<meta name=\"twitter:label2\" content=\"Tahmini okuma s\u00fcresi\" \/>\n\t<meta name=\"twitter:data2\" content=\"2 dakika\" \/>\n<!-- \/ Yoast SEO Premium plugin. -->","yoast_head_json":{"title":"Y\u00f6netim ve M\u00fchendislik G\u00fcnleri 2-3 Mart'ta ODT\u00dc K\u00fclt\u00fcr ve Kongre Merkezi\u2019nde | Kariyer Rehberi","description":"Y\u00f6netim ve M\u00fchendislik G\u00fcnleri(YMG) bu y\u0131l da hedefleri do\u011frultusunda 2-3 Mart 2013 ODT\u00dc K\u00fclt\u00fcr ve Kongre Merkezi\u2019nde \u201cMarkala\u015fma\u201d temas\u0131yla ger\u00e7ekle\u015fecektir.","robots":{"index":"index","follow":"follow","max-snippet":"max-snippet:-1","max-image-preview":"max-image-preview:large","max-video-preview":"max-video-preview:-1"},"canonical":"https:\/\/www.kariyer.net\/kariyer-rehberi\/yonetim-ve-muhendislik-gunleri-2-3-martta-odtu-kultur-ve-kongre-merkezinde\/","og_locale":"tr_TR","og_type":"article","og_title":"Y\u00f6netim ve M\u00fchendislik G\u00fcnleri 2-3 Mart&#039;ta ODT\u00dc K\u00fclt\u00fcr ve Kongre Merkezi\u2019nde","og_description":"Y\u00f6netim ve M\u00fchendislik G\u00fcnleri(YMG) bu y\u0131l da hedefleri do\u011frultusunda 2-3 Mart 2013 ODT\u00dc K\u00fclt\u00fcr ve Kongre Merkezi\u2019nde \u201cMarkala\u015fma\u201d temas\u0131yla","og_url":"https:\/\/www.kariyer.net\/kariyer-rehberi\/yonetim-ve-muhendislik-gunleri-2-3-martta-odtu-kultur-ve-kongre-merkezinde\/","og_site_name":"Kariyer Rehberi","article_published_time":"2013-01-01T13:06:33+00:00","article_modified_time":"2024-07-03T12:34:25+00:00","og_image":[{"url":"http:\/\/www.kariyerkampuste.com\/wp-content\/uploads\/2013\/02\/odtu-verimlilik-markalasma-.jpg","type":"","width":"","height":""}],"author":"Edit\u00f6r","twitter_card":"summary_large_image","twitter_misc":{"Yazan:":"Edit\u00f6r","Tahmini okuma s\u00fcresi":"2 dakika"},"schema":{"@context":"https:\/\/schema.org","@graph":[{"@type":"Article","@id":"https:\/\/www.kariyer.net\/kariyer-rehberi\/yonetim-ve-muhendislik-gunleri-2-3-martta-odtu-kultur-ve-kongre-merkezinde\/#article","isPartOf":{"@id":"https:\/\/www.kariyer.net\/kariyer-rehberi\/yonetim-ve-muhendislik-gunleri-2-3-martta-odtu-kultur-ve-kongre-merkezinde\/"},"author":{"name":"Edit\u00f6r","@id":"https:\/\/www.kariyer.net\/kariyer-rehberi\/#\/schema\/person\/94fd6e49c7ff1b1b2565a2cc4fd685dd"},"headline":"Y\u00f6netim ve M\u00fchendislik G\u00fcnleri 2-3 Mart&#039;ta ODT\u00dc K\u00fclt\u00fcr ve Kongre Merkezi\u2019nde","datePublished":"2013-01-01T13:06:33+00:00","dateModified":"2024-07-03T12:34:25+00:00","mainEntityOfPage":{"@id":"https:\/\/www.kariyer.net\/kariyer-rehberi\/yonetim-ve-muhendislik-gunleri-2-3-martta-odtu-kultur-ve-kongre-merkezinde\/"},"wordCount":491,"commentCount":0,"publisher":{"@id":"https:\/\/www.kariyer.net\/kariyer-rehberi\/#organization"},"image":{"@id":"https:\/\/www.kariyer.net\/kariyer-rehberi\/yonetim-ve-muhendislik-gunleri-2-3-martta-odtu-kultur-ve-kongre-merkezinde\/#primaryimage"},"thumbnailUrl":"http:\/\/www.kariyerkampuste.com\/wp-content\/uploads\/2013\/02\/odtu-verimlilik-markalasma-.jpg","articleSection":["Kariyer Geli\u015fimi","\u00dcniversite Kul\u00fcplerinden Haberler"],"inLanguage":"tr","potentialAction":[{"@type":"CommentAction","name":"Comment","target":["https:\/\/www.kariyer.net\/kariyer-rehberi\/yonetim-ve-muhendislik-gunleri-2-3-martta-odtu-kultur-ve-kongre-merkezinde\/#respond"]}]},{"@type":"WebPage","@id":"https:\/\/www.kariyer.net\/kariyer-rehberi\/yonetim-ve-muhendislik-gunleri-2-3-martta-odtu-kultur-ve-kongre-merkezinde\/","url":"https:\/\/www.kariyer.net\/kariyer-rehberi\/yonetim-ve-muhendislik-gunleri-2-3-martta-odtu-kultur-ve-kongre-merkezinde\/","name":"Y\u00f6netim ve M\u00fchendislik G\u00fcnleri 2-3 Mart'ta ODT\u00dc K\u00fclt\u00fcr ve Kongre Merkezi\u2019nde | Kariyer Rehberi","isPartOf":{"@id":"https:\/\/www.kariyer.net\/kariyer-rehberi\/#website"},"primaryImageOfPage":{"@id":"https:\/\/www.kariyer.net\/kariyer-rehberi\/yonetim-ve-muhendislik-gunleri-2-3-martta-odtu-kultur-ve-kongre-merkezinde\/#primaryimage"},"image":{"@id":"https:\/\/www.kariyer.net\/kariyer-rehberi\/yonetim-ve-muhendislik-gunleri-2-3-martta-odtu-kultur-ve-kongre-merkezinde\/#primaryimage"},"thumbnailUrl":"http:\/\/www.kariyerkampuste.com\/wp-content\/uploads\/2013\/02\/odtu-verimlilik-markalasma-.jpg","datePublished":"2013-01-01T13:06:33+00:00","dateModified":"2024-07-03T12:34:25+00:00","description":"Y\u00f6netim ve M\u00fchendislik G\u00fcnleri(YMG) bu y\u0131l da hedefleri do\u011frultusunda 2-3 Mart 2013 ODT\u00dc K\u00fclt\u00fcr ve Kongre Merkezi\u2019nde \u201cMarkala\u015fma\u201d temas\u0131yla ger\u00e7ekle\u015fecektir.","breadcrumb":{"@id":"https:\/\/www.kariyer.net\/kariyer-rehberi\/yonetim-ve-muhendislik-gunleri-2-3-martta-odtu-kultur-ve-kongre-merkezinde\/#breadcrumb"},"inLanguage":"tr","potentialAction":[{"@type":"ReadAction","target":["https:\/\/www.kariyer.net\/kariyer-rehberi\/yonetim-ve-muhendislik-gunleri-2-3-martta-odtu-kultur-ve-kongre-merkezinde\/"]}]},{"@type":"ImageObject","inLanguage":"tr","@id":"https:\/\/www.kariyer.net\/kariyer-rehberi\/yonetim-ve-muhendislik-gunleri-2-3-martta-odtu-kultur-ve-kongre-merkezinde\/#primaryimage","url":"http:\/\/www.kariyerkampuste.com\/wp-content\/uploads\/2013\/02\/odtu-verimlilik-markalasma-.jpg","contentUrl":"http:\/\/www.kariyerkampuste.com\/wp-content\/uploads\/2013\/02\/odtu-verimlilik-markalasma-.jpg"},{"@type":"BreadcrumbList","@id":"https:\/\/www.kariyer.net\/kariyer-rehberi\/yonetim-ve-muhendislik-gunleri-2-3-martta-odtu-kultur-ve-kongre-merkezinde\/#breadcrumb","itemListElement":[{"@type":"ListItem","position":1,"name":"Anasayfa","item":"https:\/\/www.kariyer.net\/kariyer-rehberi\/"},{"@type":"ListItem","position":2,"name":"Y\u00f6netim ve M\u00fchendislik G\u00fcnleri 2-3 Mart&#039;ta ODT\u00dc K\u00fclt\u00fcr ve Kongre Merkezi\u2019nde"}]},{"@type":"WebSite","@id":"https:\/\/www.kariyer.net\/kariyer-rehberi\/#website","url":"https:\/\/www.kariyer.net\/kariyer-rehberi\/","name":"Kariyer Rehberi","description":"\u0130\u015f D\u00fcnyas\u0131yla \u0130lgili Bilmek \u0130stedi\u011finiz Her \u015eey","publisher":{"@id":"https:\/\/www.kariyer.net\/kariyer-rehberi\/#organization"},"potentialAction":[{"@type":"SearchAction","target":{"@type":"EntryPoint","urlTemplate":"https:\/\/www.kariyer.net\/kariyer-rehberi\/?s={search_term_string}"},"query-input":{"@type":"PropertyValueSpecification","valueRequired":true,"valueName":"search_term_string"}}],"inLanguage":"tr"},{"@type":"Organization","@id":"https:\/\/www.kariyer.net\/kariyer-rehberi\/#organization","name":"Kariyer.net","url":"https:\/\/www.kariyer.net\/kariyer-rehberi\/","logo":{"@type":"ImageObject","inLanguage":"tr","@id":"https:\/\/www.kariyer.net\/kariyer-rehberi\/#\/schema\/logo\/image\/","url":"https:\/\/www.kariyer.net\/kariyer-rehberi-new\/wp-content\/uploads\/2023\/01\/og-image11.jpg","contentUrl":"https:\/\/www.kariyer.net\/kariyer-rehberi-new\/wp-content\/uploads\/2023\/01\/og-image11.jpg","width":800,"height":800,"caption":"Kariyer.net"},"image":{"@id":"https:\/\/www.kariyer.net\/kariyer-rehberi\/#\/schema\/logo\/image\/"}},{"@type":"Person","@id":"https:\/\/www.kariyer.net\/kariyer-rehberi\/#\/schema\/person\/94fd6e49c7ff1b1b2565a2cc4fd685dd","name":"Edit\u00f6r","image":{"@type":"ImageObject","inLanguage":"tr","@id":"https:\/\/www.kariyer.net\/kariyer-rehberi\/#\/schema\/person\/image\/","url":"https:\/\/secure.gravatar.com\/avatar\/0c4fe6688343aed3693b15573beae12c08ace5565409d5ab7509bf9c115f458d?s=96&d=mm&r=g","contentUrl":"https:\/\/secure.gravatar.com\/avatar\/0c4fe6688343aed3693b15573beae12c08ace5565409d5ab7509bf9c115f458d?s=96&d=mm&r=g","caption":"Edit\u00f6r"},"url":"https:\/\/www.kariyer.net\/kariyer-rehberi\/author\/editor\/"}]}},"_links":{"self":[{"href":"https:\/\/www.kariyer.net\/kariyer-rehberi\/wp-json\/wp\/v2\/posts\/9574","targetHints":{"allow":["GET"]}}],"collection":[{"href":"https:\/\/www.kariyer.net\/kariyer-rehberi\/wp-json\/wp\/v2\/posts"}],"about":[{"href":"https:\/\/www.kariyer.net\/kariyer-rehberi\/wp-json\/wp\/v2\/types\/post"}],"author":[{"embeddable":true,"href":"https:\/\/www.kariyer.net\/kariyer-rehberi\/wp-json\/wp\/v2\/users\/12"}],"replies":[{"embeddable":true,"href":"https:\/\/www.kariyer.net\/kariyer-rehberi\/wp-json\/wp\/v2\/comments?post=9574"}],"version-history":[{"count":1,"href":"https:\/\/www.kariyer.net\/kariyer-rehberi\/wp-json\/wp\/v2\/posts\/9574\/revisions"}],"predecessor-version":[{"id":19797,"href":"https:\/\/www.kariyer.net\/kariyer-rehberi\/wp-json\/wp\/v2\/posts\/9574\/revisions\/19797"}],"wp:attachment":[{"href":"https:\/\/www.kariyer.net\/kariyer-rehberi\/wp-json\/wp\/v2\/media?parent=9574"}],"wp:term":[{"taxonomy":"category","embeddable":true,"href":"https:\/\/www.kariyer.net\/kariyer-rehberi\/wp-json\/wp\/v2\/categories?post=9574"},{"taxonomy":"post_tag","embeddable":true,"href":"https:\/\/www.kariyer.net\/kariyer-rehberi\/wp-json\/wp\/v2\/tags?post=9574"}],"curies":[{"name":"wp","href":"https:\/\/api.w.org\/{rel}","templated":true}]}}