{"id":9575,"date":"2013-02-23T13:53:24","date_gmt":"2013-02-23T11:53:24","guid":{"rendered":"http:\/\/www.kariyerkampuste.com\/?p=1144"},"modified":"2024-07-03T15:32:33","modified_gmt":"2024-07-03T12:32:33","slug":"14-yonetim-bilimleri-kongresi-itude","status":"publish","type":"post","link":"https:\/\/www.kariyer.net\/kariyer-rehberi\/14-yonetim-bilimleri-kongresi-itude\/","title":{"rendered":"14. Y\u00f6netim Bilimleri Kongresi \u0130T\u00dc\u2019de!"},"content":{"rendered":"<p>&nbsp;<\/p>\n<p><b><a href=\"http:\/\/www.kariyerkampuste.com\/14-yonetim-bilimleri-kongresi-itude\/\"><img fetchpriority=\"high\" decoding=\"async\" class=\"wp-image-1145 alignleft\" alt=\"itu ybk\" src=\"http:\/\/www.kariyerkampuste.com\/wp-content\/uploads\/2013\/02\/itu-ybk.png\" width=\"349\" height=\"249\" \/><\/a>13 y\u0131ld\u0131r ba\u015far\u0131yla ger\u00e7ekle\u015ftirilen ve \u00f6nemini her y\u0131l art\u0131ran Y\u00f6netim Bilimleri Kongresi(YBK)\u2019nin 14.\u2019s\u00fc, 14-16 Mart 2013 <\/b><b>tarihlerinde \u0130T\u00dc Ma\u00e7ka Yerle\u015fkesi\u2019nde ger\u00e7ekle\u015ftirilecek.<\/b><b><\/b><\/p>\n<p>T\u00fcrkiye\u2019nin en aktif \u00f6\u011frenci kul\u00fcplerinden \u0130T\u00dc \u0130\u015fletme M\u00fchendisli\u011fi Kul\u00fcb\u00fc taraf\u0131ndan, her y\u0131l ortalama 1000 ki\u015finin kat\u0131l\u0131m\u0131yla d\u00fczenlenen kongre; a\u00e7\u0131l\u0131\u015f gecesi, paneller, seminerler, kariyer(fuar) alan\u0131 ve Sanal \u0130\u015fletme Oyunu \u00f6d\u00fcl t\u00f6reni olmak \u00fczere 5 ana b\u00f6l\u00fcmden olu\u015fmaktad\u0131r.<!--more--><\/p>\n<p>Pazarlama, finans ve \u00fcretim-teknoloji hakk\u0131ndaki g\u00fcncel konular\u0131n g\u00fcn g\u00fcn ele al\u0131naca\u011f\u0131 kongre, 9 panel ve 9 seminer ile kat\u0131l\u0131mc\u0131lar\u0131n kar\u015f\u0131s\u0131na \u00e7\u0131kacak. Ge\u00e7ti\u011fimiz y\u0131llarda oldu\u011fu gibi bu y\u0131l da sekt\u00f6r\u00fcn\u00fcn \u00f6nde gelen isimleri, Y\u00f6netim Bilimleri Kongresi\u2019nde bilgi ve birikimlerini kat\u0131l\u0131mc\u0131lara aktaracak. Bu seneki konu\u015fmac\u0131lar aras\u0131nda; Bersay \u0130leti\u015fim Grubu Y\u00f6netim Kurulu Onursal Ba\u015fkan\u0131 <b>Ali Saydam<\/b>, Lidyana.com Kurucusu ve CEO\u2019su <b>Hakan Ba\u015f<\/b>, \u0130MKB Ba\u015fkan\u0131 <b>Dr. M. \u0130brahim Turhan<\/b>, Kopa\u015f A.\u015e. Tedarik Zinciri M\u00fcd\u00fcr\u00fc ve yazar <b>Hakan Okay<\/b>, D\u00fcnya Bilardo eski \u015eampiyonu <b>Semih Sayg\u0131ner<\/b> gibi isimler yer al\u0131yor.<\/p>\n<p>Ayr\u0131ca; 13 Mart 2013 ak\u015fam\u0131 \u0130T\u00dc Ma\u00e7ka Kamp\u00fcs\u00fc Mustafa Kemal Amfisi\u2019nde d\u00fczenlenecek olan 14. YBK a\u00e7\u0131l\u0131\u015f gecesi kapsam\u0131nda d\u00fczenlenecek olan konserde, <b>Yeni T\u00fcrk\u00fc<\/b> grubu sevilen \u015fark\u0131lar\u0131yla geceye renk katacak.<\/p>\n<p>Ayr\u0131nt\u0131l\u0131 bilgi i\u00e7in: <a href=\"http:\/\/ybk.org.tr\/\">www.ybk.org.tr<\/a><\/p>\n<p>&nbsp;<\/p>\n<p>Sponsorluk ve kat\u0131l\u0131m hakk\u0131nda sorular\u0131n\u0131z i\u00e7in: <a href=\"info@ybk.org.tr\">info@ybk.org.tr<\/a> | 0212 296 25 97<\/p>\n<p>&nbsp;<\/p>\n<!-- templates\/buttons-placeholder.php -->\n<div class=\"da-reactions-outer TpostID9575\">\n\t    <div class=\"da-reactions-data da-reactions-container-async center\"\n         data-type=\"post\"\n         data-id=\"9575\"\n         id=\"da-reactions-slot-post-9575\">\n        <div class=\"da-reactions-static\">\n\t\t\t<img src=\"https:\/\/www.kariyer.net\/kariyer-rehberi\/wp-content\/plugins\/da-reactions\/assets\/dist\/loading.svg\" alt=\"Loading spinner\" width=\"48\" height=\"48\" style=\"width:48px\" \/>\n        <\/div>\n    <\/div>\n<\/div>\n","protected":false},"excerpt":{"rendered":"<p>&nbsp; 13 y\u0131ld\u0131r ba\u015far\u0131yla ger\u00e7ekle\u015ftirilen ve \u00f6nemini her y\u0131l art\u0131ran Y\u00f6netim Bilimleri Kongresi(YBK)\u2019nin 14.\u2019s\u00fc, 14-16 Mart 2013 tarihlerinde \u0130T\u00dc Ma\u00e7ka Yerle\u015fkesi\u2019nde ger\u00e7ekle\u015ftirilecek. T\u00fcrkiye\u2019nin en aktif \u00f6\u011frenci kul\u00fcplerinden \u0130T\u00dc \u0130\u015fletme M\u00fchendisli\u011fi Kul\u00fcb\u00fc taraf\u0131ndan, her y\u0131l ortalama 1000 ki\u015finin kat\u0131l\u0131m\u0131yla d\u00fczenlenen kongre; a\u00e7\u0131l\u0131\u015f gecesi, paneller, seminerler, kariyer(fuar) alan\u0131 ve Sanal \u0130\u015fletme Oyunu \u00f6d\u00fcl t\u00f6reni olmak \u00fczere 5 [&hellip;]<\/p>\n<!-- templates\/buttons-placeholder.php -->\n<div class=\"da-reactions-outer TpostID9575\">\n\t    <div class=\"da-reactions-data da-reactions-container-async center\"\n         data-type=\"post\"\n         data-id=\"9575\"\n         id=\"da-reactions-slot-post-9575\">\n        <div class=\"da-reactions-static\">\n\t\t\t<img src=\"https:\/\/www.kariyer.net\/kariyer-rehberi\/wp-content\/plugins\/da-reactions\/assets\/dist\/loading.svg\" alt=\"Loading spinner\" width=\"48\" height=\"48\" style=\"width:48px\" \/>\n        <\/div>\n    <\/div>\n<\/div>\n","protected":false},"author":12,"featured_media":0,"comment_status":"open","ping_status":"open","sticky":false,"template":"","format":"standard","meta":{"footnotes":"","_elementor_edit_mode":"","_elementor_template_type":"","_elementor_data":"","_elementor_page_settings":null,"_elementor_conditions":[]},"categories":[2211,164],"tags":[],"class_list":{"0":"post-9575","1":"post","2":"type-post","3":"status-publish","4":"format-standard","6":"category-kariyer-gelisimi","7":"category-universite-kuluplerinden-haberler"},"yoast_head":"<!-- This site is optimized with the Yoast SEO Premium plugin v21.4 (Yoast SEO v27.0) - https:\/\/yoast.com\/product\/yoast-seo-premium-wordpress\/ -->\n<title>14. Y\u00f6netim Bilimleri Kongresi \u0130T\u00dc\u2019de! | Kariyer Rehberi<\/title>\n<meta name=\"description\" content=\"&nbsp; 13 y\u0131ld\u0131r ba\u015far\u0131yla ger\u00e7ekle\u015ftirilen ve \u00f6nemini her y\u0131l art\u0131ran Y\u00f6netim Bilimleri Kongresi(YBK)\u2019nin 14.\u2019s\u00fc, 14-16 Mart 2013 tarihlerinde \u0130T\u00dc Ma\u00e7ka\" \/>\n<meta name=\"robots\" content=\"index, follow, max-snippet:-1, max-image-preview:large, max-video-preview:-1\" \/>\n<link rel=\"canonical\" href=\"https:\/\/www.kariyer.net\/kariyer-rehberi\/14-yonetim-bilimleri-kongresi-itude\/\" \/>\n<meta property=\"og:locale\" content=\"tr_TR\" \/>\n<meta property=\"og:type\" content=\"article\" \/>\n<meta property=\"og:title\" content=\"14. Y\u00f6netim Bilimleri Kongresi \u0130T\u00dc\u2019de!\" \/>\n<meta property=\"og:description\" content=\"&nbsp; 13 y\u0131ld\u0131r ba\u015far\u0131yla ger\u00e7ekle\u015ftirilen ve \u00f6nemini her y\u0131l art\u0131ran Y\u00f6netim Bilimleri Kongresi(YBK)\u2019nin 14.\u2019s\u00fc, 14-16 Mart 2013 tarihlerinde \u0130T\u00dc Ma\u00e7ka\" \/>\n<meta property=\"og:url\" content=\"https:\/\/www.kariyer.net\/kariyer-rehberi\/14-yonetim-bilimleri-kongresi-itude\/\" \/>\n<meta property=\"og:site_name\" content=\"Kariyer Rehberi\" \/>\n<meta property=\"article:published_time\" content=\"2013-02-23T11:53:24+00:00\" \/>\n<meta property=\"article:modified_time\" content=\"2024-07-03T12:32:33+00:00\" \/>\n<meta property=\"og:image\" content=\"http:\/\/www.kariyerkampuste.com\/wp-content\/uploads\/2013\/02\/itu-ybk.png\" \/>\n<meta name=\"author\" content=\"Edit\u00f6r\" \/>\n<meta name=\"twitter:card\" content=\"summary_large_image\" \/>\n<meta name=\"twitter:label1\" content=\"Yazan:\" \/>\n\t<meta name=\"twitter:data1\" content=\"Edit\u00f6r\" \/>\n\t<meta name=\"twitter:label2\" content=\"Tahmini okuma s\u00fcresi\" \/>\n\t<meta name=\"twitter:data2\" content=\"1 dakika\" \/>\n<!-- \/ Yoast SEO Premium plugin. -->","yoast_head_json":{"title":"14. Y\u00f6netim Bilimleri Kongresi \u0130T\u00dc\u2019de! | Kariyer Rehberi","description":"&nbsp; 13 y\u0131ld\u0131r ba\u015far\u0131yla ger\u00e7ekle\u015ftirilen ve \u00f6nemini her y\u0131l art\u0131ran Y\u00f6netim Bilimleri Kongresi(YBK)\u2019nin 14.\u2019s\u00fc, 14-16 Mart 2013 tarihlerinde \u0130T\u00dc Ma\u00e7ka","robots":{"index":"index","follow":"follow","max-snippet":"max-snippet:-1","max-image-preview":"max-image-preview:large","max-video-preview":"max-video-preview:-1"},"canonical":"https:\/\/www.kariyer.net\/kariyer-rehberi\/14-yonetim-bilimleri-kongresi-itude\/","og_locale":"tr_TR","og_type":"article","og_title":"14. Y\u00f6netim Bilimleri Kongresi \u0130T\u00dc\u2019de!","og_description":"&nbsp; 13 y\u0131ld\u0131r ba\u015far\u0131yla ger\u00e7ekle\u015ftirilen ve \u00f6nemini her y\u0131l art\u0131ran Y\u00f6netim Bilimleri Kongresi(YBK)\u2019nin 14.\u2019s\u00fc, 14-16 Mart 2013 tarihlerinde \u0130T\u00dc Ma\u00e7ka","og_url":"https:\/\/www.kariyer.net\/kariyer-rehberi\/14-yonetim-bilimleri-kongresi-itude\/","og_site_name":"Kariyer Rehberi","article_published_time":"2013-02-23T11:53:24+00:00","article_modified_time":"2024-07-03T12:32:33+00:00","og_image":[{"url":"http:\/\/www.kariyerkampuste.com\/wp-content\/uploads\/2013\/02\/itu-ybk.png","type":"","width":"","height":""}],"author":"Edit\u00f6r","twitter_card":"summary_large_image","twitter_misc":{"Yazan:":"Edit\u00f6r","Tahmini okuma s\u00fcresi":"1 dakika"},"schema":{"@context":"https:\/\/schema.org","@graph":[{"@type":"Article","@id":"https:\/\/www.kariyer.net\/kariyer-rehberi\/14-yonetim-bilimleri-kongresi-itude\/#article","isPartOf":{"@id":"https:\/\/www.kariyer.net\/kariyer-rehberi\/14-yonetim-bilimleri-kongresi-itude\/"},"author":{"name":"Edit\u00f6r","@id":"https:\/\/www.kariyer.net\/kariyer-rehberi\/#\/schema\/person\/94fd6e49c7ff1b1b2565a2cc4fd685dd"},"headline":"14. Y\u00f6netim Bilimleri Kongresi \u0130T\u00dc\u2019de!","datePublished":"2013-02-23T11:53:24+00:00","dateModified":"2024-07-03T12:32:33+00:00","mainEntityOfPage":{"@id":"https:\/\/www.kariyer.net\/kariyer-rehberi\/14-yonetim-bilimleri-kongresi-itude\/"},"wordCount":284,"commentCount":0,"publisher":{"@id":"https:\/\/www.kariyer.net\/kariyer-rehberi\/#organization"},"image":{"@id":"https:\/\/www.kariyer.net\/kariyer-rehberi\/14-yonetim-bilimleri-kongresi-itude\/#primaryimage"},"thumbnailUrl":"http:\/\/www.kariyerkampuste.com\/wp-content\/uploads\/2013\/02\/itu-ybk.png","articleSection":["Kariyer Geli\u015fimi","\u00dcniversite Kul\u00fcplerinden Haberler"],"inLanguage":"tr","potentialAction":[{"@type":"CommentAction","name":"Comment","target":["https:\/\/www.kariyer.net\/kariyer-rehberi\/14-yonetim-bilimleri-kongresi-itude\/#respond"]}]},{"@type":"WebPage","@id":"https:\/\/www.kariyer.net\/kariyer-rehberi\/14-yonetim-bilimleri-kongresi-itude\/","url":"https:\/\/www.kariyer.net\/kariyer-rehberi\/14-yonetim-bilimleri-kongresi-itude\/","name":"14. Y\u00f6netim Bilimleri Kongresi \u0130T\u00dc\u2019de! | Kariyer Rehberi","isPartOf":{"@id":"https:\/\/www.kariyer.net\/kariyer-rehberi\/#website"},"primaryImageOfPage":{"@id":"https:\/\/www.kariyer.net\/kariyer-rehberi\/14-yonetim-bilimleri-kongresi-itude\/#primaryimage"},"image":{"@id":"https:\/\/www.kariyer.net\/kariyer-rehberi\/14-yonetim-bilimleri-kongresi-itude\/#primaryimage"},"thumbnailUrl":"http:\/\/www.kariyerkampuste.com\/wp-content\/uploads\/2013\/02\/itu-ybk.png","datePublished":"2013-02-23T11:53:24+00:00","dateModified":"2024-07-03T12:32:33+00:00","description":"&nbsp; 13 y\u0131ld\u0131r ba\u015far\u0131yla ger\u00e7ekle\u015ftirilen ve \u00f6nemini her y\u0131l art\u0131ran Y\u00f6netim Bilimleri Kongresi(YBK)\u2019nin 14.\u2019s\u00fc, 14-16 Mart 2013 tarihlerinde \u0130T\u00dc Ma\u00e7ka","breadcrumb":{"@id":"https:\/\/www.kariyer.net\/kariyer-rehberi\/14-yonetim-bilimleri-kongresi-itude\/#breadcrumb"},"inLanguage":"tr","potentialAction":[{"@type":"ReadAction","target":["https:\/\/www.kariyer.net\/kariyer-rehberi\/14-yonetim-bilimleri-kongresi-itude\/"]}]},{"@type":"ImageObject","inLanguage":"tr","@id":"https:\/\/www.kariyer.net\/kariyer-rehberi\/14-yonetim-bilimleri-kongresi-itude\/#primaryimage","url":"http:\/\/www.kariyerkampuste.com\/wp-content\/uploads\/2013\/02\/itu-ybk.png","contentUrl":"http:\/\/www.kariyerkampuste.com\/wp-content\/uploads\/2013\/02\/itu-ybk.png"},{"@type":"BreadcrumbList","@id":"https:\/\/www.kariyer.net\/kariyer-rehberi\/14-yonetim-bilimleri-kongresi-itude\/#breadcrumb","itemListElement":[{"@type":"ListItem","position":1,"name":"Anasayfa","item":"https:\/\/www.kariyer.net\/kariyer-rehberi\/"},{"@type":"ListItem","position":2,"name":"14. Y\u00f6netim Bilimleri Kongresi \u0130T\u00dc\u2019de!"}]},{"@type":"WebSite","@id":"https:\/\/www.kariyer.net\/kariyer-rehberi\/#website","url":"https:\/\/www.kariyer.net\/kariyer-rehberi\/","name":"Kariyer Rehberi","description":"\u0130\u015f D\u00fcnyas\u0131yla \u0130lgili Bilmek \u0130stedi\u011finiz Her \u015eey","publisher":{"@id":"https:\/\/www.kariyer.net\/kariyer-rehberi\/#organization"},"potentialAction":[{"@type":"SearchAction","target":{"@type":"EntryPoint","urlTemplate":"https:\/\/www.kariyer.net\/kariyer-rehberi\/?s={search_term_string}"},"query-input":{"@type":"PropertyValueSpecification","valueRequired":true,"valueName":"search_term_string"}}],"inLanguage":"tr"},{"@type":"Organization","@id":"https:\/\/www.kariyer.net\/kariyer-rehberi\/#organization","name":"Kariyer.net","url":"https:\/\/www.kariyer.net\/kariyer-rehberi\/","logo":{"@type":"ImageObject","inLanguage":"tr","@id":"https:\/\/www.kariyer.net\/kariyer-rehberi\/#\/schema\/logo\/image\/","url":"https:\/\/www.kariyer.net\/kariyer-rehberi-new\/wp-content\/uploads\/2023\/01\/og-image11.jpg","contentUrl":"https:\/\/www.kariyer.net\/kariyer-rehberi-new\/wp-content\/uploads\/2023\/01\/og-image11.jpg","width":800,"height":800,"caption":"Kariyer.net"},"image":{"@id":"https:\/\/www.kariyer.net\/kariyer-rehberi\/#\/schema\/logo\/image\/"}},{"@type":"Person","@id":"https:\/\/www.kariyer.net\/kariyer-rehberi\/#\/schema\/person\/94fd6e49c7ff1b1b2565a2cc4fd685dd","name":"Edit\u00f6r","image":{"@type":"ImageObject","inLanguage":"tr","@id":"https:\/\/www.kariyer.net\/kariyer-rehberi\/#\/schema\/person\/image\/","url":"https:\/\/secure.gravatar.com\/avatar\/0c4fe6688343aed3693b15573beae12c08ace5565409d5ab7509bf9c115f458d?s=96&d=mm&r=g","contentUrl":"https:\/\/secure.gravatar.com\/avatar\/0c4fe6688343aed3693b15573beae12c08ace5565409d5ab7509bf9c115f458d?s=96&d=mm&r=g","caption":"Edit\u00f6r"},"url":"https:\/\/www.kariyer.net\/kariyer-rehberi\/author\/editor\/"}]}},"_links":{"self":[{"href":"https:\/\/www.kariyer.net\/kariyer-rehberi\/wp-json\/wp\/v2\/posts\/9575","targetHints":{"allow":["GET"]}}],"collection":[{"href":"https:\/\/www.kariyer.net\/kariyer-rehberi\/wp-json\/wp\/v2\/posts"}],"about":[{"href":"https:\/\/www.kariyer.net\/kariyer-rehberi\/wp-json\/wp\/v2\/types\/post"}],"author":[{"embeddable":true,"href":"https:\/\/www.kariyer.net\/kariyer-rehberi\/wp-json\/wp\/v2\/users\/12"}],"replies":[{"embeddable":true,"href":"https:\/\/www.kariyer.net\/kariyer-rehberi\/wp-json\/wp\/v2\/comments?post=9575"}],"version-history":[{"count":1,"href":"https:\/\/www.kariyer.net\/kariyer-rehberi\/wp-json\/wp\/v2\/posts\/9575\/revisions"}],"predecessor-version":[{"id":19705,"href":"https:\/\/www.kariyer.net\/kariyer-rehberi\/wp-json\/wp\/v2\/posts\/9575\/revisions\/19705"}],"wp:attachment":[{"href":"https:\/\/www.kariyer.net\/kariyer-rehberi\/wp-json\/wp\/v2\/media?parent=9575"}],"wp:term":[{"taxonomy":"category","embeddable":true,"href":"https:\/\/www.kariyer.net\/kariyer-rehberi\/wp-json\/wp\/v2\/categories?post=9575"},{"taxonomy":"post_tag","embeddable":true,"href":"https:\/\/www.kariyer.net\/kariyer-rehberi\/wp-json\/wp\/v2\/tags?post=9575"}],"curies":[{"name":"wp","href":"https:\/\/api.w.org\/{rel}","templated":true}]}}