{"id":9579,"date":"2013-01-01T16:00:20","date_gmt":"2013-01-01T14:00:20","guid":{"rendered":"http:\/\/www.kariyerkampuste.com\/?p=1194"},"modified":"2024-07-03T15:34:00","modified_gmt":"2024-07-03T12:34:00","slug":"insan-kaynaklari-faaliyetlerine-yon-verenler-zirvesi","status":"publish","type":"post","link":"https:\/\/www.kariyer.net\/kariyer-rehberi\/insan-kaynaklari-faaliyetlerine-yon-verenler-zirvesi\/","title":{"rendered":"\u0130nsan Kaynaklar\u0131 Faaliyetlerine Y\u00f6n Verenler Zirvesi"},"content":{"rendered":"<p><a href=\"http:\/\/www.kariyerkampuste.com\/wp-content\/uploads\/2013\/03\/ikfyvz.k.jpg\"><img fetchpriority=\"high\" decoding=\"async\" class=\" wp-image-1195 alignright\" alt=\"ikfyvz.k\" src=\"http:\/\/www.kariyerkampuste.com\/wp-content\/uploads\/2013\/03\/ikfyvz.k.jpg\" width=\"346\" height=\"244\" \/><\/a>Bu y\u0131l \u0130nsan Kaynaklar\u0131 Faaliyetlerine Y\u00f6n Verenler Zirvesi \u00a0<b>12<\/b>&#8211;<b>13 Mart 2013\u00a0<\/b>tarihlerinde\u00a0<b>Marmara \u00dcniversitesi Haydarpa\u015fa Kamp\u00fcs\u00fc Re\u015fat Kaynar Konferans salonun da 14-15 Mart 2013 tarihin de ise\u00a0Marmara \u00dcniversitesi G\u00f6ztepe Kamp\u00fcs\u00fc Dr. \u0130brahim \u00dcz\u00fcmc\u00fc K\u00fclt\u00fcr Merkezi<\/b>\u2019nde\u00a0ger\u00e7ekle\u015ftirilecek.<\/p>\n<p><strong>\u0130nsan Kaynaklar\u0131 Faaliyetlerine Y\u00f6n Verenler Zirvesi<\/strong>\u00a0di\u011fer kariyer g\u00fcnleri organizasyonlar\u0131ndan farkl\u0131la\u015farak k\u0131sa s\u00fcrede geni\u015f bir kitleye hitap etmeyi ba\u015farm\u0131\u015ft\u0131r. Zirvede ama\u00e7; sekt\u00f6r\u00fcn devleri ile \u00f6\u011frencileri bir araya getirerek, \u00f6\u011frencilere konu\u015fmac\u0131lar\u0131n tecr\u00fcbelerini ve kariyer yolculuklar\u0131n\u0131 dinleme f\u0131rsat\u0131 vermek ve \u00f6\u011frencilerin kendilerini bekleyen kariyer alternatifleri hakk\u0131nda bilgi almalar\u0131n\u0131 sa\u011flamakt\u0131r. Ad\u0131n\u0131n aksine sadece insan kaynaklar\u0131 departman\u0131na y\u00f6nelik de\u011fil, firmalardaki en temel departmanlardan birisi olan insan kaynaklar\u0131 departman\u0131n\u0131 baz alarak farkl\u0131 departmanlardan kat\u0131l\u0131mc\u0131lara da yer vererek daha \u00e7ok kat\u0131l\u0131mc\u0131ya ula\u015fmak hedeflenmi\u015ftir.<!--more--><\/p>\n<p><span style=\"text-decoration: underline;\"><strong>Etkinlik Program\u0131:<\/strong><\/span><\/p>\n<p><strong>12 Mart 2013 Sal\u0131<\/strong><\/p>\n<p>09:30 &#8211; 10: 00 MieS Y\u00f6netim Kurulu Ba\u015fkan\u0131&amp;Eczac\u0131l\u0131k Fak\u00fcltesi Dekan\u0131<\/p>\n<p>10:00 &#8211; 11:00 Marmara \u00dcniversitesi \u0130\u015fletme Fak\u00fcltesi \u00d6\u011fretim \u00dcyesi &#8211; Refika Bako\u011flu<\/p>\n<p>11:15 &#8211; 12:15 Santa Farma \u0130la\u00e7 Kurulsal \u0130li\u015fkiler Direkt\u00f6r\u00fc &#8211; Buket Aksu<\/p>\n<p>13:30 &#8211; 14:00 Ac\u0131badem Sa\u011fl\u0131k Grubu Eczac\u0131l\u0131k Hizmetler M\u00fcd\u00fcr\u00fc &#8211; Aylin Altanlar<\/p>\n<p>14:00 &#8211; 14:30 Academic Hospital Vakf\u0131 \u0130\u015fletme M\u00fcd\u00fcr\u00fc &#8211; Behl\u00fcl \u00dcnver<\/p>\n<p>15:00 &#8211; 17:00 Panel &#8211; Ulusal End\u00fcstri mi? Global End\u00fcstri mi?<\/p>\n<p>\u0130.\u00dc. Eczac\u0131l\u0131k Fak\u00fcltesi Dekan\u0131 &#8211; Ahmet Araman<\/p>\n<p>T\u00fcrkiye \u0130la\u00e7 Sanayiciler Derne\u011fi Ba\u015fkan\u0131 &#8211; Cengiz Celayir<\/p>\n<p>Ara\u015ft\u0131rmac\u0131 \u0130la\u00e7 Firmalar\u0131 Derne\u011fi Ba\u015fkan\u0131 &#8211; G\u00fcldem Berkman<\/p>\n<p>\u0130la\u00e7 End\u00fcstrisi \u0130\u015fverenler Sendikas\u0131 Ba\u015fkan\u0131 &#8211; Nezih Barut<\/p>\n<p>Eczane Eczac\u0131s\u0131 &#8211; Nihal Esin G\u00fcrsoy<\/p>\n<p>Kamu Eczac\u0131s\u0131 &#8211; Hakk\u0131 \u00d6z\u00e7eltik<\/p>\n<p>&nbsp;<\/p>\n<p><strong>13 Mart 2013 \u00c7ar\u015famba<\/strong><\/p>\n<p>10:00 &#8211; 12:30 MSN Farma &#8211; Galip \u00d6r\u00e7\u00fcn<\/p>\n<p>13:30 &#8211; 14:15 MedicalPark Eczane Mesul M\u00fcd\u00fcr\u00fc &#8211; \u00dcmit Yaz\u0131r<\/p>\n<p>14:15 &#8211; 15:00 AstraZeneca \u0130la\u00e7 Farmaekonomi M\u00fcd\u00fcr\u00fc &#8211; Deniz G\u00fcranl\u0131o\u011flu<\/p>\n<p>15:15 &#8211; 16:00 Novartis E\u011fitim Grup M\u00fcd\u00fcr\u00fc &#8211; \u00c7a\u011flayan Akta\u015f<\/p>\n<p>&nbsp;<\/p>\n<p><strong>14 Mart 2013 Per\u015fembe<\/strong><\/p>\n<p>10:00 &#8211; 12:00 Kariyer.net &#8211; Etkili \u00d6zge\u00e7mi\u015f Olu\u015fturma ve M\u00fclakat<\/p>\n<p>12:30 &#8211; 14:00 Garanti Bankas\u0131 \u0130\u015fe al\u0131m Y\u00f6netmeni G\u00f6rkem K\u0131ran Dumlu<\/p>\n<p>14:30 &#8211; 15:30 Microsoft Genel M\u00fcd\u00fcr Yard\u0131mc\u0131s\u0131 &#8211; Cavit Yanta\u00e7<\/p>\n<p>16:00 &#8211; 17:00 Uluslararas\u0131 Amerikan Dil Akademisi<\/p>\n<p>&nbsp;<\/p>\n<p><strong>15 Mart 2013 Cuma<\/strong><\/p>\n<p>11:00 &#8211; 12:00 Adidas Grup \u0130nsan Kaynaklar\u0131 M\u00fcd\u00fcr\u00fc Gizem Erkut<\/p>\n<p>12:30 &#8211; 13:30 BSH Ev Aletleri \u0130nsan Kaynaklar\u0131 M\u00fcd\u00fcr\u00fc Ahmet Aksoy<\/p>\n<p>14:00 &#8211; 16:00 Panel &#8211; Ba\u015far\u0131 Hikayeleri<\/p>\n<p>Kariyer.net Genel M\u00fcd\u00fcr\u00fc Yusuf Azoz<\/p>\n<p>Mey Genel M\u00fcd\u00fcr\u00fc Galip Yorganc\u0131o\u011flu<\/p>\n<p>Roche Genel M\u00fcd\u00fcr\u00fc S\u00fcha Ta\u015fpolato\u011flu<\/p>\n<p>16:30 &#8211; 17:30 Google T\u00fcrkiye Pazarlama M\u00fcd\u00fcr\u00fc &#8211; Mustafa \u0130\u00e7il<\/p>\n<p>&nbsp;<\/p>\n<p><em>12-13 Mart&#8217;taki program Marmara \u00dcniversitesi Haydarpa\u015fa Kamp\u00fcs\u00fc &#8211; Re\u015fat Kaynar Konferans Salonu&#8217;nda yap\u0131lacakt\u0131r.<\/em><\/p>\n<p><em>14-15 Mart&#8217;taki program\u00a0\u00a0Marmara \u00dcniversitesi G\u00f6ztepe Kamp\u00fcs\u00fc &#8211; Dr \u0130brahim \u00dcz\u00fcmc\u00fc Konferans Salonu&#8217;nda yap\u0131lacakt\u0131r.<\/em><\/p>\n<p>&nbsp;<\/p>\n<p>&nbsp;<\/p>\n<p>Detayl\u0131 bilgi ve kat\u0131l\u0131m i\u00e7in: <a title=\"www.mies.net\" href=\"www.mies.net\">www.mies.net<\/a><\/p>\n<p>&nbsp;<\/p>\n<!-- templates\/buttons-placeholder.php -->\n<div class=\"da-reactions-outer TpostID9579\">\n\t    <div class=\"da-reactions-data da-reactions-container-async center\"\n         data-type=\"post\"\n         data-id=\"9579\"\n         id=\"da-reactions-slot-post-9579\">\n        <div class=\"da-reactions-static\">\n\t\t\t<img src=\"https:\/\/www.kariyer.net\/kariyer-rehberi\/wp-content\/plugins\/da-reactions\/assets\/dist\/loading.svg\" alt=\"Loading spinner\" width=\"48\" height=\"48\" style=\"width:48px\" \/>\n        <\/div>\n    <\/div>\n<\/div>\n","protected":false},"excerpt":{"rendered":"<p>Bu y\u0131l \u0130nsan Kaynaklar\u0131 Faaliyetlerine Y\u00f6n Verenler Zirvesi \u00a012&#8211;13 Mart 2013\u00a0tarihlerinde\u00a0Marmara \u00dcniversitesi Haydarpa\u015fa Kamp\u00fcs\u00fc Re\u015fat Kaynar Konferans salonun da 14-15 Mart 2013 tarihin de ise\u00a0Marmara \u00dcniversitesi G\u00f6ztepe Kamp\u00fcs\u00fc Dr. \u0130brahim \u00dcz\u00fcmc\u00fc K\u00fclt\u00fcr Merkezi\u2019nde\u00a0ger\u00e7ekle\u015ftirilecek. \u0130nsan Kaynaklar\u0131 Faaliyetlerine Y\u00f6n Verenler Zirvesi\u00a0di\u011fer kariyer g\u00fcnleri organizasyonlar\u0131ndan farkl\u0131la\u015farak k\u0131sa s\u00fcrede geni\u015f bir kitleye hitap etmeyi ba\u015farm\u0131\u015ft\u0131r. Zirvede ama\u00e7; sekt\u00f6r\u00fcn devleri [&hellip;]<\/p>\n<!-- templates\/buttons-placeholder.php -->\n<div class=\"da-reactions-outer TpostID9579\">\n\t    <div class=\"da-reactions-data da-reactions-container-async center\"\n         data-type=\"post\"\n         data-id=\"9579\"\n         id=\"da-reactions-slot-post-9579\">\n        <div class=\"da-reactions-static\">\n\t\t\t<img src=\"https:\/\/www.kariyer.net\/kariyer-rehberi\/wp-content\/plugins\/da-reactions\/assets\/dist\/loading.svg\" alt=\"Loading spinner\" width=\"48\" height=\"48\" style=\"width:48px\" \/>\n        <\/div>\n    <\/div>\n<\/div>\n","protected":false},"author":12,"featured_media":0,"comment_status":"open","ping_status":"open","sticky":false,"template":"","format":"standard","meta":{"footnotes":"","_elementor_edit_mode":"","_elementor_template_type":"","_elementor_data":"","_elementor_page_settings":null,"_elementor_conditions":[]},"categories":[2211,164],"tags":[532,533,534,251],"class_list":{"0":"post-9579","1":"post","2":"type-post","3":"status-publish","4":"format-standard","6":"category-kariyer-gelisimi","7":"category-universite-kuluplerinden-haberler","8":"tag-ilac-sektoru-seminer","9":"tag-insan-kaynaklari-faaliyetlerine-yon-verenler-zirvesi","10":"tag-insan-kaynaklari-seminer","11":"tag-insan-kaynaklari-zirvesi"},"yoast_head":"<!-- This site is optimized with the Yoast SEO Premium plugin v21.4 (Yoast SEO v27.0) - https:\/\/yoast.com\/product\/yoast-seo-premium-wordpress\/ -->\n<title>\u0130nsan Kaynaklar\u0131 Faaliyetlerine Y\u00f6n Verenler Zirvesi 12-13 Mart 2013 tarihlerinde Marmara \u00dcniversitesi | Kariyer Rehberi<\/title>\n<meta name=\"description\" content=\"\u0130nsan Kaynaklar\u0131 Faaliyetlerine Y\u00f6n Verenler Zirvesi 12-13 Mart 2013 tarihlerinde Marmara \u00dcniversitesi Haydarpa\u015fa Kamp\u00fcs\u00fc Re\u015fat Kaynar Konferans salonun da 14-15 Mart 2013 tarihin de ise Marmara \u00dcniversitesi G\u00f6ztepe Kamp\u00fcs\u00fc Dr. \u0130brahim \u00dcz\u00fcmc\u00fc K\u00fclt\u00fcr Merkezi\u2019nde ger\u00e7ekle\u015ftirilecek.\" \/>\n<meta name=\"robots\" content=\"index, follow, max-snippet:-1, max-image-preview:large, max-video-preview:-1\" \/>\n<link rel=\"canonical\" href=\"https:\/\/www.kariyer.net\/kariyer-rehberi\/insan-kaynaklari-faaliyetlerine-yon-verenler-zirvesi\/\" \/>\n<meta property=\"og:locale\" content=\"tr_TR\" \/>\n<meta property=\"og:type\" content=\"article\" \/>\n<meta property=\"og:title\" content=\"\u0130nsan Kaynaklar\u0131 Faaliyetlerine Y\u00f6n Verenler Zirvesi\" \/>\n<meta property=\"og:description\" content=\"Bu y\u0131l \u0130nsan Kaynaklar\u0131 Faaliyetlerine Y\u00f6n Verenler Zirvesi \u00a012-13 Mart 2013\u00a0tarihlerinde\u00a0Marmara \u00dcniversitesi Haydarpa\u015fa Kamp\u00fcs\u00fc Re\u015fat Kaynar Konferans\" \/>\n<meta property=\"og:url\" content=\"https:\/\/www.kariyer.net\/kariyer-rehberi\/insan-kaynaklari-faaliyetlerine-yon-verenler-zirvesi\/\" \/>\n<meta property=\"og:site_name\" content=\"Kariyer Rehberi\" \/>\n<meta property=\"article:published_time\" content=\"2013-01-01T14:00:20+00:00\" \/>\n<meta property=\"article:modified_time\" content=\"2024-07-03T12:34:00+00:00\" \/>\n<meta property=\"og:image\" content=\"http:\/\/www.kariyerkampuste.com\/wp-content\/uploads\/2013\/03\/ikfyvz.k.jpg\" \/>\n<meta name=\"author\" content=\"Edit\u00f6r\" \/>\n<meta name=\"twitter:card\" content=\"summary_large_image\" \/>\n<meta name=\"twitter:label1\" content=\"Yazan:\" \/>\n\t<meta name=\"twitter:data1\" content=\"Edit\u00f6r\" \/>\n\t<meta name=\"twitter:label2\" content=\"Tahmini okuma s\u00fcresi\" \/>\n\t<meta name=\"twitter:data2\" content=\"3 dakika\" \/>\n<!-- \/ Yoast SEO Premium plugin. -->","yoast_head_json":{"title":"\u0130nsan Kaynaklar\u0131 Faaliyetlerine Y\u00f6n Verenler Zirvesi 12-13 Mart 2013 tarihlerinde Marmara \u00dcniversitesi | Kariyer Rehberi","description":"\u0130nsan Kaynaklar\u0131 Faaliyetlerine Y\u00f6n Verenler Zirvesi 12-13 Mart 2013 tarihlerinde Marmara \u00dcniversitesi Haydarpa\u015fa Kamp\u00fcs\u00fc Re\u015fat Kaynar Konferans salonun da 14-15 Mart 2013 tarihin de ise Marmara \u00dcniversitesi G\u00f6ztepe Kamp\u00fcs\u00fc Dr. \u0130brahim \u00dcz\u00fcmc\u00fc K\u00fclt\u00fcr Merkezi\u2019nde ger\u00e7ekle\u015ftirilecek.","robots":{"index":"index","follow":"follow","max-snippet":"max-snippet:-1","max-image-preview":"max-image-preview:large","max-video-preview":"max-video-preview:-1"},"canonical":"https:\/\/www.kariyer.net\/kariyer-rehberi\/insan-kaynaklari-faaliyetlerine-yon-verenler-zirvesi\/","og_locale":"tr_TR","og_type":"article","og_title":"\u0130nsan Kaynaklar\u0131 Faaliyetlerine Y\u00f6n Verenler Zirvesi","og_description":"Bu y\u0131l \u0130nsan Kaynaklar\u0131 Faaliyetlerine Y\u00f6n Verenler Zirvesi \u00a012-13 Mart 2013\u00a0tarihlerinde\u00a0Marmara \u00dcniversitesi Haydarpa\u015fa Kamp\u00fcs\u00fc Re\u015fat Kaynar Konferans","og_url":"https:\/\/www.kariyer.net\/kariyer-rehberi\/insan-kaynaklari-faaliyetlerine-yon-verenler-zirvesi\/","og_site_name":"Kariyer Rehberi","article_published_time":"2013-01-01T14:00:20+00:00","article_modified_time":"2024-07-03T12:34:00+00:00","og_image":[{"url":"http:\/\/www.kariyerkampuste.com\/wp-content\/uploads\/2013\/03\/ikfyvz.k.jpg","type":"","width":"","height":""}],"author":"Edit\u00f6r","twitter_card":"summary_large_image","twitter_misc":{"Yazan:":"Edit\u00f6r","Tahmini okuma s\u00fcresi":"3 dakika"},"schema":{"@context":"https:\/\/schema.org","@graph":[{"@type":"Article","@id":"https:\/\/www.kariyer.net\/kariyer-rehberi\/insan-kaynaklari-faaliyetlerine-yon-verenler-zirvesi\/#article","isPartOf":{"@id":"https:\/\/www.kariyer.net\/kariyer-rehberi\/insan-kaynaklari-faaliyetlerine-yon-verenler-zirvesi\/"},"author":{"name":"Edit\u00f6r","@id":"https:\/\/www.kariyer.net\/kariyer-rehberi\/#\/schema\/person\/94fd6e49c7ff1b1b2565a2cc4fd685dd"},"headline":"\u0130nsan Kaynaklar\u0131 Faaliyetlerine Y\u00f6n Verenler Zirvesi","datePublished":"2013-01-01T14:00:20+00:00","dateModified":"2024-07-03T12:34:00+00:00","mainEntityOfPage":{"@id":"https:\/\/www.kariyer.net\/kariyer-rehberi\/insan-kaynaklari-faaliyetlerine-yon-verenler-zirvesi\/"},"wordCount":526,"commentCount":0,"publisher":{"@id":"https:\/\/www.kariyer.net\/kariyer-rehberi\/#organization"},"image":{"@id":"https:\/\/www.kariyer.net\/kariyer-rehberi\/insan-kaynaklari-faaliyetlerine-yon-verenler-zirvesi\/#primaryimage"},"thumbnailUrl":"http:\/\/www.kariyerkampuste.com\/wp-content\/uploads\/2013\/03\/ikfyvz.k.jpg","keywords":["ila\u00e7 sekt\u00f6r\u00fc seminer","insan kaynaklar\u0131 faaliyetlerine y\u00f6n verenler zirvesi","insan kaynaklar\u0131 seminer","insan kaynaklar\u0131 zirvesi"],"articleSection":["Kariyer Geli\u015fimi","\u00dcniversite Kul\u00fcplerinden Haberler"],"inLanguage":"tr","potentialAction":[{"@type":"CommentAction","name":"Comment","target":["https:\/\/www.kariyer.net\/kariyer-rehberi\/insan-kaynaklari-faaliyetlerine-yon-verenler-zirvesi\/#respond"]}]},{"@type":"WebPage","@id":"https:\/\/www.kariyer.net\/kariyer-rehberi\/insan-kaynaklari-faaliyetlerine-yon-verenler-zirvesi\/","url":"https:\/\/www.kariyer.net\/kariyer-rehberi\/insan-kaynaklari-faaliyetlerine-yon-verenler-zirvesi\/","name":"\u0130nsan Kaynaklar\u0131 Faaliyetlerine Y\u00f6n Verenler Zirvesi 12-13 Mart 2013 tarihlerinde Marmara \u00dcniversitesi | Kariyer Rehberi","isPartOf":{"@id":"https:\/\/www.kariyer.net\/kariyer-rehberi\/#website"},"primaryImageOfPage":{"@id":"https:\/\/www.kariyer.net\/kariyer-rehberi\/insan-kaynaklari-faaliyetlerine-yon-verenler-zirvesi\/#primaryimage"},"image":{"@id":"https:\/\/www.kariyer.net\/kariyer-rehberi\/insan-kaynaklari-faaliyetlerine-yon-verenler-zirvesi\/#primaryimage"},"thumbnailUrl":"http:\/\/www.kariyerkampuste.com\/wp-content\/uploads\/2013\/03\/ikfyvz.k.jpg","datePublished":"2013-01-01T14:00:20+00:00","dateModified":"2024-07-03T12:34:00+00:00","description":"\u0130nsan Kaynaklar\u0131 Faaliyetlerine Y\u00f6n Verenler Zirvesi 12-13 Mart 2013 tarihlerinde Marmara \u00dcniversitesi Haydarpa\u015fa Kamp\u00fcs\u00fc Re\u015fat Kaynar Konferans salonun da 14-15 Mart 2013 tarihin de ise Marmara \u00dcniversitesi G\u00f6ztepe Kamp\u00fcs\u00fc Dr. \u0130brahim \u00dcz\u00fcmc\u00fc K\u00fclt\u00fcr Merkezi\u2019nde ger\u00e7ekle\u015ftirilecek.","breadcrumb":{"@id":"https:\/\/www.kariyer.net\/kariyer-rehberi\/insan-kaynaklari-faaliyetlerine-yon-verenler-zirvesi\/#breadcrumb"},"inLanguage":"tr","potentialAction":[{"@type":"ReadAction","target":["https:\/\/www.kariyer.net\/kariyer-rehberi\/insan-kaynaklari-faaliyetlerine-yon-verenler-zirvesi\/"]}]},{"@type":"ImageObject","inLanguage":"tr","@id":"https:\/\/www.kariyer.net\/kariyer-rehberi\/insan-kaynaklari-faaliyetlerine-yon-verenler-zirvesi\/#primaryimage","url":"http:\/\/www.kariyerkampuste.com\/wp-content\/uploads\/2013\/03\/ikfyvz.k.jpg","contentUrl":"http:\/\/www.kariyerkampuste.com\/wp-content\/uploads\/2013\/03\/ikfyvz.k.jpg"},{"@type":"BreadcrumbList","@id":"https:\/\/www.kariyer.net\/kariyer-rehberi\/insan-kaynaklari-faaliyetlerine-yon-verenler-zirvesi\/#breadcrumb","itemListElement":[{"@type":"ListItem","position":1,"name":"Anasayfa","item":"https:\/\/www.kariyer.net\/kariyer-rehberi\/"},{"@type":"ListItem","position":2,"name":"\u0130nsan Kaynaklar\u0131 Faaliyetlerine Y\u00f6n Verenler Zirvesi"}]},{"@type":"WebSite","@id":"https:\/\/www.kariyer.net\/kariyer-rehberi\/#website","url":"https:\/\/www.kariyer.net\/kariyer-rehberi\/","name":"Kariyer Rehberi","description":"\u0130\u015f D\u00fcnyas\u0131yla \u0130lgili Bilmek \u0130stedi\u011finiz Her \u015eey","publisher":{"@id":"https:\/\/www.kariyer.net\/kariyer-rehberi\/#organization"},"potentialAction":[{"@type":"SearchAction","target":{"@type":"EntryPoint","urlTemplate":"https:\/\/www.kariyer.net\/kariyer-rehberi\/?s={search_term_string}"},"query-input":{"@type":"PropertyValueSpecification","valueRequired":true,"valueName":"search_term_string"}}],"inLanguage":"tr"},{"@type":"Organization","@id":"https:\/\/www.kariyer.net\/kariyer-rehberi\/#organization","name":"Kariyer.net","url":"https:\/\/www.kariyer.net\/kariyer-rehberi\/","logo":{"@type":"ImageObject","inLanguage":"tr","@id":"https:\/\/www.kariyer.net\/kariyer-rehberi\/#\/schema\/logo\/image\/","url":"https:\/\/www.kariyer.net\/kariyer-rehberi-new\/wp-content\/uploads\/2023\/01\/og-image11.jpg","contentUrl":"https:\/\/www.kariyer.net\/kariyer-rehberi-new\/wp-content\/uploads\/2023\/01\/og-image11.jpg","width":800,"height":800,"caption":"Kariyer.net"},"image":{"@id":"https:\/\/www.kariyer.net\/kariyer-rehberi\/#\/schema\/logo\/image\/"}},{"@type":"Person","@id":"https:\/\/www.kariyer.net\/kariyer-rehberi\/#\/schema\/person\/94fd6e49c7ff1b1b2565a2cc4fd685dd","name":"Edit\u00f6r","image":{"@type":"ImageObject","inLanguage":"tr","@id":"https:\/\/www.kariyer.net\/kariyer-rehberi\/#\/schema\/person\/image\/","url":"https:\/\/secure.gravatar.com\/avatar\/0c4fe6688343aed3693b15573beae12c08ace5565409d5ab7509bf9c115f458d?s=96&d=mm&r=g","contentUrl":"https:\/\/secure.gravatar.com\/avatar\/0c4fe6688343aed3693b15573beae12c08ace5565409d5ab7509bf9c115f458d?s=96&d=mm&r=g","caption":"Edit\u00f6r"},"url":"https:\/\/www.kariyer.net\/kariyer-rehberi\/author\/editor\/"}]}},"_links":{"self":[{"href":"https:\/\/www.kariyer.net\/kariyer-rehberi\/wp-json\/wp\/v2\/posts\/9579","targetHints":{"allow":["GET"]}}],"collection":[{"href":"https:\/\/www.kariyer.net\/kariyer-rehberi\/wp-json\/wp\/v2\/posts"}],"about":[{"href":"https:\/\/www.kariyer.net\/kariyer-rehberi\/wp-json\/wp\/v2\/types\/post"}],"author":[{"embeddable":true,"href":"https:\/\/www.kariyer.net\/kariyer-rehberi\/wp-json\/wp\/v2\/users\/12"}],"replies":[{"embeddable":true,"href":"https:\/\/www.kariyer.net\/kariyer-rehberi\/wp-json\/wp\/v2\/comments?post=9579"}],"version-history":[{"count":1,"href":"https:\/\/www.kariyer.net\/kariyer-rehberi\/wp-json\/wp\/v2\/posts\/9579\/revisions"}],"predecessor-version":[{"id":19773,"href":"https:\/\/www.kariyer.net\/kariyer-rehberi\/wp-json\/wp\/v2\/posts\/9579\/revisions\/19773"}],"wp:attachment":[{"href":"https:\/\/www.kariyer.net\/kariyer-rehberi\/wp-json\/wp\/v2\/media?parent=9579"}],"wp:term":[{"taxonomy":"category","embeddable":true,"href":"https:\/\/www.kariyer.net\/kariyer-rehberi\/wp-json\/wp\/v2\/categories?post=9579"},{"taxonomy":"post_tag","embeddable":true,"href":"https:\/\/www.kariyer.net\/kariyer-rehberi\/wp-json\/wp\/v2\/tags?post=9579"}],"curies":[{"name":"wp","href":"https:\/\/api.w.org\/{rel}","templated":true}]}}