{"id":9600,"date":"2013-05-10T16:11:13","date_gmt":"2013-05-10T13:11:13","guid":{"rendered":"http:\/\/www.kariyerkampuste.com\/?p=1483"},"modified":"2024-07-03T15:31:44","modified_gmt":"2024-07-03T12:31:44","slug":"sosyal-medyada-pazarlama-dokuz-eylul-universitesi","status":"publish","type":"post","link":"https:\/\/www.kariyer.net\/kariyer-rehberi\/sosyal-medyada-pazarlama-dokuz-eylul-universitesi\/","title":{"rendered":"Sosyal Medyada Pazarlama &#8211; Dokuz Eyl\u00fcl \u00dcniversitesi"},"content":{"rendered":"<p><a href=\"http:\/\/www.kariyerkampuste.com\/wp-content\/uploads\/2013\/05\/sosyalmedyadapazarlama.jpg\"><img fetchpriority=\"high\" decoding=\"async\" class=\"alignleft size-medium wp-image-1484\" alt=\"sosyalmedyadapazarlama\" src=\"http:\/\/www.kariyerkampuste.com\/wp-content\/uploads\/2013\/05\/sosyalmedyadapazarlama-296x300.jpg\" width=\"296\" height=\"300\" \/><\/a>Dokuz Eyl\u00fcl \u00dcniversitesi \u0130\u015fletme Kul\u00fcb\u00fc taraf\u0131ndan d\u00fczenlenen \u00a0&#8220;Giri\u015fimcilik&#8221; ve\u00a0&#8220;Sosyal Medyada Pazarlama&#8221; Konferans\u0131 T\u00fcrkiye&#8217;nin \u00f6nde gelen firmalar\u0131n\u0131n kat\u0131l\u0131m\u0131yla 13 May\u0131s Pazartesi g\u00fcn\u00fc Dokuz Eyl\u00fcl \u00dcniversitesi \u0130\u0130BF Konferans Salonu&#8217;nda!<!--more--><\/p>\n<p>&nbsp;<\/p>\n<p>1. Oturum &#8211; Giri\u015fimcilik<\/p>\n<p>10:00 &#8211; 11:00 Taylan Demirkaya &#8211; Yarat\u0131c\u0131 Giri\u015fimcilik<\/p>\n<p>11:00 &#8211; 12:00 \u00c7a\u011fr\u0131 \u00c7ankaya &#8211; Designer on the Road<\/p>\n<p>2. Oturum &#8211; Sosyal Medyada Pazarlama<\/p>\n<p>13:00 &#8211; 14:00 Enpara.com<\/p>\n<p>14:00 &#8211; 15:00 Kariyer.net<\/p>\n<p>&nbsp;<\/p>\n<p><a title=\"DE\u00dc \u0130\u015fletme Kul\u00fcb\u00fc\" href=\"www.deuisletmekulubu.net\" target=\"_blank\" rel=\"noopener\">www.deuisletmekulubu.net<\/a><\/p>\n<p>&nbsp;<\/p>\n<!-- templates\/buttons-placeholder.php -->\n<div class=\"da-reactions-outer TpostID9600\">\n\t    <div class=\"da-reactions-data da-reactions-container-async center\"\n         data-type=\"post\"\n         data-id=\"9600\"\n         id=\"da-reactions-slot-post-9600\">\n        <div class=\"da-reactions-static\">\n\t\t\t<img src=\"https:\/\/www.kariyer.net\/kariyer-rehberi\/wp-content\/plugins\/da-reactions\/assets\/dist\/loading.svg\" alt=\"Loading spinner\" width=\"48\" height=\"48\" style=\"width:48px\" \/>\n        <\/div>\n    <\/div>\n<\/div>\n","protected":false},"excerpt":{"rendered":"<p>Dokuz Eyl\u00fcl \u00dcniversitesi \u0130\u015fletme Kul\u00fcb\u00fc taraf\u0131ndan d\u00fczenlenen \u00a0&#8220;Giri\u015fimcilik&#8221; ve\u00a0&#8220;Sosyal Medyada Pazarlama&#8221; Konferans\u0131 T\u00fcrkiye&#8217;nin \u00f6nde gelen firmalar\u0131n\u0131n kat\u0131l\u0131m\u0131yla 13 May\u0131s Pazartesi g\u00fcn\u00fc Dokuz Eyl\u00fcl \u00dcniversitesi \u0130\u0130BF Konferans Salonu&#8217;nda!<\/p>\n<!-- templates\/buttons-placeholder.php -->\n<div class=\"da-reactions-outer TpostID9600\">\n\t    <div class=\"da-reactions-data da-reactions-container-async center\"\n         data-type=\"post\"\n         data-id=\"9600\"\n         id=\"da-reactions-slot-post-9600\">\n        <div class=\"da-reactions-static\">\n\t\t\t<img src=\"https:\/\/www.kariyer.net\/kariyer-rehberi\/wp-content\/plugins\/da-reactions\/assets\/dist\/loading.svg\" alt=\"Loading spinner\" width=\"48\" height=\"48\" style=\"width:48px\" \/>\n        <\/div>\n    <\/div>\n<\/div>\n","protected":false},"author":12,"featured_media":0,"comment_status":"open","ping_status":"open","sticky":false,"template":"","format":"standard","meta":{"footnotes":"","_elementor_edit_mode":"","_elementor_template_type":"","_elementor_data":"","_elementor_page_settings":null,"_elementor_conditions":[]},"categories":[2211,164],"tags":[401,444,604,605],"class_list":{"0":"post-9600","1":"post","2":"type-post","3":"status-publish","4":"format-standard","6":"category-kariyer-gelisimi","7":"category-universite-kuluplerinden-haberler","8":"tag-deu-isletme-kulubu","9":"tag-girisimcilik-konferansi","10":"tag-sosyal-medyada-pazarlama-konferansi","11":"tag-sosyal-meyda-konferansi"},"yoast_head":"<!-- This site is optimized with the Yoast SEO Premium plugin v21.4 (Yoast SEO v27.0) - https:\/\/yoast.com\/product\/yoast-seo-premium-wordpress\/ -->\n<title>Sosyal Medyada Pazarlama - Dokuz Eyl\u00fcl \u00dcniversitesi | Kariyer Rehberi<\/title>\n<meta name=\"description\" content=\"Dokuz Eyl\u00fcl \u00dcniversitesi \u0130\u015fletme Kul\u00fcb\u00fc taraf\u0131ndan d\u00fczenlenen &quot;Giri\u015fimcilik&quot; ve &quot;Sosyal Medyada Pazarlama&quot; Konferans\u0131 13 May\u0131s Pazartesi g\u00fcn\u00fc DE\u00dc \u0130\u0130BF Konferans Salonu&#039;nda!\" \/>\n<meta name=\"robots\" content=\"index, follow, max-snippet:-1, max-image-preview:large, max-video-preview:-1\" \/>\n<link rel=\"canonical\" href=\"https:\/\/www.kariyer.net\/kariyer-rehberi\/sosyal-medyada-pazarlama-dokuz-eylul-universitesi\/\" \/>\n<meta property=\"og:locale\" content=\"tr_TR\" \/>\n<meta property=\"og:type\" content=\"article\" \/>\n<meta property=\"og:title\" content=\"Sosyal Medyada Pazarlama - Dokuz Eyl\u00fcl \u00dcniversitesi\" \/>\n<meta property=\"og:description\" content=\"Dokuz Eyl\u00fcl \u00dcniversitesi \u0130\u015fletme Kul\u00fcb\u00fc taraf\u0131ndan d\u00fczenlenen \u00a0&quot;Giri\u015fimcilik&quot; ve\u00a0&quot;Sosyal Medyada Pazarlama&quot; Konferans\u0131 T\u00fcrkiye&#039;nin \u00f6nde gelen firmalar\u0131n\u0131n\" \/>\n<meta property=\"og:url\" content=\"https:\/\/www.kariyer.net\/kariyer-rehberi\/sosyal-medyada-pazarlama-dokuz-eylul-universitesi\/\" \/>\n<meta property=\"og:site_name\" content=\"Kariyer Rehberi\" \/>\n<meta property=\"article:published_time\" content=\"2013-05-10T13:11:13+00:00\" \/>\n<meta property=\"article:modified_time\" content=\"2024-07-03T12:31:44+00:00\" \/>\n<meta property=\"og:image\" content=\"http:\/\/www.kariyerkampuste.com\/wp-content\/uploads\/2013\/05\/sosyalmedyadapazarlama-296x300.jpg\" \/>\n<meta name=\"author\" content=\"Edit\u00f6r\" \/>\n<meta name=\"twitter:card\" content=\"summary_large_image\" \/>\n<meta name=\"twitter:label1\" content=\"Yazan:\" \/>\n\t<meta name=\"twitter:data1\" content=\"Edit\u00f6r\" \/>\n<!-- \/ Yoast SEO Premium plugin. -->","yoast_head_json":{"title":"Sosyal Medyada Pazarlama - Dokuz Eyl\u00fcl \u00dcniversitesi | Kariyer Rehberi","description":"Dokuz Eyl\u00fcl \u00dcniversitesi \u0130\u015fletme Kul\u00fcb\u00fc taraf\u0131ndan d\u00fczenlenen \"Giri\u015fimcilik\" ve \"Sosyal Medyada Pazarlama\" Konferans\u0131 13 May\u0131s Pazartesi g\u00fcn\u00fc DE\u00dc \u0130\u0130BF Konferans Salonu'nda!","robots":{"index":"index","follow":"follow","max-snippet":"max-snippet:-1","max-image-preview":"max-image-preview:large","max-video-preview":"max-video-preview:-1"},"canonical":"https:\/\/www.kariyer.net\/kariyer-rehberi\/sosyal-medyada-pazarlama-dokuz-eylul-universitesi\/","og_locale":"tr_TR","og_type":"article","og_title":"Sosyal Medyada Pazarlama - Dokuz Eyl\u00fcl \u00dcniversitesi","og_description":"Dokuz Eyl\u00fcl \u00dcniversitesi \u0130\u015fletme Kul\u00fcb\u00fc taraf\u0131ndan d\u00fczenlenen \u00a0\"Giri\u015fimcilik\" ve\u00a0\"Sosyal Medyada Pazarlama\" Konferans\u0131 T\u00fcrkiye'nin \u00f6nde gelen firmalar\u0131n\u0131n","og_url":"https:\/\/www.kariyer.net\/kariyer-rehberi\/sosyal-medyada-pazarlama-dokuz-eylul-universitesi\/","og_site_name":"Kariyer Rehberi","article_published_time":"2013-05-10T13:11:13+00:00","article_modified_time":"2024-07-03T12:31:44+00:00","og_image":[{"url":"http:\/\/www.kariyerkampuste.com\/wp-content\/uploads\/2013\/05\/sosyalmedyadapazarlama-296x300.jpg","type":"","width":"","height":""}],"author":"Edit\u00f6r","twitter_card":"summary_large_image","twitter_misc":{"Yazan:":"Edit\u00f6r"},"schema":{"@context":"https:\/\/schema.org","@graph":[{"@type":"Article","@id":"https:\/\/www.kariyer.net\/kariyer-rehberi\/sosyal-medyada-pazarlama-dokuz-eylul-universitesi\/#article","isPartOf":{"@id":"https:\/\/www.kariyer.net\/kariyer-rehberi\/sosyal-medyada-pazarlama-dokuz-eylul-universitesi\/"},"author":{"name":"Edit\u00f6r","@id":"https:\/\/www.kariyer.net\/kariyer-rehberi\/#\/schema\/person\/94fd6e49c7ff1b1b2565a2cc4fd685dd"},"headline":"Sosyal Medyada Pazarlama &#8211; Dokuz Eyl\u00fcl \u00dcniversitesi","datePublished":"2013-05-10T13:11:13+00:00","dateModified":"2024-07-03T12:31:44+00:00","mainEntityOfPage":{"@id":"https:\/\/www.kariyer.net\/kariyer-rehberi\/sosyal-medyada-pazarlama-dokuz-eylul-universitesi\/"},"wordCount":89,"commentCount":0,"publisher":{"@id":"https:\/\/www.kariyer.net\/kariyer-rehberi\/#organization"},"image":{"@id":"https:\/\/www.kariyer.net\/kariyer-rehberi\/sosyal-medyada-pazarlama-dokuz-eylul-universitesi\/#primaryimage"},"thumbnailUrl":"http:\/\/www.kariyerkampuste.com\/wp-content\/uploads\/2013\/05\/sosyalmedyadapazarlama-296x300.jpg","keywords":["DE\u00dc \u0130\u015fletme Kul\u00fcb\u00fc","giri\u015fimcilik konferans\u0131","sosyal medyada pazarlama konferans\u0131","sosyal meyda konferans\u0131"],"articleSection":["Kariyer Geli\u015fimi","\u00dcniversite Kul\u00fcplerinden Haberler"],"inLanguage":"tr","potentialAction":[{"@type":"CommentAction","name":"Comment","target":["https:\/\/www.kariyer.net\/kariyer-rehberi\/sosyal-medyada-pazarlama-dokuz-eylul-universitesi\/#respond"]}]},{"@type":"WebPage","@id":"https:\/\/www.kariyer.net\/kariyer-rehberi\/sosyal-medyada-pazarlama-dokuz-eylul-universitesi\/","url":"https:\/\/www.kariyer.net\/kariyer-rehberi\/sosyal-medyada-pazarlama-dokuz-eylul-universitesi\/","name":"Sosyal Medyada Pazarlama - Dokuz Eyl\u00fcl \u00dcniversitesi | Kariyer Rehberi","isPartOf":{"@id":"https:\/\/www.kariyer.net\/kariyer-rehberi\/#website"},"primaryImageOfPage":{"@id":"https:\/\/www.kariyer.net\/kariyer-rehberi\/sosyal-medyada-pazarlama-dokuz-eylul-universitesi\/#primaryimage"},"image":{"@id":"https:\/\/www.kariyer.net\/kariyer-rehberi\/sosyal-medyada-pazarlama-dokuz-eylul-universitesi\/#primaryimage"},"thumbnailUrl":"http:\/\/www.kariyerkampuste.com\/wp-content\/uploads\/2013\/05\/sosyalmedyadapazarlama-296x300.jpg","datePublished":"2013-05-10T13:11:13+00:00","dateModified":"2024-07-03T12:31:44+00:00","description":"Dokuz Eyl\u00fcl \u00dcniversitesi \u0130\u015fletme Kul\u00fcb\u00fc taraf\u0131ndan d\u00fczenlenen \"Giri\u015fimcilik\" ve \"Sosyal Medyada Pazarlama\" Konferans\u0131 13 May\u0131s Pazartesi g\u00fcn\u00fc DE\u00dc \u0130\u0130BF Konferans Salonu'nda!","breadcrumb":{"@id":"https:\/\/www.kariyer.net\/kariyer-rehberi\/sosyal-medyada-pazarlama-dokuz-eylul-universitesi\/#breadcrumb"},"inLanguage":"tr","potentialAction":[{"@type":"ReadAction","target":["https:\/\/www.kariyer.net\/kariyer-rehberi\/sosyal-medyada-pazarlama-dokuz-eylul-universitesi\/"]}]},{"@type":"ImageObject","inLanguage":"tr","@id":"https:\/\/www.kariyer.net\/kariyer-rehberi\/sosyal-medyada-pazarlama-dokuz-eylul-universitesi\/#primaryimage","url":"http:\/\/www.kariyerkampuste.com\/wp-content\/uploads\/2013\/05\/sosyalmedyadapazarlama-296x300.jpg","contentUrl":"http:\/\/www.kariyerkampuste.com\/wp-content\/uploads\/2013\/05\/sosyalmedyadapazarlama-296x300.jpg"},{"@type":"BreadcrumbList","@id":"https:\/\/www.kariyer.net\/kariyer-rehberi\/sosyal-medyada-pazarlama-dokuz-eylul-universitesi\/#breadcrumb","itemListElement":[{"@type":"ListItem","position":1,"name":"Anasayfa","item":"https:\/\/www.kariyer.net\/kariyer-rehberi\/"},{"@type":"ListItem","position":2,"name":"Sosyal Medyada Pazarlama &#8211; Dokuz Eyl\u00fcl \u00dcniversitesi"}]},{"@type":"WebSite","@id":"https:\/\/www.kariyer.net\/kariyer-rehberi\/#website","url":"https:\/\/www.kariyer.net\/kariyer-rehberi\/","name":"Kariyer Rehberi","description":"\u0130\u015f D\u00fcnyas\u0131yla \u0130lgili Bilmek \u0130stedi\u011finiz Her \u015eey","publisher":{"@id":"https:\/\/www.kariyer.net\/kariyer-rehberi\/#organization"},"potentialAction":[{"@type":"SearchAction","target":{"@type":"EntryPoint","urlTemplate":"https:\/\/www.kariyer.net\/kariyer-rehberi\/?s={search_term_string}"},"query-input":{"@type":"PropertyValueSpecification","valueRequired":true,"valueName":"search_term_string"}}],"inLanguage":"tr"},{"@type":"Organization","@id":"https:\/\/www.kariyer.net\/kariyer-rehberi\/#organization","name":"Kariyer.net","url":"https:\/\/www.kariyer.net\/kariyer-rehberi\/","logo":{"@type":"ImageObject","inLanguage":"tr","@id":"https:\/\/www.kariyer.net\/kariyer-rehberi\/#\/schema\/logo\/image\/","url":"https:\/\/www.kariyer.net\/kariyer-rehberi-new\/wp-content\/uploads\/2023\/01\/og-image11.jpg","contentUrl":"https:\/\/www.kariyer.net\/kariyer-rehberi-new\/wp-content\/uploads\/2023\/01\/og-image11.jpg","width":800,"height":800,"caption":"Kariyer.net"},"image":{"@id":"https:\/\/www.kariyer.net\/kariyer-rehberi\/#\/schema\/logo\/image\/"}},{"@type":"Person","@id":"https:\/\/www.kariyer.net\/kariyer-rehberi\/#\/schema\/person\/94fd6e49c7ff1b1b2565a2cc4fd685dd","name":"Edit\u00f6r","image":{"@type":"ImageObject","inLanguage":"tr","@id":"https:\/\/www.kariyer.net\/kariyer-rehberi\/#\/schema\/person\/image\/","url":"https:\/\/secure.gravatar.com\/avatar\/0c4fe6688343aed3693b15573beae12c08ace5565409d5ab7509bf9c115f458d?s=96&d=mm&r=g","contentUrl":"https:\/\/secure.gravatar.com\/avatar\/0c4fe6688343aed3693b15573beae12c08ace5565409d5ab7509bf9c115f458d?s=96&d=mm&r=g","caption":"Edit\u00f6r"},"url":"https:\/\/www.kariyer.net\/kariyer-rehberi\/author\/editor\/"}]}},"_links":{"self":[{"href":"https:\/\/www.kariyer.net\/kariyer-rehberi\/wp-json\/wp\/v2\/posts\/9600","targetHints":{"allow":["GET"]}}],"collection":[{"href":"https:\/\/www.kariyer.net\/kariyer-rehberi\/wp-json\/wp\/v2\/posts"}],"about":[{"href":"https:\/\/www.kariyer.net\/kariyer-rehberi\/wp-json\/wp\/v2\/types\/post"}],"author":[{"embeddable":true,"href":"https:\/\/www.kariyer.net\/kariyer-rehberi\/wp-json\/wp\/v2\/users\/12"}],"replies":[{"embeddable":true,"href":"https:\/\/www.kariyer.net\/kariyer-rehberi\/wp-json\/wp\/v2\/comments?post=9600"}],"version-history":[{"count":1,"href":"https:\/\/www.kariyer.net\/kariyer-rehberi\/wp-json\/wp\/v2\/posts\/9600\/revisions"}],"predecessor-version":[{"id":19672,"href":"https:\/\/www.kariyer.net\/kariyer-rehberi\/wp-json\/wp\/v2\/posts\/9600\/revisions\/19672"}],"wp:attachment":[{"href":"https:\/\/www.kariyer.net\/kariyer-rehberi\/wp-json\/wp\/v2\/media?parent=9600"}],"wp:term":[{"taxonomy":"category","embeddable":true,"href":"https:\/\/www.kariyer.net\/kariyer-rehberi\/wp-json\/wp\/v2\/categories?post=9600"},{"taxonomy":"post_tag","embeddable":true,"href":"https:\/\/www.kariyer.net\/kariyer-rehberi\/wp-json\/wp\/v2\/tags?post=9600"}],"curies":[{"name":"wp","href":"https:\/\/api.w.org\/{rel}","templated":true}]}}