{"id":9606,"date":"2013-01-01T12:50:40","date_gmt":"2013-01-01T10:50:40","guid":{"rendered":"http:\/\/www.kariyer.net\/kariyer-kampuste\/?p=2820"},"modified":"2024-07-03T15:35:43","modified_gmt":"2024-07-03T12:35:43","slug":"odtu-yonetim-ve-muhendislik-gunleri","status":"publish","type":"post","link":"https:\/\/www.kariyer.net\/kariyer-rehberi\/odtu-yonetim-ve-muhendislik-gunleri\/","title":{"rendered":"ODT\u00dc Y\u00f6netim ve M\u00fchendislik G\u00fcnleri"},"content":{"rendered":"<p>Bu sene \u201cKalite\u201d temas\u0131yla d\u00fczenlenecek olan <strong>15. Y\u00f6netim ve M\u00fchendislik G\u00fcnleri<\/strong>, kat\u0131l\u0131mc\u0131lar\u0131n\u0131 <strong>28 \u015eubat-1 Mart<\/strong> tarihlerinde \u00a0<strong>ODT\u00dc K\u00fclt\u00fcr ve Kongre Merkezi<\/strong>\u2019nde\u00a0a\u011f\u0131rlayacak. \u0130ki g\u00fcn boyunca s\u00fcrecek olan s\u00f6yle\u015fi ve oturumlarda i\u015f d\u00fcnyas\u0131ndan ba\u015far\u0131l\u0131 ve sayg\u0131n konuklar \u201cKalite\u201d temas\u0131n\u0131 i\u015fleyip kat\u0131l\u0131mc\u0131lar\u0131n kendilerini geli\u015ftirmelerine olanak sa\u011flayacak. Ayr\u0131ca her iki g\u00fcn\u00fcn sonunda \u00fcnl\u00fclerle e\u011flenceli s\u00f6yle\u015filere de yer verilecektir. Kat\u0131l\u0131mc\u0131lar\u0131 etkinlik s\u0131ras\u0131nda ve fuaye alan\u0131nda \u00e7e\u015fitli s\u00fcrprizlerle dolu bir ortam bekliyor olacak. Organizasyona kat\u0131l\u0131m \u00fccretsiz olup belirli say\u0131da oturuma kat\u0131lan konuklara sertifika verilecektir. Etkinli\u011fe ODT\u00dc \u00f6\u011frencilerinin yan\u0131 s\u0131ra Ankara ve di\u011fer \u015fehirlerdeki \u00fcniversitelerden de bir\u00e7ok \u00f6\u011frenci kat\u0131lma \u015fans\u0131 yakalayacakt\u0131r. Organizasyon toplamda 1500 ki\u015fiye ula\u015fmaktad\u0131r. Detayl\u0131 bilgiler \u00f6n\u00fcm\u00fczdeki g\u00fcnlerde <a href=\"http:\/\/www.odtuvt.org.tr\">www.odtuvt.org.tr<\/a> adresinde duyurulacakt\u0131r.<\/p>\n<p>15. Y\u00f6netim ve M\u00fchendislik G\u00fcnleri i\u00e7in salonda yerlerini ay\u0131rtmak isteyenler <a href=\"http:\/\/bit.ly\/ymgkayit\">http:\/\/bit.ly\/ymgkayit<\/a> adresinden ba\u015fvurular\u0131n\u0131 yapabilirler.<br \/>\n<!--more--><\/p>\n<p><strong>Konu\u015fmac\u0131lar:<\/strong><\/p>\n<p>\u2022 HP T\u00fcrkiye Genel M\u00fcd\u00fcr\u00fc G\u00fcng\u00f6r Kaymak<br \/>\n\u2022 Brightwell Holding Kurucusu Alphan Manas<br \/>\n\u2022 Ko\u00e7 \u00dcni. \u00d6\u011fr. \u00dcyesi, \u0130\u015f Adam\u0131 ve Yazar Semih Yalman<br \/>\n\u2022 Orka Grup \u0130cra Kurulu \u00dcyesi Dr. Fatih An\u0131l<br \/>\n\u2022 Oracle T\u00fcrkiye Genel M\u00fcd\u00fcr Yard\u0131mc\u0131s\u0131 Cem \u015eatana<br \/>\n\u2022 ODT\u00dc End. M\u00fch. B\u00f6l\u00fcm\u00fc \u00d6\u011fr. \u00dcyesi Prof. Dr. G\u00fclser K\u00f6ksal<br \/>\n\u2022 KalDer Ulusal Kalite \u00d6d\u00fcl\u00fc Y\u00fcr\u00fctme Kurulu Eski Ba\u015fkan\u0131 Prof. Dr. Ali R\u0131za Kaylan<\/p>\n<p><strong>Sponsorlar:<\/strong><\/p>\n<p>Ana Sponsor: Bosch<\/p>\n<p>Yan Sponsor: Accenture<\/p>\n<p>Mali Sponsor: Mercedes Benz, Mars Logistics<\/p>\n<p>Stratejik Ortak: Kariyer.net<\/p>\n<p>Hayal Partneri: DreamsTalk<\/p>\n<p>Bas\u0131n \u0130leti\u015fim Sponsorlu\u011fu: PerY\u00f6n, PCNet, Pazarlama T\u00fcrkiye, Pazarlamasyon, Max Fm, KobiEfor, Halklaili\u015fkiler.com, Ekonometri, Capital<\/p>\n<p>\u00dcr\u00fcn Sponsorlu\u011fu: Ahmet Aybak \u00c7i\u011fk\u00f6fte, Banvit, Cafe Breno, d\u2019lish cupcake, Eri\u015fler G\u0131da-Nudo, Gagoz, Gloria Jean\u2019s Coffees, G\u00fcrp\u0131nar Su, Kuru Kahveci Mehmet Efendi, Macarons d\u2019antoinette, Nuhun Ankara Makarnas\u0131, Starbucks<\/p>\n<p>*Sponsor ve konu\u015fmac\u0131lar i\u00e7in g\u00f6r\u00fc\u015fmeler devam etmektedir.<\/p>\n<p>Sosyal medyada YMG\u2019yi takip etmek i\u00e7in:<br \/>\n<a href=\"https:\/\/www.facebook.com\/YonetimVeMuhendislikGunleri\">https:\/\/www.facebook.com\/YonetimVeMuhendislikGunleri<\/a><br \/>\n<a href=\"https:\/\/twitter.com\/YMG_VT_ODTU\">https:\/\/twitter.com\/YMG_VT_ODTU<\/a><\/p>\n<p><img fetchpriority=\"high\" decoding=\"async\" class=\"alignnone  wp-image-2819\" src=\"http:\/\/www.kariyer.net\/kariyer-kampuste\/wp-content\/uploads\/2015\/02\/Y\u00f6netim-ve-M\u00fchendislik-G\u00fcnleri-g\u00f6rseli-ODT\u00dc-VT.jpg\" alt=\"Y\u00f6netim ve M\u00fchendislik G\u00fcnleri g\u00f6rseli - ODT\u00dc VT\" width=\"523\" height=\"739\" \/><\/p>\n<!-- templates\/buttons-placeholder.php -->\n<div class=\"da-reactions-outer TpostID9606\">\n\t    <div class=\"da-reactions-data da-reactions-container-async center\"\n         data-type=\"post\"\n         data-id=\"9606\"\n         id=\"da-reactions-slot-post-9606\">\n        <div class=\"da-reactions-static\">\n\t\t\t<img src=\"https:\/\/www.kariyer.net\/kariyer-rehberi\/wp-content\/plugins\/da-reactions\/assets\/dist\/loading.svg\" alt=\"Loading spinner\" width=\"48\" height=\"48\" style=\"width:48px\" \/>\n        <\/div>\n    <\/div>\n<\/div>\n","protected":false},"excerpt":{"rendered":"<p>Bu sene \u201cKalite\u201d temas\u0131yla d\u00fczenlenecek olan 15. Y\u00f6netim ve M\u00fchendislik G\u00fcnleri, kat\u0131l\u0131mc\u0131lar\u0131n\u0131 28 \u015eubat-1 Mart tarihlerinde \u00a0ODT\u00dc K\u00fclt\u00fcr ve Kongre Merkezi\u2019nde\u00a0a\u011f\u0131rlayacak. \u0130ki g\u00fcn boyunca s\u00fcrecek olan s\u00f6yle\u015fi ve oturumlarda i\u015f d\u00fcnyas\u0131ndan ba\u015far\u0131l\u0131 ve sayg\u0131n konuklar \u201cKalite\u201d temas\u0131n\u0131 i\u015fleyip kat\u0131l\u0131mc\u0131lar\u0131n kendilerini geli\u015ftirmelerine olanak sa\u011flayacak. Ayr\u0131ca her iki g\u00fcn\u00fcn sonunda \u00fcnl\u00fclerle e\u011flenceli s\u00f6yle\u015filere de yer verilecektir. Kat\u0131l\u0131mc\u0131lar\u0131 [&hellip;]<\/p>\n<!-- templates\/buttons-placeholder.php -->\n<div class=\"da-reactions-outer TpostID9606\">\n\t    <div class=\"da-reactions-data da-reactions-container-async center\"\n         data-type=\"post\"\n         data-id=\"9606\"\n         id=\"da-reactions-slot-post-9606\">\n        <div class=\"da-reactions-static\">\n\t\t\t<img src=\"https:\/\/www.kariyer.net\/kariyer-rehberi\/wp-content\/plugins\/da-reactions\/assets\/dist\/loading.svg\" alt=\"Loading spinner\" width=\"48\" height=\"48\" style=\"width:48px\" \/>\n        <\/div>\n    <\/div>\n<\/div>\n","protected":false},"author":12,"featured_media":0,"comment_status":"open","ping_status":"open","sticky":false,"template":"","format":"standard","meta":{"footnotes":"","_elementor_edit_mode":"","_elementor_template_type":"","_elementor_data":"","_elementor_page_settings":null,"_elementor_conditions":[]},"categories":[2211,164],"tags":[],"class_list":{"0":"post-9606","1":"post","2":"type-post","3":"status-publish","4":"format-standard","6":"category-kariyer-gelisimi","7":"category-universite-kuluplerinden-haberler"},"yoast_head":"<!-- This site is optimized with the Yoast SEO Premium plugin v21.4 (Yoast SEO v27.0) - https:\/\/yoast.com\/product\/yoast-seo-premium-wordpress\/ -->\n<title>ODT\u00dc Y\u00f6netim ve M\u00fchendislik G\u00fcnleri | Kariyer Rehberi<\/title>\n<meta name=\"description\" content=\"ODT\u00dc Y\u00f6netim ve M\u00fchendislik G\u00fcnleri 28 \u015eubat-1 Mart tarihlerinde ODT\u00dc K\u00fclt\u00fcr ve Kongre Merkezi\u2019nde ger\u00e7ekle\u015fecektir.\" \/>\n<meta name=\"robots\" content=\"index, follow, max-snippet:-1, max-image-preview:large, max-video-preview:-1\" \/>\n<link rel=\"canonical\" href=\"https:\/\/www.kariyer.net\/kariyer-rehberi\/odtu-yonetim-ve-muhendislik-gunleri\/\" \/>\n<meta property=\"og:locale\" content=\"tr_TR\" \/>\n<meta property=\"og:type\" content=\"article\" \/>\n<meta property=\"og:title\" content=\"ODT\u00dc Y\u00f6netim ve M\u00fchendislik G\u00fcnleri\" \/>\n<meta property=\"og:description\" content=\"Bu sene \u201cKalite\u201d temas\u0131yla d\u00fczenlenecek olan 15. Y\u00f6netim ve M\u00fchendislik G\u00fcnleri, kat\u0131l\u0131mc\u0131lar\u0131n\u0131 28 \u015eubat-1 Mart tarihlerinde \u00a0ODT\u00dc K\u00fclt\u00fcr ve Kongre\" \/>\n<meta property=\"og:url\" content=\"https:\/\/www.kariyer.net\/kariyer-rehberi\/odtu-yonetim-ve-muhendislik-gunleri\/\" \/>\n<meta property=\"og:site_name\" content=\"Kariyer Rehberi\" \/>\n<meta property=\"article:published_time\" content=\"2013-01-01T10:50:40+00:00\" \/>\n<meta property=\"article:modified_time\" content=\"2024-07-03T12:35:43+00:00\" \/>\n<meta name=\"author\" content=\"Edit\u00f6r\" \/>\n<meta name=\"twitter:card\" content=\"summary_large_image\" \/>\n<meta name=\"twitter:label1\" content=\"Yazan:\" \/>\n\t<meta name=\"twitter:data1\" content=\"Edit\u00f6r\" \/>\n\t<meta name=\"twitter:label2\" content=\"Tahmini okuma s\u00fcresi\" \/>\n\t<meta name=\"twitter:data2\" content=\"2 dakika\" \/>\n<!-- \/ Yoast SEO Premium plugin. -->","yoast_head_json":{"title":"ODT\u00dc Y\u00f6netim ve M\u00fchendislik G\u00fcnleri | Kariyer Rehberi","description":"ODT\u00dc Y\u00f6netim ve M\u00fchendislik G\u00fcnleri 28 \u015eubat-1 Mart tarihlerinde ODT\u00dc K\u00fclt\u00fcr ve Kongre Merkezi\u2019nde ger\u00e7ekle\u015fecektir.","robots":{"index":"index","follow":"follow","max-snippet":"max-snippet:-1","max-image-preview":"max-image-preview:large","max-video-preview":"max-video-preview:-1"},"canonical":"https:\/\/www.kariyer.net\/kariyer-rehberi\/odtu-yonetim-ve-muhendislik-gunleri\/","og_locale":"tr_TR","og_type":"article","og_title":"ODT\u00dc Y\u00f6netim ve M\u00fchendislik G\u00fcnleri","og_description":"Bu sene \u201cKalite\u201d temas\u0131yla d\u00fczenlenecek olan 15. Y\u00f6netim ve M\u00fchendislik G\u00fcnleri, kat\u0131l\u0131mc\u0131lar\u0131n\u0131 28 \u015eubat-1 Mart tarihlerinde \u00a0ODT\u00dc K\u00fclt\u00fcr ve Kongre","og_url":"https:\/\/www.kariyer.net\/kariyer-rehberi\/odtu-yonetim-ve-muhendislik-gunleri\/","og_site_name":"Kariyer Rehberi","article_published_time":"2013-01-01T10:50:40+00:00","article_modified_time":"2024-07-03T12:35:43+00:00","author":"Edit\u00f6r","twitter_card":"summary_large_image","twitter_misc":{"Yazan:":"Edit\u00f6r","Tahmini okuma s\u00fcresi":"2 dakika"},"schema":{"@context":"https:\/\/schema.org","@graph":[{"@type":"Article","@id":"https:\/\/www.kariyer.net\/kariyer-rehberi\/odtu-yonetim-ve-muhendislik-gunleri\/#article","isPartOf":{"@id":"https:\/\/www.kariyer.net\/kariyer-rehberi\/odtu-yonetim-ve-muhendislik-gunleri\/"},"author":{"name":"Edit\u00f6r","@id":"https:\/\/www.kariyer.net\/kariyer-rehberi\/#\/schema\/person\/94fd6e49c7ff1b1b2565a2cc4fd685dd"},"headline":"ODT\u00dc Y\u00f6netim ve M\u00fchendislik G\u00fcnleri","datePublished":"2013-01-01T10:50:40+00:00","dateModified":"2024-07-03T12:35:43+00:00","mainEntityOfPage":{"@id":"https:\/\/www.kariyer.net\/kariyer-rehberi\/odtu-yonetim-ve-muhendislik-gunleri\/"},"wordCount":393,"commentCount":0,"publisher":{"@id":"https:\/\/www.kariyer.net\/kariyer-rehberi\/#organization"},"articleSection":["Kariyer Geli\u015fimi","\u00dcniversite Kul\u00fcplerinden Haberler"],"inLanguage":"tr","potentialAction":[{"@type":"CommentAction","name":"Comment","target":["https:\/\/www.kariyer.net\/kariyer-rehberi\/odtu-yonetim-ve-muhendislik-gunleri\/#respond"]}]},{"@type":"WebPage","@id":"https:\/\/www.kariyer.net\/kariyer-rehberi\/odtu-yonetim-ve-muhendislik-gunleri\/","url":"https:\/\/www.kariyer.net\/kariyer-rehberi\/odtu-yonetim-ve-muhendislik-gunleri\/","name":"ODT\u00dc Y\u00f6netim ve M\u00fchendislik G\u00fcnleri | Kariyer Rehberi","isPartOf":{"@id":"https:\/\/www.kariyer.net\/kariyer-rehberi\/#website"},"datePublished":"2013-01-01T10:50:40+00:00","dateModified":"2024-07-03T12:35:43+00:00","description":"ODT\u00dc Y\u00f6netim ve M\u00fchendislik G\u00fcnleri 28 \u015eubat-1 Mart tarihlerinde ODT\u00dc K\u00fclt\u00fcr ve Kongre Merkezi\u2019nde ger\u00e7ekle\u015fecektir.","breadcrumb":{"@id":"https:\/\/www.kariyer.net\/kariyer-rehberi\/odtu-yonetim-ve-muhendislik-gunleri\/#breadcrumb"},"inLanguage":"tr","potentialAction":[{"@type":"ReadAction","target":["https:\/\/www.kariyer.net\/kariyer-rehberi\/odtu-yonetim-ve-muhendislik-gunleri\/"]}]},{"@type":"BreadcrumbList","@id":"https:\/\/www.kariyer.net\/kariyer-rehberi\/odtu-yonetim-ve-muhendislik-gunleri\/#breadcrumb","itemListElement":[{"@type":"ListItem","position":1,"name":"Anasayfa","item":"https:\/\/www.kariyer.net\/kariyer-rehberi\/"},{"@type":"ListItem","position":2,"name":"ODT\u00dc Y\u00f6netim ve M\u00fchendislik G\u00fcnleri"}]},{"@type":"WebSite","@id":"https:\/\/www.kariyer.net\/kariyer-rehberi\/#website","url":"https:\/\/www.kariyer.net\/kariyer-rehberi\/","name":"Kariyer Rehberi","description":"\u0130\u015f D\u00fcnyas\u0131yla \u0130lgili Bilmek \u0130stedi\u011finiz Her \u015eey","publisher":{"@id":"https:\/\/www.kariyer.net\/kariyer-rehberi\/#organization"},"potentialAction":[{"@type":"SearchAction","target":{"@type":"EntryPoint","urlTemplate":"https:\/\/www.kariyer.net\/kariyer-rehberi\/?s={search_term_string}"},"query-input":{"@type":"PropertyValueSpecification","valueRequired":true,"valueName":"search_term_string"}}],"inLanguage":"tr"},{"@type":"Organization","@id":"https:\/\/www.kariyer.net\/kariyer-rehberi\/#organization","name":"Kariyer.net","url":"https:\/\/www.kariyer.net\/kariyer-rehberi\/","logo":{"@type":"ImageObject","inLanguage":"tr","@id":"https:\/\/www.kariyer.net\/kariyer-rehberi\/#\/schema\/logo\/image\/","url":"https:\/\/www.kariyer.net\/kariyer-rehberi-new\/wp-content\/uploads\/2023\/01\/og-image11.jpg","contentUrl":"https:\/\/www.kariyer.net\/kariyer-rehberi-new\/wp-content\/uploads\/2023\/01\/og-image11.jpg","width":800,"height":800,"caption":"Kariyer.net"},"image":{"@id":"https:\/\/www.kariyer.net\/kariyer-rehberi\/#\/schema\/logo\/image\/"}},{"@type":"Person","@id":"https:\/\/www.kariyer.net\/kariyer-rehberi\/#\/schema\/person\/94fd6e49c7ff1b1b2565a2cc4fd685dd","name":"Edit\u00f6r","image":{"@type":"ImageObject","inLanguage":"tr","@id":"https:\/\/www.kariyer.net\/kariyer-rehberi\/#\/schema\/person\/image\/","url":"https:\/\/secure.gravatar.com\/avatar\/0c4fe6688343aed3693b15573beae12c08ace5565409d5ab7509bf9c115f458d?s=96&d=mm&r=g","contentUrl":"https:\/\/secure.gravatar.com\/avatar\/0c4fe6688343aed3693b15573beae12c08ace5565409d5ab7509bf9c115f458d?s=96&d=mm&r=g","caption":"Edit\u00f6r"},"url":"https:\/\/www.kariyer.net\/kariyer-rehberi\/author\/editor\/"}]}},"_links":{"self":[{"href":"https:\/\/www.kariyer.net\/kariyer-rehberi\/wp-json\/wp\/v2\/posts\/9606","targetHints":{"allow":["GET"]}}],"collection":[{"href":"https:\/\/www.kariyer.net\/kariyer-rehberi\/wp-json\/wp\/v2\/posts"}],"about":[{"href":"https:\/\/www.kariyer.net\/kariyer-rehberi\/wp-json\/wp\/v2\/types\/post"}],"author":[{"embeddable":true,"href":"https:\/\/www.kariyer.net\/kariyer-rehberi\/wp-json\/wp\/v2\/users\/12"}],"replies":[{"embeddable":true,"href":"https:\/\/www.kariyer.net\/kariyer-rehberi\/wp-json\/wp\/v2\/comments?post=9606"}],"version-history":[{"count":1,"href":"https:\/\/www.kariyer.net\/kariyer-rehberi\/wp-json\/wp\/v2\/posts\/9606\/revisions"}],"predecessor-version":[{"id":19847,"href":"https:\/\/www.kariyer.net\/kariyer-rehberi\/wp-json\/wp\/v2\/posts\/9606\/revisions\/19847"}],"wp:attachment":[{"href":"https:\/\/www.kariyer.net\/kariyer-rehberi\/wp-json\/wp\/v2\/media?parent=9606"}],"wp:term":[{"taxonomy":"category","embeddable":true,"href":"https:\/\/www.kariyer.net\/kariyer-rehberi\/wp-json\/wp\/v2\/categories?post=9606"},{"taxonomy":"post_tag","embeddable":true,"href":"https:\/\/www.kariyer.net\/kariyer-rehberi\/wp-json\/wp\/v2\/tags?post=9606"}],"curies":[{"name":"wp","href":"https:\/\/api.w.org\/{rel}","templated":true}]}}