{"id":9633,"date":"2013-01-01T17:00:55","date_gmt":"2013-01-01T15:00:55","guid":{"rendered":"http:\/\/www.kariyerkampuste.com\/?p=1887"},"modified":"2024-07-03T15:33:18","modified_gmt":"2024-07-03T12:33:18","slug":"insaat-muhendisligi-ogrencileri-bu-semineri-kacirmasin-civilcon-2014","status":"publish","type":"post","link":"https:\/\/www.kariyer.net\/kariyer-rehberi\/insaat-muhendisligi-ogrencileri-bu-semineri-kacirmasin-civilcon-2014\/","title":{"rendered":"\u0130n\u015faat M\u00fchendisli\u011fi \u00d6\u011frencileri Bu Semineri Ka\u00e7\u0131rmas\u0131n: Civilcon 2014"},"content":{"rendered":"<p><a href=\"http:\/\/www.kariyerkampuste.com\/insaat-muhendisligi-ogrencileri-bu-semineri-kacirmasin-civilcon-2014\/\"><img fetchpriority=\"high\" decoding=\"async\" class=\" wp-image-1915 alignleft\" alt=\"civilcon\" src=\"http:\/\/www.kariyerkampuste.com\/wp-content\/uploads\/2014\/02\/civilcon.png\" width=\"346\" height=\"172\" \/><\/a>\u0130T\u00dc M\u00fchendisli\u011fe Haz\u0131rl\u0131k Kul\u00fcb\u00fc, 2006 y\u0131l\u0131nda bu yana d\u00fczenledi\u011fi Civil Engineering Convention \u2018da T\u00fcrkiye\u2019nin ve D\u00fcnya\u2019n\u0131n farkl\u0131 \u00fclkelerinden, y\u00fczlerce farkl\u0131 \u00fcniversiteden 400&#8217;e yak\u0131n in\u015faat m\u00fchendisli\u011fi \u00f6\u011frencisini bir araya getiriyor. Civilcon 2014 \u2018te seminerler, yar\u0131\u015fmalar, sosyal ve teknik etkinlikler yer almaktad\u0131r. Konu\u015fmac\u0131lar sekt\u00f6r\u00fcn \u00f6nde gelen firmalar\u0131ndan ve akademisyenlerinden olu\u015fmaktad\u0131r. <!--more--><\/p>\n<p><strong>[youtube]uLwRZayzEKo[\/youtube]<\/strong><br \/>\nCivilcon \u201914 Yap\u0131 Merkezi , Media Markt, STFA, Tav, Gap, Hilti, Soyak ve <a href=\"www.kariyer.net\" target=\"_blank\" rel=\"noopener\">Kariyer.net\u2018<\/a>in sponsorlu\u011fuyla <strong>3-4-5 Mart<\/strong> tarihlerinde \u0130stanbul Teknik \u00dcniversitesi S\u00fcleyman Demirel K\u00fclt\u00fcr Merkezi\u2019nde ger\u00e7ekle\u015fecektir.<\/p>\n<p>&nbsp;<\/p>\n<p>Detayl\u0131 bilgi ve kat\u0131l\u0131m i\u00e7in a\u015fa\u011f\u0131daki ba\u011flant\u0131lara t\u0131klayabilirsiniz.<\/p>\n<p><a href=\"http:\/\/www.civilcon.itumhk.com\/\" target=\"_blank\" rel=\"noopener\">www.civilcon.itumhk.com\/<\/a><\/p>\n<p><a href=\"https:\/\/www.facebook.com\/groups\/itu.mhk\/\" target=\"_blank\" rel=\"noopener\">www.facebook.com\/groups\/itu.mhk\/<\/a><\/p>\n<p><a href=\"http:\/\/www.mhk.itu.edu.tr\/iletisim.php\" target=\"_blank\" rel=\"noopener\">www.mhk.itu.edu.tr\/iletisim.php<\/a><\/p>\n<!-- templates\/buttons-placeholder.php -->\n<div class=\"da-reactions-outer TpostID9633\">\n\t    <div class=\"da-reactions-data da-reactions-container-async center\"\n         data-type=\"post\"\n         data-id=\"9633\"\n         id=\"da-reactions-slot-post-9633\">\n        <div class=\"da-reactions-static\">\n\t\t\t<img src=\"https:\/\/www.kariyer.net\/kariyer-rehberi\/wp-content\/plugins\/da-reactions\/assets\/dist\/loading.svg\" alt=\"Loading spinner\" width=\"48\" height=\"48\" style=\"width:48px\" \/>\n        <\/div>\n    <\/div>\n<\/div>\n","protected":false},"excerpt":{"rendered":"<p>\u0130T\u00dc M\u00fchendisli\u011fe Haz\u0131rl\u0131k Kul\u00fcb\u00fc, 2006 y\u0131l\u0131nda bu yana d\u00fczenledi\u011fi Civil Engineering Convention \u2018da T\u00fcrkiye\u2019nin ve D\u00fcnya\u2019n\u0131n farkl\u0131 \u00fclkelerinden, y\u00fczlerce farkl\u0131 \u00fcniversiteden 400&#8217;e yak\u0131n in\u015faat m\u00fchendisli\u011fi \u00f6\u011frencisini bir araya getiriyor. Civilcon 2014 \u2018te seminerler, yar\u0131\u015fmalar, sosyal ve teknik etkinlikler yer almaktad\u0131r. Konu\u015fmac\u0131lar sekt\u00f6r\u00fcn \u00f6nde gelen firmalar\u0131ndan ve akademisyenlerinden olu\u015fmaktad\u0131r.<\/p>\n<!-- templates\/buttons-placeholder.php -->\n<div class=\"da-reactions-outer TpostID9633\">\n\t    <div class=\"da-reactions-data da-reactions-container-async center\"\n         data-type=\"post\"\n         data-id=\"9633\"\n         id=\"da-reactions-slot-post-9633\">\n        <div class=\"da-reactions-static\">\n\t\t\t<img src=\"https:\/\/www.kariyer.net\/kariyer-rehberi\/wp-content\/plugins\/da-reactions\/assets\/dist\/loading.svg\" alt=\"Loading spinner\" width=\"48\" height=\"48\" style=\"width:48px\" \/>\n        <\/div>\n    <\/div>\n<\/div>\n","protected":false},"author":12,"featured_media":0,"comment_status":"open","ping_status":"open","sticky":false,"template":"","format":"standard","meta":{"footnotes":"","_elementor_edit_mode":"","_elementor_template_type":"","_elementor_data":"","_elementor_page_settings":null,"_elementor_conditions":[]},"categories":[2211,164],"tags":[672,673,674,675,676],"class_list":{"0":"post-9633","1":"post","2":"type-post","3":"status-publish","4":"format-standard","6":"category-kariyer-gelisimi","7":"category-universite-kuluplerinden-haberler","8":"tag-civilcon","9":"tag-insaat-muhendisligi-konferansi","10":"tag-itu-mhk","11":"tag-itu-muhendislige-hazirlik-kulubu","12":"tag-mhk-civilcon"},"yoast_head":"<!-- This site is optimized with the Yoast SEO Premium plugin v21.4 (Yoast SEO v27.0) - https:\/\/yoast.com\/product\/yoast-seo-premium-wordpress\/ -->\n<title>\u0130T\u00dc Civilcon&#039;14 3-4-5 Mart&#039;ta S\u00fcleyman Demirel K\u00fclt\u00fcr Merkezi&#039;nde! | Kariyer Rehberi<\/title>\n<meta name=\"description\" content=\"\u0130T\u00dc M\u00fchendisli\u011fe Haz\u0131rl\u0131k Kul\u00fcb\u00fc, 2006 y\u0131l\u0131nda bu yana d\u00fczenledi\u011fi Civil Engineering Convention \u2018da T\u00fcrkiye\u2019nin ve D\u00fcnya\u2019n\u0131n farkl\u0131 \u00fclkelerinden, y\u00fczlerce farkl\u0131 \u00fcniversiteden 400&#039;e yak\u0131n in\u015faat m\u00fchendisli\u011fi \u00f6\u011frencisini bir araya getiriyor.\" \/>\n<meta name=\"robots\" content=\"index, follow, max-snippet:-1, max-image-preview:large, max-video-preview:-1\" \/>\n<link rel=\"canonical\" href=\"https:\/\/www.kariyer.net\/kariyer-rehberi\/insaat-muhendisligi-ogrencileri-bu-semineri-kacirmasin-civilcon-2014\/\" \/>\n<meta property=\"og:locale\" content=\"tr_TR\" \/>\n<meta property=\"og:type\" content=\"article\" \/>\n<meta property=\"og:title\" content=\"\u0130n\u015faat M\u00fchendisli\u011fi \u00d6\u011frencileri Bu Semineri Ka\u00e7\u0131rmas\u0131n: Civilcon 2014\" \/>\n<meta property=\"og:description\" content=\"\u0130T\u00dc M\u00fchendisli\u011fe Haz\u0131rl\u0131k Kul\u00fcb\u00fc, 2006 y\u0131l\u0131nda bu yana d\u00fczenledi\u011fi Civil Engineering Convention \u2018da T\u00fcrkiye\u2019nin ve D\u00fcnya\u2019n\u0131n farkl\u0131 \u00fclkelerinden, y\u00fczlerce\" \/>\n<meta property=\"og:url\" content=\"https:\/\/www.kariyer.net\/kariyer-rehberi\/insaat-muhendisligi-ogrencileri-bu-semineri-kacirmasin-civilcon-2014\/\" \/>\n<meta property=\"og:site_name\" content=\"Kariyer Rehberi\" \/>\n<meta property=\"article:published_time\" content=\"2013-01-01T15:00:55+00:00\" \/>\n<meta property=\"article:modified_time\" content=\"2024-07-03T12:33:18+00:00\" \/>\n<meta property=\"og:image\" content=\"http:\/\/www.kariyerkampuste.com\/wp-content\/uploads\/2014\/02\/civilcon.png\" \/>\n<meta name=\"author\" content=\"Edit\u00f6r\" \/>\n<meta name=\"twitter:card\" content=\"summary_large_image\" \/>\n<meta name=\"twitter:label1\" content=\"Yazan:\" \/>\n\t<meta name=\"twitter:data1\" content=\"Edit\u00f6r\" \/>\n\t<meta name=\"twitter:label2\" content=\"Tahmini okuma s\u00fcresi\" \/>\n\t<meta name=\"twitter:data2\" content=\"1 dakika\" \/>\n<!-- \/ Yoast SEO Premium plugin. -->","yoast_head_json":{"title":"\u0130T\u00dc Civilcon'14 3-4-5 Mart'ta S\u00fcleyman Demirel K\u00fclt\u00fcr Merkezi'nde! | Kariyer Rehberi","description":"\u0130T\u00dc M\u00fchendisli\u011fe Haz\u0131rl\u0131k Kul\u00fcb\u00fc, 2006 y\u0131l\u0131nda bu yana d\u00fczenledi\u011fi Civil Engineering Convention \u2018da T\u00fcrkiye\u2019nin ve D\u00fcnya\u2019n\u0131n farkl\u0131 \u00fclkelerinden, y\u00fczlerce farkl\u0131 \u00fcniversiteden 400'e yak\u0131n in\u015faat m\u00fchendisli\u011fi \u00f6\u011frencisini bir araya getiriyor.","robots":{"index":"index","follow":"follow","max-snippet":"max-snippet:-1","max-image-preview":"max-image-preview:large","max-video-preview":"max-video-preview:-1"},"canonical":"https:\/\/www.kariyer.net\/kariyer-rehberi\/insaat-muhendisligi-ogrencileri-bu-semineri-kacirmasin-civilcon-2014\/","og_locale":"tr_TR","og_type":"article","og_title":"\u0130n\u015faat M\u00fchendisli\u011fi \u00d6\u011frencileri Bu Semineri Ka\u00e7\u0131rmas\u0131n: Civilcon 2014","og_description":"\u0130T\u00dc M\u00fchendisli\u011fe Haz\u0131rl\u0131k Kul\u00fcb\u00fc, 2006 y\u0131l\u0131nda bu yana d\u00fczenledi\u011fi Civil Engineering Convention \u2018da T\u00fcrkiye\u2019nin ve D\u00fcnya\u2019n\u0131n farkl\u0131 \u00fclkelerinden, y\u00fczlerce","og_url":"https:\/\/www.kariyer.net\/kariyer-rehberi\/insaat-muhendisligi-ogrencileri-bu-semineri-kacirmasin-civilcon-2014\/","og_site_name":"Kariyer Rehberi","article_published_time":"2013-01-01T15:00:55+00:00","article_modified_time":"2024-07-03T12:33:18+00:00","og_image":[{"url":"http:\/\/www.kariyerkampuste.com\/wp-content\/uploads\/2014\/02\/civilcon.png","type":"","width":"","height":""}],"author":"Edit\u00f6r","twitter_card":"summary_large_image","twitter_misc":{"Yazan:":"Edit\u00f6r","Tahmini okuma s\u00fcresi":"1 dakika"},"schema":{"@context":"https:\/\/schema.org","@graph":[{"@type":"Article","@id":"https:\/\/www.kariyer.net\/kariyer-rehberi\/insaat-muhendisligi-ogrencileri-bu-semineri-kacirmasin-civilcon-2014\/#article","isPartOf":{"@id":"https:\/\/www.kariyer.net\/kariyer-rehberi\/insaat-muhendisligi-ogrencileri-bu-semineri-kacirmasin-civilcon-2014\/"},"author":{"name":"Edit\u00f6r","@id":"https:\/\/www.kariyer.net\/kariyer-rehberi\/#\/schema\/person\/94fd6e49c7ff1b1b2565a2cc4fd685dd"},"headline":"\u0130n\u015faat M\u00fchendisli\u011fi \u00d6\u011frencileri Bu Semineri Ka\u00e7\u0131rmas\u0131n: Civilcon 2014","datePublished":"2013-01-01T15:00:55+00:00","dateModified":"2024-07-03T12:33:18+00:00","mainEntityOfPage":{"@id":"https:\/\/www.kariyer.net\/kariyer-rehberi\/insaat-muhendisligi-ogrencileri-bu-semineri-kacirmasin-civilcon-2014\/"},"wordCount":157,"commentCount":0,"publisher":{"@id":"https:\/\/www.kariyer.net\/kariyer-rehberi\/#organization"},"image":{"@id":"https:\/\/www.kariyer.net\/kariyer-rehberi\/insaat-muhendisligi-ogrencileri-bu-semineri-kacirmasin-civilcon-2014\/#primaryimage"},"thumbnailUrl":"http:\/\/www.kariyerkampuste.com\/wp-content\/uploads\/2014\/02\/civilcon.png","keywords":["civilcon","in\u015faat m\u00fchendisli\u011fi konferans\u0131","it\u00fc mhk","\u0130T\u00dc M\u00fchendisli\u011fe Haz\u0131rl\u0131k Kul\u00fcb\u00fc","mhk civilcon"],"articleSection":["Kariyer Geli\u015fimi","\u00dcniversite Kul\u00fcplerinden Haberler"],"inLanguage":"tr","potentialAction":[{"@type":"CommentAction","name":"Comment","target":["https:\/\/www.kariyer.net\/kariyer-rehberi\/insaat-muhendisligi-ogrencileri-bu-semineri-kacirmasin-civilcon-2014\/#respond"]}]},{"@type":"WebPage","@id":"https:\/\/www.kariyer.net\/kariyer-rehberi\/insaat-muhendisligi-ogrencileri-bu-semineri-kacirmasin-civilcon-2014\/","url":"https:\/\/www.kariyer.net\/kariyer-rehberi\/insaat-muhendisligi-ogrencileri-bu-semineri-kacirmasin-civilcon-2014\/","name":"\u0130T\u00dc Civilcon'14 3-4-5 Mart'ta S\u00fcleyman Demirel K\u00fclt\u00fcr Merkezi'nde! | Kariyer Rehberi","isPartOf":{"@id":"https:\/\/www.kariyer.net\/kariyer-rehberi\/#website"},"primaryImageOfPage":{"@id":"https:\/\/www.kariyer.net\/kariyer-rehberi\/insaat-muhendisligi-ogrencileri-bu-semineri-kacirmasin-civilcon-2014\/#primaryimage"},"image":{"@id":"https:\/\/www.kariyer.net\/kariyer-rehberi\/insaat-muhendisligi-ogrencileri-bu-semineri-kacirmasin-civilcon-2014\/#primaryimage"},"thumbnailUrl":"http:\/\/www.kariyerkampuste.com\/wp-content\/uploads\/2014\/02\/civilcon.png","datePublished":"2013-01-01T15:00:55+00:00","dateModified":"2024-07-03T12:33:18+00:00","description":"\u0130T\u00dc M\u00fchendisli\u011fe Haz\u0131rl\u0131k Kul\u00fcb\u00fc, 2006 y\u0131l\u0131nda bu yana d\u00fczenledi\u011fi Civil Engineering Convention \u2018da T\u00fcrkiye\u2019nin ve D\u00fcnya\u2019n\u0131n farkl\u0131 \u00fclkelerinden, y\u00fczlerce farkl\u0131 \u00fcniversiteden 400'e yak\u0131n in\u015faat m\u00fchendisli\u011fi \u00f6\u011frencisini bir araya getiriyor.","breadcrumb":{"@id":"https:\/\/www.kariyer.net\/kariyer-rehberi\/insaat-muhendisligi-ogrencileri-bu-semineri-kacirmasin-civilcon-2014\/#breadcrumb"},"inLanguage":"tr","potentialAction":[{"@type":"ReadAction","target":["https:\/\/www.kariyer.net\/kariyer-rehberi\/insaat-muhendisligi-ogrencileri-bu-semineri-kacirmasin-civilcon-2014\/"]}]},{"@type":"ImageObject","inLanguage":"tr","@id":"https:\/\/www.kariyer.net\/kariyer-rehberi\/insaat-muhendisligi-ogrencileri-bu-semineri-kacirmasin-civilcon-2014\/#primaryimage","url":"http:\/\/www.kariyerkampuste.com\/wp-content\/uploads\/2014\/02\/civilcon.png","contentUrl":"http:\/\/www.kariyerkampuste.com\/wp-content\/uploads\/2014\/02\/civilcon.png"},{"@type":"BreadcrumbList","@id":"https:\/\/www.kariyer.net\/kariyer-rehberi\/insaat-muhendisligi-ogrencileri-bu-semineri-kacirmasin-civilcon-2014\/#breadcrumb","itemListElement":[{"@type":"ListItem","position":1,"name":"Anasayfa","item":"https:\/\/www.kariyer.net\/kariyer-rehberi\/"},{"@type":"ListItem","position":2,"name":"\u0130n\u015faat M\u00fchendisli\u011fi \u00d6\u011frencileri Bu Semineri Ka\u00e7\u0131rmas\u0131n: Civilcon 2014"}]},{"@type":"WebSite","@id":"https:\/\/www.kariyer.net\/kariyer-rehberi\/#website","url":"https:\/\/www.kariyer.net\/kariyer-rehberi\/","name":"Kariyer Rehberi","description":"\u0130\u015f D\u00fcnyas\u0131yla \u0130lgili Bilmek \u0130stedi\u011finiz Her \u015eey","publisher":{"@id":"https:\/\/www.kariyer.net\/kariyer-rehberi\/#organization"},"potentialAction":[{"@type":"SearchAction","target":{"@type":"EntryPoint","urlTemplate":"https:\/\/www.kariyer.net\/kariyer-rehberi\/?s={search_term_string}"},"query-input":{"@type":"PropertyValueSpecification","valueRequired":true,"valueName":"search_term_string"}}],"inLanguage":"tr"},{"@type":"Organization","@id":"https:\/\/www.kariyer.net\/kariyer-rehberi\/#organization","name":"Kariyer.net","url":"https:\/\/www.kariyer.net\/kariyer-rehberi\/","logo":{"@type":"ImageObject","inLanguage":"tr","@id":"https:\/\/www.kariyer.net\/kariyer-rehberi\/#\/schema\/logo\/image\/","url":"https:\/\/www.kariyer.net\/kariyer-rehberi-new\/wp-content\/uploads\/2023\/01\/og-image11.jpg","contentUrl":"https:\/\/www.kariyer.net\/kariyer-rehberi-new\/wp-content\/uploads\/2023\/01\/og-image11.jpg","width":800,"height":800,"caption":"Kariyer.net"},"image":{"@id":"https:\/\/www.kariyer.net\/kariyer-rehberi\/#\/schema\/logo\/image\/"}},{"@type":"Person","@id":"https:\/\/www.kariyer.net\/kariyer-rehberi\/#\/schema\/person\/94fd6e49c7ff1b1b2565a2cc4fd685dd","name":"Edit\u00f6r","image":{"@type":"ImageObject","inLanguage":"tr","@id":"https:\/\/www.kariyer.net\/kariyer-rehberi\/#\/schema\/person\/image\/","url":"https:\/\/secure.gravatar.com\/avatar\/0c4fe6688343aed3693b15573beae12c08ace5565409d5ab7509bf9c115f458d?s=96&d=mm&r=g","contentUrl":"https:\/\/secure.gravatar.com\/avatar\/0c4fe6688343aed3693b15573beae12c08ace5565409d5ab7509bf9c115f458d?s=96&d=mm&r=g","caption":"Edit\u00f6r"},"url":"https:\/\/www.kariyer.net\/kariyer-rehberi\/author\/editor\/"}]}},"_links":{"self":[{"href":"https:\/\/www.kariyer.net\/kariyer-rehberi\/wp-json\/wp\/v2\/posts\/9633","targetHints":{"allow":["GET"]}}],"collection":[{"href":"https:\/\/www.kariyer.net\/kariyer-rehberi\/wp-json\/wp\/v2\/posts"}],"about":[{"href":"https:\/\/www.kariyer.net\/kariyer-rehberi\/wp-json\/wp\/v2\/types\/post"}],"author":[{"embeddable":true,"href":"https:\/\/www.kariyer.net\/kariyer-rehberi\/wp-json\/wp\/v2\/users\/12"}],"replies":[{"embeddable":true,"href":"https:\/\/www.kariyer.net\/kariyer-rehberi\/wp-json\/wp\/v2\/comments?post=9633"}],"version-history":[{"count":1,"href":"https:\/\/www.kariyer.net\/kariyer-rehberi\/wp-json\/wp\/v2\/posts\/9633\/revisions"}],"predecessor-version":[{"id":19740,"href":"https:\/\/www.kariyer.net\/kariyer-rehberi\/wp-json\/wp\/v2\/posts\/9633\/revisions\/19740"}],"wp:attachment":[{"href":"https:\/\/www.kariyer.net\/kariyer-rehberi\/wp-json\/wp\/v2\/media?parent=9633"}],"wp:term":[{"taxonomy":"category","embeddable":true,"href":"https:\/\/www.kariyer.net\/kariyer-rehberi\/wp-json\/wp\/v2\/categories?post=9633"},{"taxonomy":"post_tag","embeddable":true,"href":"https:\/\/www.kariyer.net\/kariyer-rehberi\/wp-json\/wp\/v2\/tags?post=9633"}],"curies":[{"name":"wp","href":"https:\/\/api.w.org\/{rel}","templated":true}]}}