{"id":9669,"date":"2013-01-01T10:00:24","date_gmt":"2013-01-01T08:00:24","guid":{"rendered":"http:\/\/www.kariyerkampuste.com\/?p=2170"},"modified":"2024-07-03T15:36:44","modified_gmt":"2024-07-03T12:36:44","slug":"girisimciler-itude-bulusuyor-girisimcilik-zirvesi-2014","status":"publish","type":"post","link":"https:\/\/www.kariyer.net\/kariyer-rehberi\/girisimciler-itude-bulusuyor-girisimcilik-zirvesi-2014\/","title":{"rendered":"Giri\u015fimciler \u0130T\u00dc\u2019de Bulu\u015fuyor: Giri\u015fimcilik Zirvesi 2014"},"content":{"rendered":"<p>G\u00fcn\u00fcm\u00fcz\u00fcn geli\u015fen ve de\u011fi\u015fen ya\u015fam \u015fartlar\u0131 ile birlikte i\u015f d\u00fcnyas\u0131 \u00e7ok b\u00fcy\u00fck bir yar\u0131\u015f i\u00e7erisindedir. Globalle\u015fen d\u00fcnyada bu rekabet ortam\u0131, toplumlar i\u00e7in kalk\u0131nman\u0131n ve gelece\u011fe yat\u0131r\u0131m yapman\u0131n \u00f6nemini b\u00fcy\u00fck \u00f6l\u00e7\u00fcde art\u0131rm\u0131\u015ft\u0131r. Bu yar\u0131\u015fta \u00f6ne ge\u00e7ebilmek ise\u00a0\u00e7a\u011fa ayak uydurmaktan ve inovasyondan ge\u00e7er. Bunu sa\u011flayabilecek en b\u00fcy\u00fck kuvvet giri\u015fimciliktir. Ekonomik olarak b\u00fcy\u00fcmenin yan\u0131 s\u0131ra giri\u015fimcilik, yeni teknolojilerin \u00fcretilmesini ve geli\u015ftirilmesini de sa\u011flar; ayr\u0131ca f\u0131rsatlar\u0131n do\u011fru bir bi\u00e7imde de\u011ferlendirilmesiyle kalk\u0131nmaya en b\u00fcy\u00fck katk\u0131y\u0131 yapar. Bu \u015fartlar alt\u0131nda bak\u0131ld\u0131\u011f\u0131nda giri\u015fimcilik, kendimizi ve \u00e7evremizi geli\u015ftirmek i\u00e7in en b\u00fcy\u00fck avantajd\u0131r.<\/p>\n<p>Giri\u015fimcilik ayn\u0131 zamanda, tutkuyla ba\u011fl\u0131 oldu\u011fumuz d\u00fc\u015f\u00fcncemizin ger\u00e7ekle\u015fmesi ve gelece\u011fimizi \u015fekillendirmesidir. Giri\u015fimimizin hayat bulmas\u0131, izlenen yolda ba\u015far\u0131s\u0131zl\u0131k olas\u0131l\u0131\u011f\u0131n\u0131 reddetmeye ba\u011fl\u0131d\u0131r. O halde \u00f6nemli olan, ba\u015far\u0131s\u0131zl\u0131\u011fa ba\u011flanan inanc\u0131m\u0131z\u0131n iplerini cesaretimizle \u00e7\u00f6zebilmektir. \u00d6zg\u00fcrle\u015fen tutkumuz b\u00f6ylece gelece\u011fe y\u00f6n verecektir. \u00d6yleyse diyoruz ki&#8230;<\/p>\n<p><strong>&#8221; B\u0131rak Tutkun Gelece\u011fin Olsun! &#8220;<!--more--><\/strong><\/p>\n<p><strong>Giri\u015fimcilik Zirvesi 2014;<\/strong> geli\u015fen konseptiyle, farkl\u0131 sekt\u00f6rlerden farkl\u0131 bak\u0131\u015f a\u00e7\u0131lar\u0131, ba\u015far\u0131 hikayeleri, yeni fikirler ve s\u00fcrpriz aktivitelerle giri\u015fimcili\u011fe merakl\u0131 \u00fcniversite \u00f6\u011frencilerinin yine b\u00fcy\u00fck ilgisini \u00e7ekecek.<\/p>\n<p>\u0130T\u00dc Giri\u015fimcilik Zirvesi 2014,<\/p>\n<p>14-15 Nisan tarihlerinde \u0130T\u00dc Ayaza\u011fa Kamp\u00fcs\u00fc&#8217;nde ger\u00e7ekle\u015fecek <em>Temel Giri\u015fimcilik ve \u0130novasyon E\u011fitimleri<\/em>;<\/p>\n<p>16 Nisan tarihinde \u0130T\u00dc Ma\u00e7ka Yerle\u015fkesi Mustafa Kemal Amfisi&#8217;nde ger\u00e7ekle\u015fecek <em>Mentor Bulu\u015fmas\u0131<\/em>;<\/p>\n<p>17-18 Nisan tarihlerinde \u00fcst d\u00fczey kat\u0131l\u0131mc\u0131lar\u0131n a\u011f\u0131rlanaca\u011f\u0131 paneller ve panel aralar\u0131nda yap\u0131lacak olan Yeni Giri\u015fim Sunumlar\u0131n\u0131 bar\u0131nd\u0131racak Zirve&#8217;14 ile giri\u015fimcilik kavram\u0131n\u0131 her y\u00f6n\u00fcyle ele almay\u0131 hedefliyor.<\/p>\n<p>Giri\u015fimcilik Zirvesi 2014&#8217;\u00fcn merakla beklenen program\u0131 \u015f\u00f6yle :<\/p>\n<p><span style=\"color: #ff6600;\"><strong> 14 Nisan 2014 Pazartesi<\/strong><\/span><\/p>\n<p>13.00-14.30 Zeynep ERDEN BAYAZIT &#8211; \u0130T\u00dc Giri\u015fimcilik ve \u0130novasyon Merkezi Direkt\u00f6r\u00fc<br \/>\n15.00-18.00 TEB Giri\u015fim ile Giri\u015fimcilik ve \u0130\u015f Kurma S\u00fcre\u00e7leri<\/p>\n<p><strong><span style=\"color: #ff6600;\"> 15 Nisan 2014 Sal\u0131<\/span><\/strong><\/p>\n<p>14.00-16.00 Deniz TUN\u00c7ALP &#8211; \u0130T\u00dc Giri\u015fimcilik ve \u0130novasyon Merkezi Direkt\u00f6r\u00fc<br \/>\n17.00-19.00 TEB Giri\u015fim ile \u0130novasyon ve Teknoloji Y\u00f6netimi E\u011fitimi<\/p>\n<p><span style=\"color: #ff6600;\"><strong>16 Nisan 2014 \u00c7ar\u015famba<\/strong><\/span><\/p>\n<p>18.00-20.00 \u0130T\u00dc Giri\u015fimcilik Zirvesi: Mentor Bulu\u015fmas\u0131<\/p>\n<p><span style=\"color: #ff6600;\"><strong>17 Nisan 2014 Per\u015fembe<\/strong><\/span><\/p>\n<p>13.00-14.15 D\u00fcnyay\u0131 kucaklayan sekt\u00f6r: \u0130nternet ve Mobil<\/p>\n<p>Melih \u00d6DEM\u0130\u015e \u2013 Yemeksepeti.com Kurucu Orta\u011f\u0131<br \/>\nMetin KAHRAMAN \u2013 Monitera.com Kurucu Orta\u011f\u0131<br \/>\nFatih \u0130\u015eBECER \u2013 Pozitron Kurucusu, CEO<\/p>\n<p>14.15-14.30 Yeni Giri\u015fim Sunumlar\u0131<\/p>\n<p>15.00-16.15 Giri\u015fimcilikte Han\u0131m Eli<\/p>\n<p>Ufuk TARHAN \u2013 F\u00fct\u00fcrist, M-Gen Gelecek Planlama Merkezi Kurucusu<br \/>\nBedriye H\u00dcLYA \u2013 B-Fit Kurucusu<br \/>\nZuhal MANSFIELD \u2013 TMG Madencilik Kurucusu<br \/>\nZeynep ERDEN BAYAZIT \u2013 \u0130T\u00dc \u00d6\u011fretim \u00dcyesi<\/p>\n<p>16.15-16.30 Yeni Giri\u015fim Sunumlar\u0131<\/p>\n<p>17.00-18.15 Giri\u015fimcilik Hikayeleri: Hayallerin \u00d6tesindeki Giri\u015fimler<\/p>\n<p>Mehmet AKSOY \u2013 Solidem Kurucusu<br \/>\nHakan B\u0130LG\u0130NER \u2013 Zaytung.com Kurucusu<br \/>\nErbakan MALKO\u00c7 \u2013 Dizayn VIP Kurucusu<br \/>\nSedat KILI\u00c7 \u2013 Alse \u015eirketler Grubu Kurucusu ve Y\u00f6netim Kurulu Ba\u015fkan\u0131<br \/>\nSalih S\u00d6ZMEN \u2013 \u0130T\u00dc Y\u00fcksek Lisans \u00d6\u011frencisi<\/p>\n<p><span style=\"color: #ff6600;\"><strong> 18 Nisan 2014 Cuma<\/strong><\/span><\/p>\n<p>14.30-15.45 \u2013 Sosyal Giri\u015fimcilik: Yeni Nesil Kahramanlar<\/p>\n<p>Ay\u015feg\u00fcl G\u00dcZEL \u2013\u00a0<a href=\"http:\/\/zumbara.com\/\" target=\"_blank\" rel=\"noopener\">zumbara.com<\/a>\u00a0Kurucusu<br \/>\n\u0130smail BERBER \u2013 TEB Giri\u015fimcisi, Semsis Dizayn Kurucusu<br \/>\nMelih \u00d6ZS\u00d6Z \u2013 \u00c7\u00f6pmadam Kurucu Orta\u011f\u0131<br \/>\nOnur AYDIN \u2013\u00a0<a href=\"http:\/\/birsilgibirkalem.com\/\" target=\"_blank\" rel=\"noopener\">birsilgibirkalem.com<\/a>\u00a0Kurucusu<\/p>\n<p>15.45-16.00 \u2013 Yeni Giri\u015fim Sunumlar\u0131<\/p>\n<p>16.30-18.00 \u2013 \u015eirketlerde \u0130novasyon ve Giri\u015fimcilik<\/p>\n<p>Evrim ARAS \u2013 Aras Holding Y\u00f6netim Kurulu Ba\u015fkan\u0131<br \/>\n\u0130brahim ERDEMO\u011eLU \u2013 Erdemo\u011flu Holding Y\u00f6netim Kurulu Ba\u015fkan\u0131<br \/>\nErol B\u0130LEC\u0130K \u2013 Index Group CEO<br \/>\n\u0130hsan ELG\u0130N \u2013 \u00d6zye\u011fin \u00dcniversitesi Giri\u015fimcilik Merkezi Direkt\u00f6r\u00fc<\/p>\n<p>Sen de birbirinden de\u011ferli , giri\u015fimcilik ad\u0131na \u00f6nemli i\u015fler ba\u015farm\u0131\u015f bu giri\u015fimcilerin ba\u015far\u0131 hikayelerinden ilham al\u0131p gelece\u011fine y\u00f6n vermek istiyorsan <strong>14-15 Nisan \u0130T\u00dc Ayaza\u011fa Kamp\u00fcs\u00fc&#8217;nde<\/strong> ve <strong>16 \u2013 18 Nisan \u0130T\u00dc Ma\u00e7ka Kamp\u00fcs\u00fc&#8217;nde<\/strong> g\u00f6r\u00fc\u015fmek \u00fczere\u2026<\/p>\n<p><a href=\" www.itugirisimcilikzirvesi.org\"> www.itugirisimcilikzirvesi.org<\/a><\/p>\n<p>&nbsp;<\/p>\n<p><a href=\"https:\/\/www.facebook.com\/events\/287692261387870\/?fref=ts\">https:\/\/www.facebook.com\/events\/287692261387870\/?fref=ts<\/a><\/p>\n<!-- templates\/buttons-placeholder.php -->\n<div class=\"da-reactions-outer TpostID9669\">\n\t    <div class=\"da-reactions-data da-reactions-container-async center\"\n         data-type=\"post\"\n         data-id=\"9669\"\n         id=\"da-reactions-slot-post-9669\">\n        <div class=\"da-reactions-static\">\n\t\t\t<img src=\"https:\/\/www.kariyer.net\/kariyer-rehberi\/wp-content\/plugins\/da-reactions\/assets\/dist\/loading.svg\" alt=\"Loading spinner\" width=\"48\" height=\"48\" style=\"width:48px\" \/>\n        <\/div>\n    <\/div>\n<\/div>\n","protected":false},"excerpt":{"rendered":"<p>G\u00fcn\u00fcm\u00fcz\u00fcn geli\u015fen ve de\u011fi\u015fen ya\u015fam \u015fartlar\u0131 ile birlikte i\u015f d\u00fcnyas\u0131 \u00e7ok b\u00fcy\u00fck bir yar\u0131\u015f i\u00e7erisindedir. Globalle\u015fen d\u00fcnyada bu rekabet ortam\u0131, toplumlar i\u00e7in kalk\u0131nman\u0131n ve gelece\u011fe yat\u0131r\u0131m yapman\u0131n \u00f6nemini b\u00fcy\u00fck \u00f6l\u00e7\u00fcde art\u0131rm\u0131\u015ft\u0131r. Bu yar\u0131\u015fta \u00f6ne ge\u00e7ebilmek ise\u00a0\u00e7a\u011fa ayak uydurmaktan ve inovasyondan ge\u00e7er. Bunu sa\u011flayabilecek en b\u00fcy\u00fck kuvvet giri\u015fimciliktir. Ekonomik olarak b\u00fcy\u00fcmenin yan\u0131 s\u0131ra giri\u015fimcilik, yeni teknolojilerin [&hellip;]<\/p>\n<!-- templates\/buttons-placeholder.php -->\n<div class=\"da-reactions-outer TpostID9669\">\n\t    <div class=\"da-reactions-data da-reactions-container-async center\"\n         data-type=\"post\"\n         data-id=\"9669\"\n         id=\"da-reactions-slot-post-9669\">\n        <div class=\"da-reactions-static\">\n\t\t\t<img src=\"https:\/\/www.kariyer.net\/kariyer-rehberi\/wp-content\/plugins\/da-reactions\/assets\/dist\/loading.svg\" alt=\"Loading spinner\" width=\"48\" height=\"48\" style=\"width:48px\" \/>\n        <\/div>\n    <\/div>\n<\/div>\n","protected":false},"author":12,"featured_media":0,"comment_status":"open","ping_status":"open","sticky":false,"template":"","format":"standard","meta":{"footnotes":"","_elementor_edit_mode":"","_elementor_template_type":"","_elementor_data":"","_elementor_page_settings":null,"_elementor_conditions":[]},"categories":[2211,164],"tags":[752,753,146],"class_list":{"0":"post-9669","1":"post","2":"type-post","3":"status-publish","4":"format-standard","6":"category-kariyer-gelisimi","7":"category-universite-kuluplerinden-haberler","8":"tag-girisimcilik","9":"tag-girisimcilik-zirvesi-2014","10":"tag-itu"},"yoast_head":"<!-- This site is optimized with the Yoast SEO Premium plugin v21.4 (Yoast SEO v27.0) - https:\/\/yoast.com\/product\/yoast-seo-premium-wordpress\/ -->\n<title>Giri\u015fimciler \u0130T\u00dc\u2019de Bulu\u015fuyor: Giri\u015fimcilik Zirvesi 2014 | Kariyer Rehberi<\/title>\n<meta name=\"description\" content=\"Sen de birbirinden de\u011ferli , giri\u015fimcilik ad\u0131na \u00f6nemli i\u015fler ba\u015farm\u0131\u015f bu giri\u015fimcilerin ba\u015far\u0131 hikayelerinden ilham al\u0131p gelece\u011fine y\u00f6n vermek istiyorsan 14-15 Nisan \u0130T\u00dc Ayaza\u011fa Kamp\u00fcs\u00fc&#039;nde ve 16 \u2013 18 Nisan \u0130T\u00dc Ma\u00e7ka Kamp\u00fcs\u00fc&#039;nde g\u00f6r\u00fc\u015fmek \u00fczere\u2026\" \/>\n<meta name=\"robots\" content=\"index, follow, max-snippet:-1, max-image-preview:large, max-video-preview:-1\" \/>\n<link rel=\"canonical\" href=\"https:\/\/www.kariyer.net\/kariyer-rehberi\/girisimciler-itude-bulusuyor-girisimcilik-zirvesi-2014\/\" \/>\n<meta property=\"og:locale\" content=\"tr_TR\" \/>\n<meta property=\"og:type\" content=\"article\" \/>\n<meta property=\"og:title\" content=\"Giri\u015fimciler \u0130T\u00dc\u2019de Bulu\u015fuyor: Giri\u015fimcilik Zirvesi 2014\" \/>\n<meta property=\"og:description\" content=\"G\u00fcn\u00fcm\u00fcz\u00fcn geli\u015fen ve de\u011fi\u015fen ya\u015fam \u015fartlar\u0131 ile birlikte i\u015f d\u00fcnyas\u0131 \u00e7ok b\u00fcy\u00fck bir yar\u0131\u015f i\u00e7erisindedir. Globalle\u015fen d\u00fcnyada bu rekabet ortam\u0131, toplumlar\" \/>\n<meta property=\"og:url\" content=\"https:\/\/www.kariyer.net\/kariyer-rehberi\/girisimciler-itude-bulusuyor-girisimcilik-zirvesi-2014\/\" \/>\n<meta property=\"og:site_name\" content=\"Kariyer Rehberi\" \/>\n<meta property=\"article:published_time\" content=\"2013-01-01T08:00:24+00:00\" \/>\n<meta property=\"article:modified_time\" content=\"2024-07-03T12:36:44+00:00\" \/>\n<meta name=\"author\" content=\"Edit\u00f6r\" \/>\n<meta name=\"twitter:card\" content=\"summary_large_image\" \/>\n<meta name=\"twitter:label1\" content=\"Yazan:\" \/>\n\t<meta name=\"twitter:data1\" content=\"Edit\u00f6r\" \/>\n\t<meta name=\"twitter:label2\" content=\"Tahmini okuma s\u00fcresi\" \/>\n\t<meta name=\"twitter:data2\" content=\"3 dakika\" \/>\n<!-- \/ Yoast SEO Premium plugin. -->","yoast_head_json":{"title":"Giri\u015fimciler \u0130T\u00dc\u2019de Bulu\u015fuyor: Giri\u015fimcilik Zirvesi 2014 | Kariyer Rehberi","description":"Sen de birbirinden de\u011ferli , giri\u015fimcilik ad\u0131na \u00f6nemli i\u015fler ba\u015farm\u0131\u015f bu giri\u015fimcilerin ba\u015far\u0131 hikayelerinden ilham al\u0131p gelece\u011fine y\u00f6n vermek istiyorsan 14-15 Nisan \u0130T\u00dc Ayaza\u011fa Kamp\u00fcs\u00fc'nde ve 16 \u2013 18 Nisan \u0130T\u00dc Ma\u00e7ka Kamp\u00fcs\u00fc'nde g\u00f6r\u00fc\u015fmek \u00fczere\u2026","robots":{"index":"index","follow":"follow","max-snippet":"max-snippet:-1","max-image-preview":"max-image-preview:large","max-video-preview":"max-video-preview:-1"},"canonical":"https:\/\/www.kariyer.net\/kariyer-rehberi\/girisimciler-itude-bulusuyor-girisimcilik-zirvesi-2014\/","og_locale":"tr_TR","og_type":"article","og_title":"Giri\u015fimciler \u0130T\u00dc\u2019de Bulu\u015fuyor: Giri\u015fimcilik Zirvesi 2014","og_description":"G\u00fcn\u00fcm\u00fcz\u00fcn geli\u015fen ve de\u011fi\u015fen ya\u015fam \u015fartlar\u0131 ile birlikte i\u015f d\u00fcnyas\u0131 \u00e7ok b\u00fcy\u00fck bir yar\u0131\u015f i\u00e7erisindedir. Globalle\u015fen d\u00fcnyada bu rekabet ortam\u0131, toplumlar","og_url":"https:\/\/www.kariyer.net\/kariyer-rehberi\/girisimciler-itude-bulusuyor-girisimcilik-zirvesi-2014\/","og_site_name":"Kariyer Rehberi","article_published_time":"2013-01-01T08:00:24+00:00","article_modified_time":"2024-07-03T12:36:44+00:00","author":"Edit\u00f6r","twitter_card":"summary_large_image","twitter_misc":{"Yazan:":"Edit\u00f6r","Tahmini okuma s\u00fcresi":"3 dakika"},"schema":{"@context":"https:\/\/schema.org","@graph":[{"@type":"Article","@id":"https:\/\/www.kariyer.net\/kariyer-rehberi\/girisimciler-itude-bulusuyor-girisimcilik-zirvesi-2014\/#article","isPartOf":{"@id":"https:\/\/www.kariyer.net\/kariyer-rehberi\/girisimciler-itude-bulusuyor-girisimcilik-zirvesi-2014\/"},"author":{"name":"Edit\u00f6r","@id":"https:\/\/www.kariyer.net\/kariyer-rehberi\/#\/schema\/person\/94fd6e49c7ff1b1b2565a2cc4fd685dd"},"headline":"Giri\u015fimciler \u0130T\u00dc\u2019de Bulu\u015fuyor: Giri\u015fimcilik Zirvesi 2014","datePublished":"2013-01-01T08:00:24+00:00","dateModified":"2024-07-03T12:36:44+00:00","mainEntityOfPage":{"@id":"https:\/\/www.kariyer.net\/kariyer-rehberi\/girisimciler-itude-bulusuyor-girisimcilik-zirvesi-2014\/"},"wordCount":678,"commentCount":0,"publisher":{"@id":"https:\/\/www.kariyer.net\/kariyer-rehberi\/#organization"},"keywords":["Giri\u015fimcilik","Giri\u015fimcilik Zirvesi 2014","\u0130T\u00dc"],"articleSection":["Kariyer Geli\u015fimi","\u00dcniversite Kul\u00fcplerinden Haberler"],"inLanguage":"tr","potentialAction":[{"@type":"CommentAction","name":"Comment","target":["https:\/\/www.kariyer.net\/kariyer-rehberi\/girisimciler-itude-bulusuyor-girisimcilik-zirvesi-2014\/#respond"]}]},{"@type":"WebPage","@id":"https:\/\/www.kariyer.net\/kariyer-rehberi\/girisimciler-itude-bulusuyor-girisimcilik-zirvesi-2014\/","url":"https:\/\/www.kariyer.net\/kariyer-rehberi\/girisimciler-itude-bulusuyor-girisimcilik-zirvesi-2014\/","name":"Giri\u015fimciler \u0130T\u00dc\u2019de Bulu\u015fuyor: Giri\u015fimcilik Zirvesi 2014 | Kariyer Rehberi","isPartOf":{"@id":"https:\/\/www.kariyer.net\/kariyer-rehberi\/#website"},"datePublished":"2013-01-01T08:00:24+00:00","dateModified":"2024-07-03T12:36:44+00:00","description":"Sen de birbirinden de\u011ferli , giri\u015fimcilik ad\u0131na \u00f6nemli i\u015fler ba\u015farm\u0131\u015f bu giri\u015fimcilerin ba\u015far\u0131 hikayelerinden ilham al\u0131p gelece\u011fine y\u00f6n vermek istiyorsan 14-15 Nisan \u0130T\u00dc Ayaza\u011fa Kamp\u00fcs\u00fc'nde ve 16 \u2013 18 Nisan \u0130T\u00dc Ma\u00e7ka Kamp\u00fcs\u00fc'nde g\u00f6r\u00fc\u015fmek \u00fczere\u2026","breadcrumb":{"@id":"https:\/\/www.kariyer.net\/kariyer-rehberi\/girisimciler-itude-bulusuyor-girisimcilik-zirvesi-2014\/#breadcrumb"},"inLanguage":"tr","potentialAction":[{"@type":"ReadAction","target":["https:\/\/www.kariyer.net\/kariyer-rehberi\/girisimciler-itude-bulusuyor-girisimcilik-zirvesi-2014\/"]}]},{"@type":"BreadcrumbList","@id":"https:\/\/www.kariyer.net\/kariyer-rehberi\/girisimciler-itude-bulusuyor-girisimcilik-zirvesi-2014\/#breadcrumb","itemListElement":[{"@type":"ListItem","position":1,"name":"Anasayfa","item":"https:\/\/www.kariyer.net\/kariyer-rehberi\/"},{"@type":"ListItem","position":2,"name":"Giri\u015fimciler \u0130T\u00dc\u2019de Bulu\u015fuyor: Giri\u015fimcilik Zirvesi 2014"}]},{"@type":"WebSite","@id":"https:\/\/www.kariyer.net\/kariyer-rehberi\/#website","url":"https:\/\/www.kariyer.net\/kariyer-rehberi\/","name":"Kariyer Rehberi","description":"\u0130\u015f D\u00fcnyas\u0131yla \u0130lgili Bilmek \u0130stedi\u011finiz Her \u015eey","publisher":{"@id":"https:\/\/www.kariyer.net\/kariyer-rehberi\/#organization"},"potentialAction":[{"@type":"SearchAction","target":{"@type":"EntryPoint","urlTemplate":"https:\/\/www.kariyer.net\/kariyer-rehberi\/?s={search_term_string}"},"query-input":{"@type":"PropertyValueSpecification","valueRequired":true,"valueName":"search_term_string"}}],"inLanguage":"tr"},{"@type":"Organization","@id":"https:\/\/www.kariyer.net\/kariyer-rehberi\/#organization","name":"Kariyer.net","url":"https:\/\/www.kariyer.net\/kariyer-rehberi\/","logo":{"@type":"ImageObject","inLanguage":"tr","@id":"https:\/\/www.kariyer.net\/kariyer-rehberi\/#\/schema\/logo\/image\/","url":"https:\/\/www.kariyer.net\/kariyer-rehberi-new\/wp-content\/uploads\/2023\/01\/og-image11.jpg","contentUrl":"https:\/\/www.kariyer.net\/kariyer-rehberi-new\/wp-content\/uploads\/2023\/01\/og-image11.jpg","width":800,"height":800,"caption":"Kariyer.net"},"image":{"@id":"https:\/\/www.kariyer.net\/kariyer-rehberi\/#\/schema\/logo\/image\/"}},{"@type":"Person","@id":"https:\/\/www.kariyer.net\/kariyer-rehberi\/#\/schema\/person\/94fd6e49c7ff1b1b2565a2cc4fd685dd","name":"Edit\u00f6r","image":{"@type":"ImageObject","inLanguage":"tr","@id":"https:\/\/www.kariyer.net\/kariyer-rehberi\/#\/schema\/person\/image\/","url":"https:\/\/secure.gravatar.com\/avatar\/0c4fe6688343aed3693b15573beae12c08ace5565409d5ab7509bf9c115f458d?s=96&d=mm&r=g","contentUrl":"https:\/\/secure.gravatar.com\/avatar\/0c4fe6688343aed3693b15573beae12c08ace5565409d5ab7509bf9c115f458d?s=96&d=mm&r=g","caption":"Edit\u00f6r"},"url":"https:\/\/www.kariyer.net\/kariyer-rehberi\/author\/editor\/"}]}},"_links":{"self":[{"href":"https:\/\/www.kariyer.net\/kariyer-rehberi\/wp-json\/wp\/v2\/posts\/9669","targetHints":{"allow":["GET"]}}],"collection":[{"href":"https:\/\/www.kariyer.net\/kariyer-rehberi\/wp-json\/wp\/v2\/posts"}],"about":[{"href":"https:\/\/www.kariyer.net\/kariyer-rehberi\/wp-json\/wp\/v2\/types\/post"}],"author":[{"embeddable":true,"href":"https:\/\/www.kariyer.net\/kariyer-rehberi\/wp-json\/wp\/v2\/users\/12"}],"replies":[{"embeddable":true,"href":"https:\/\/www.kariyer.net\/kariyer-rehberi\/wp-json\/wp\/v2\/comments?post=9669"}],"version-history":[{"count":1,"href":"https:\/\/www.kariyer.net\/kariyer-rehberi\/wp-json\/wp\/v2\/posts\/9669\/revisions"}],"predecessor-version":[{"id":19900,"href":"https:\/\/www.kariyer.net\/kariyer-rehberi\/wp-json\/wp\/v2\/posts\/9669\/revisions\/19900"}],"wp:attachment":[{"href":"https:\/\/www.kariyer.net\/kariyer-rehberi\/wp-json\/wp\/v2\/media?parent=9669"}],"wp:term":[{"taxonomy":"category","embeddable":true,"href":"https:\/\/www.kariyer.net\/kariyer-rehberi\/wp-json\/wp\/v2\/categories?post=9669"},{"taxonomy":"post_tag","embeddable":true,"href":"https:\/\/www.kariyer.net\/kariyer-rehberi\/wp-json\/wp\/v2\/tags?post=9669"}],"curies":[{"name":"wp","href":"https:\/\/api.w.org\/{rel}","templated":true}]}}