{"id":9678,"date":"2013-01-01T18:55:17","date_gmt":"2013-01-01T16:55:17","guid":{"rendered":"http:\/\/www.kariyerkampuste.com\/?p=2241"},"modified":"2024-07-03T15:32:48","modified_gmt":"2024-07-03T12:32:48","slug":"gebze-yuksek-teknoloji-enstitusunde-1-bilim-ve-teknoloji-gunleri","status":"publish","type":"post","link":"https:\/\/www.kariyer.net\/kariyer-rehberi\/gebze-yuksek-teknoloji-enstitusunde-1-bilim-ve-teknoloji-gunleri\/","title":{"rendered":"Gebze Y\u00fcksek Teknoloji Enstit\u00fcs\u00fc`nde 1. Bilim Ve Teknoloji G\u00fcnleri"},"content":{"rendered":"<p>6-7-8 May\u0131s tarihlerinde ger\u00e7ekle\u015fecek olan<em> \u201c1. Bilim ve Teknoloji G\u00fcnleri\u201d<\/em> <strong>Gebze Y\u00fcksek Teknoloji Enstit\u00fcs\u00fc \u00c7ay\u0131rova yerle\u015fkesinde <\/strong>yap\u0131lacakt\u0131r.<\/p>\n<p>Geleneksel hale getirilecek olan bu g\u00fcnler her y\u0131l farkl\u0131 bir bilim adam\u0131na ithafen yap\u0131lacakt\u0131r. Bu y\u0131l yap\u0131lacak \u201c1.Bilim ve Teknoloji G\u00fcnleri\u201d <strong>IEEE<\/strong>`nin kurucular\u0131ndan olan <em>&#8220;Thomas Edison&#8221;<\/em> an\u0131s\u0131na yap\u0131lacakt\u0131r.Etkinlikte 20`ye yak\u0131n s\u00f6yle\u015fi olacakt\u0131r.<!--more--><\/p>\n<p>Yerle\u015fkemizde iki taraf\u0131nda a\u011fa\u00e7lar bulunan g\u00fczel bir yol mevcut olup bu yolun kenarlar\u0131na firmalar standlar\u0131n\u0131 a\u00e7arak firma-\u00f6\u011frenci aras\u0131ndaki k\u00f6pr\u00fcn\u00fcn olu\u015fumunu sa\u011flam\u0131\u015f olacaklard\u0131r.<\/p>\n<p>Ayr\u0131nt\u0131l\u0131 bilgi i\u00e7in: http:\/\/gyteieee.com\/gyteieee\/<\/p>\n<p><a href=\"http:\/\/gyteieee.com\/gyteieee\/\" target=\"_blank\" rel=\"noopener\"><img fetchpriority=\"high\" decoding=\"async\" class=\"size-medium wp-image-2242 aligncenter\" alt=\"1782097_226482504212850_8817451337676646430_n\" src=\"http:\/\/www.kariyerkampuste.com\/wp-content\/uploads\/2014\/05\/1782097_226482504212850_8817451337676646430_n-212x300.jpg\" width=\"212\" height=\"300\" \/><\/a><\/p>\n<!-- templates\/buttons-placeholder.php -->\n<div class=\"da-reactions-outer TpostID9678\">\n\t    <div class=\"da-reactions-data da-reactions-container-async center\"\n         data-type=\"post\"\n         data-id=\"9678\"\n         id=\"da-reactions-slot-post-9678\">\n        <div class=\"da-reactions-static\">\n\t\t\t<img src=\"https:\/\/www.kariyer.net\/kariyer-rehberi\/wp-content\/plugins\/da-reactions\/assets\/dist\/loading.svg\" alt=\"Loading spinner\" width=\"48\" height=\"48\" style=\"width:48px\" \/>\n        <\/div>\n    <\/div>\n<\/div>\n","protected":false},"excerpt":{"rendered":"<p>6-7-8 May\u0131s tarihlerinde ger\u00e7ekle\u015fecek olan \u201c1. Bilim ve Teknoloji G\u00fcnleri\u201d Gebze Y\u00fcksek Teknoloji Enstit\u00fcs\u00fc \u00c7ay\u0131rova yerle\u015fkesinde yap\u0131lacakt\u0131r. Geleneksel hale getirilecek olan bu g\u00fcnler her y\u0131l farkl\u0131 bir bilim adam\u0131na ithafen yap\u0131lacakt\u0131r. Bu y\u0131l yap\u0131lacak \u201c1.Bilim ve Teknoloji G\u00fcnleri\u201d IEEE`nin kurucular\u0131ndan olan &#8220;Thomas Edison&#8221; an\u0131s\u0131na yap\u0131lacakt\u0131r.Etkinlikte 20`ye yak\u0131n s\u00f6yle\u015fi olacakt\u0131r.<\/p>\n<!-- templates\/buttons-placeholder.php -->\n<div class=\"da-reactions-outer TpostID9678\">\n\t    <div class=\"da-reactions-data da-reactions-container-async center\"\n         data-type=\"post\"\n         data-id=\"9678\"\n         id=\"da-reactions-slot-post-9678\">\n        <div class=\"da-reactions-static\">\n\t\t\t<img src=\"https:\/\/www.kariyer.net\/kariyer-rehberi\/wp-content\/plugins\/da-reactions\/assets\/dist\/loading.svg\" alt=\"Loading spinner\" width=\"48\" height=\"48\" style=\"width:48px\" \/>\n        <\/div>\n    <\/div>\n<\/div>\n","protected":false},"author":12,"featured_media":0,"comment_status":"open","ping_status":"open","sticky":false,"template":"","format":"standard","meta":{"footnotes":"","_elementor_edit_mode":"","_elementor_template_type":"","_elementor_data":"","_elementor_page_settings":null,"_elementor_conditions":[]},"categories":[2211,164],"tags":[760,761,280],"class_list":{"0":"post-9678","1":"post","2":"type-post","3":"status-publish","4":"format-standard","6":"category-kariyer-gelisimi","7":"category-universite-kuluplerinden-haberler","8":"tag-1-bilim-ve-teknoloji-gunleri","9":"tag-gebze-yuksek-teknoloji-enstitusu","10":"tag-ieee"},"yoast_head":"<!-- This site is optimized with the Yoast SEO Premium plugin v21.4 (Yoast SEO v27.0) - https:\/\/yoast.com\/product\/yoast-seo-premium-wordpress\/ -->\n<title>Gebze Y\u00fcksek Teknoloji Enstit\u00fcs\u00fc`nde 1. Bilim Ve Teknoloji G\u00fcnleri | Kariyer Rehberi<\/title>\n<meta name=\"description\" content=\"6-7-8 May\u0131s tarihlerinde ger\u00e7ekle\u015fecek olan \u201c1. Bilim ve Teknoloji G\u00fcnleri\u201d Gebze Y\u00fcksek Teknoloji Enstit\u00fcs\u00fc \u00c7ay\u0131rova yerle\u015fkesinde yap\u0131lacakt\u0131r.\" \/>\n<meta name=\"robots\" content=\"index, follow, max-snippet:-1, max-image-preview:large, max-video-preview:-1\" \/>\n<link rel=\"canonical\" href=\"https:\/\/www.kariyer.net\/kariyer-rehberi\/gebze-yuksek-teknoloji-enstitusunde-1-bilim-ve-teknoloji-gunleri\/\" \/>\n<meta property=\"og:locale\" content=\"tr_TR\" \/>\n<meta property=\"og:type\" content=\"article\" \/>\n<meta property=\"og:title\" content=\"Gebze Y\u00fcksek Teknoloji Enstit\u00fcs\u00fc`nde 1. Bilim Ve Teknoloji G\u00fcnleri\" \/>\n<meta property=\"og:description\" content=\"6-7-8 May\u0131s tarihlerinde ger\u00e7ekle\u015fecek olan \u201c1. Bilim ve Teknoloji G\u00fcnleri\u201d Gebze Y\u00fcksek Teknoloji Enstit\u00fcs\u00fc \u00c7ay\u0131rova yerle\u015fkesinde yap\u0131lacakt\u0131r.\" \/>\n<meta property=\"og:url\" content=\"https:\/\/www.kariyer.net\/kariyer-rehberi\/gebze-yuksek-teknoloji-enstitusunde-1-bilim-ve-teknoloji-gunleri\/\" \/>\n<meta property=\"og:site_name\" content=\"Kariyer Rehberi\" \/>\n<meta property=\"article:published_time\" content=\"2013-01-01T16:55:17+00:00\" \/>\n<meta property=\"article:modified_time\" content=\"2024-07-03T12:32:48+00:00\" \/>\n<meta property=\"og:image\" content=\"http:\/\/www.kariyerkampuste.com\/wp-content\/uploads\/2014\/05\/1782097_226482504212850_8817451337676646430_n-212x300.jpg\" \/>\n<meta name=\"author\" content=\"Edit\u00f6r\" \/>\n<meta name=\"twitter:card\" content=\"summary_large_image\" \/>\n<meta name=\"twitter:label1\" content=\"Yazan:\" \/>\n\t<meta name=\"twitter:data1\" content=\"Edit\u00f6r\" \/>\n\t<meta name=\"twitter:label2\" content=\"Tahmini okuma s\u00fcresi\" \/>\n\t<meta name=\"twitter:data2\" content=\"1 dakika\" \/>\n<!-- \/ Yoast SEO Premium plugin. -->","yoast_head_json":{"title":"Gebze Y\u00fcksek Teknoloji Enstit\u00fcs\u00fc`nde 1. Bilim Ve Teknoloji G\u00fcnleri | Kariyer Rehberi","description":"6-7-8 May\u0131s tarihlerinde ger\u00e7ekle\u015fecek olan \u201c1. Bilim ve Teknoloji G\u00fcnleri\u201d Gebze Y\u00fcksek Teknoloji Enstit\u00fcs\u00fc \u00c7ay\u0131rova yerle\u015fkesinde yap\u0131lacakt\u0131r.","robots":{"index":"index","follow":"follow","max-snippet":"max-snippet:-1","max-image-preview":"max-image-preview:large","max-video-preview":"max-video-preview:-1"},"canonical":"https:\/\/www.kariyer.net\/kariyer-rehberi\/gebze-yuksek-teknoloji-enstitusunde-1-bilim-ve-teknoloji-gunleri\/","og_locale":"tr_TR","og_type":"article","og_title":"Gebze Y\u00fcksek Teknoloji Enstit\u00fcs\u00fc`nde 1. Bilim Ve Teknoloji G\u00fcnleri","og_description":"6-7-8 May\u0131s tarihlerinde ger\u00e7ekle\u015fecek olan \u201c1. Bilim ve Teknoloji G\u00fcnleri\u201d Gebze Y\u00fcksek Teknoloji Enstit\u00fcs\u00fc \u00c7ay\u0131rova yerle\u015fkesinde yap\u0131lacakt\u0131r.","og_url":"https:\/\/www.kariyer.net\/kariyer-rehberi\/gebze-yuksek-teknoloji-enstitusunde-1-bilim-ve-teknoloji-gunleri\/","og_site_name":"Kariyer Rehberi","article_published_time":"2013-01-01T16:55:17+00:00","article_modified_time":"2024-07-03T12:32:48+00:00","og_image":[{"url":"http:\/\/www.kariyerkampuste.com\/wp-content\/uploads\/2014\/05\/1782097_226482504212850_8817451337676646430_n-212x300.jpg","type":"","width":"","height":""}],"author":"Edit\u00f6r","twitter_card":"summary_large_image","twitter_misc":{"Yazan:":"Edit\u00f6r","Tahmini okuma s\u00fcresi":"1 dakika"},"schema":{"@context":"https:\/\/schema.org","@graph":[{"@type":"Article","@id":"https:\/\/www.kariyer.net\/kariyer-rehberi\/gebze-yuksek-teknoloji-enstitusunde-1-bilim-ve-teknoloji-gunleri\/#article","isPartOf":{"@id":"https:\/\/www.kariyer.net\/kariyer-rehberi\/gebze-yuksek-teknoloji-enstitusunde-1-bilim-ve-teknoloji-gunleri\/"},"author":{"name":"Edit\u00f6r","@id":"https:\/\/www.kariyer.net\/kariyer-rehberi\/#\/schema\/person\/94fd6e49c7ff1b1b2565a2cc4fd685dd"},"headline":"Gebze Y\u00fcksek Teknoloji Enstit\u00fcs\u00fc`nde 1. Bilim Ve Teknoloji G\u00fcnleri","datePublished":"2013-01-01T16:55:17+00:00","dateModified":"2024-07-03T12:32:48+00:00","mainEntityOfPage":{"@id":"https:\/\/www.kariyer.net\/kariyer-rehberi\/gebze-yuksek-teknoloji-enstitusunde-1-bilim-ve-teknoloji-gunleri\/"},"wordCount":138,"commentCount":0,"publisher":{"@id":"https:\/\/www.kariyer.net\/kariyer-rehberi\/#organization"},"image":{"@id":"https:\/\/www.kariyer.net\/kariyer-rehberi\/gebze-yuksek-teknoloji-enstitusunde-1-bilim-ve-teknoloji-gunleri\/#primaryimage"},"thumbnailUrl":"http:\/\/www.kariyerkampuste.com\/wp-content\/uploads\/2014\/05\/1782097_226482504212850_8817451337676646430_n-212x300.jpg","keywords":["1. Bilim Ve Teknoloji G\u00fcnleri","Gebze Y\u00fcksek Teknoloji Enstit\u00fcs\u00fc","IEEE"],"articleSection":["Kariyer Geli\u015fimi","\u00dcniversite Kul\u00fcplerinden Haberler"],"inLanguage":"tr","potentialAction":[{"@type":"CommentAction","name":"Comment","target":["https:\/\/www.kariyer.net\/kariyer-rehberi\/gebze-yuksek-teknoloji-enstitusunde-1-bilim-ve-teknoloji-gunleri\/#respond"]}]},{"@type":"WebPage","@id":"https:\/\/www.kariyer.net\/kariyer-rehberi\/gebze-yuksek-teknoloji-enstitusunde-1-bilim-ve-teknoloji-gunleri\/","url":"https:\/\/www.kariyer.net\/kariyer-rehberi\/gebze-yuksek-teknoloji-enstitusunde-1-bilim-ve-teknoloji-gunleri\/","name":"Gebze Y\u00fcksek Teknoloji Enstit\u00fcs\u00fc`nde 1. Bilim Ve Teknoloji G\u00fcnleri | Kariyer Rehberi","isPartOf":{"@id":"https:\/\/www.kariyer.net\/kariyer-rehberi\/#website"},"primaryImageOfPage":{"@id":"https:\/\/www.kariyer.net\/kariyer-rehberi\/gebze-yuksek-teknoloji-enstitusunde-1-bilim-ve-teknoloji-gunleri\/#primaryimage"},"image":{"@id":"https:\/\/www.kariyer.net\/kariyer-rehberi\/gebze-yuksek-teknoloji-enstitusunde-1-bilim-ve-teknoloji-gunleri\/#primaryimage"},"thumbnailUrl":"http:\/\/www.kariyerkampuste.com\/wp-content\/uploads\/2014\/05\/1782097_226482504212850_8817451337676646430_n-212x300.jpg","datePublished":"2013-01-01T16:55:17+00:00","dateModified":"2024-07-03T12:32:48+00:00","description":"6-7-8 May\u0131s tarihlerinde ger\u00e7ekle\u015fecek olan \u201c1. Bilim ve Teknoloji G\u00fcnleri\u201d Gebze Y\u00fcksek Teknoloji Enstit\u00fcs\u00fc \u00c7ay\u0131rova yerle\u015fkesinde yap\u0131lacakt\u0131r.","breadcrumb":{"@id":"https:\/\/www.kariyer.net\/kariyer-rehberi\/gebze-yuksek-teknoloji-enstitusunde-1-bilim-ve-teknoloji-gunleri\/#breadcrumb"},"inLanguage":"tr","potentialAction":[{"@type":"ReadAction","target":["https:\/\/www.kariyer.net\/kariyer-rehberi\/gebze-yuksek-teknoloji-enstitusunde-1-bilim-ve-teknoloji-gunleri\/"]}]},{"@type":"ImageObject","inLanguage":"tr","@id":"https:\/\/www.kariyer.net\/kariyer-rehberi\/gebze-yuksek-teknoloji-enstitusunde-1-bilim-ve-teknoloji-gunleri\/#primaryimage","url":"http:\/\/www.kariyerkampuste.com\/wp-content\/uploads\/2014\/05\/1782097_226482504212850_8817451337676646430_n-212x300.jpg","contentUrl":"http:\/\/www.kariyerkampuste.com\/wp-content\/uploads\/2014\/05\/1782097_226482504212850_8817451337676646430_n-212x300.jpg"},{"@type":"BreadcrumbList","@id":"https:\/\/www.kariyer.net\/kariyer-rehberi\/gebze-yuksek-teknoloji-enstitusunde-1-bilim-ve-teknoloji-gunleri\/#breadcrumb","itemListElement":[{"@type":"ListItem","position":1,"name":"Anasayfa","item":"https:\/\/www.kariyer.net\/kariyer-rehberi\/"},{"@type":"ListItem","position":2,"name":"Gebze Y\u00fcksek Teknoloji Enstit\u00fcs\u00fc`nde 1. Bilim Ve Teknoloji G\u00fcnleri"}]},{"@type":"WebSite","@id":"https:\/\/www.kariyer.net\/kariyer-rehberi\/#website","url":"https:\/\/www.kariyer.net\/kariyer-rehberi\/","name":"Kariyer Rehberi","description":"\u0130\u015f D\u00fcnyas\u0131yla \u0130lgili Bilmek \u0130stedi\u011finiz Her \u015eey","publisher":{"@id":"https:\/\/www.kariyer.net\/kariyer-rehberi\/#organization"},"potentialAction":[{"@type":"SearchAction","target":{"@type":"EntryPoint","urlTemplate":"https:\/\/www.kariyer.net\/kariyer-rehberi\/?s={search_term_string}"},"query-input":{"@type":"PropertyValueSpecification","valueRequired":true,"valueName":"search_term_string"}}],"inLanguage":"tr"},{"@type":"Organization","@id":"https:\/\/www.kariyer.net\/kariyer-rehberi\/#organization","name":"Kariyer.net","url":"https:\/\/www.kariyer.net\/kariyer-rehberi\/","logo":{"@type":"ImageObject","inLanguage":"tr","@id":"https:\/\/www.kariyer.net\/kariyer-rehberi\/#\/schema\/logo\/image\/","url":"https:\/\/www.kariyer.net\/kariyer-rehberi-new\/wp-content\/uploads\/2023\/01\/og-image11.jpg","contentUrl":"https:\/\/www.kariyer.net\/kariyer-rehberi-new\/wp-content\/uploads\/2023\/01\/og-image11.jpg","width":800,"height":800,"caption":"Kariyer.net"},"image":{"@id":"https:\/\/www.kariyer.net\/kariyer-rehberi\/#\/schema\/logo\/image\/"}},{"@type":"Person","@id":"https:\/\/www.kariyer.net\/kariyer-rehberi\/#\/schema\/person\/94fd6e49c7ff1b1b2565a2cc4fd685dd","name":"Edit\u00f6r","image":{"@type":"ImageObject","inLanguage":"tr","@id":"https:\/\/www.kariyer.net\/kariyer-rehberi\/#\/schema\/person\/image\/","url":"https:\/\/secure.gravatar.com\/avatar\/0c4fe6688343aed3693b15573beae12c08ace5565409d5ab7509bf9c115f458d?s=96&d=mm&r=g","contentUrl":"https:\/\/secure.gravatar.com\/avatar\/0c4fe6688343aed3693b15573beae12c08ace5565409d5ab7509bf9c115f458d?s=96&d=mm&r=g","caption":"Edit\u00f6r"},"url":"https:\/\/www.kariyer.net\/kariyer-rehberi\/author\/editor\/"}]}},"_links":{"self":[{"href":"https:\/\/www.kariyer.net\/kariyer-rehberi\/wp-json\/wp\/v2\/posts\/9678","targetHints":{"allow":["GET"]}}],"collection":[{"href":"https:\/\/www.kariyer.net\/kariyer-rehberi\/wp-json\/wp\/v2\/posts"}],"about":[{"href":"https:\/\/www.kariyer.net\/kariyer-rehberi\/wp-json\/wp\/v2\/types\/post"}],"author":[{"embeddable":true,"href":"https:\/\/www.kariyer.net\/kariyer-rehberi\/wp-json\/wp\/v2\/users\/12"}],"replies":[{"embeddable":true,"href":"https:\/\/www.kariyer.net\/kariyer-rehberi\/wp-json\/wp\/v2\/comments?post=9678"}],"version-history":[{"count":1,"href":"https:\/\/www.kariyer.net\/kariyer-rehberi\/wp-json\/wp\/v2\/posts\/9678\/revisions"}],"predecessor-version":[{"id":19727,"href":"https:\/\/www.kariyer.net\/kariyer-rehberi\/wp-json\/wp\/v2\/posts\/9678\/revisions\/19727"}],"wp:attachment":[{"href":"https:\/\/www.kariyer.net\/kariyer-rehberi\/wp-json\/wp\/v2\/media?parent=9678"}],"wp:term":[{"taxonomy":"category","embeddable":true,"href":"https:\/\/www.kariyer.net\/kariyer-rehberi\/wp-json\/wp\/v2\/categories?post=9678"},{"taxonomy":"post_tag","embeddable":true,"href":"https:\/\/www.kariyer.net\/kariyer-rehberi\/wp-json\/wp\/v2\/tags?post=9678"}],"curies":[{"name":"wp","href":"https:\/\/api.w.org\/{rel}","templated":true}]}}