{"id":9683,"date":"2013-01-01T23:19:30","date_gmt":"2013-01-01T21:19:30","guid":{"rendered":"http:\/\/www.kariyerkampuste.com\/?p=2258"},"modified":"2024-07-03T15:32:39","modified_gmt":"2024-07-03T12:32:39","slug":"beyazit-yonetim-zirvesi-14-girisimcilik-ve-inovasyon","status":"publish","type":"post","link":"https:\/\/www.kariyer.net\/kariyer-rehberi\/beyazit-yonetim-zirvesi-14-girisimcilik-ve-inovasyon\/","title":{"rendered":"BEYAZIT Y\u00d6NET\u0130M Z\u0130RVES\u0130 \u201914 \u201cG\u0130R\u0130\u015e\u0130MC\u0130L\u0130K ve \u0130NOVASYON \u201d"},"content":{"rendered":"<p>\u0130stanbul \u00dcniversitesi Siyasal Bilgiler Fak\u00fcltesi \u0130\u015fletme Kul\u00fcb\u00fc taraf\u0131ndan 5 y\u0131ld\u0131r ba\u015far\u0131yla ger\u00e7ekle\u015ftirilen ve her y\u0131l ekonomi ve i\u015f d\u00fcnyas\u0131n\u0131n nabz\u0131n\u0131 tutan temalar\u0131 i\u015fleyen <strong>\u201cBeyaz\u0131t Y\u00f6netim Zirvesi\u201d<\/strong> t\u00fcm \u00fcniversite \u00f6\u011frencileri taraf\u0131ndan her y\u0131l ilgi ile beklenen ve tamamen SBF \u0130\u015fletme Kul\u00fcb\u00fc \u00f6\u011frencileri taraf\u0131ndan organize edilen bir kariyer zirvesidir.<\/p>\n<p>Profesyonel y\u00f6neticiler ile gelece\u011fin y\u00f6netici adaylar\u0131n\u0131 bulu\u015fturarak, onlara mesleki kariyerleri ve ekonomik, toplumsal, sosyal perspektifleri kazand\u0131rmay\u0131 ama\u00e7 edinen <strong>Beyaz\u0131t Y\u00f6netim Zirvesi<\/strong>\u2019 nin alt\u0131nc\u0131s\u0131 <strong>\u201cGiri\u015fimcilik ve \u0130novasyon \u201d <\/strong>temas\u0131 ile <strong>13- 14 May\u0131s 2014<\/strong> tarihlerinde ger\u00e7ekle\u015ftirilecektir.<!--more--><\/p>\n<p>\u0130ki g\u00fcn s\u00fcrecek olan etkinlik <strong>\u00fccretsiz <\/strong>ve <strong>sertifikal\u0131<\/strong>d\u0131r.<\/p>\n<h3><a href=\"http:\/\/sbfisletmekulubu.com\/?page_id=667\">Kay\u0131t i\u00e7in t\u0131klay\u0131n\u0131z.<\/a><\/h3>\n<p><strong><span style=\"color: #ff6600;\">PROGRAM<\/span><\/strong><\/p>\n<p><strong>1. G\u00dcN<\/strong><\/p>\n<p><strong>09.30- 10.00\u00a0\u00a0 A\u00c7ILI\u015e KONU\u015eMALARI<\/strong><\/p>\n<p><strong>10.00- 11.30\u00a0\u00a0\u00a0\u00a0 \u0130NOVASYON VE G\u0130R\u0130\u015e\u0130MC\u0130L\u0130K<\/strong><\/p>\n<p><strong>Bora \u00d6ZKENT<\/strong> &#8211; \u00d6zkent&amp;Taysever Kurucu Orta\u011f\u0131, E\u011fitimci-Dan\u0131\u015fman<\/p>\n<p><strong>Berke SARPA\u015e<\/strong> \u2013 Sarpa\u015f Grubu CEO\u2019 su<\/p>\n<p><strong>11.45- 13.00 TEKNOLOJ\u0130 D\u00dcNYASINDA \u0130NOVASYON<\/strong><\/p>\n<p><strong>Cenk SEZG\u0130N<\/strong>\u00a0\u00a0\u00a0\u00a0 &#8211; SAP \u0130novasyon Birimi Direkt\u00f6r\u00fc<\/p>\n<p><strong>Cem \u00d6NAL\u00a0\u00a0\u00a0\u00a0\u00a0\u00a0\u00a0\u00a0 <\/strong> &#8211; Abdi \u0130brahim Biyoe\u015fde\u011ferlik M\u00fcd\u00fcr\u00fc<\/p>\n<p><strong>Mustafa KASAP<\/strong> &#8211; Microsoft Akademik Programlar Y\u00f6neticisi<\/p>\n<p><em><strong>13.00- 14.00 \u00a0YEMEK ARASI<\/strong><\/em><strong><br \/>\n<\/strong><\/p>\n<p><strong>14.00- 15.30 \u00a0\u00a0\u00a0F\u0130NANS SEKT\u00d6R\u00dcNDE \u0130NOVASYON<\/strong><\/p>\n<p><strong>Devrim Ziya TAV\u0130L<\/strong>&#8211; TEB KOB\u0130 Bankac\u0131l\u0131\u011f\u0131 Segment Y\u00f6n. ve \u0130\u015f Geli\u015ftirme Direkt.<\/p>\n<p><strong>Semih AL\u015eAR<\/strong>&#8211; \u00a0\u00a0\u00a0\u00a0\u00a0\u00a0\u00a0T\u00fcrkiye Finans Bireysel Bankac\u0131l\u0131k Genel M\u00fcd\u00fcr Yard.<\/p>\n<p><strong>Soner CANKO<\/strong> &#8211; \u00a0\u00a0\u00a0\u00a0\u00a0\u00a0\u00a0Bankalararas\u0131 Kart Merkezi CEO\u2019 su<\/p>\n<p><strong>16.00- 17.00\u00a0\u00a0 G\u0130R\u0130\u015e\u0130MC\u0130L\u0130K H\u0130KAYELER\u0130<\/strong><\/p>\n<p><strong>Ay\u015fen ZAMANPUR<\/strong> &#8211; Silk &amp; Cashmere Kurucusu ve CEO\u2019 su<\/p>\n<p><strong>17.00- 17.45 \u201cMURAT E\u011e\u0130T\u0130M\u201d LE KAR\u0130YER YOLU<\/strong><\/p>\n<p><strong>2. G\u00dcN<\/strong><\/p>\n<p><strong>10.00- 11.30 \u00a0G\u0130R\u0130\u015e\u0130MC\u0130LER\u0130 DESTEKLEYEN KURUMLAR<\/strong><\/p>\n<p><strong>Devrim EROL<\/strong> &#8211; \u00a0\u00a0\u00a0 \u00a0\u00a0\u00a0\u00a0\u00a0KAG\u0130DER Y\u00f6netim Kurulu \u00dcyesi<\/p>\n<p><strong>\u0130hsan KARATAYLI<\/strong> &#8211; T\u00fcrkiye Teknoloji Geli\u015ftirme Vakf\u0131 Proje-Dan\u0131\u015fmanl\u0131k Koordinat\u00f6r\u00fc<\/p>\n<p><strong>Muzaffer YA\u015eAR<\/strong> &#8211; \u00a0\u00a0\u00a0\u00a0\u00a0\u0130stanbul \u00dcniversitesi \u00a0Teknoloji Transfer Merkezi M\u00fcd. Yard.<\/p>\n<p><strong>11.45- 13.00<\/strong> \u00a0<strong>\u0130NTERNET G\u0130R\u0130\u015e\u0130MC\u0130L\u0130\u011e\u0130<\/strong><\/p>\n<p><strong>Ali Servet EY\u00dcBO\u011eLU<\/strong>&#8211; Mekanist.net Kurucusu<\/p>\n<p><strong>Senem ANIL<\/strong> \u00a0\u00a0\u00a0&#8211; \u00a0\u00a0\u00a0\u00a0\u00a0\u00a0\u00a0\u00a0\u00a0\u00a0\u00a0E- nerjik.com Kurucusu<\/p>\n<p><strong>T\u00fcmay ASENA<\/strong> &#8211; \u00a0\u00a0\u00a0\u00a0\u00a0\u00a0\u00a0 \u00a0\u00a0\u00a0Nokta Medya Kurucusu<\/p>\n<p><strong>13.00- 14.00\u00a0\u00a0 YEMEK ARASI<\/strong><\/p>\n<p><strong>\u00a014.00- 15.30 PAZARLAMA VE SATI\u015e D\u00dcNYASINDA \u0130NOVASYON<\/strong><\/p>\n<p><strong>G\u00fclfem TOYGAR<\/strong> &#8211; Gittigidiyor.com Genel M\u00fcd\u00fcr\u00fc<\/p>\n<p><strong>Kemal G\u00dcL<\/strong> &#8211; \u00a0\u00a0\u00a0\u00a0\u00a0\u00a0\u00a0\u00a0\u00a0Horizon G\u0131da Genel M\u00fcd\u00fcr\u00fc<\/p>\n<p><strong>\u00d6zg\u00fcr ALAZ<\/strong> &#8211;\u00a0\u00a0 \u00a0\u00a0\u00a0\u00a0\u00a0\u00a0<a href=\"http:\/\/promoqube.com\/\">Promoqube<\/a> Kurucu Orta\u011f\u0131<\/p>\n<p><strong>15.45- 17.30\u00a0\u00a0\u00a0\u00a0 S\u00d6YLE\u015e\u0130<\/strong><\/p>\n<p><strong>Mesut S\u00dcRE<\/strong> &#8211; \u00a0\u00a0\u00a0Rock Fm \u201c Rabarba\u201d Program\u0131 Sunucusu<\/p>\n<!-- templates\/buttons-placeholder.php -->\n<div class=\"da-reactions-outer TpostID9683\">\n\t    <div class=\"da-reactions-data da-reactions-container-async center\"\n         data-type=\"post\"\n         data-id=\"9683\"\n         id=\"da-reactions-slot-post-9683\">\n        <div class=\"da-reactions-static\">\n\t\t\t<img src=\"https:\/\/www.kariyer.net\/kariyer-rehberi\/wp-content\/plugins\/da-reactions\/assets\/dist\/loading.svg\" alt=\"Loading spinner\" width=\"48\" height=\"48\" style=\"width:48px\" \/>\n        <\/div>\n    <\/div>\n<\/div>\n","protected":false},"excerpt":{"rendered":"<p>\u0130stanbul \u00dcniversitesi Siyasal Bilgiler Fak\u00fcltesi \u0130\u015fletme Kul\u00fcb\u00fc taraf\u0131ndan 5 y\u0131ld\u0131r ba\u015far\u0131yla ger\u00e7ekle\u015ftirilen ve her y\u0131l ekonomi ve i\u015f d\u00fcnyas\u0131n\u0131n nabz\u0131n\u0131 tutan temalar\u0131 i\u015fleyen \u201cBeyaz\u0131t Y\u00f6netim Zirvesi\u201d t\u00fcm \u00fcniversite \u00f6\u011frencileri taraf\u0131ndan her y\u0131l ilgi ile beklenen ve tamamen SBF \u0130\u015fletme Kul\u00fcb\u00fc \u00f6\u011frencileri taraf\u0131ndan organize edilen bir kariyer zirvesidir. Profesyonel y\u00f6neticiler ile gelece\u011fin y\u00f6netici adaylar\u0131n\u0131 bulu\u015fturarak, onlara [&hellip;]<\/p>\n<!-- templates\/buttons-placeholder.php -->\n<div class=\"da-reactions-outer TpostID9683\">\n\t    <div class=\"da-reactions-data da-reactions-container-async center\"\n         data-type=\"post\"\n         data-id=\"9683\"\n         id=\"da-reactions-slot-post-9683\">\n        <div class=\"da-reactions-static\">\n\t\t\t<img src=\"https:\/\/www.kariyer.net\/kariyer-rehberi\/wp-content\/plugins\/da-reactions\/assets\/dist\/loading.svg\" alt=\"Loading spinner\" width=\"48\" height=\"48\" style=\"width:48px\" \/>\n        <\/div>\n    <\/div>\n<\/div>\n","protected":false},"author":12,"featured_media":0,"comment_status":"open","ping_status":"open","sticky":false,"template":"","format":"standard","meta":{"footnotes":"","_elementor_edit_mode":"","_elementor_template_type":"","_elementor_data":"","_elementor_page_settings":null,"_elementor_conditions":[]},"categories":[2211,164],"tags":[601,768,82,120,769],"class_list":{"0":"post-9683","1":"post","2":"type-post","3":"status-publish","4":"format-standard","6":"category-kariyer-gelisimi","7":"category-universite-kuluplerinden-haberler","8":"tag-beyazit-yonetim-zirvesi","9":"tag-girisimcilik-ve-inovasyon","10":"tag-isletme-kulubu","11":"tag-istanbul-universitesi","12":"tag-siyasal-bilgiler-fakultesi"},"yoast_head":"<!-- This site is optimized with the Yoast SEO Premium plugin v21.4 (Yoast SEO v27.0) - https:\/\/yoast.com\/product\/yoast-seo-premium-wordpress\/ -->\n<title>Beyaz\u0131t Y\u00f6netim Zirvesi 2014 | Kariyer Rehberi<\/title>\n<meta name=\"description\" content=\"Beyaz\u0131t Y\u00f6netim Zirvesi\u2019 nin alt\u0131nc\u0131s\u0131 \u201cGiri\u015fimcilik ve \u0130novasyon \u201d temas\u0131 ile 13- 14 May\u0131s 2014 tarihlerinde ger\u00e7ekle\u015ftirilecektir.\" \/>\n<meta name=\"robots\" content=\"index, follow, max-snippet:-1, max-image-preview:large, max-video-preview:-1\" \/>\n<link rel=\"canonical\" href=\"https:\/\/www.kariyer.net\/kariyer-rehberi\/beyazit-yonetim-zirvesi-14-girisimcilik-ve-inovasyon\/\" \/>\n<meta property=\"og:locale\" content=\"tr_TR\" \/>\n<meta property=\"og:type\" content=\"article\" \/>\n<meta property=\"og:title\" content=\"BEYAZIT Y\u00d6NET\u0130M Z\u0130RVES\u0130 \u201914 \u201cG\u0130R\u0130\u015e\u0130MC\u0130L\u0130K ve \u0130NOVASYON \u201d\" \/>\n<meta property=\"og:description\" content=\"\u0130stanbul \u00dcniversitesi Siyasal Bilgiler Fak\u00fcltesi \u0130\u015fletme Kul\u00fcb\u00fc taraf\u0131ndan 5 y\u0131ld\u0131r ba\u015far\u0131yla ger\u00e7ekle\u015ftirilen ve her y\u0131l ekonomi ve i\u015f d\u00fcnyas\u0131n\u0131n nabz\u0131n\u0131\" \/>\n<meta property=\"og:url\" content=\"https:\/\/www.kariyer.net\/kariyer-rehberi\/beyazit-yonetim-zirvesi-14-girisimcilik-ve-inovasyon\/\" \/>\n<meta property=\"og:site_name\" content=\"Kariyer Rehberi\" \/>\n<meta property=\"article:published_time\" content=\"2013-01-01T21:19:30+00:00\" \/>\n<meta property=\"article:modified_time\" content=\"2024-07-03T12:32:39+00:00\" \/>\n<meta name=\"author\" content=\"Edit\u00f6r\" \/>\n<meta name=\"twitter:card\" content=\"summary_large_image\" \/>\n<meta name=\"twitter:label1\" content=\"Yazan:\" \/>\n\t<meta name=\"twitter:data1\" content=\"Edit\u00f6r\" \/>\n\t<meta name=\"twitter:label2\" content=\"Tahmini okuma s\u00fcresi\" \/>\n\t<meta name=\"twitter:data2\" content=\"2 dakika\" \/>\n<!-- \/ Yoast SEO Premium plugin. -->","yoast_head_json":{"title":"Beyaz\u0131t Y\u00f6netim Zirvesi 2014 | Kariyer Rehberi","description":"Beyaz\u0131t Y\u00f6netim Zirvesi\u2019 nin alt\u0131nc\u0131s\u0131 \u201cGiri\u015fimcilik ve \u0130novasyon \u201d temas\u0131 ile 13- 14 May\u0131s 2014 tarihlerinde ger\u00e7ekle\u015ftirilecektir.","robots":{"index":"index","follow":"follow","max-snippet":"max-snippet:-1","max-image-preview":"max-image-preview:large","max-video-preview":"max-video-preview:-1"},"canonical":"https:\/\/www.kariyer.net\/kariyer-rehberi\/beyazit-yonetim-zirvesi-14-girisimcilik-ve-inovasyon\/","og_locale":"tr_TR","og_type":"article","og_title":"BEYAZIT Y\u00d6NET\u0130M Z\u0130RVES\u0130 \u201914 \u201cG\u0130R\u0130\u015e\u0130MC\u0130L\u0130K ve \u0130NOVASYON \u201d","og_description":"\u0130stanbul \u00dcniversitesi Siyasal Bilgiler Fak\u00fcltesi \u0130\u015fletme Kul\u00fcb\u00fc taraf\u0131ndan 5 y\u0131ld\u0131r ba\u015far\u0131yla ger\u00e7ekle\u015ftirilen ve her y\u0131l ekonomi ve i\u015f d\u00fcnyas\u0131n\u0131n nabz\u0131n\u0131","og_url":"https:\/\/www.kariyer.net\/kariyer-rehberi\/beyazit-yonetim-zirvesi-14-girisimcilik-ve-inovasyon\/","og_site_name":"Kariyer Rehberi","article_published_time":"2013-01-01T21:19:30+00:00","article_modified_time":"2024-07-03T12:32:39+00:00","author":"Edit\u00f6r","twitter_card":"summary_large_image","twitter_misc":{"Yazan:":"Edit\u00f6r","Tahmini okuma s\u00fcresi":"2 dakika"},"schema":{"@context":"https:\/\/schema.org","@graph":[{"@type":"Article","@id":"https:\/\/www.kariyer.net\/kariyer-rehberi\/beyazit-yonetim-zirvesi-14-girisimcilik-ve-inovasyon\/#article","isPartOf":{"@id":"https:\/\/www.kariyer.net\/kariyer-rehberi\/beyazit-yonetim-zirvesi-14-girisimcilik-ve-inovasyon\/"},"author":{"name":"Edit\u00f6r","@id":"https:\/\/www.kariyer.net\/kariyer-rehberi\/#\/schema\/person\/94fd6e49c7ff1b1b2565a2cc4fd685dd"},"headline":"BEYAZIT Y\u00d6NET\u0130M Z\u0130RVES\u0130 \u201914 \u201cG\u0130R\u0130\u015e\u0130MC\u0130L\u0130K ve \u0130NOVASYON \u201d","datePublished":"2013-01-01T21:19:30+00:00","dateModified":"2024-07-03T12:32:39+00:00","mainEntityOfPage":{"@id":"https:\/\/www.kariyer.net\/kariyer-rehberi\/beyazit-yonetim-zirvesi-14-girisimcilik-ve-inovasyon\/"},"wordCount":411,"commentCount":0,"publisher":{"@id":"https:\/\/www.kariyer.net\/kariyer-rehberi\/#organization"},"keywords":["beyaz\u0131t y\u00f6netim zirvesi","Giri\u015fimcilik ve \u0130novasyon","i\u015fletme kul\u00fcb\u00fc","istanbul \u00fcniversitesi","Siyasal Bilgiler Fak\u00fcltesi"],"articleSection":["Kariyer Geli\u015fimi","\u00dcniversite Kul\u00fcplerinden Haberler"],"inLanguage":"tr","potentialAction":[{"@type":"CommentAction","name":"Comment","target":["https:\/\/www.kariyer.net\/kariyer-rehberi\/beyazit-yonetim-zirvesi-14-girisimcilik-ve-inovasyon\/#respond"]}]},{"@type":"WebPage","@id":"https:\/\/www.kariyer.net\/kariyer-rehberi\/beyazit-yonetim-zirvesi-14-girisimcilik-ve-inovasyon\/","url":"https:\/\/www.kariyer.net\/kariyer-rehberi\/beyazit-yonetim-zirvesi-14-girisimcilik-ve-inovasyon\/","name":"Beyaz\u0131t Y\u00f6netim Zirvesi 2014 | Kariyer Rehberi","isPartOf":{"@id":"https:\/\/www.kariyer.net\/kariyer-rehberi\/#website"},"datePublished":"2013-01-01T21:19:30+00:00","dateModified":"2024-07-03T12:32:39+00:00","description":"Beyaz\u0131t Y\u00f6netim Zirvesi\u2019 nin alt\u0131nc\u0131s\u0131 \u201cGiri\u015fimcilik ve \u0130novasyon \u201d temas\u0131 ile 13- 14 May\u0131s 2014 tarihlerinde ger\u00e7ekle\u015ftirilecektir.","breadcrumb":{"@id":"https:\/\/www.kariyer.net\/kariyer-rehberi\/beyazit-yonetim-zirvesi-14-girisimcilik-ve-inovasyon\/#breadcrumb"},"inLanguage":"tr","potentialAction":[{"@type":"ReadAction","target":["https:\/\/www.kariyer.net\/kariyer-rehberi\/beyazit-yonetim-zirvesi-14-girisimcilik-ve-inovasyon\/"]}]},{"@type":"BreadcrumbList","@id":"https:\/\/www.kariyer.net\/kariyer-rehberi\/beyazit-yonetim-zirvesi-14-girisimcilik-ve-inovasyon\/#breadcrumb","itemListElement":[{"@type":"ListItem","position":1,"name":"Anasayfa","item":"https:\/\/www.kariyer.net\/kariyer-rehberi\/"},{"@type":"ListItem","position":2,"name":"BEYAZIT Y\u00d6NET\u0130M Z\u0130RVES\u0130 \u201914 \u201cG\u0130R\u0130\u015e\u0130MC\u0130L\u0130K ve \u0130NOVASYON \u201d"}]},{"@type":"WebSite","@id":"https:\/\/www.kariyer.net\/kariyer-rehberi\/#website","url":"https:\/\/www.kariyer.net\/kariyer-rehberi\/","name":"Kariyer Rehberi","description":"\u0130\u015f D\u00fcnyas\u0131yla \u0130lgili Bilmek \u0130stedi\u011finiz Her \u015eey","publisher":{"@id":"https:\/\/www.kariyer.net\/kariyer-rehberi\/#organization"},"potentialAction":[{"@type":"SearchAction","target":{"@type":"EntryPoint","urlTemplate":"https:\/\/www.kariyer.net\/kariyer-rehberi\/?s={search_term_string}"},"query-input":{"@type":"PropertyValueSpecification","valueRequired":true,"valueName":"search_term_string"}}],"inLanguage":"tr"},{"@type":"Organization","@id":"https:\/\/www.kariyer.net\/kariyer-rehberi\/#organization","name":"Kariyer.net","url":"https:\/\/www.kariyer.net\/kariyer-rehberi\/","logo":{"@type":"ImageObject","inLanguage":"tr","@id":"https:\/\/www.kariyer.net\/kariyer-rehberi\/#\/schema\/logo\/image\/","url":"https:\/\/www.kariyer.net\/kariyer-rehberi-new\/wp-content\/uploads\/2023\/01\/og-image11.jpg","contentUrl":"https:\/\/www.kariyer.net\/kariyer-rehberi-new\/wp-content\/uploads\/2023\/01\/og-image11.jpg","width":800,"height":800,"caption":"Kariyer.net"},"image":{"@id":"https:\/\/www.kariyer.net\/kariyer-rehberi\/#\/schema\/logo\/image\/"}},{"@type":"Person","@id":"https:\/\/www.kariyer.net\/kariyer-rehberi\/#\/schema\/person\/94fd6e49c7ff1b1b2565a2cc4fd685dd","name":"Edit\u00f6r","image":{"@type":"ImageObject","inLanguage":"tr","@id":"https:\/\/www.kariyer.net\/kariyer-rehberi\/#\/schema\/person\/image\/","url":"https:\/\/secure.gravatar.com\/avatar\/0c4fe6688343aed3693b15573beae12c08ace5565409d5ab7509bf9c115f458d?s=96&d=mm&r=g","contentUrl":"https:\/\/secure.gravatar.com\/avatar\/0c4fe6688343aed3693b15573beae12c08ace5565409d5ab7509bf9c115f458d?s=96&d=mm&r=g","caption":"Edit\u00f6r"},"url":"https:\/\/www.kariyer.net\/kariyer-rehberi\/author\/editor\/"}]}},"_links":{"self":[{"href":"https:\/\/www.kariyer.net\/kariyer-rehberi\/wp-json\/wp\/v2\/posts\/9683","targetHints":{"allow":["GET"]}}],"collection":[{"href":"https:\/\/www.kariyer.net\/kariyer-rehberi\/wp-json\/wp\/v2\/posts"}],"about":[{"href":"https:\/\/www.kariyer.net\/kariyer-rehberi\/wp-json\/wp\/v2\/types\/post"}],"author":[{"embeddable":true,"href":"https:\/\/www.kariyer.net\/kariyer-rehberi\/wp-json\/wp\/v2\/users\/12"}],"replies":[{"embeddable":true,"href":"https:\/\/www.kariyer.net\/kariyer-rehberi\/wp-json\/wp\/v2\/comments?post=9683"}],"version-history":[{"count":1,"href":"https:\/\/www.kariyer.net\/kariyer-rehberi\/wp-json\/wp\/v2\/posts\/9683\/revisions"}],"predecessor-version":[{"id":19714,"href":"https:\/\/www.kariyer.net\/kariyer-rehberi\/wp-json\/wp\/v2\/posts\/9683\/revisions\/19714"}],"wp:attachment":[{"href":"https:\/\/www.kariyer.net\/kariyer-rehberi\/wp-json\/wp\/v2\/media?parent=9683"}],"wp:term":[{"taxonomy":"category","embeddable":true,"href":"https:\/\/www.kariyer.net\/kariyer-rehberi\/wp-json\/wp\/v2\/categories?post=9683"},{"taxonomy":"post_tag","embeddable":true,"href":"https:\/\/www.kariyer.net\/kariyer-rehberi\/wp-json\/wp\/v2\/tags?post=9683"}],"curies":[{"name":"wp","href":"https:\/\/api.w.org\/{rel}","templated":true}]}}