{"id":9701,"date":"2013-01-01T10:57:55","date_gmt":"2013-01-01T08:57:55","guid":{"rendered":"http:\/\/www.kariyer.net\/kariyer-kampuste\/?p=2570"},"modified":"2024-07-03T15:36:00","modified_gmt":"2024-07-03T12:36:00","slug":"5-finans-ve-yazilim-gunleri","status":"publish","type":"post","link":"https:\/\/www.kariyer.net\/kariyer-rehberi\/5-finans-ve-yazilim-gunleri\/","title":{"rendered":"5. Finans ve Yaz\u0131l\u0131m G\u00fcnleri"},"content":{"rendered":"<p><img decoding=\"async\" class=\"alignleft\" src=\"http:\/\/www.kariyer.net\/kariyer-kampuste\/wp-content\/uploads\/2014\/11\/kvk.jpg\" alt=\"\" width=\"174\" height=\"168\" \/>Geride b\u0131rakt\u0131\u011f\u0131m\u0131z 2013-2014 e\u011fitim d\u00f6neminde d\u00fczenledi\u011fi seminer,s\u00f6yle\u015fi,e\u011fitim ve teknik gezilerle 9000 kat\u0131l\u0131mc\u0131n\u0131n e\u011fitimlerine ve kariyer geleceklerine katk\u0131 sa\u011flayan, T\u00fcrkiye&#8217;nin &#8220;En Aktif \u0130\u015f ve Kariyer Kul\u00fcb\u00fc\u201d <strong>Kalite ve Verimlilik Kul\u00fcb\u00fc<\/strong>\u2019\u00fc taraf\u0131ndan ger\u00e7ekle\u015ftirilen &#8220;Y<strong>\u0131ld\u0131z Teknik \u00dcniversitesi<\/strong>nin En Fazla Kat\u0131l\u0131mc\u0131l\u0131 Kariyer Etkinli\u011fi&#8221; olan <strong>Finans ve Yaz\u0131l\u0131m G\u00fcnleri<\/strong> bu y\u0131l 5. Kez d\u00fczenleniyor.<\/p>\n<p>2012 y\u0131l\u0131nda 1000, 2013 y\u0131l\u0131nda 1250 kat\u0131l\u0131mc\u0131yla ger\u00e7ekle\u015fen bu harika etkinlik, kat\u0131l\u0131mc\u0131lar\u0131na i\u015f hayat\u0131n\u0131n en \u00f6nemli sekt\u00f6rlerinden ikisi olan finans ve yaz\u0131l\u0131m sekt\u00f6rlerini detayl\u0131 olarak tan\u0131ma ve bu iki b\u00fcy\u00fck d\u00fcnyay\u0131 liderlerinden dinleme f\u0131rsat\u0131 ve bu sene ilk defa ger\u00e7ekle\u015fecek olan &#8220;<strong>\u00d6d\u00fcll\u00fc Kod Yar\u0131\u015fmas\u0131<\/strong>&#8220;n\u0131 kazanan ki\u015filere staj f\u0131rsat\u0131 sunuyor.Yine bu sene eklenen bir yenilik olan &#8220;\u0130\u015fe Al\u0131m Sim\u00fclasyonlar\u0131&#8221; ile mezun olacak arkada\u015flar\u0131m\u0131zla \u00f6nemli firmalar\u0131n \u0130nsan Kaynaklar\u0131n\u0131 bulu\u015fturmay\u0131 hedefliyor.<!--more--><\/p>\n<p>5. Finans ve Yaz\u0131l\u0131m G\u00fcnleri bu sene <strong>24-25-26-27 Kas\u0131m\u2019da Y\u0131ld\u0131z Teknik \u00dcniversitesi Davutpa\u015fa Kamp\u00fcs\u00fc Kongre ve K\u00fclt\u00fcr Merkezi<\/strong>\u2019nde Oracle,AvivaSA,Enpara,ING Bank,IBM,Microsoft gibi b\u00fcy\u00fck firmalardan gelen konu\u015fmac\u0131lar ve bunun yan\u0131nda \u00d6zg\u00fcr Demirta\u015f ve Burak Selim \u015eenyurt gibi sekt\u00f6rde \u00f6zel bir yeri olan isimleri a\u011f\u0131rlayacakt\u0131r.Ge\u00e7en senelerdeki gibi 2 g\u00fcnl\u00fck seminerin ard\u0131ndan yap\u0131lacak olan teknik gezide kat\u0131l\u0131mc\u0131lar i\u015f alanlar\u0131n\u0131 daha yak\u0131ndan g\u00f6rme f\u0131rsat\u0131 bulacaklar.Etkinli\u011fimizin son g\u00fcn\u00fcnde hem finans hem yaz\u0131l\u0131m sekt\u00f6r\u00fcne \u00f6zel e\u011fitimler olacakt\u0131r.<\/p>\n<p><strong>Etkinlik Program\u0131:<\/strong><\/p>\n<p><strong>24 Kas\u0131m:<\/strong><br \/>\n-10.30-11.15 IBM \u00dcniversite \u0130li\u015fkileri Sorumlusu &#8211; Kerem \u00d6zg\u00fcr<br \/>\n-11.30-12.15 ING BANK IT Paneli<br \/>\n-13.00-13.45 Enpara.com Direkt\u00f6r\u00fc- Elsa Pekmez ATAN<br \/>\n-14.00-14.45 Ata Online Genel M\u00fcd\u00fcr\u00fc- Sarp Demiray<br \/>\n-15.00-15.45 ORACLE T\u00dcRK\u0130YE Finans Sekt\u00f6r\u00fc Sat\u0131\u015f Direkt\u00f6r\u00fc-I\u015f\u0131l KILIN\u00c7 G\u00dcRTUNA<\/p>\n<p><strong>25 Kas\u0131m:<\/strong><br \/>\n-10.00-10.45 AKBANK \u00d6zel Oturumu<br \/>\n-11.00-11.45 AvivaSA CEO&#8217;su Meral Eredenk<br \/>\n-12.30-13.15 K\u0131demli Yaz\u0131l\u0131m Geli\u015ftirici Burak Selim \u015eENYURT<br \/>\n-13.30-15.00 Sabanc\u0131 \u00dcniversitesi Finans K\u00fcrs\u00fc Ba\u015fkan\u0131-Profes\u00f6r Doktor \u00d6zg\u00fcr DEM\u0130RTA\u015e<br \/>\n-\u00d6D\u00dcLL\u00dc KOD YARI\u015eMASI<\/p>\n<p>Sen de T\u00fcrkiye&#8217;de ki en g\u00f6zde iki sekt\u00f6r\u00fc liderlerden dinlemek ve d\u00fcnyay\u0131 onlar\u0131n g\u00f6z\u00fcnden g\u00f6rmek istiyorsan,bu etkinli\u011fe kat\u0131lacak \u015fansl\u0131 ki\u015filerden olmak i\u00e7in hemen kay\u0131t ol !<\/p>\n<p><a href=\"https:\/\/www.facebook.com\/finansveyazilimgunleri\">https:\/\/www.facebook.com\/finansveyazilimgunleri<\/a><br \/>\n<a href=\"https:\/\/www.facebook.com\/kaliteveverimlilikkulubu\">https:\/\/www.facebook.com\/kaliteveverimlilikkulubu<\/a><br \/>\n<a href=\"https:\/\/twitter.com\/ytukvk\">https:\/\/twitter.com\/ytukvk<\/a><br \/>\n<a href=\"https:\/\/twitter.com\/kvk_sep\">https:\/\/twitter.com\/kvk_sep<\/a><br \/>\nadreslerinden bizi takip edebilirsiniz.<br \/>\nO\u011fuz \u00c7OLAKO\u011eLU<br \/>\nY\u0131ld\u0131z Teknik \u00dcniversitesi<br \/>\nKalite ve Verimlilik Kul\u00fcb\u00fc<br \/>\nDavutpa\u015fa Seminer E\u011fitim Projesi Lideri<br \/>\n0541 486 94 62<br \/>\noguzclkgl@gmail.com \/ oguzcolakoglu@ytukvk.org.tr<\/p>\n<!-- templates\/buttons-placeholder.php -->\n<div class=\"da-reactions-outer TpostID9701\">\n\t    <div class=\"da-reactions-data da-reactions-container-async center\"\n         data-type=\"post\"\n         data-id=\"9701\"\n         id=\"da-reactions-slot-post-9701\">\n        <div class=\"da-reactions-static\">\n\t\t\t<img src=\"https:\/\/www.kariyer.net\/kariyer-rehberi\/wp-content\/plugins\/da-reactions\/assets\/dist\/loading.svg\" alt=\"Loading spinner\" width=\"48\" height=\"48\" style=\"width:48px\" \/>\n        <\/div>\n    <\/div>\n<\/div>\n","protected":false},"excerpt":{"rendered":"<p>Geride b\u0131rakt\u0131\u011f\u0131m\u0131z 2013-2014 e\u011fitim d\u00f6neminde d\u00fczenledi\u011fi seminer,s\u00f6yle\u015fi,e\u011fitim ve teknik gezilerle 9000 kat\u0131l\u0131mc\u0131n\u0131n e\u011fitimlerine ve kariyer geleceklerine katk\u0131 sa\u011flayan, T\u00fcrkiye&#8217;nin &#8220;En Aktif \u0130\u015f ve Kariyer Kul\u00fcb\u00fc\u201d Kalite ve Verimlilik Kul\u00fcb\u00fc\u2019\u00fc taraf\u0131ndan ger\u00e7ekle\u015ftirilen &#8220;Y\u0131ld\u0131z Teknik \u00dcniversitesinin En Fazla Kat\u0131l\u0131mc\u0131l\u0131 Kariyer Etkinli\u011fi&#8221; olan Finans ve Yaz\u0131l\u0131m G\u00fcnleri bu y\u0131l 5. Kez d\u00fczenleniyor. 2012 y\u0131l\u0131nda 1000, 2013 y\u0131l\u0131nda 1250 [&hellip;]<\/p>\n<!-- templates\/buttons-placeholder.php -->\n<div class=\"da-reactions-outer TpostID9701\">\n\t    <div class=\"da-reactions-data da-reactions-container-async center\"\n         data-type=\"post\"\n         data-id=\"9701\"\n         id=\"da-reactions-slot-post-9701\">\n        <div class=\"da-reactions-static\">\n\t\t\t<img src=\"https:\/\/www.kariyer.net\/kariyer-rehberi\/wp-content\/plugins\/da-reactions\/assets\/dist\/loading.svg\" alt=\"Loading spinner\" width=\"48\" height=\"48\" style=\"width:48px\" \/>\n        <\/div>\n    <\/div>\n<\/div>\n","protected":false},"author":12,"featured_media":0,"comment_status":"open","ping_status":"open","sticky":false,"template":"","format":"standard","meta":{"footnotes":"","_elementor_edit_mode":"","_elementor_template_type":"","_elementor_data":"","_elementor_page_settings":null,"_elementor_conditions":[]},"categories":[2211,164],"tags":[],"class_list":{"0":"post-9701","1":"post","2":"type-post","3":"status-publish","4":"format-standard","6":"category-kariyer-gelisimi","7":"category-universite-kuluplerinden-haberler"},"yoast_head":"<!-- This site is optimized with the Yoast SEO Premium plugin v21.4 (Yoast SEO v27.0) - https:\/\/yoast.com\/product\/yoast-seo-premium-wordpress\/ -->\n<title>5. Finans ve Yaz\u0131l\u0131m G\u00fcnleri | Kariyer Rehberi<\/title>\n<meta name=\"description\" content=\"5. Finans ve Yaz\u0131l\u0131m G\u00fcnleri 24-25-26-27 Kas\u0131m tarihlerinde Y\u0131ld\u0131z Teknik \u00dcniversitesi Davutpa\u015fa Kamp\u00fcs\u00fc Kongre ve K\u00fclt\u00fcr Merkezi\u2019nde!\" \/>\n<meta name=\"robots\" content=\"index, follow, max-snippet:-1, max-image-preview:large, max-video-preview:-1\" \/>\n<link rel=\"canonical\" href=\"https:\/\/www.kariyer.net\/kariyer-rehberi\/5-finans-ve-yazilim-gunleri\/\" \/>\n<meta property=\"og:locale\" content=\"tr_TR\" \/>\n<meta property=\"og:type\" content=\"article\" \/>\n<meta property=\"og:title\" content=\"5. Finans ve Yaz\u0131l\u0131m G\u00fcnleri\" \/>\n<meta property=\"og:description\" content=\"Geride b\u0131rakt\u0131\u011f\u0131m\u0131z 2013-2014 e\u011fitim d\u00f6neminde d\u00fczenledi\u011fi seminer,s\u00f6yle\u015fi,e\u011fitim ve teknik gezilerle 9000 kat\u0131l\u0131mc\u0131n\u0131n e\u011fitimlerine ve kariyer\" \/>\n<meta property=\"og:url\" content=\"https:\/\/www.kariyer.net\/kariyer-rehberi\/5-finans-ve-yazilim-gunleri\/\" \/>\n<meta property=\"og:site_name\" content=\"Kariyer Rehberi\" \/>\n<meta property=\"article:published_time\" content=\"2013-01-01T08:57:55+00:00\" \/>\n<meta property=\"article:modified_time\" content=\"2024-07-03T12:36:00+00:00\" \/>\n<meta property=\"og:image\" content=\"http:\/\/www.kariyer.net\/kariyer-kampuste\/wp-content\/uploads\/2014\/11\/kvk.jpg\" \/>\n<meta name=\"author\" content=\"Edit\u00f6r\" \/>\n<meta name=\"twitter:card\" content=\"summary_large_image\" \/>\n<meta name=\"twitter:label1\" content=\"Yazan:\" \/>\n\t<meta name=\"twitter:data1\" content=\"Edit\u00f6r\" \/>\n\t<meta name=\"twitter:label2\" content=\"Tahmini okuma s\u00fcresi\" \/>\n\t<meta name=\"twitter:data2\" content=\"3 dakika\" \/>\n<!-- \/ Yoast SEO Premium plugin. -->","yoast_head_json":{"title":"5. Finans ve Yaz\u0131l\u0131m G\u00fcnleri | Kariyer Rehberi","description":"5. Finans ve Yaz\u0131l\u0131m G\u00fcnleri 24-25-26-27 Kas\u0131m tarihlerinde Y\u0131ld\u0131z Teknik \u00dcniversitesi Davutpa\u015fa Kamp\u00fcs\u00fc Kongre ve K\u00fclt\u00fcr Merkezi\u2019nde!","robots":{"index":"index","follow":"follow","max-snippet":"max-snippet:-1","max-image-preview":"max-image-preview:large","max-video-preview":"max-video-preview:-1"},"canonical":"https:\/\/www.kariyer.net\/kariyer-rehberi\/5-finans-ve-yazilim-gunleri\/","og_locale":"tr_TR","og_type":"article","og_title":"5. Finans ve Yaz\u0131l\u0131m G\u00fcnleri","og_description":"Geride b\u0131rakt\u0131\u011f\u0131m\u0131z 2013-2014 e\u011fitim d\u00f6neminde d\u00fczenledi\u011fi seminer,s\u00f6yle\u015fi,e\u011fitim ve teknik gezilerle 9000 kat\u0131l\u0131mc\u0131n\u0131n e\u011fitimlerine ve kariyer","og_url":"https:\/\/www.kariyer.net\/kariyer-rehberi\/5-finans-ve-yazilim-gunleri\/","og_site_name":"Kariyer Rehberi","article_published_time":"2013-01-01T08:57:55+00:00","article_modified_time":"2024-07-03T12:36:00+00:00","og_image":[{"url":"http:\/\/www.kariyer.net\/kariyer-kampuste\/wp-content\/uploads\/2014\/11\/kvk.jpg","type":"","width":"","height":""}],"author":"Edit\u00f6r","twitter_card":"summary_large_image","twitter_misc":{"Yazan:":"Edit\u00f6r","Tahmini okuma s\u00fcresi":"3 dakika"},"schema":{"@context":"https:\/\/schema.org","@graph":[{"@type":"Article","@id":"https:\/\/www.kariyer.net\/kariyer-rehberi\/5-finans-ve-yazilim-gunleri\/#article","isPartOf":{"@id":"https:\/\/www.kariyer.net\/kariyer-rehberi\/5-finans-ve-yazilim-gunleri\/"},"author":{"name":"Edit\u00f6r","@id":"https:\/\/www.kariyer.net\/kariyer-rehberi\/#\/schema\/person\/94fd6e49c7ff1b1b2565a2cc4fd685dd"},"headline":"5. Finans ve Yaz\u0131l\u0131m G\u00fcnleri","datePublished":"2013-01-01T08:57:55+00:00","dateModified":"2024-07-03T12:36:00+00:00","mainEntityOfPage":{"@id":"https:\/\/www.kariyer.net\/kariyer-rehberi\/5-finans-ve-yazilim-gunleri\/"},"wordCount":510,"commentCount":0,"publisher":{"@id":"https:\/\/www.kariyer.net\/kariyer-rehberi\/#organization"},"image":{"@id":"https:\/\/www.kariyer.net\/kariyer-rehberi\/5-finans-ve-yazilim-gunleri\/#primaryimage"},"thumbnailUrl":"http:\/\/www.kariyer.net\/kariyer-kampuste\/wp-content\/uploads\/2014\/11\/kvk.jpg","articleSection":["Kariyer Geli\u015fimi","\u00dcniversite Kul\u00fcplerinden Haberler"],"inLanguage":"tr","potentialAction":[{"@type":"CommentAction","name":"Comment","target":["https:\/\/www.kariyer.net\/kariyer-rehberi\/5-finans-ve-yazilim-gunleri\/#respond"]}]},{"@type":"WebPage","@id":"https:\/\/www.kariyer.net\/kariyer-rehberi\/5-finans-ve-yazilim-gunleri\/","url":"https:\/\/www.kariyer.net\/kariyer-rehberi\/5-finans-ve-yazilim-gunleri\/","name":"5. Finans ve Yaz\u0131l\u0131m G\u00fcnleri | Kariyer Rehberi","isPartOf":{"@id":"https:\/\/www.kariyer.net\/kariyer-rehberi\/#website"},"primaryImageOfPage":{"@id":"https:\/\/www.kariyer.net\/kariyer-rehberi\/5-finans-ve-yazilim-gunleri\/#primaryimage"},"image":{"@id":"https:\/\/www.kariyer.net\/kariyer-rehberi\/5-finans-ve-yazilim-gunleri\/#primaryimage"},"thumbnailUrl":"http:\/\/www.kariyer.net\/kariyer-kampuste\/wp-content\/uploads\/2014\/11\/kvk.jpg","datePublished":"2013-01-01T08:57:55+00:00","dateModified":"2024-07-03T12:36:00+00:00","description":"5. Finans ve Yaz\u0131l\u0131m G\u00fcnleri 24-25-26-27 Kas\u0131m tarihlerinde Y\u0131ld\u0131z Teknik \u00dcniversitesi Davutpa\u015fa Kamp\u00fcs\u00fc Kongre ve K\u00fclt\u00fcr Merkezi\u2019nde!","breadcrumb":{"@id":"https:\/\/www.kariyer.net\/kariyer-rehberi\/5-finans-ve-yazilim-gunleri\/#breadcrumb"},"inLanguage":"tr","potentialAction":[{"@type":"ReadAction","target":["https:\/\/www.kariyer.net\/kariyer-rehberi\/5-finans-ve-yazilim-gunleri\/"]}]},{"@type":"ImageObject","inLanguage":"tr","@id":"https:\/\/www.kariyer.net\/kariyer-rehberi\/5-finans-ve-yazilim-gunleri\/#primaryimage","url":"http:\/\/www.kariyer.net\/kariyer-kampuste\/wp-content\/uploads\/2014\/11\/kvk.jpg","contentUrl":"http:\/\/www.kariyer.net\/kariyer-kampuste\/wp-content\/uploads\/2014\/11\/kvk.jpg"},{"@type":"BreadcrumbList","@id":"https:\/\/www.kariyer.net\/kariyer-rehberi\/5-finans-ve-yazilim-gunleri\/#breadcrumb","itemListElement":[{"@type":"ListItem","position":1,"name":"Anasayfa","item":"https:\/\/www.kariyer.net\/kariyer-rehberi\/"},{"@type":"ListItem","position":2,"name":"5. Finans ve Yaz\u0131l\u0131m G\u00fcnleri"}]},{"@type":"WebSite","@id":"https:\/\/www.kariyer.net\/kariyer-rehberi\/#website","url":"https:\/\/www.kariyer.net\/kariyer-rehberi\/","name":"Kariyer Rehberi","description":"\u0130\u015f D\u00fcnyas\u0131yla \u0130lgili Bilmek \u0130stedi\u011finiz Her \u015eey","publisher":{"@id":"https:\/\/www.kariyer.net\/kariyer-rehberi\/#organization"},"potentialAction":[{"@type":"SearchAction","target":{"@type":"EntryPoint","urlTemplate":"https:\/\/www.kariyer.net\/kariyer-rehberi\/?s={search_term_string}"},"query-input":{"@type":"PropertyValueSpecification","valueRequired":true,"valueName":"search_term_string"}}],"inLanguage":"tr"},{"@type":"Organization","@id":"https:\/\/www.kariyer.net\/kariyer-rehberi\/#organization","name":"Kariyer.net","url":"https:\/\/www.kariyer.net\/kariyer-rehberi\/","logo":{"@type":"ImageObject","inLanguage":"tr","@id":"https:\/\/www.kariyer.net\/kariyer-rehberi\/#\/schema\/logo\/image\/","url":"https:\/\/www.kariyer.net\/kariyer-rehberi-new\/wp-content\/uploads\/2023\/01\/og-image11.jpg","contentUrl":"https:\/\/www.kariyer.net\/kariyer-rehberi-new\/wp-content\/uploads\/2023\/01\/og-image11.jpg","width":800,"height":800,"caption":"Kariyer.net"},"image":{"@id":"https:\/\/www.kariyer.net\/kariyer-rehberi\/#\/schema\/logo\/image\/"}},{"@type":"Person","@id":"https:\/\/www.kariyer.net\/kariyer-rehberi\/#\/schema\/person\/94fd6e49c7ff1b1b2565a2cc4fd685dd","name":"Edit\u00f6r","image":{"@type":"ImageObject","inLanguage":"tr","@id":"https:\/\/www.kariyer.net\/kariyer-rehberi\/#\/schema\/person\/image\/","url":"https:\/\/secure.gravatar.com\/avatar\/0c4fe6688343aed3693b15573beae12c08ace5565409d5ab7509bf9c115f458d?s=96&d=mm&r=g","contentUrl":"https:\/\/secure.gravatar.com\/avatar\/0c4fe6688343aed3693b15573beae12c08ace5565409d5ab7509bf9c115f458d?s=96&d=mm&r=g","caption":"Edit\u00f6r"},"url":"https:\/\/www.kariyer.net\/kariyer-rehberi\/author\/editor\/"}]}},"_links":{"self":[{"href":"https:\/\/www.kariyer.net\/kariyer-rehberi\/wp-json\/wp\/v2\/posts\/9701","targetHints":{"allow":["GET"]}}],"collection":[{"href":"https:\/\/www.kariyer.net\/kariyer-rehberi\/wp-json\/wp\/v2\/posts"}],"about":[{"href":"https:\/\/www.kariyer.net\/kariyer-rehberi\/wp-json\/wp\/v2\/types\/post"}],"author":[{"embeddable":true,"href":"https:\/\/www.kariyer.net\/kariyer-rehberi\/wp-json\/wp\/v2\/users\/12"}],"replies":[{"embeddable":true,"href":"https:\/\/www.kariyer.net\/kariyer-rehberi\/wp-json\/wp\/v2\/comments?post=9701"}],"version-history":[{"count":1,"href":"https:\/\/www.kariyer.net\/kariyer-rehberi\/wp-json\/wp\/v2\/posts\/9701\/revisions"}],"predecessor-version":[{"id":19870,"href":"https:\/\/www.kariyer.net\/kariyer-rehberi\/wp-json\/wp\/v2\/posts\/9701\/revisions\/19870"}],"wp:attachment":[{"href":"https:\/\/www.kariyer.net\/kariyer-rehberi\/wp-json\/wp\/v2\/media?parent=9701"}],"wp:term":[{"taxonomy":"category","embeddable":true,"href":"https:\/\/www.kariyer.net\/kariyer-rehberi\/wp-json\/wp\/v2\/categories?post=9701"},{"taxonomy":"post_tag","embeddable":true,"href":"https:\/\/www.kariyer.net\/kariyer-rehberi\/wp-json\/wp\/v2\/tags?post=9701"}],"curies":[{"name":"wp","href":"https:\/\/api.w.org\/{rel}","templated":true}]}}