{"id":9713,"date":"2014-12-09T09:10:08","date_gmt":"2014-12-09T07:10:08","guid":{"rendered":"http:\/\/www.kariyer.net\/kariyer-kampuste\/?p=2687"},"modified":"2024-07-03T15:28:01","modified_gmt":"2024-07-03T12:28:01","slug":"karyon-gazi-universitesi","status":"publish","type":"post","link":"https:\/\/www.kariyer.net\/kariyer-rehberi\/karyon-gazi-universitesi\/","title":{"rendered":"KARY\u00d6N &#8211; Gazi \u00dcniversitesi"},"content":{"rendered":"<p><img decoding=\"async\" class=\"alignleft\" src=\"http:\/\/www.kariyer.net\/kariyer-kampuste\/wp-content\/uploads\/2014\/12\/karyon.jpg\" alt=\"kary\u00f6n\" width=\"177\" height=\"177\" \/><\/p>\n<p><strong>Gazi \u00dcniversitesi Kary\u00f6n Toplulu\u011fu<\/strong>\u2019nun d\u00fczenledi\u011fi <strong>5. Ki\u015fisel Geli\u015fim Zirvesi<\/strong> 15-16 Aral\u0131k tarihlerinde sizleri bekliyor\u2026<\/p>\n<p>\u201cKi\u015fisel geli\u015fim diye bir \u015fey uydurmu\u015flar, her \u00f6n\u00fcne gelen ya\u015fam ko\u00e7u oluyor\u2026 Kitap\u00e7\u0131lar, hep ayn\u0131 \u015feyleri yineleyen ki\u015fisel geli\u015fim kitaplar\u0131ndan ge\u00e7ilmiyor.\u201d Diyenlerden misiniz? Ki\u015fisel geli\u015fiyoruz diye gitti\u011finiz organizasyonalrda g\u00f6zlerinizi kapat\u0131p kendinizi ormanda, do\u011fada, bay\u0131rda hayal etmekten b\u0131kt\u0131n\u0131z m\u0131?\u201d Hepsini unutup <strong>15-16 Aral\u0131k<\/strong>\u2019ta 100.Y\u0131l\u2019a gelin!<\/p>\n<p>Organizasyon T\u00fcyolar\u0131:<br \/>\n\u2022 KGZ bu y\u0131l 5. Defa ger\u00e7ekle\u015fiyor.<br \/>\n\u2022 Organizasyonda 2 g\u00fcn boyunca 6 e\u011fitim sertifikal\u0131 olarak verilecek.<br \/>\n\u2022 3 oturumda \u00e7ekili\u015fle muhte\u015fem hediyeler kat\u0131l\u0131mc\u0131lar\u0131 bekliyor.<!--more--><\/p>\n<p><strong>15 Aral\u0131k<\/strong>;<br \/>\n\u2022 11:00 Sat\u0131\u015f ve Pazarlama E\u011fitim Ercan TELC\u0130- Sat\u0131\u015f E\u011fitmeni<br \/>\n\u2022 13:00 Ki\u015fisel Geli\u015fim Talk Show \u00d6zkan YILMAZ- Bilge Adam Akademi<br \/>\n\u2022 15:00 Sosyal Medya E\u011fitimi Burhan M\u0130RZOO\u011eLU- Bilge Adam Akademi<\/p>\n<p><strong>16 Aral\u0131k<\/strong>;<br \/>\n\u2022 11:00 Avrupa F\u0131rsatlar\u0131 E\u011fitimi G\u00fcrkan TELC\u0130- System&amp;Generation Derne\u011fi<br \/>\n\u2022 13:00 Yurt D\u0131\u015f\u0131 E\u011fitimi Bahri YILMAZ- Yero Yurtd\u0131\u015f\u0131 E\u011fitim<br \/>\n\u2022 15:00 Kariyer.net\u2019ten Kariyer T\u00fcyolar\u0131 Didem ARIKAN-Kariyer.net<\/p>\n<p>Ba\u015fvuru i\u00e7in : <strong><a href=\"http:\/\/karyon.org\/\">http:\/\/karyon.org\/<\/a><\/strong><\/p>\n<!-- templates\/buttons-placeholder.php -->\n<div class=\"da-reactions-outer TpostID9713\">\n\t    <div class=\"da-reactions-data da-reactions-container-async center\"\n         data-type=\"post\"\n         data-id=\"9713\"\n         id=\"da-reactions-slot-post-9713\">\n        <div class=\"da-reactions-static\">\n\t\t\t<img src=\"https:\/\/www.kariyer.net\/kariyer-rehberi\/wp-content\/plugins\/da-reactions\/assets\/dist\/loading.svg\" alt=\"Loading spinner\" width=\"48\" height=\"48\" style=\"width:48px\" \/>\n        <\/div>\n    <\/div>\n<\/div>\n","protected":false},"excerpt":{"rendered":"<p>Gazi \u00dcniversitesi Kary\u00f6n Toplulu\u011fu\u2019nun d\u00fczenledi\u011fi 5. Ki\u015fisel Geli\u015fim Zirvesi 15-16 Aral\u0131k tarihlerinde sizleri bekliyor\u2026 \u201cKi\u015fisel geli\u015fim diye bir \u015fey uydurmu\u015flar, her \u00f6n\u00fcne gelen ya\u015fam ko\u00e7u oluyor\u2026 Kitap\u00e7\u0131lar, hep ayn\u0131 \u015feyleri yineleyen ki\u015fisel geli\u015fim kitaplar\u0131ndan ge\u00e7ilmiyor.\u201d Diyenlerden misiniz? Ki\u015fisel geli\u015fiyoruz diye gitti\u011finiz organizasyonalrda g\u00f6zlerinizi kapat\u0131p kendinizi ormanda, do\u011fada, bay\u0131rda hayal etmekten b\u0131kt\u0131n\u0131z m\u0131?\u201d Hepsini unutup 15-16 [&hellip;]<\/p>\n<!-- templates\/buttons-placeholder.php -->\n<div class=\"da-reactions-outer TpostID9713\">\n\t    <div class=\"da-reactions-data da-reactions-container-async center\"\n         data-type=\"post\"\n         data-id=\"9713\"\n         id=\"da-reactions-slot-post-9713\">\n        <div class=\"da-reactions-static\">\n\t\t\t<img src=\"https:\/\/www.kariyer.net\/kariyer-rehberi\/wp-content\/plugins\/da-reactions\/assets\/dist\/loading.svg\" alt=\"Loading spinner\" width=\"48\" height=\"48\" style=\"width:48px\" \/>\n        <\/div>\n    <\/div>\n<\/div>\n","protected":false},"author":12,"featured_media":0,"comment_status":"open","ping_status":"open","sticky":false,"template":"","format":"standard","meta":{"footnotes":"","_elementor_edit_mode":"","_elementor_template_type":"","_elementor_data":"","_elementor_page_settings":null,"_elementor_conditions":[]},"categories":[2211,164],"tags":[],"class_list":{"0":"post-9713","1":"post","2":"type-post","3":"status-publish","4":"format-standard","6":"category-kariyer-gelisimi","7":"category-universite-kuluplerinden-haberler"},"yoast_head":"<!-- This site is optimized with the Yoast SEO Premium plugin v21.4 (Yoast SEO v27.0) - https:\/\/yoast.com\/product\/yoast-seo-premium-wordpress\/ -->\n<title>KARY\u00d6N | Kariyer Rehberi<\/title>\n<meta name=\"description\" content=\"Gazi \u00dcniversitesi Kary\u00f6n Toplulu\u011fu\u2019nun d\u00fczenledi\u011fi 5. Ki\u015fisel Geli\u015fim Zirvesi 15-16&#039;tasizleri bekliyor. Kariyer.net Kary\u00f6n Toplulu\u011fu&#039;nu destekliyor.\" \/>\n<meta name=\"robots\" content=\"index, follow, max-snippet:-1, max-image-preview:large, max-video-preview:-1\" \/>\n<link rel=\"canonical\" href=\"https:\/\/www.kariyer.net\/kariyer-rehberi\/karyon-gazi-universitesi\/\" \/>\n<meta property=\"og:locale\" content=\"tr_TR\" \/>\n<meta property=\"og:type\" content=\"article\" \/>\n<meta property=\"og:title\" content=\"KARY\u00d6N - Gazi \u00dcniversitesi\" \/>\n<meta property=\"og:description\" content=\"Gazi \u00dcniversitesi Kary\u00f6n Toplulu\u011fu\u2019nun d\u00fczenledi\u011fi 5. Ki\u015fisel Geli\u015fim Zirvesi 15-16 Aral\u0131k tarihlerinde sizleri bekliyor\u2026 \u201cKi\u015fisel geli\u015fim diye bir \u015fey\" \/>\n<meta property=\"og:url\" content=\"https:\/\/www.kariyer.net\/kariyer-rehberi\/karyon-gazi-universitesi\/\" \/>\n<meta property=\"og:site_name\" content=\"Kariyer Rehberi\" \/>\n<meta property=\"article:published_time\" content=\"2014-12-09T07:10:08+00:00\" \/>\n<meta property=\"article:modified_time\" content=\"2024-07-03T12:28:01+00:00\" \/>\n<meta property=\"og:image\" content=\"http:\/\/www.kariyer.net\/kariyer-kampuste\/wp-content\/uploads\/2014\/12\/karyon.jpg\" \/>\n<meta name=\"author\" content=\"Edit\u00f6r\" \/>\n<meta name=\"twitter:card\" content=\"summary_large_image\" \/>\n<meta name=\"twitter:label1\" content=\"Yazan:\" \/>\n\t<meta name=\"twitter:data1\" content=\"Edit\u00f6r\" \/>\n\t<meta name=\"twitter:label2\" content=\"Tahmini okuma s\u00fcresi\" \/>\n\t<meta name=\"twitter:data2\" content=\"1 dakika\" \/>\n<!-- \/ Yoast SEO Premium plugin. -->","yoast_head_json":{"title":"KARY\u00d6N | Kariyer Rehberi","description":"Gazi \u00dcniversitesi Kary\u00f6n Toplulu\u011fu\u2019nun d\u00fczenledi\u011fi 5. Ki\u015fisel Geli\u015fim Zirvesi 15-16'tasizleri bekliyor. Kariyer.net Kary\u00f6n Toplulu\u011fu'nu destekliyor.","robots":{"index":"index","follow":"follow","max-snippet":"max-snippet:-1","max-image-preview":"max-image-preview:large","max-video-preview":"max-video-preview:-1"},"canonical":"https:\/\/www.kariyer.net\/kariyer-rehberi\/karyon-gazi-universitesi\/","og_locale":"tr_TR","og_type":"article","og_title":"KARY\u00d6N - Gazi \u00dcniversitesi","og_description":"Gazi \u00dcniversitesi Kary\u00f6n Toplulu\u011fu\u2019nun d\u00fczenledi\u011fi 5. Ki\u015fisel Geli\u015fim Zirvesi 15-16 Aral\u0131k tarihlerinde sizleri bekliyor\u2026 \u201cKi\u015fisel geli\u015fim diye bir \u015fey","og_url":"https:\/\/www.kariyer.net\/kariyer-rehberi\/karyon-gazi-universitesi\/","og_site_name":"Kariyer Rehberi","article_published_time":"2014-12-09T07:10:08+00:00","article_modified_time":"2024-07-03T12:28:01+00:00","og_image":[{"url":"http:\/\/www.kariyer.net\/kariyer-kampuste\/wp-content\/uploads\/2014\/12\/karyon.jpg","type":"","width":"","height":""}],"author":"Edit\u00f6r","twitter_card":"summary_large_image","twitter_misc":{"Yazan:":"Edit\u00f6r","Tahmini okuma s\u00fcresi":"1 dakika"},"schema":{"@context":"https:\/\/schema.org","@graph":[{"@type":"Article","@id":"https:\/\/www.kariyer.net\/kariyer-rehberi\/karyon-gazi-universitesi\/#article","isPartOf":{"@id":"https:\/\/www.kariyer.net\/kariyer-rehberi\/karyon-gazi-universitesi\/"},"author":{"name":"Edit\u00f6r","@id":"https:\/\/www.kariyer.net\/kariyer-rehberi\/#\/schema\/person\/94fd6e49c7ff1b1b2565a2cc4fd685dd"},"headline":"KARY\u00d6N &#8211; Gazi \u00dcniversitesi","datePublished":"2014-12-09T07:10:08+00:00","dateModified":"2024-07-03T12:28:01+00:00","mainEntityOfPage":{"@id":"https:\/\/www.kariyer.net\/kariyer-rehberi\/karyon-gazi-universitesi\/"},"wordCount":203,"commentCount":0,"publisher":{"@id":"https:\/\/www.kariyer.net\/kariyer-rehberi\/#organization"},"image":{"@id":"https:\/\/www.kariyer.net\/kariyer-rehberi\/karyon-gazi-universitesi\/#primaryimage"},"thumbnailUrl":"http:\/\/www.kariyer.net\/kariyer-kampuste\/wp-content\/uploads\/2014\/12\/karyon.jpg","articleSection":["Kariyer Geli\u015fimi","\u00dcniversite Kul\u00fcplerinden Haberler"],"inLanguage":"tr","potentialAction":[{"@type":"CommentAction","name":"Comment","target":["https:\/\/www.kariyer.net\/kariyer-rehberi\/karyon-gazi-universitesi\/#respond"]}]},{"@type":"WebPage","@id":"https:\/\/www.kariyer.net\/kariyer-rehberi\/karyon-gazi-universitesi\/","url":"https:\/\/www.kariyer.net\/kariyer-rehberi\/karyon-gazi-universitesi\/","name":"KARY\u00d6N | Kariyer Rehberi","isPartOf":{"@id":"https:\/\/www.kariyer.net\/kariyer-rehberi\/#website"},"primaryImageOfPage":{"@id":"https:\/\/www.kariyer.net\/kariyer-rehberi\/karyon-gazi-universitesi\/#primaryimage"},"image":{"@id":"https:\/\/www.kariyer.net\/kariyer-rehberi\/karyon-gazi-universitesi\/#primaryimage"},"thumbnailUrl":"http:\/\/www.kariyer.net\/kariyer-kampuste\/wp-content\/uploads\/2014\/12\/karyon.jpg","datePublished":"2014-12-09T07:10:08+00:00","dateModified":"2024-07-03T12:28:01+00:00","description":"Gazi \u00dcniversitesi Kary\u00f6n Toplulu\u011fu\u2019nun d\u00fczenledi\u011fi 5. Ki\u015fisel Geli\u015fim Zirvesi 15-16'tasizleri bekliyor. Kariyer.net Kary\u00f6n Toplulu\u011fu'nu destekliyor.","breadcrumb":{"@id":"https:\/\/www.kariyer.net\/kariyer-rehberi\/karyon-gazi-universitesi\/#breadcrumb"},"inLanguage":"tr","potentialAction":[{"@type":"ReadAction","target":["https:\/\/www.kariyer.net\/kariyer-rehberi\/karyon-gazi-universitesi\/"]}]},{"@type":"ImageObject","inLanguage":"tr","@id":"https:\/\/www.kariyer.net\/kariyer-rehberi\/karyon-gazi-universitesi\/#primaryimage","url":"http:\/\/www.kariyer.net\/kariyer-kampuste\/wp-content\/uploads\/2014\/12\/karyon.jpg","contentUrl":"http:\/\/www.kariyer.net\/kariyer-kampuste\/wp-content\/uploads\/2014\/12\/karyon.jpg"},{"@type":"BreadcrumbList","@id":"https:\/\/www.kariyer.net\/kariyer-rehberi\/karyon-gazi-universitesi\/#breadcrumb","itemListElement":[{"@type":"ListItem","position":1,"name":"Anasayfa","item":"https:\/\/www.kariyer.net\/kariyer-rehberi\/"},{"@type":"ListItem","position":2,"name":"KARY\u00d6N &#8211; Gazi \u00dcniversitesi"}]},{"@type":"WebSite","@id":"https:\/\/www.kariyer.net\/kariyer-rehberi\/#website","url":"https:\/\/www.kariyer.net\/kariyer-rehberi\/","name":"Kariyer Rehberi","description":"\u0130\u015f D\u00fcnyas\u0131yla \u0130lgili Bilmek \u0130stedi\u011finiz Her \u015eey","publisher":{"@id":"https:\/\/www.kariyer.net\/kariyer-rehberi\/#organization"},"potentialAction":[{"@type":"SearchAction","target":{"@type":"EntryPoint","urlTemplate":"https:\/\/www.kariyer.net\/kariyer-rehberi\/?s={search_term_string}"},"query-input":{"@type":"PropertyValueSpecification","valueRequired":true,"valueName":"search_term_string"}}],"inLanguage":"tr"},{"@type":"Organization","@id":"https:\/\/www.kariyer.net\/kariyer-rehberi\/#organization","name":"Kariyer.net","url":"https:\/\/www.kariyer.net\/kariyer-rehberi\/","logo":{"@type":"ImageObject","inLanguage":"tr","@id":"https:\/\/www.kariyer.net\/kariyer-rehberi\/#\/schema\/logo\/image\/","url":"https:\/\/www.kariyer.net\/kariyer-rehberi-new\/wp-content\/uploads\/2023\/01\/og-image11.jpg","contentUrl":"https:\/\/www.kariyer.net\/kariyer-rehberi-new\/wp-content\/uploads\/2023\/01\/og-image11.jpg","width":800,"height":800,"caption":"Kariyer.net"},"image":{"@id":"https:\/\/www.kariyer.net\/kariyer-rehberi\/#\/schema\/logo\/image\/"}},{"@type":"Person","@id":"https:\/\/www.kariyer.net\/kariyer-rehberi\/#\/schema\/person\/94fd6e49c7ff1b1b2565a2cc4fd685dd","name":"Edit\u00f6r","image":{"@type":"ImageObject","inLanguage":"tr","@id":"https:\/\/www.kariyer.net\/kariyer-rehberi\/#\/schema\/person\/image\/","url":"https:\/\/secure.gravatar.com\/avatar\/0c4fe6688343aed3693b15573beae12c08ace5565409d5ab7509bf9c115f458d?s=96&d=mm&r=g","contentUrl":"https:\/\/secure.gravatar.com\/avatar\/0c4fe6688343aed3693b15573beae12c08ace5565409d5ab7509bf9c115f458d?s=96&d=mm&r=g","caption":"Edit\u00f6r"},"url":"https:\/\/www.kariyer.net\/kariyer-rehberi\/author\/editor\/"}]}},"_links":{"self":[{"href":"https:\/\/www.kariyer.net\/kariyer-rehberi\/wp-json\/wp\/v2\/posts\/9713","targetHints":{"allow":["GET"]}}],"collection":[{"href":"https:\/\/www.kariyer.net\/kariyer-rehberi\/wp-json\/wp\/v2\/posts"}],"about":[{"href":"https:\/\/www.kariyer.net\/kariyer-rehberi\/wp-json\/wp\/v2\/types\/post"}],"author":[{"embeddable":true,"href":"https:\/\/www.kariyer.net\/kariyer-rehberi\/wp-json\/wp\/v2\/users\/12"}],"replies":[{"embeddable":true,"href":"https:\/\/www.kariyer.net\/kariyer-rehberi\/wp-json\/wp\/v2\/comments?post=9713"}],"version-history":[{"count":1,"href":"https:\/\/www.kariyer.net\/kariyer-rehberi\/wp-json\/wp\/v2\/posts\/9713\/revisions"}],"predecessor-version":[{"id":19568,"href":"https:\/\/www.kariyer.net\/kariyer-rehberi\/wp-json\/wp\/v2\/posts\/9713\/revisions\/19568"}],"wp:attachment":[{"href":"https:\/\/www.kariyer.net\/kariyer-rehberi\/wp-json\/wp\/v2\/media?parent=9713"}],"wp:term":[{"taxonomy":"category","embeddable":true,"href":"https:\/\/www.kariyer.net\/kariyer-rehberi\/wp-json\/wp\/v2\/categories?post=9713"},{"taxonomy":"post_tag","embeddable":true,"href":"https:\/\/www.kariyer.net\/kariyer-rehberi\/wp-json\/wp\/v2\/tags?post=9713"}],"curies":[{"name":"wp","href":"https:\/\/api.w.org\/{rel}","templated":true}]}}