{"id":9719,"date":"2013-01-01T09:43:03","date_gmt":"2013-01-01T07:43:03","guid":{"rendered":"http:\/\/www.kariyer.net\/kariyer-kampuste\/?p=2751"},"modified":"2024-07-03T15:37:11","modified_gmt":"2024-07-03T12:37:11","slug":"kariyer-sokagi","status":"publish","type":"post","link":"https:\/\/www.kariyer.net\/kariyer-rehberi\/kariyer-sokagi\/","title":{"rendered":"Kariyer Soka\u011f\u0131 &#8211; Ege \u00dcniversitesi \u0130\u015fletme Kul\u00fcb\u00fc"},"content":{"rendered":"<p><img decoding=\"async\" class=\"alignleft wp-image-2749 size-thumbnail\" src=\"http:\/\/www.kariyer.net\/kariyer-kampuste\/wp-content\/uploads\/2014\/12\/egeuniisletme-150x150.jpg\" alt=\"egeuniisletme\" width=\"150\" height=\"150\" \/><img decoding=\"async\" class=\"alignright wp-image-2748\" src=\"http:\/\/www.kariyer.net\/kariyer-kampuste\/wp-content\/uploads\/2014\/12\/egeuniiktisadi.png\" alt=\"egeuniiktisadi\" width=\"150\" height=\"150\" \/><\/p>\n<p style=\"text-align: center;\"><strong>BU SOKAKTA NE ARARSAN VAR!<\/strong><\/p>\n<p>&nbsp;<\/p>\n<p>&nbsp;<\/p>\n<p>&nbsp;<\/p>\n<p><strong>Ege \u00dcniversitesi \u0130\u015fletme Kul\u00fcb\u00fc<\/strong> olarak 10. Y\u0131l\u0131m\u0131zda ba\u015far\u0131lar\u0131m\u0131za yenilerini eklemek i\u00e7in \u00e7al\u0131\u015ft\u0131\u011f\u0131m\u0131z 2014-2015 E\u011fitim-\u00d6\u011fretim D\u00f6nemi\u2019nin en \u00f6nemli etkinliklerinden biri olarak g\u00f6rd\u00fc\u011f\u00fcm\u00fcz \u2018\u2019<strong>Kariyer Soka\u011f\u0131<\/strong>\u2019\u2019 adl\u0131 Kariyer G\u00fcnleri etkinli\u011fimiz i\u00e7in \u00e7al\u0131\u015fmalar\u0131m\u0131za devam etmekteyiz.<\/p>\n<p><strong>25-26 Aral\u0131k<\/strong> tarihinde E<strong>ge \u00dcniversitesi Prof.Dr.Yusuf Vardar (M\u00d6TBE )K\u00fclt\u00fcr Merkezi<\/strong>\u2019nde t\u00fcm \u00fcniversitelileri Kariyer Soka\u011f\u0131\u2019na bekliyoruz.<\/p>\n<p><strong>\u0130\u015e VE STAJ FIRSATI!<\/strong><br \/>\nEtkinli\u011fe gelmeden \u00f6nce CV&#8217;nizin \u00e7\u0131kt\u0131s\u0131n\u0131 al\u0131p etkinli\u011fe gelen firmalara vererek i\u015f ve staj imkan\u0131 sa\u011flayabilirsiniz.<\/p>\n<p><strong>KATILIM SERT\u0130F\u0130KASI!<\/strong><br \/>\nEn az 5 oturuma kat\u0131larak dekanl\u0131k imzal\u0131 kat\u0131l\u0131m sertifikas\u0131n\u0131 alabilirsiniz<\/p>\n<p><strong>EN YARATICI 2 FOTO\u011eRAFA G\u0130D\u0130\u015e D\u00d6N\u00dc\u015e U\u00c7AK B\u0130LET\u0130 HED\u0130YE!<\/strong><br \/>\nKariyer temal\u0131 foto\u011fraflar\u0131n\u0131z\u0131 #KariyerSoka\u011f\u0131 <strong>#Ege\u0130\u015fletmeKul\u00fcb\u00fc<\/strong> ve <strong>#Ege\u00dcniversitesi<\/strong> etiketlerini kullanarak \u0130nstangram&#8217;da payla\u015fman\u0131z halinde en yarat\u0131c\u0131 2 foto\u011frafa Atlas Jet taraf\u0131ndan 1 y\u0131l i\u00e7inde kullanma hakk\u0131 olacak \u015fekilde gidi\u015f d\u00f6n\u00fc\u015f u\u00e7ak bileti verilecektir.<br \/>\n&#8211; Yar\u0131\u015fma 25 Aral\u0131k saat 17.00&#8217;de sona erecektir. \u00d6d\u00fcl 26 Aral\u0131k&#8217;ta etkinlik s\u0131ras\u0131nda verilecektir. \u00d6d\u00fcl\u00fcn al\u0131nmas\u0131 i\u00e7in etkinlik alan\u0131nda bulunulmas\u0131 gerekmektedir.<!--more--><\/p>\n<p><strong>ATLAS JET&#8217;TEN BEDAVA U\u00c7AK B\u0130LET\u0130!<\/strong><br \/>\nGirdi\u011finiz 6 oturumdan sonra girece\u011finiz her oturum say\u0131s\u0131 kadar ad\u0131n\u0131z kuraya yaz\u0131lacakt\u0131r. \u00d6rne\u011fin: 7 oturuma kat\u0131lan\u0131n ismi bir kere kurya yaz\u0131lacak, 8 oturuma kat\u0131lan 2 kez yaz\u0131lacak, 9 oturuma kat\u0131lan 3 kez ismi kuraya yaz\u0131lacakt\u0131r.<\/p>\n<p><strong>T\u0130YATRO!<\/strong><br \/>\nEge \u00dcniversitesi \u0130\u0130BF Tiyatro Toplulu\u011fu&#8217;nun katk\u0131lar\u0131yla d\u00f6rtl\u00fc d\u00f6nme oyunuyla etkinli\u011fimiz daha da renkli olacakt\u0131r.<\/p>\n<p>VE <strong>\u0130KRAMLAR!<\/strong><br \/>\nFeast ve Etobur taraf\u0131ndan verilecek lezzetli ikramlar\u0131 yiyebilirsiniz. Kahve stand\u0131ndan da kahve i\u00e7meyi unutmay\u0131n\u0131z.. Daha bir \u00e7ok s\u00fcrpriz ikram sizleri bekliyor. \ud83d\ude42<\/p>\n<p><strong>EVENT BRITE&#8217;TAN B\u0130LET AL ETK\u0130NL\u0130\u011e\u0130 EN \u00d6NDEN \u0130ZLEME \u015eANSINI YAKALA!<\/strong><\/p>\n<p><a href=\"http:\/\/www.eventbrite.com\/e\/kariyer-sokagi-tickets-14973174167\">http:\/\/www.eventbrite.com\/e\/kariyer-sokagi-tickets-14973174167<\/a> adresinden bilet alarak etkinli\u011fi \u00f6nden izleyebilirsiniz.<\/p>\n<p><strong>KATILIMCILARIMIZ VE ETK\u0130NL\u0130K PROGRAMI<\/strong><\/p>\n<p><strong>25 ARALIK<\/strong><\/p>\n<p>&gt; 10:15 Ba\u015flang\u0131\u00e7<br \/>\n&gt; 10:30-10:40 \u0130\u0130BF Dekan\u0131 J\u00fclide Kesken<br \/>\n&gt; 10:40-11:00 \u0130\u015fkur \u0130zmir \u0130l M\u00fcd\u00fcr\u00fc Kadri Kabak<br \/>\n&gt; 11:00-11:45 \u0130\u015fkur<br \/>\n&gt; 11:45-12:30 Feast<br \/>\n&gt; 12:30-13:00 \u00d6\u011fle Aras\u0131<br \/>\n&gt; 13:00-13:45 Kuveyt T\u00fcrk<br \/>\n&gt; 13:45-14:45 Secret Cv ve Canl\u0131 m\u00fclakat<br \/>\n&gt; 14:45-15:00 Kahve Molas\u0131<br \/>\n&gt; 15:00-15:45 Kipa<br \/>\n&gt; 15:45-16:00 Tiyatro<\/p>\n<p><strong>26 ARALIK<\/strong><\/p>\n<p>&gt; 10:15 Ba\u015flang\u0131\u00e7<br \/>\n&gt; 10:45-11:30 \u0130ZTO Ba\u015fkan\u0131 Ekrem Demirta\u015f<br \/>\n&gt; 11:30-12:15 Deloitte<br \/>\n&gt; 12:15-13:00 \u00d6\u011fle Aras\u0131<br \/>\n&gt; 13:00-13:45 Kpmg<br \/>\n&gt; 13:45-14:30 \u0130nci Holding<br \/>\n&gt; 14:30-14:45 Kahve Molas\u0131<br \/>\n&gt; 14:45-15:30 Y\u0131ld\u0131z Holding<br \/>\n&gt; 15:30-16:15 Atlas Jet<br \/>\n&gt; 16:15-16:30 \u00c7ekili\u015f<br \/>\n&gt; 16:30-17:00 Kapan\u0131\u015f<\/p>\n<p><img fetchpriority=\"high\" decoding=\"async\" class=\"alignnone  wp-image-2750\" src=\"http:\/\/www.kariyer.net\/kariyer-kampuste\/wp-content\/uploads\/2014\/12\/kariyersokagiafis.png\" alt=\"kariyersokagiafis\" width=\"515\" height=\"718\" \/><\/p>\n<!-- templates\/buttons-placeholder.php -->\n<div class=\"da-reactions-outer TpostID9719\">\n\t    <div class=\"da-reactions-data da-reactions-container-async center\"\n         data-type=\"post\"\n         data-id=\"9719\"\n         id=\"da-reactions-slot-post-9719\">\n        <div class=\"da-reactions-static\">\n\t\t\t<img src=\"https:\/\/www.kariyer.net\/kariyer-rehberi\/wp-content\/plugins\/da-reactions\/assets\/dist\/loading.svg\" alt=\"Loading spinner\" width=\"48\" height=\"48\" style=\"width:48px\" \/>\n        <\/div>\n    <\/div>\n<\/div>\n","protected":false},"excerpt":{"rendered":"<p>BU SOKAKTA NE ARARSAN VAR! &nbsp; &nbsp; &nbsp; Ege \u00dcniversitesi \u0130\u015fletme Kul\u00fcb\u00fc olarak 10. Y\u0131l\u0131m\u0131zda ba\u015far\u0131lar\u0131m\u0131za yenilerini eklemek i\u00e7in \u00e7al\u0131\u015ft\u0131\u011f\u0131m\u0131z 2014-2015 E\u011fitim-\u00d6\u011fretim D\u00f6nemi\u2019nin en \u00f6nemli etkinliklerinden biri olarak g\u00f6rd\u00fc\u011f\u00fcm\u00fcz \u2018\u2019Kariyer Soka\u011f\u0131\u2019\u2019 adl\u0131 Kariyer G\u00fcnleri etkinli\u011fimiz i\u00e7in \u00e7al\u0131\u015fmalar\u0131m\u0131za devam etmekteyiz. 25-26 Aral\u0131k tarihinde Ege \u00dcniversitesi Prof.Dr.Yusuf Vardar (M\u00d6TBE )K\u00fclt\u00fcr Merkezi\u2019nde t\u00fcm \u00fcniversitelileri Kariyer Soka\u011f\u0131\u2019na bekliyoruz. \u0130\u015e [&hellip;]<\/p>\n<!-- templates\/buttons-placeholder.php -->\n<div class=\"da-reactions-outer TpostID9719\">\n\t    <div class=\"da-reactions-data da-reactions-container-async center\"\n         data-type=\"post\"\n         data-id=\"9719\"\n         id=\"da-reactions-slot-post-9719\">\n        <div class=\"da-reactions-static\">\n\t\t\t<img src=\"https:\/\/www.kariyer.net\/kariyer-rehberi\/wp-content\/plugins\/da-reactions\/assets\/dist\/loading.svg\" alt=\"Loading spinner\" width=\"48\" height=\"48\" style=\"width:48px\" \/>\n        <\/div>\n    <\/div>\n<\/div>\n","protected":false},"author":12,"featured_media":0,"comment_status":"open","ping_status":"open","sticky":false,"template":"","format":"standard","meta":{"footnotes":"","_elementor_edit_mode":"","_elementor_template_type":"","_elementor_data":"","_elementor_page_settings":null,"_elementor_conditions":[]},"categories":[2211,164],"tags":[],"class_list":{"0":"post-9719","1":"post","2":"type-post","3":"status-publish","4":"format-standard","6":"category-kariyer-gelisimi","7":"category-universite-kuluplerinden-haberler"},"yoast_head":"<!-- This site is optimized with the Yoast SEO Premium plugin v21.4 (Yoast SEO v27.0) - https:\/\/yoast.com\/product\/yoast-seo-premium-wordpress\/ -->\n<title>Kariyer Soka\u011f\u0131 | Kariyer Rehberi<\/title>\n<meta name=\"description\" content=\"Ege \u00dcniversitesi \u0130\u015fletme Kul\u00fcb\u00fc taraf\u0131ndan 25-26 Aral\u0131k&#039;ta Ege \u00dcniversitesi Prof.Dr.Yusuf Vardar (M\u00d6TBE )K\u00fclt\u00fcr Merkezi\u2019nde &quot;Kariyer Soka\u011f\u0131&quot; ger\u00e7ekle\u015fecek.\" \/>\n<meta name=\"robots\" content=\"index, follow, max-snippet:-1, max-image-preview:large, max-video-preview:-1\" \/>\n<link rel=\"canonical\" href=\"https:\/\/www.kariyer.net\/kariyer-rehberi\/kariyer-sokagi\/\" \/>\n<meta property=\"og:locale\" content=\"tr_TR\" \/>\n<meta property=\"og:type\" content=\"article\" \/>\n<meta property=\"og:title\" content=\"Kariyer Soka\u011f\u0131 - Ege \u00dcniversitesi \u0130\u015fletme Kul\u00fcb\u00fc\" \/>\n<meta property=\"og:description\" content=\"BU SOKAKTA NE ARARSAN VAR! &nbsp; &nbsp; &nbsp; Ege \u00dcniversitesi \u0130\u015fletme Kul\u00fcb\u00fc olarak 10. Y\u0131l\u0131m\u0131zda ba\u015far\u0131lar\u0131m\u0131za yenilerini eklemek i\u00e7in \u00e7al\u0131\u015ft\u0131\u011f\u0131m\u0131z\" \/>\n<meta property=\"og:url\" content=\"https:\/\/www.kariyer.net\/kariyer-rehberi\/kariyer-sokagi\/\" \/>\n<meta property=\"og:site_name\" content=\"Kariyer Rehberi\" \/>\n<meta property=\"article:published_time\" content=\"2013-01-01T07:43:03+00:00\" \/>\n<meta property=\"article:modified_time\" content=\"2024-07-03T12:37:11+00:00\" \/>\n<meta property=\"og:image\" content=\"http:\/\/www.kariyer.net\/kariyer-kampuste\/wp-content\/uploads\/2014\/12\/egeuniisletme-150x150.jpg\" \/>\n<meta name=\"author\" content=\"Edit\u00f6r\" \/>\n<meta name=\"twitter:card\" content=\"summary_large_image\" \/>\n<meta name=\"twitter:label1\" content=\"Yazan:\" \/>\n\t<meta name=\"twitter:data1\" content=\"Edit\u00f6r\" \/>\n\t<meta name=\"twitter:label2\" content=\"Tahmini okuma s\u00fcresi\" \/>\n\t<meta name=\"twitter:data2\" content=\"2 dakika\" \/>\n<!-- \/ Yoast SEO Premium plugin. -->","yoast_head_json":{"title":"Kariyer Soka\u011f\u0131 | Kariyer Rehberi","description":"Ege \u00dcniversitesi \u0130\u015fletme Kul\u00fcb\u00fc taraf\u0131ndan 25-26 Aral\u0131k'ta Ege \u00dcniversitesi Prof.Dr.Yusuf Vardar (M\u00d6TBE )K\u00fclt\u00fcr Merkezi\u2019nde \"Kariyer Soka\u011f\u0131\" ger\u00e7ekle\u015fecek.","robots":{"index":"index","follow":"follow","max-snippet":"max-snippet:-1","max-image-preview":"max-image-preview:large","max-video-preview":"max-video-preview:-1"},"canonical":"https:\/\/www.kariyer.net\/kariyer-rehberi\/kariyer-sokagi\/","og_locale":"tr_TR","og_type":"article","og_title":"Kariyer Soka\u011f\u0131 - Ege \u00dcniversitesi \u0130\u015fletme Kul\u00fcb\u00fc","og_description":"BU SOKAKTA NE ARARSAN VAR! &nbsp; &nbsp; &nbsp; Ege \u00dcniversitesi \u0130\u015fletme Kul\u00fcb\u00fc olarak 10. Y\u0131l\u0131m\u0131zda ba\u015far\u0131lar\u0131m\u0131za yenilerini eklemek i\u00e7in \u00e7al\u0131\u015ft\u0131\u011f\u0131m\u0131z","og_url":"https:\/\/www.kariyer.net\/kariyer-rehberi\/kariyer-sokagi\/","og_site_name":"Kariyer Rehberi","article_published_time":"2013-01-01T07:43:03+00:00","article_modified_time":"2024-07-03T12:37:11+00:00","og_image":[{"url":"http:\/\/www.kariyer.net\/kariyer-kampuste\/wp-content\/uploads\/2014\/12\/egeuniisletme-150x150.jpg","type":"","width":"","height":""}],"author":"Edit\u00f6r","twitter_card":"summary_large_image","twitter_misc":{"Yazan:":"Edit\u00f6r","Tahmini okuma s\u00fcresi":"2 dakika"},"schema":{"@context":"https:\/\/schema.org","@graph":[{"@type":"Article","@id":"https:\/\/www.kariyer.net\/kariyer-rehberi\/kariyer-sokagi\/#article","isPartOf":{"@id":"https:\/\/www.kariyer.net\/kariyer-rehberi\/kariyer-sokagi\/"},"author":{"name":"Edit\u00f6r","@id":"https:\/\/www.kariyer.net\/kariyer-rehberi\/#\/schema\/person\/94fd6e49c7ff1b1b2565a2cc4fd685dd"},"headline":"Kariyer Soka\u011f\u0131 &#8211; Ege \u00dcniversitesi \u0130\u015fletme Kul\u00fcb\u00fc","datePublished":"2013-01-01T07:43:03+00:00","dateModified":"2024-07-03T12:37:11+00:00","mainEntityOfPage":{"@id":"https:\/\/www.kariyer.net\/kariyer-rehberi\/kariyer-sokagi\/"},"wordCount":465,"commentCount":0,"publisher":{"@id":"https:\/\/www.kariyer.net\/kariyer-rehberi\/#organization"},"image":{"@id":"https:\/\/www.kariyer.net\/kariyer-rehberi\/kariyer-sokagi\/#primaryimage"},"thumbnailUrl":"http:\/\/www.kariyer.net\/kariyer-kampuste\/wp-content\/uploads\/2014\/12\/egeuniisletme-150x150.jpg","articleSection":["Kariyer Geli\u015fimi","\u00dcniversite Kul\u00fcplerinden Haberler"],"inLanguage":"tr","potentialAction":[{"@type":"CommentAction","name":"Comment","target":["https:\/\/www.kariyer.net\/kariyer-rehberi\/kariyer-sokagi\/#respond"]}]},{"@type":"WebPage","@id":"https:\/\/www.kariyer.net\/kariyer-rehberi\/kariyer-sokagi\/","url":"https:\/\/www.kariyer.net\/kariyer-rehberi\/kariyer-sokagi\/","name":"Kariyer Soka\u011f\u0131 | Kariyer Rehberi","isPartOf":{"@id":"https:\/\/www.kariyer.net\/kariyer-rehberi\/#website"},"primaryImageOfPage":{"@id":"https:\/\/www.kariyer.net\/kariyer-rehberi\/kariyer-sokagi\/#primaryimage"},"image":{"@id":"https:\/\/www.kariyer.net\/kariyer-rehberi\/kariyer-sokagi\/#primaryimage"},"thumbnailUrl":"http:\/\/www.kariyer.net\/kariyer-kampuste\/wp-content\/uploads\/2014\/12\/egeuniisletme-150x150.jpg","datePublished":"2013-01-01T07:43:03+00:00","dateModified":"2024-07-03T12:37:11+00:00","description":"Ege \u00dcniversitesi \u0130\u015fletme Kul\u00fcb\u00fc taraf\u0131ndan 25-26 Aral\u0131k'ta Ege \u00dcniversitesi Prof.Dr.Yusuf Vardar (M\u00d6TBE )K\u00fclt\u00fcr Merkezi\u2019nde \"Kariyer Soka\u011f\u0131\" ger\u00e7ekle\u015fecek.","breadcrumb":{"@id":"https:\/\/www.kariyer.net\/kariyer-rehberi\/kariyer-sokagi\/#breadcrumb"},"inLanguage":"tr","potentialAction":[{"@type":"ReadAction","target":["https:\/\/www.kariyer.net\/kariyer-rehberi\/kariyer-sokagi\/"]}]},{"@type":"ImageObject","inLanguage":"tr","@id":"https:\/\/www.kariyer.net\/kariyer-rehberi\/kariyer-sokagi\/#primaryimage","url":"http:\/\/www.kariyer.net\/kariyer-kampuste\/wp-content\/uploads\/2014\/12\/egeuniisletme-150x150.jpg","contentUrl":"http:\/\/www.kariyer.net\/kariyer-kampuste\/wp-content\/uploads\/2014\/12\/egeuniisletme-150x150.jpg"},{"@type":"BreadcrumbList","@id":"https:\/\/www.kariyer.net\/kariyer-rehberi\/kariyer-sokagi\/#breadcrumb","itemListElement":[{"@type":"ListItem","position":1,"name":"Anasayfa","item":"https:\/\/www.kariyer.net\/kariyer-rehberi\/"},{"@type":"ListItem","position":2,"name":"Kariyer Soka\u011f\u0131 &#8211; Ege \u00dcniversitesi \u0130\u015fletme Kul\u00fcb\u00fc"}]},{"@type":"WebSite","@id":"https:\/\/www.kariyer.net\/kariyer-rehberi\/#website","url":"https:\/\/www.kariyer.net\/kariyer-rehberi\/","name":"Kariyer Rehberi","description":"\u0130\u015f D\u00fcnyas\u0131yla \u0130lgili Bilmek \u0130stedi\u011finiz Her \u015eey","publisher":{"@id":"https:\/\/www.kariyer.net\/kariyer-rehberi\/#organization"},"potentialAction":[{"@type":"SearchAction","target":{"@type":"EntryPoint","urlTemplate":"https:\/\/www.kariyer.net\/kariyer-rehberi\/?s={search_term_string}"},"query-input":{"@type":"PropertyValueSpecification","valueRequired":true,"valueName":"search_term_string"}}],"inLanguage":"tr"},{"@type":"Organization","@id":"https:\/\/www.kariyer.net\/kariyer-rehberi\/#organization","name":"Kariyer.net","url":"https:\/\/www.kariyer.net\/kariyer-rehberi\/","logo":{"@type":"ImageObject","inLanguage":"tr","@id":"https:\/\/www.kariyer.net\/kariyer-rehberi\/#\/schema\/logo\/image\/","url":"https:\/\/www.kariyer.net\/kariyer-rehberi-new\/wp-content\/uploads\/2023\/01\/og-image11.jpg","contentUrl":"https:\/\/www.kariyer.net\/kariyer-rehberi-new\/wp-content\/uploads\/2023\/01\/og-image11.jpg","width":800,"height":800,"caption":"Kariyer.net"},"image":{"@id":"https:\/\/www.kariyer.net\/kariyer-rehberi\/#\/schema\/logo\/image\/"}},{"@type":"Person","@id":"https:\/\/www.kariyer.net\/kariyer-rehberi\/#\/schema\/person\/94fd6e49c7ff1b1b2565a2cc4fd685dd","name":"Edit\u00f6r","image":{"@type":"ImageObject","inLanguage":"tr","@id":"https:\/\/www.kariyer.net\/kariyer-rehberi\/#\/schema\/person\/image\/","url":"https:\/\/secure.gravatar.com\/avatar\/0c4fe6688343aed3693b15573beae12c08ace5565409d5ab7509bf9c115f458d?s=96&d=mm&r=g","contentUrl":"https:\/\/secure.gravatar.com\/avatar\/0c4fe6688343aed3693b15573beae12c08ace5565409d5ab7509bf9c115f458d?s=96&d=mm&r=g","caption":"Edit\u00f6r"},"url":"https:\/\/www.kariyer.net\/kariyer-rehberi\/author\/editor\/"}]}},"_links":{"self":[{"href":"https:\/\/www.kariyer.net\/kariyer-rehberi\/wp-json\/wp\/v2\/posts\/9719","targetHints":{"allow":["GET"]}}],"collection":[{"href":"https:\/\/www.kariyer.net\/kariyer-rehberi\/wp-json\/wp\/v2\/posts"}],"about":[{"href":"https:\/\/www.kariyer.net\/kariyer-rehberi\/wp-json\/wp\/v2\/types\/post"}],"author":[{"embeddable":true,"href":"https:\/\/www.kariyer.net\/kariyer-rehberi\/wp-json\/wp\/v2\/users\/12"}],"replies":[{"embeddable":true,"href":"https:\/\/www.kariyer.net\/kariyer-rehberi\/wp-json\/wp\/v2\/comments?post=9719"}],"version-history":[{"count":1,"href":"https:\/\/www.kariyer.net\/kariyer-rehberi\/wp-json\/wp\/v2\/posts\/9719\/revisions"}],"predecessor-version":[{"id":19909,"href":"https:\/\/www.kariyer.net\/kariyer-rehberi\/wp-json\/wp\/v2\/posts\/9719\/revisions\/19909"}],"wp:attachment":[{"href":"https:\/\/www.kariyer.net\/kariyer-rehberi\/wp-json\/wp\/v2\/media?parent=9719"}],"wp:term":[{"taxonomy":"category","embeddable":true,"href":"https:\/\/www.kariyer.net\/kariyer-rehberi\/wp-json\/wp\/v2\/categories?post=9719"},{"taxonomy":"post_tag","embeddable":true,"href":"https:\/\/www.kariyer.net\/kariyer-rehberi\/wp-json\/wp\/v2\/tags?post=9719"}],"curies":[{"name":"wp","href":"https:\/\/api.w.org\/{rel}","templated":true}]}}