{"id":9728,"date":"2013-01-01T16:27:21","date_gmt":"2013-01-01T14:27:21","guid":{"rendered":"http:\/\/www.kariyer.net\/kariyer-kampuste\/?p=2937"},"modified":"2024-07-03T15:33:31","modified_gmt":"2024-07-03T12:33:31","slug":"bilisim-ve-inovasyon-zirvesi-tubit","status":"publish","type":"post","link":"https:\/\/www.kariyer.net\/kariyer-rehberi\/bilisim-ve-inovasyon-zirvesi-tubit\/","title":{"rendered":"Bili\u015fim ve \u0130novasyon Zirvesi &#8211; T\u00dcB\u0130T"},"content":{"rendered":"<p><strong>Trakya \u00dcniversitesi Bilgisayar ve \u0130novasyon Toplulu\u011fu sunar;<\/strong><\/p>\n<p>Trakya \u00dcniversitesi Ke\u015fan Yusuf \u00c7apraz Uygulamal\u0131 Bilimler Y\u00fcksekokulu topluluklar\u0131ndan T\u00dcB\u0130T\u2019in bu y\u0131l ilkini ger\u00e7ekle\u015ftirece\u011fi \u201cBili\u015fim ve \u0130novasyon Zirvesi\u201d etkinli\u011fi<strong> 21-22 Nisan<\/strong>\u2019da <strong>KYCUBYO konferans salonu<\/strong>nda!<\/p>\n<p>Art\u0131k inovasyon anahtarlar\u0131n\u0131n bili\u015fim teknolojilerinden ge\u00e7ti\u011fini d\u00fc\u015f\u00fcnen ki\u015filerce d\u00fczenlenen etkinlikte; giri\u015fimcili\u011fin, inovasyonun ve bili\u015fim sekt\u00f6r\u00fcn\u00fcn tozunu yutmu\u015f ki\u015filer bizlerle birlikte olacak.<!--more--><\/p>\n<p><strong>2 G\u00fcn<\/strong> s\u00fcrecek etkinlikte ger\u00e7ekle\u015fecek oturumlar\u0131n yan\u0131nda, fuaye alan\u0131 etkinlikleri ve ilgi \u00e7ekici workshoplar da KYCUBYO\u2019da!<\/p>\n<p>B\u0130Z\u201915 ayr\u0131ca sizlere etkinlik s\u00fcresince konu\u015fmac\u0131larla tan\u0131\u015fma imkan\u0131 da sunuyor!<\/p>\n<p>\u0130\u015f hayat\u0131n\u0131n her alan\u0131na nufuz etmi\u015f olan bili\u015fim sekt\u00f6r\u00fc ile s\u00fcrd\u00fcr\u00fclebilirli\u011fin gerektirdi\u011fi inovasyon faaliyetlerinin bir arada etkin kullan\u0131lmas\u0131 ba\u015far\u0131y\u0131 ka\u00e7\u0131n\u0131lmaz k\u0131lacakt\u0131r!<\/p>\n<p>Kariyer.net\u2019in \u0130leti\u015fim Sponsorlu\u011funu \u00fcstlendi\u011fi <strong>B\u0130Z\u201915 DE G\u00d6R\u00dc\u015eMEK \u00dcZERE\u2026<\/strong><\/p>\n<p>Etkinlik Sitesi: http:\/\/www.biz15.org<\/p>\n<p>Etkinlik Sayfas\u0131: <a href=\"https:\/\/www.facebook.com\/events\/1563962300549347\/\">https:\/\/www.facebook.com\/events\/1563962300549347\/<\/a><\/p>\n<p>Facebook Sayfas\u0131: <a href=\"http:\/\/facebook.com\/kucubyo.tubit\">http:\/\/facebook.com\/kucubyo.tubit<\/a><\/p>\n<p>Twitter: <a href=\"http:\/\/twitter.com\/kycubyo_tubit\">http:\/\/twitter.com\/kycubyo_tubit<\/a><\/p>\n<p>Instagram: http:\/\/instagram.com\/kycubyotubit<\/p>\n<!-- templates\/buttons-placeholder.php -->\n<div class=\"da-reactions-outer TpostID9728\">\n\t    <div class=\"da-reactions-data da-reactions-container-async center\"\n         data-type=\"post\"\n         data-id=\"9728\"\n         id=\"da-reactions-slot-post-9728\">\n        <div class=\"da-reactions-static\">\n\t\t\t<img src=\"https:\/\/www.kariyer.net\/kariyer-rehberi\/wp-content\/plugins\/da-reactions\/assets\/dist\/loading.svg\" alt=\"Loading spinner\" width=\"48\" height=\"48\" style=\"width:48px\" \/>\n        <\/div>\n    <\/div>\n<\/div>\n","protected":false},"excerpt":{"rendered":"<p>Trakya \u00dcniversitesi Bilgisayar ve \u0130novasyon Toplulu\u011fu sunar; Trakya \u00dcniversitesi Ke\u015fan Yusuf \u00c7apraz Uygulamal\u0131 Bilimler Y\u00fcksekokulu topluluklar\u0131ndan T\u00dcB\u0130T\u2019in bu y\u0131l ilkini ger\u00e7ekle\u015ftirece\u011fi \u201cBili\u015fim ve \u0130novasyon Zirvesi\u201d etkinli\u011fi 21-22 Nisan\u2019da KYCUBYO konferans salonunda! Art\u0131k inovasyon anahtarlar\u0131n\u0131n bili\u015fim teknolojilerinden ge\u00e7ti\u011fini d\u00fc\u015f\u00fcnen ki\u015filerce d\u00fczenlenen etkinlikte; giri\u015fimcili\u011fin, inovasyonun ve bili\u015fim sekt\u00f6r\u00fcn\u00fcn tozunu yutmu\u015f ki\u015filer bizlerle birlikte olacak.<\/p>\n<!-- templates\/buttons-placeholder.php -->\n<div class=\"da-reactions-outer TpostID9728\">\n\t    <div class=\"da-reactions-data da-reactions-container-async center\"\n         data-type=\"post\"\n         data-id=\"9728\"\n         id=\"da-reactions-slot-post-9728\">\n        <div class=\"da-reactions-static\">\n\t\t\t<img src=\"https:\/\/www.kariyer.net\/kariyer-rehberi\/wp-content\/plugins\/da-reactions\/assets\/dist\/loading.svg\" alt=\"Loading spinner\" width=\"48\" height=\"48\" style=\"width:48px\" \/>\n        <\/div>\n    <\/div>\n<\/div>\n","protected":false},"author":12,"featured_media":0,"comment_status":"open","ping_status":"open","sticky":false,"template":"","format":"standard","meta":{"footnotes":"","_elementor_edit_mode":"","_elementor_template_type":"","_elementor_data":"","_elementor_page_settings":null,"_elementor_conditions":[]},"categories":[2211,164],"tags":[],"class_list":{"0":"post-9728","1":"post","2":"type-post","3":"status-publish","4":"format-standard","6":"category-kariyer-gelisimi","7":"category-universite-kuluplerinden-haberler"},"yoast_head":"<!-- This site is optimized with the Yoast SEO Premium plugin v21.4 (Yoast SEO v27.0) - https:\/\/yoast.com\/product\/yoast-seo-premium-wordpress\/ -->\n<title>Bili\u015fim ve \u0130novasyon Zirvesi - T\u00dcB\u0130T | Kariyer Rehberi<\/title>\n<meta name=\"description\" content=\"T\u00dcB\u0130T taraf\u0131ndan 21-22 Nisan\u2019da KYCUBYO konferans salonundaki etkinlikte giri\u015fimcili\u011fin, inovasyonun ve bili\u015fim sekt\u00f6r\u00fcn\u00fcn \u00f6nde gelen isimleri konuk olacakt\u0131r\" \/>\n<meta name=\"robots\" content=\"index, follow, max-snippet:-1, max-image-preview:large, max-video-preview:-1\" \/>\n<link rel=\"canonical\" href=\"https:\/\/www.kariyer.net\/kariyer-rehberi\/bilisim-ve-inovasyon-zirvesi-tubit\/\" \/>\n<meta property=\"og:locale\" content=\"tr_TR\" \/>\n<meta property=\"og:type\" content=\"article\" \/>\n<meta property=\"og:title\" content=\"Bili\u015fim ve \u0130novasyon Zirvesi - T\u00dcB\u0130T\" \/>\n<meta property=\"og:description\" content=\"Trakya \u00dcniversitesi Bilgisayar ve \u0130novasyon Toplulu\u011fu sunar; Trakya \u00dcniversitesi Ke\u015fan Yusuf \u00c7apraz Uygulamal\u0131 Bilimler Y\u00fcksekokulu topluluklar\u0131ndan\" \/>\n<meta property=\"og:url\" content=\"https:\/\/www.kariyer.net\/kariyer-rehberi\/bilisim-ve-inovasyon-zirvesi-tubit\/\" \/>\n<meta property=\"og:site_name\" content=\"Kariyer Rehberi\" \/>\n<meta property=\"article:published_time\" content=\"2013-01-01T14:27:21+00:00\" \/>\n<meta property=\"article:modified_time\" content=\"2024-07-03T12:33:31+00:00\" \/>\n<meta name=\"author\" content=\"Edit\u00f6r\" \/>\n<meta name=\"twitter:card\" content=\"summary_large_image\" \/>\n<meta name=\"twitter:label1\" content=\"Yazan:\" \/>\n\t<meta name=\"twitter:data1\" content=\"Edit\u00f6r\" \/>\n\t<meta name=\"twitter:label2\" content=\"Tahmini okuma s\u00fcresi\" \/>\n\t<meta name=\"twitter:data2\" content=\"1 dakika\" \/>\n<!-- \/ Yoast SEO Premium plugin. -->","yoast_head_json":{"title":"Bili\u015fim ve \u0130novasyon Zirvesi - T\u00dcB\u0130T | Kariyer Rehberi","description":"T\u00dcB\u0130T taraf\u0131ndan 21-22 Nisan\u2019da KYCUBYO konferans salonundaki etkinlikte giri\u015fimcili\u011fin, inovasyonun ve bili\u015fim sekt\u00f6r\u00fcn\u00fcn \u00f6nde gelen isimleri konuk olacakt\u0131r","robots":{"index":"index","follow":"follow","max-snippet":"max-snippet:-1","max-image-preview":"max-image-preview:large","max-video-preview":"max-video-preview:-1"},"canonical":"https:\/\/www.kariyer.net\/kariyer-rehberi\/bilisim-ve-inovasyon-zirvesi-tubit\/","og_locale":"tr_TR","og_type":"article","og_title":"Bili\u015fim ve \u0130novasyon Zirvesi - T\u00dcB\u0130T","og_description":"Trakya \u00dcniversitesi Bilgisayar ve \u0130novasyon Toplulu\u011fu sunar; Trakya \u00dcniversitesi Ke\u015fan Yusuf \u00c7apraz Uygulamal\u0131 Bilimler Y\u00fcksekokulu topluluklar\u0131ndan","og_url":"https:\/\/www.kariyer.net\/kariyer-rehberi\/bilisim-ve-inovasyon-zirvesi-tubit\/","og_site_name":"Kariyer Rehberi","article_published_time":"2013-01-01T14:27:21+00:00","article_modified_time":"2024-07-03T12:33:31+00:00","author":"Edit\u00f6r","twitter_card":"summary_large_image","twitter_misc":{"Yazan:":"Edit\u00f6r","Tahmini okuma s\u00fcresi":"1 dakika"},"schema":{"@context":"https:\/\/schema.org","@graph":[{"@type":"Article","@id":"https:\/\/www.kariyer.net\/kariyer-rehberi\/bilisim-ve-inovasyon-zirvesi-tubit\/#article","isPartOf":{"@id":"https:\/\/www.kariyer.net\/kariyer-rehberi\/bilisim-ve-inovasyon-zirvesi-tubit\/"},"author":{"name":"Edit\u00f6r","@id":"https:\/\/www.kariyer.net\/kariyer-rehberi\/#\/schema\/person\/94fd6e49c7ff1b1b2565a2cc4fd685dd"},"headline":"Bili\u015fim ve \u0130novasyon Zirvesi &#8211; T\u00dcB\u0130T","datePublished":"2013-01-01T14:27:21+00:00","dateModified":"2024-07-03T12:33:31+00:00","mainEntityOfPage":{"@id":"https:\/\/www.kariyer.net\/kariyer-rehberi\/bilisim-ve-inovasyon-zirvesi-tubit\/"},"wordCount":213,"commentCount":0,"publisher":{"@id":"https:\/\/www.kariyer.net\/kariyer-rehberi\/#organization"},"articleSection":["Kariyer Geli\u015fimi","\u00dcniversite Kul\u00fcplerinden Haberler"],"inLanguage":"tr","potentialAction":[{"@type":"CommentAction","name":"Comment","target":["https:\/\/www.kariyer.net\/kariyer-rehberi\/bilisim-ve-inovasyon-zirvesi-tubit\/#respond"]}]},{"@type":"WebPage","@id":"https:\/\/www.kariyer.net\/kariyer-rehberi\/bilisim-ve-inovasyon-zirvesi-tubit\/","url":"https:\/\/www.kariyer.net\/kariyer-rehberi\/bilisim-ve-inovasyon-zirvesi-tubit\/","name":"Bili\u015fim ve \u0130novasyon Zirvesi - T\u00dcB\u0130T | Kariyer Rehberi","isPartOf":{"@id":"https:\/\/www.kariyer.net\/kariyer-rehberi\/#website"},"datePublished":"2013-01-01T14:27:21+00:00","dateModified":"2024-07-03T12:33:31+00:00","description":"T\u00dcB\u0130T taraf\u0131ndan 21-22 Nisan\u2019da KYCUBYO konferans salonundaki etkinlikte giri\u015fimcili\u011fin, inovasyonun ve bili\u015fim sekt\u00f6r\u00fcn\u00fcn \u00f6nde gelen isimleri konuk olacakt\u0131r","breadcrumb":{"@id":"https:\/\/www.kariyer.net\/kariyer-rehberi\/bilisim-ve-inovasyon-zirvesi-tubit\/#breadcrumb"},"inLanguage":"tr","potentialAction":[{"@type":"ReadAction","target":["https:\/\/www.kariyer.net\/kariyer-rehberi\/bilisim-ve-inovasyon-zirvesi-tubit\/"]}]},{"@type":"BreadcrumbList","@id":"https:\/\/www.kariyer.net\/kariyer-rehberi\/bilisim-ve-inovasyon-zirvesi-tubit\/#breadcrumb","itemListElement":[{"@type":"ListItem","position":1,"name":"Anasayfa","item":"https:\/\/www.kariyer.net\/kariyer-rehberi\/"},{"@type":"ListItem","position":2,"name":"Bili\u015fim ve \u0130novasyon Zirvesi &#8211; T\u00dcB\u0130T"}]},{"@type":"WebSite","@id":"https:\/\/www.kariyer.net\/kariyer-rehberi\/#website","url":"https:\/\/www.kariyer.net\/kariyer-rehberi\/","name":"Kariyer Rehberi","description":"\u0130\u015f D\u00fcnyas\u0131yla \u0130lgili Bilmek \u0130stedi\u011finiz Her \u015eey","publisher":{"@id":"https:\/\/www.kariyer.net\/kariyer-rehberi\/#organization"},"potentialAction":[{"@type":"SearchAction","target":{"@type":"EntryPoint","urlTemplate":"https:\/\/www.kariyer.net\/kariyer-rehberi\/?s={search_term_string}"},"query-input":{"@type":"PropertyValueSpecification","valueRequired":true,"valueName":"search_term_string"}}],"inLanguage":"tr"},{"@type":"Organization","@id":"https:\/\/www.kariyer.net\/kariyer-rehberi\/#organization","name":"Kariyer.net","url":"https:\/\/www.kariyer.net\/kariyer-rehberi\/","logo":{"@type":"ImageObject","inLanguage":"tr","@id":"https:\/\/www.kariyer.net\/kariyer-rehberi\/#\/schema\/logo\/image\/","url":"https:\/\/www.kariyer.net\/kariyer-rehberi-new\/wp-content\/uploads\/2023\/01\/og-image11.jpg","contentUrl":"https:\/\/www.kariyer.net\/kariyer-rehberi-new\/wp-content\/uploads\/2023\/01\/og-image11.jpg","width":800,"height":800,"caption":"Kariyer.net"},"image":{"@id":"https:\/\/www.kariyer.net\/kariyer-rehberi\/#\/schema\/logo\/image\/"}},{"@type":"Person","@id":"https:\/\/www.kariyer.net\/kariyer-rehberi\/#\/schema\/person\/94fd6e49c7ff1b1b2565a2cc4fd685dd","name":"Edit\u00f6r","image":{"@type":"ImageObject","inLanguage":"tr","@id":"https:\/\/www.kariyer.net\/kariyer-rehberi\/#\/schema\/person\/image\/","url":"https:\/\/secure.gravatar.com\/avatar\/0c4fe6688343aed3693b15573beae12c08ace5565409d5ab7509bf9c115f458d?s=96&d=mm&r=g","contentUrl":"https:\/\/secure.gravatar.com\/avatar\/0c4fe6688343aed3693b15573beae12c08ace5565409d5ab7509bf9c115f458d?s=96&d=mm&r=g","caption":"Edit\u00f6r"},"url":"https:\/\/www.kariyer.net\/kariyer-rehberi\/author\/editor\/"}]}},"_links":{"self":[{"href":"https:\/\/www.kariyer.net\/kariyer-rehberi\/wp-json\/wp\/v2\/posts\/9728","targetHints":{"allow":["GET"]}}],"collection":[{"href":"https:\/\/www.kariyer.net\/kariyer-rehberi\/wp-json\/wp\/v2\/posts"}],"about":[{"href":"https:\/\/www.kariyer.net\/kariyer-rehberi\/wp-json\/wp\/v2\/types\/post"}],"author":[{"embeddable":true,"href":"https:\/\/www.kariyer.net\/kariyer-rehberi\/wp-json\/wp\/v2\/users\/12"}],"replies":[{"embeddable":true,"href":"https:\/\/www.kariyer.net\/kariyer-rehberi\/wp-json\/wp\/v2\/comments?post=9728"}],"version-history":[{"count":1,"href":"https:\/\/www.kariyer.net\/kariyer-rehberi\/wp-json\/wp\/v2\/posts\/9728\/revisions"}],"predecessor-version":[{"id":19757,"href":"https:\/\/www.kariyer.net\/kariyer-rehberi\/wp-json\/wp\/v2\/posts\/9728\/revisions\/19757"}],"wp:attachment":[{"href":"https:\/\/www.kariyer.net\/kariyer-rehberi\/wp-json\/wp\/v2\/media?parent=9728"}],"wp:term":[{"taxonomy":"category","embeddable":true,"href":"https:\/\/www.kariyer.net\/kariyer-rehberi\/wp-json\/wp\/v2\/categories?post=9728"},{"taxonomy":"post_tag","embeddable":true,"href":"https:\/\/www.kariyer.net\/kariyer-rehberi\/wp-json\/wp\/v2\/tags?post=9728"}],"curies":[{"name":"wp","href":"https:\/\/api.w.org\/{rel}","templated":true}]}}