{"id":9730,"date":"2013-01-01T11:18:13","date_gmt":"2013-01-01T09:18:13","guid":{"rendered":"http:\/\/www.kariyer.net\/kariyer-kampuste\/?p=2961"},"modified":"2024-07-03T15:35:52","modified_gmt":"2024-07-03T12:35:52","slug":"liderler-galatasaray-universitesinde-bulusuyor","status":"publish","type":"post","link":"https:\/\/www.kariyer.net\/kariyer-rehberi\/liderler-galatasaray-universitesinde-bulusuyor\/","title":{"rendered":"&quot;Liderler Galatasaray \u00dcniversitesi&#039;nde bulu\u015fuyor!&quot;"},"content":{"rendered":"<p><strong>&#8220;Liderler Galatasaray \u00dcniversitesi&#8217;nde bulu\u015fuyor!&#8221;<\/strong><\/p>\n<p>\u0130\u015f hayat\u0131nda zirveyi mi hedefliyorsunuz?<\/p>\n<p>Liderlerin sahip oldu\u011fu nitelikleri mi merak ediyorsunuz?<\/p>\n<p>Ba\u015far\u0131n\u0131n anahtar\u0131 nedir?<\/p>\n<p>Tak\u0131m \u00e7al\u0131\u015fmas\u0131 ne kadar \u00f6nemlidir?\u00a0<!--more--><\/p>\n<p>T\u00fcm bu sorulara cevap ar\u0131yorsan\u0131z, <strong>21 Nisan<\/strong>&#8216;da <strong>Galatasaray \u00dcniversitesi \u0130\u015fletme Kul\u00fcb\u00fc<\/strong> taraf\u0131ndan d\u00fczenlenecek <strong>Liderlik Zirvesi<\/strong>&#8216;ne davetlisiniz!<\/p>\n<p>Etkinlik Program\u0131:<\/p>\n<p><strong>12:30<\/strong>: Kerem \u00c7atay\u00a0&#8211;\u00a0Ay Yap\u0131m CEO<br \/>\n<strong>14:00<\/strong>: Okan Can Yant\u0131r &#8211;\u00a0GQ T\u00fcrkiye Genel Yay\u0131n Y\u00f6netmeni<br \/>\n<strong>15:30<\/strong>: Galip Yorganc\u0131o\u011flu &#8211;\u00a0MEY Group CEO<\/p>\n<p>*Sertifika almak i\u00e7in t\u00fcm oturumlara kat\u0131l\u0131m zorunludur.<\/p>\n<p>**Ba\u015fvuru i\u00e7in<a href=\"http:\/\/%20zirve@gsuik.co\">\u00a0zirve@gsuik.co<\/a>\u00a0adresine mail atabilirsiniz.&#8221;<\/p>\n<!-- templates\/buttons-placeholder.php -->\n<div class=\"da-reactions-outer TpostID9730\">\n\t    <div class=\"da-reactions-data da-reactions-container-async center\"\n         data-type=\"post\"\n         data-id=\"9730\"\n         id=\"da-reactions-slot-post-9730\">\n        <div class=\"da-reactions-static\">\n\t\t\t<img src=\"https:\/\/www.kariyer.net\/kariyer-rehberi\/wp-content\/plugins\/da-reactions\/assets\/dist\/loading.svg\" alt=\"Loading spinner\" width=\"48\" height=\"48\" style=\"width:48px\" \/>\n        <\/div>\n    <\/div>\n<\/div>\n","protected":false},"excerpt":{"rendered":"<p>&#8220;Liderler Galatasaray \u00dcniversitesi&#8217;nde bulu\u015fuyor!&#8221; \u0130\u015f hayat\u0131nda zirveyi mi hedefliyorsunuz? Liderlerin sahip oldu\u011fu nitelikleri mi merak ediyorsunuz? Ba\u015far\u0131n\u0131n anahtar\u0131 nedir? Tak\u0131m \u00e7al\u0131\u015fmas\u0131 ne kadar \u00f6nemlidir?\u00a0<\/p>\n<!-- templates\/buttons-placeholder.php -->\n<div class=\"da-reactions-outer TpostID9730\">\n\t    <div class=\"da-reactions-data da-reactions-container-async center\"\n         data-type=\"post\"\n         data-id=\"9730\"\n         id=\"da-reactions-slot-post-9730\">\n        <div class=\"da-reactions-static\">\n\t\t\t<img src=\"https:\/\/www.kariyer.net\/kariyer-rehberi\/wp-content\/plugins\/da-reactions\/assets\/dist\/loading.svg\" alt=\"Loading spinner\" width=\"48\" height=\"48\" style=\"width:48px\" \/>\n        <\/div>\n    <\/div>\n<\/div>\n","protected":false},"author":12,"featured_media":0,"comment_status":"open","ping_status":"open","sticky":false,"template":"","format":"standard","meta":{"footnotes":"","_elementor_edit_mode":"","_elementor_template_type":"","_elementor_data":"","_elementor_page_settings":null,"_elementor_conditions":[]},"categories":[2211,164],"tags":[],"class_list":{"0":"post-9730","1":"post","2":"type-post","3":"status-publish","4":"format-standard","6":"category-kariyer-gelisimi","7":"category-universite-kuluplerinden-haberler"},"yoast_head":"<!-- This site is optimized with the Yoast SEO Premium plugin v21.4 (Yoast SEO v27.0) - https:\/\/yoast.com\/product\/yoast-seo-premium-wordpress\/ -->\n<title>&quot;Liderler Galatasaray \u00dcniversitesi&#039;nde bulu\u015fuyor!&quot; | Kariyer Rehberi<\/title>\n<meta name=\"description\" content=\"21 Nisan&#039;da Galatasaray \u00dcniversitesi \u0130\u015fletme Kul\u00fcb\u00fc taraf\u0131ndan Liderlik Zirvesi d\u00fczenlenecektir.\" \/>\n<meta name=\"robots\" content=\"index, follow, max-snippet:-1, max-image-preview:large, max-video-preview:-1\" \/>\n<link rel=\"canonical\" href=\"https:\/\/www.kariyer.net\/kariyer-rehberi\/liderler-galatasaray-universitesinde-bulusuyor\/\" \/>\n<meta property=\"og:locale\" content=\"tr_TR\" \/>\n<meta property=\"og:type\" content=\"article\" \/>\n<meta property=\"og:title\" content=\"&quot;Liderler Galatasaray \u00dcniversitesi&#039;nde bulu\u015fuyor!&quot;\" \/>\n<meta property=\"og:description\" content=\"&quot;Liderler Galatasaray \u00dcniversitesi&#039;nde bulu\u015fuyor!&quot; \u0130\u015f hayat\u0131nda zirveyi mi hedefliyorsunuz? Liderlerin sahip oldu\u011fu nitelikleri mi merak ediyorsunuz?\" \/>\n<meta property=\"og:url\" content=\"https:\/\/www.kariyer.net\/kariyer-rehberi\/liderler-galatasaray-universitesinde-bulusuyor\/\" \/>\n<meta property=\"og:site_name\" content=\"Kariyer Rehberi\" \/>\n<meta property=\"article:published_time\" content=\"2013-01-01T09:18:13+00:00\" \/>\n<meta property=\"article:modified_time\" content=\"2024-07-03T12:35:52+00:00\" \/>\n<meta name=\"author\" content=\"Edit\u00f6r\" \/>\n<meta name=\"twitter:card\" content=\"summary_large_image\" \/>\n<meta name=\"twitter:label1\" content=\"Yazan:\" \/>\n\t<meta name=\"twitter:data1\" content=\"Edit\u00f6r\" \/>\n\t<meta name=\"twitter:label2\" content=\"Tahmini okuma s\u00fcresi\" \/>\n\t<meta name=\"twitter:data2\" content=\"1 dakika\" \/>\n<!-- \/ Yoast SEO Premium plugin. -->","yoast_head_json":{"title":"\"Liderler Galatasaray \u00dcniversitesi'nde bulu\u015fuyor!\" | Kariyer Rehberi","description":"21 Nisan'da Galatasaray \u00dcniversitesi \u0130\u015fletme Kul\u00fcb\u00fc taraf\u0131ndan Liderlik Zirvesi d\u00fczenlenecektir.","robots":{"index":"index","follow":"follow","max-snippet":"max-snippet:-1","max-image-preview":"max-image-preview:large","max-video-preview":"max-video-preview:-1"},"canonical":"https:\/\/www.kariyer.net\/kariyer-rehberi\/liderler-galatasaray-universitesinde-bulusuyor\/","og_locale":"tr_TR","og_type":"article","og_title":"&quot;Liderler Galatasaray \u00dcniversitesi&#039;nde bulu\u015fuyor!&quot;","og_description":"\"Liderler Galatasaray \u00dcniversitesi'nde bulu\u015fuyor!\" \u0130\u015f hayat\u0131nda zirveyi mi hedefliyorsunuz? Liderlerin sahip oldu\u011fu nitelikleri mi merak ediyorsunuz?","og_url":"https:\/\/www.kariyer.net\/kariyer-rehberi\/liderler-galatasaray-universitesinde-bulusuyor\/","og_site_name":"Kariyer Rehberi","article_published_time":"2013-01-01T09:18:13+00:00","article_modified_time":"2024-07-03T12:35:52+00:00","author":"Edit\u00f6r","twitter_card":"summary_large_image","twitter_misc":{"Yazan:":"Edit\u00f6r","Tahmini okuma s\u00fcresi":"1 dakika"},"schema":{"@context":"https:\/\/schema.org","@graph":[{"@type":"Article","@id":"https:\/\/www.kariyer.net\/kariyer-rehberi\/liderler-galatasaray-universitesinde-bulusuyor\/#article","isPartOf":{"@id":"https:\/\/www.kariyer.net\/kariyer-rehberi\/liderler-galatasaray-universitesinde-bulusuyor\/"},"author":{"name":"Edit\u00f6r","@id":"https:\/\/www.kariyer.net\/kariyer-rehberi\/#\/schema\/person\/94fd6e49c7ff1b1b2565a2cc4fd685dd"},"headline":"&quot;Liderler Galatasaray \u00dcniversitesi&#039;nde bulu\u015fuyor!&quot;","datePublished":"2013-01-01T09:18:13+00:00","dateModified":"2024-07-03T12:35:52+00:00","mainEntityOfPage":{"@id":"https:\/\/www.kariyer.net\/kariyer-rehberi\/liderler-galatasaray-universitesinde-bulusuyor\/"},"wordCount":114,"commentCount":0,"publisher":{"@id":"https:\/\/www.kariyer.net\/kariyer-rehberi\/#organization"},"articleSection":["Kariyer Geli\u015fimi","\u00dcniversite Kul\u00fcplerinden Haberler"],"inLanguage":"tr","potentialAction":[{"@type":"CommentAction","name":"Comment","target":["https:\/\/www.kariyer.net\/kariyer-rehberi\/liderler-galatasaray-universitesinde-bulusuyor\/#respond"]}]},{"@type":"WebPage","@id":"https:\/\/www.kariyer.net\/kariyer-rehberi\/liderler-galatasaray-universitesinde-bulusuyor\/","url":"https:\/\/www.kariyer.net\/kariyer-rehberi\/liderler-galatasaray-universitesinde-bulusuyor\/","name":"\"Liderler Galatasaray \u00dcniversitesi'nde bulu\u015fuyor!\" | Kariyer Rehberi","isPartOf":{"@id":"https:\/\/www.kariyer.net\/kariyer-rehberi\/#website"},"datePublished":"2013-01-01T09:18:13+00:00","dateModified":"2024-07-03T12:35:52+00:00","description":"21 Nisan'da Galatasaray \u00dcniversitesi \u0130\u015fletme Kul\u00fcb\u00fc taraf\u0131ndan Liderlik Zirvesi d\u00fczenlenecektir.","breadcrumb":{"@id":"https:\/\/www.kariyer.net\/kariyer-rehberi\/liderler-galatasaray-universitesinde-bulusuyor\/#breadcrumb"},"inLanguage":"tr","potentialAction":[{"@type":"ReadAction","target":["https:\/\/www.kariyer.net\/kariyer-rehberi\/liderler-galatasaray-universitesinde-bulusuyor\/"]}]},{"@type":"BreadcrumbList","@id":"https:\/\/www.kariyer.net\/kariyer-rehberi\/liderler-galatasaray-universitesinde-bulusuyor\/#breadcrumb","itemListElement":[{"@type":"ListItem","position":1,"name":"Anasayfa","item":"https:\/\/www.kariyer.net\/kariyer-rehberi\/"},{"@type":"ListItem","position":2,"name":"&quot;Liderler Galatasaray \u00dcniversitesi&#039;nde bulu\u015fuyor!&quot;"}]},{"@type":"WebSite","@id":"https:\/\/www.kariyer.net\/kariyer-rehberi\/#website","url":"https:\/\/www.kariyer.net\/kariyer-rehberi\/","name":"Kariyer Rehberi","description":"\u0130\u015f D\u00fcnyas\u0131yla \u0130lgili Bilmek \u0130stedi\u011finiz Her \u015eey","publisher":{"@id":"https:\/\/www.kariyer.net\/kariyer-rehberi\/#organization"},"potentialAction":[{"@type":"SearchAction","target":{"@type":"EntryPoint","urlTemplate":"https:\/\/www.kariyer.net\/kariyer-rehberi\/?s={search_term_string}"},"query-input":{"@type":"PropertyValueSpecification","valueRequired":true,"valueName":"search_term_string"}}],"inLanguage":"tr"},{"@type":"Organization","@id":"https:\/\/www.kariyer.net\/kariyer-rehberi\/#organization","name":"Kariyer.net","url":"https:\/\/www.kariyer.net\/kariyer-rehberi\/","logo":{"@type":"ImageObject","inLanguage":"tr","@id":"https:\/\/www.kariyer.net\/kariyer-rehberi\/#\/schema\/logo\/image\/","url":"https:\/\/www.kariyer.net\/kariyer-rehberi-new\/wp-content\/uploads\/2023\/01\/og-image11.jpg","contentUrl":"https:\/\/www.kariyer.net\/kariyer-rehberi-new\/wp-content\/uploads\/2023\/01\/og-image11.jpg","width":800,"height":800,"caption":"Kariyer.net"},"image":{"@id":"https:\/\/www.kariyer.net\/kariyer-rehberi\/#\/schema\/logo\/image\/"}},{"@type":"Person","@id":"https:\/\/www.kariyer.net\/kariyer-rehberi\/#\/schema\/person\/94fd6e49c7ff1b1b2565a2cc4fd685dd","name":"Edit\u00f6r","image":{"@type":"ImageObject","inLanguage":"tr","@id":"https:\/\/www.kariyer.net\/kariyer-rehberi\/#\/schema\/person\/image\/","url":"https:\/\/secure.gravatar.com\/avatar\/0c4fe6688343aed3693b15573beae12c08ace5565409d5ab7509bf9c115f458d?s=96&d=mm&r=g","contentUrl":"https:\/\/secure.gravatar.com\/avatar\/0c4fe6688343aed3693b15573beae12c08ace5565409d5ab7509bf9c115f458d?s=96&d=mm&r=g","caption":"Edit\u00f6r"},"url":"https:\/\/www.kariyer.net\/kariyer-rehberi\/author\/editor\/"}]}},"_links":{"self":[{"href":"https:\/\/www.kariyer.net\/kariyer-rehberi\/wp-json\/wp\/v2\/posts\/9730","targetHints":{"allow":["GET"]}}],"collection":[{"href":"https:\/\/www.kariyer.net\/kariyer-rehberi\/wp-json\/wp\/v2\/posts"}],"about":[{"href":"https:\/\/www.kariyer.net\/kariyer-rehberi\/wp-json\/wp\/v2\/types\/post"}],"author":[{"embeddable":true,"href":"https:\/\/www.kariyer.net\/kariyer-rehberi\/wp-json\/wp\/v2\/users\/12"}],"replies":[{"embeddable":true,"href":"https:\/\/www.kariyer.net\/kariyer-rehberi\/wp-json\/wp\/v2\/comments?post=9730"}],"version-history":[{"count":1,"href":"https:\/\/www.kariyer.net\/kariyer-rehberi\/wp-json\/wp\/v2\/posts\/9730\/revisions"}],"predecessor-version":[{"id":19859,"href":"https:\/\/www.kariyer.net\/kariyer-rehberi\/wp-json\/wp\/v2\/posts\/9730\/revisions\/19859"}],"wp:attachment":[{"href":"https:\/\/www.kariyer.net\/kariyer-rehberi\/wp-json\/wp\/v2\/media?parent=9730"}],"wp:term":[{"taxonomy":"category","embeddable":true,"href":"https:\/\/www.kariyer.net\/kariyer-rehberi\/wp-json\/wp\/v2\/categories?post=9730"},{"taxonomy":"post_tag","embeddable":true,"href":"https:\/\/www.kariyer.net\/kariyer-rehberi\/wp-json\/wp\/v2\/tags?post=9730"}],"curies":[{"name":"wp","href":"https:\/\/api.w.org\/{rel}","templated":true}]}}