{"id":9743,"date":"2013-01-01T16:06:29","date_gmt":"2013-01-01T14:06:29","guid":{"rendered":"http:\/\/www.kariyer.net\/kariyer-kampuste\/?p=3454"},"modified":"2024-07-03T15:33:42","modified_gmt":"2024-07-03T12:33:42","slug":"ylerden-gelecek-tasarimi-konferansi","status":"publish","type":"post","link":"https:\/\/www.kariyer.net\/kariyer-rehberi\/ylerden-gelecek-tasarimi-konferansi\/","title":{"rendered":"Y\u2019LERDEN GELECEK TASARIMI KONFERANSI"},"content":{"rendered":"<p>4B Akademi, Kariyer.Net ve M.\u00dc. Algoritmik Kariyer Kul\u00fcb\u00fc i\u015fbirli\u011fiyle <strong>Y\u2019lerden Y\u2019lere Gelecek Tasar\u0131m\u0131 Konferans\u0131 3 May\u0131s<\/strong>\u2019ta <strong>Marmara \u00dcniversitesi G\u00f6ztepe Kamp\u00fcs\u00fcnde<\/strong> d\u00fczenleniyor.<\/p>\n<p>\u00dcniversite \u00f6\u011frencileri ile 22-35 ya\u015f aras\u0131 gen\u00e7 profesyonelleri bir araya getirecek konferansta gelece\u011fe ve i\u015f ya\u015fam\u0131na ili\u015fkin bilgileri aktaranlarla dinleyenler aras\u0131nda geni\u015f bir ku\u015fak fark\u0131 olmadan bir payla\u015f\u0131m ortam\u0131 yarat\u0131lmas\u0131 ama\u00e7lan\u0131yor.<\/p>\n<p>\u0130K profesyonelleri Emre \u0130nan\u00e7 Karaka\u015f ve Sibel Hilal \u015eeng\u00fcl etkili \u00f6zge\u00e7mi\u015f haz\u0131rlama ve m\u00fclakata haz\u0131rlanma konular\u0131nda, banka profesyoneli Mehmet Ta\u015fdemir ekonomi okuryazarl\u0131\u011f\u0131 konusunda, sivil toplum profesyoneli Ceylan Tarhan g\u00f6n\u00fcll\u00fcl\u00fck ve sosyal sorumluluk bilinci hakk\u0131nda, sosyal ileti\u015fim profesyoneli Meltem Zengin ve \u00fcniversite \u00f6\u011frencisi Sibel Aycan kul\u00fcp \u00fcyeli\u011finin profesyonel ya\u015fama haz\u0131rlanmaya katk\u0131s\u0131 hakk\u0131nda, organizasyon ve planlama profesyoneli Gayenur Musluo\u011flu ise \u00f6\u011frencilere ufuk hedefi hakk\u0131nda payla\u015f\u0131mlarda bulunacak.<\/p>\n<p><a href=\"http:\/\/www.kariyer.net\/\">Kariyer.net<\/a> \u0130K \u2018dan sorumlu Genel M\u00fcd\u00fcr Yard\u0131mc\u0131s\u0131 Eda Kartal \u00d6zer ise kariyer yolculu\u011fumuz ba\u015fl\u0131kl\u0131 bir konu\u015fmayla gen\u00e7lere profesyonel kariyer hikayesini aktaracak. 4B Gen\u00e7 Profesyoneller Koodinat\u00f6r\u00fc Gayenur Musluo\u011flu\u2019nun sunumuyla ve Algoritmik Kariyer Kul\u00fcb\u00fc Ba\u015fkan\u0131 Ramazan Fatih Arslan\u2019\u0131n a\u00e7\u0131l\u0131\u015f konu\u015fmas\u0131yla ba\u015flayacak konferans, Kul\u00fcp dan\u0131\u015fman\u0131 Do\u00e7. Dr. B\u00fclent Y\u0131lmaz \u2018\u0131n kapan\u0131\u015f konu\u015fmas\u0131yla tamamlanacak.<!--more--><\/p>\n<p><strong>4B Gen\u00e7 Profesyoneller Hakk\u0131nda<\/strong><\/p>\n<p>4B Akademi&#8217;nin 2014 y\u0131l\u0131ndan beri y\u00fcr\u00fctt\u00fc\u011f\u00fc bir sosyal sorumluluk projesi olan 4B Gen\u00e7 Profesyoneller, \u00e7al\u0131\u015fan gen\u00e7 profesyonellerin, kendilerinden \u00f6nce yola \u00e7\u0131kan ustalardan bilgi ve deneyim aktar\u0131mlar\u0131n\u0131 dinleyebilece\u011fi, hem birbirlerine hem de topluma fayda sa\u011flayan yeni projeler \u00fcretebilecekleri, geli\u015fim, performans ve kariyer&#8217;i oda\u011f\u0131na alan bir platformdur.<\/p>\n<p>Ki\u015fisel ve mesleki geli\u015fimini \u00f6nemseyen, bug\u00fcn aktar\u0131lan deneyimleri dinlemeye ve deneyimlerini yar\u0131nlara aktarmaya istekli, i\u00e7inde ya\u015fad\u0131\u011f\u0131 d\u00fcnyaya kar\u015f\u0131 sorumluluklar\u0131n\u0131n fark\u0131nda ve kar\u015f\u0131lamak i\u00e7in aray\u0131\u015f i\u00e7inde olan, 22-35 ya\u015flar\u0131 aras\u0131nda, i\u015f ya\u015fam\u0131na ad\u0131m atm\u0131\u015f gen\u00e7 profesyoneller i\u00e7indir.<\/p>\n<p><strong>Tarih :<\/strong> 3 May\u0131s 2016<br \/>\n<strong>Saat :<\/strong> 10:00-13:00<br \/>\n<strong>Yer :<\/strong> Marmara \u00dcniversitesi G\u00f6ztepe Kamp\u00fcs\u00fc Fen Edebiyat Fak\u00fcltesi Konferans Salonu<br \/>\n<strong>Kat\u0131l\u0131m :<\/strong> Genel Kat\u0131l\u0131ma A\u00e7\u0131k ve \u00dccretsizdir.<\/p>\n<p><img fetchpriority=\"high\" decoding=\"async\" class=\"alignnone size-full wp-image-3453\" src=\"http:\/\/www.kariyer.net\/kariyer-kampuste\/wp-content\/uploads\/2016\/04\/1.jpg\" alt=\"1\" width=\"630\" height=\"894\" \/><\/p>\n<!-- templates\/buttons-placeholder.php -->\n<div class=\"da-reactions-outer TpostID9743\">\n\t    <div class=\"da-reactions-data da-reactions-container-async center\"\n         data-type=\"post\"\n         data-id=\"9743\"\n         id=\"da-reactions-slot-post-9743\">\n        <div class=\"da-reactions-static\">\n\t\t\t<img src=\"https:\/\/www.kariyer.net\/kariyer-rehberi\/wp-content\/plugins\/da-reactions\/assets\/dist\/loading.svg\" alt=\"Loading spinner\" width=\"48\" height=\"48\" style=\"width:48px\" \/>\n        <\/div>\n    <\/div>\n<\/div>\n","protected":false},"excerpt":{"rendered":"<p>4B Akademi, Kariyer.Net ve M.\u00dc. Algoritmik Kariyer Kul\u00fcb\u00fc i\u015fbirli\u011fiyle Y\u2019lerden Y\u2019lere Gelecek Tasar\u0131m\u0131 Konferans\u0131 3 May\u0131s\u2019ta Marmara \u00dcniversitesi G\u00f6ztepe Kamp\u00fcs\u00fcnde d\u00fczenleniyor. \u00dcniversite \u00f6\u011frencileri ile 22-35 ya\u015f aras\u0131 gen\u00e7 profesyonelleri bir araya getirecek konferansta gelece\u011fe ve i\u015f ya\u015fam\u0131na ili\u015fkin bilgileri aktaranlarla dinleyenler aras\u0131nda geni\u015f bir ku\u015fak fark\u0131 olmadan bir payla\u015f\u0131m ortam\u0131 yarat\u0131lmas\u0131 ama\u00e7lan\u0131yor. \u0130K profesyonelleri Emre [&hellip;]<\/p>\n<!-- templates\/buttons-placeholder.php -->\n<div class=\"da-reactions-outer TpostID9743\">\n\t    <div class=\"da-reactions-data da-reactions-container-async center\"\n         data-type=\"post\"\n         data-id=\"9743\"\n         id=\"da-reactions-slot-post-9743\">\n        <div class=\"da-reactions-static\">\n\t\t\t<img src=\"https:\/\/www.kariyer.net\/kariyer-rehberi\/wp-content\/plugins\/da-reactions\/assets\/dist\/loading.svg\" alt=\"Loading spinner\" width=\"48\" height=\"48\" style=\"width:48px\" \/>\n        <\/div>\n    <\/div>\n<\/div>\n","protected":false},"author":12,"featured_media":0,"comment_status":"open","ping_status":"open","sticky":false,"template":"","format":"standard","meta":{"footnotes":"","_elementor_edit_mode":"","_elementor_template_type":"","_elementor_data":"","_elementor_page_settings":null,"_elementor_conditions":[]},"categories":[2211,164],"tags":[],"class_list":{"0":"post-9743","1":"post","2":"type-post","3":"status-publish","4":"format-standard","6":"category-kariyer-gelisimi","7":"category-universite-kuluplerinden-haberler"},"yoast_head":"<!-- This site is optimized with the Yoast SEO Premium plugin v21.4 (Yoast SEO v27.0) - https:\/\/yoast.com\/product\/yoast-seo-premium-wordpress\/ -->\n<title>Y\u2019LERDEN GELECEK TASARIMI KONFERANSI | Kariyer Rehberi<\/title>\n<meta name=\"description\" content=\"4B Akademi, Kariyer.Net ve M.\u00dc. Algoritmik Kariyer Kul\u00fcb\u00fc i\u015fbirli\u011fiyle Y\u2019lerden Y\u2019lere Gelecek Tasar\u0131m\u0131 Konferans\u0131 3 May\u0131s\u2019ta Marmara \u00dcniversitesi G\u00f6ztepe\" \/>\n<meta name=\"robots\" content=\"index, follow, max-snippet:-1, max-image-preview:large, max-video-preview:-1\" \/>\n<link rel=\"canonical\" href=\"https:\/\/www.kariyer.net\/kariyer-rehberi\/ylerden-gelecek-tasarimi-konferansi\/\" \/>\n<meta property=\"og:locale\" content=\"tr_TR\" \/>\n<meta property=\"og:type\" content=\"article\" \/>\n<meta property=\"og:title\" content=\"Y\u2019LERDEN GELECEK TASARIMI KONFERANSI\" \/>\n<meta property=\"og:description\" content=\"4B Akademi, Kariyer.Net ve M.\u00dc. Algoritmik Kariyer Kul\u00fcb\u00fc i\u015fbirli\u011fiyle Y\u2019lerden Y\u2019lere Gelecek Tasar\u0131m\u0131 Konferans\u0131 3 May\u0131s\u2019ta Marmara \u00dcniversitesi G\u00f6ztepe\" \/>\n<meta property=\"og:url\" content=\"https:\/\/www.kariyer.net\/kariyer-rehberi\/ylerden-gelecek-tasarimi-konferansi\/\" \/>\n<meta property=\"og:site_name\" content=\"Kariyer Rehberi\" \/>\n<meta property=\"article:published_time\" content=\"2013-01-01T14:06:29+00:00\" \/>\n<meta property=\"article:modified_time\" content=\"2024-07-03T12:33:42+00:00\" \/>\n<meta property=\"og:image\" content=\"http:\/\/www.kariyer.net\/kariyer-kampuste\/wp-content\/uploads\/2016\/04\/1.jpg\" \/>\n<meta name=\"author\" content=\"Edit\u00f6r\" \/>\n<meta name=\"twitter:card\" content=\"summary_large_image\" \/>\n<meta name=\"twitter:label1\" content=\"Yazan:\" \/>\n\t<meta name=\"twitter:data1\" content=\"Edit\u00f6r\" \/>\n\t<meta name=\"twitter:label2\" content=\"Tahmini okuma s\u00fcresi\" \/>\n\t<meta name=\"twitter:data2\" content=\"2 dakika\" \/>\n<!-- \/ Yoast SEO Premium plugin. -->","yoast_head_json":{"title":"Y\u2019LERDEN GELECEK TASARIMI KONFERANSI | Kariyer Rehberi","description":"4B Akademi, Kariyer.Net ve M.\u00dc. Algoritmik Kariyer Kul\u00fcb\u00fc i\u015fbirli\u011fiyle Y\u2019lerden Y\u2019lere Gelecek Tasar\u0131m\u0131 Konferans\u0131 3 May\u0131s\u2019ta Marmara \u00dcniversitesi G\u00f6ztepe","robots":{"index":"index","follow":"follow","max-snippet":"max-snippet:-1","max-image-preview":"max-image-preview:large","max-video-preview":"max-video-preview:-1"},"canonical":"https:\/\/www.kariyer.net\/kariyer-rehberi\/ylerden-gelecek-tasarimi-konferansi\/","og_locale":"tr_TR","og_type":"article","og_title":"Y\u2019LERDEN GELECEK TASARIMI KONFERANSI","og_description":"4B Akademi, Kariyer.Net ve M.\u00dc. Algoritmik Kariyer Kul\u00fcb\u00fc i\u015fbirli\u011fiyle Y\u2019lerden Y\u2019lere Gelecek Tasar\u0131m\u0131 Konferans\u0131 3 May\u0131s\u2019ta Marmara \u00dcniversitesi G\u00f6ztepe","og_url":"https:\/\/www.kariyer.net\/kariyer-rehberi\/ylerden-gelecek-tasarimi-konferansi\/","og_site_name":"Kariyer Rehberi","article_published_time":"2013-01-01T14:06:29+00:00","article_modified_time":"2024-07-03T12:33:42+00:00","og_image":[{"url":"http:\/\/www.kariyer.net\/kariyer-kampuste\/wp-content\/uploads\/2016\/04\/1.jpg","type":"","width":"","height":""}],"author":"Edit\u00f6r","twitter_card":"summary_large_image","twitter_misc":{"Yazan:":"Edit\u00f6r","Tahmini okuma s\u00fcresi":"2 dakika"},"schema":{"@context":"https:\/\/schema.org","@graph":[{"@type":"Article","@id":"https:\/\/www.kariyer.net\/kariyer-rehberi\/ylerden-gelecek-tasarimi-konferansi\/#article","isPartOf":{"@id":"https:\/\/www.kariyer.net\/kariyer-rehberi\/ylerden-gelecek-tasarimi-konferansi\/"},"author":{"name":"Edit\u00f6r","@id":"https:\/\/www.kariyer.net\/kariyer-rehberi\/#\/schema\/person\/94fd6e49c7ff1b1b2565a2cc4fd685dd"},"headline":"Y\u2019LERDEN GELECEK TASARIMI KONFERANSI","datePublished":"2013-01-01T14:06:29+00:00","dateModified":"2024-07-03T12:33:42+00:00","mainEntityOfPage":{"@id":"https:\/\/www.kariyer.net\/kariyer-rehberi\/ylerden-gelecek-tasarimi-konferansi\/"},"wordCount":388,"commentCount":0,"publisher":{"@id":"https:\/\/www.kariyer.net\/kariyer-rehberi\/#organization"},"image":{"@id":"https:\/\/www.kariyer.net\/kariyer-rehberi\/ylerden-gelecek-tasarimi-konferansi\/#primaryimage"},"thumbnailUrl":"http:\/\/www.kariyer.net\/kariyer-kampuste\/wp-content\/uploads\/2016\/04\/1.jpg","articleSection":["Kariyer Geli\u015fimi","\u00dcniversite Kul\u00fcplerinden Haberler"],"inLanguage":"tr","potentialAction":[{"@type":"CommentAction","name":"Comment","target":["https:\/\/www.kariyer.net\/kariyer-rehberi\/ylerden-gelecek-tasarimi-konferansi\/#respond"]}]},{"@type":"WebPage","@id":"https:\/\/www.kariyer.net\/kariyer-rehberi\/ylerden-gelecek-tasarimi-konferansi\/","url":"https:\/\/www.kariyer.net\/kariyer-rehberi\/ylerden-gelecek-tasarimi-konferansi\/","name":"Y\u2019LERDEN GELECEK TASARIMI KONFERANSI | Kariyer Rehberi","isPartOf":{"@id":"https:\/\/www.kariyer.net\/kariyer-rehberi\/#website"},"primaryImageOfPage":{"@id":"https:\/\/www.kariyer.net\/kariyer-rehberi\/ylerden-gelecek-tasarimi-konferansi\/#primaryimage"},"image":{"@id":"https:\/\/www.kariyer.net\/kariyer-rehberi\/ylerden-gelecek-tasarimi-konferansi\/#primaryimage"},"thumbnailUrl":"http:\/\/www.kariyer.net\/kariyer-kampuste\/wp-content\/uploads\/2016\/04\/1.jpg","datePublished":"2013-01-01T14:06:29+00:00","dateModified":"2024-07-03T12:33:42+00:00","description":"4B Akademi, Kariyer.Net ve M.\u00dc. Algoritmik Kariyer Kul\u00fcb\u00fc i\u015fbirli\u011fiyle Y\u2019lerden Y\u2019lere Gelecek Tasar\u0131m\u0131 Konferans\u0131 3 May\u0131s\u2019ta Marmara \u00dcniversitesi G\u00f6ztepe","breadcrumb":{"@id":"https:\/\/www.kariyer.net\/kariyer-rehberi\/ylerden-gelecek-tasarimi-konferansi\/#breadcrumb"},"inLanguage":"tr","potentialAction":[{"@type":"ReadAction","target":["https:\/\/www.kariyer.net\/kariyer-rehberi\/ylerden-gelecek-tasarimi-konferansi\/"]}]},{"@type":"ImageObject","inLanguage":"tr","@id":"https:\/\/www.kariyer.net\/kariyer-rehberi\/ylerden-gelecek-tasarimi-konferansi\/#primaryimage","url":"http:\/\/www.kariyer.net\/kariyer-kampuste\/wp-content\/uploads\/2016\/04\/1.jpg","contentUrl":"http:\/\/www.kariyer.net\/kariyer-kampuste\/wp-content\/uploads\/2016\/04\/1.jpg"},{"@type":"BreadcrumbList","@id":"https:\/\/www.kariyer.net\/kariyer-rehberi\/ylerden-gelecek-tasarimi-konferansi\/#breadcrumb","itemListElement":[{"@type":"ListItem","position":1,"name":"Anasayfa","item":"https:\/\/www.kariyer.net\/kariyer-rehberi\/"},{"@type":"ListItem","position":2,"name":"Y\u2019LERDEN GELECEK TASARIMI KONFERANSI"}]},{"@type":"WebSite","@id":"https:\/\/www.kariyer.net\/kariyer-rehberi\/#website","url":"https:\/\/www.kariyer.net\/kariyer-rehberi\/","name":"Kariyer Rehberi","description":"\u0130\u015f D\u00fcnyas\u0131yla \u0130lgili Bilmek \u0130stedi\u011finiz Her \u015eey","publisher":{"@id":"https:\/\/www.kariyer.net\/kariyer-rehberi\/#organization"},"potentialAction":[{"@type":"SearchAction","target":{"@type":"EntryPoint","urlTemplate":"https:\/\/www.kariyer.net\/kariyer-rehberi\/?s={search_term_string}"},"query-input":{"@type":"PropertyValueSpecification","valueRequired":true,"valueName":"search_term_string"}}],"inLanguage":"tr"},{"@type":"Organization","@id":"https:\/\/www.kariyer.net\/kariyer-rehberi\/#organization","name":"Kariyer.net","url":"https:\/\/www.kariyer.net\/kariyer-rehberi\/","logo":{"@type":"ImageObject","inLanguage":"tr","@id":"https:\/\/www.kariyer.net\/kariyer-rehberi\/#\/schema\/logo\/image\/","url":"https:\/\/www.kariyer.net\/kariyer-rehberi-new\/wp-content\/uploads\/2023\/01\/og-image11.jpg","contentUrl":"https:\/\/www.kariyer.net\/kariyer-rehberi-new\/wp-content\/uploads\/2023\/01\/og-image11.jpg","width":800,"height":800,"caption":"Kariyer.net"},"image":{"@id":"https:\/\/www.kariyer.net\/kariyer-rehberi\/#\/schema\/logo\/image\/"}},{"@type":"Person","@id":"https:\/\/www.kariyer.net\/kariyer-rehberi\/#\/schema\/person\/94fd6e49c7ff1b1b2565a2cc4fd685dd","name":"Edit\u00f6r","image":{"@type":"ImageObject","inLanguage":"tr","@id":"https:\/\/www.kariyer.net\/kariyer-rehberi\/#\/schema\/person\/image\/","url":"https:\/\/secure.gravatar.com\/avatar\/0c4fe6688343aed3693b15573beae12c08ace5565409d5ab7509bf9c115f458d?s=96&d=mm&r=g","contentUrl":"https:\/\/secure.gravatar.com\/avatar\/0c4fe6688343aed3693b15573beae12c08ace5565409d5ab7509bf9c115f458d?s=96&d=mm&r=g","caption":"Edit\u00f6r"},"url":"https:\/\/www.kariyer.net\/kariyer-rehberi\/author\/editor\/"}]}},"_links":{"self":[{"href":"https:\/\/www.kariyer.net\/kariyer-rehberi\/wp-json\/wp\/v2\/posts\/9743","targetHints":{"allow":["GET"]}}],"collection":[{"href":"https:\/\/www.kariyer.net\/kariyer-rehberi\/wp-json\/wp\/v2\/posts"}],"about":[{"href":"https:\/\/www.kariyer.net\/kariyer-rehberi\/wp-json\/wp\/v2\/types\/post"}],"author":[{"embeddable":true,"href":"https:\/\/www.kariyer.net\/kariyer-rehberi\/wp-json\/wp\/v2\/users\/12"}],"replies":[{"embeddable":true,"href":"https:\/\/www.kariyer.net\/kariyer-rehberi\/wp-json\/wp\/v2\/comments?post=9743"}],"version-history":[{"count":1,"href":"https:\/\/www.kariyer.net\/kariyer-rehberi\/wp-json\/wp\/v2\/posts\/9743\/revisions"}],"predecessor-version":[{"id":19768,"href":"https:\/\/www.kariyer.net\/kariyer-rehberi\/wp-json\/wp\/v2\/posts\/9743\/revisions\/19768"}],"wp:attachment":[{"href":"https:\/\/www.kariyer.net\/kariyer-rehberi\/wp-json\/wp\/v2\/media?parent=9743"}],"wp:term":[{"taxonomy":"category","embeddable":true,"href":"https:\/\/www.kariyer.net\/kariyer-rehberi\/wp-json\/wp\/v2\/categories?post=9743"},{"taxonomy":"post_tag","embeddable":true,"href":"https:\/\/www.kariyer.net\/kariyer-rehberi\/wp-json\/wp\/v2\/tags?post=9743"}],"curies":[{"name":"wp","href":"https:\/\/api.w.org\/{rel}","templated":true}]}}