{"id":9744,"date":"2013-01-01T14:47:32","date_gmt":"2013-01-01T12:47:32","guid":{"rendered":"http:\/\/www.kariyer.net\/kariyer-kampuste\/?p=3480"},"modified":"2024-07-03T15:34:53","modified_gmt":"2024-07-03T12:34:53","slug":"e-ticaretin-oykusu-dijital-ticaret-zirvesi","status":"publish","type":"post","link":"https:\/\/www.kariyer.net\/kariyer-rehberi\/e-ticaretin-oykusu-dijital-ticaret-zirvesi\/","title":{"rendered":"E-Ticaretin \u00d6yk\u00fcs\u00fc: Dijital Ticaret Zirvesi"},"content":{"rendered":"<p>Bo\u011fazi\u00e7i \u00dcniversitesi \u0130\u015fletme ve Ekonomi Kulub\u00fc ve Anbean Tan\u0131t\u0131m Dan\u0131\u015fmanl\u0131k i\u015f birli\u011fiyle <strong>14 May\u0131s Cumartesi<\/strong> G\u00fcn\u00fc <strong>Bo\u011fazi\u00e7i \u00dcniversitesi Garanti K\u00fclt\u00fcr Merkezi<\/strong>\u2019nde ger\u00e7ekle\u015fecek E-Ticaretin \u00d6yk\u00fcs\u00fc: Dijital Ticaret Zirvesi e-ticaretin liderlerini bir araya getiriyor.<\/p>\n<p>Hem T\u00fcrkiye, hem d\u00fcnyan\u0131n en h\u0131zl\u0131 b\u00fcy\u00fcyen ve geli\u015fen sekt\u00f6rlerinden olan e-ticaretin ge\u00e7mi\u015fi, bug\u00fcn\u00fc ve gelece\u011fi incelenece\u011fi zirvede GittiGidiyor Genel M\u00fcd\u00fcr\u00fc \u00d6get Kantarc\u0131, Ebebek Kurucusu ve CEO\u2019su Halil Erdo\u011fmu\u015f, Buldumbuldum.com Kurucusu ve CEO\u2019su G\u00fc\u00e7l\u00fc G\u00f6kozan, BKM Genel M\u00fcd\u00fcr Yard\u0131mc\u0131s\u0131 Serkan Yaz\u0131c\u0131o\u011flu, Vodafone T\u00fcrkiye Pazarlama Direkt\u00f6r\u00fc Fatih Uysal, Google Perakende Sekt\u00f6r Y\u00f6neticisi Se\u00e7kin Tokg\u00f6z ve e-ticaret ekosisteminden \u00f6nde gelen bir\u00e7ok isim konu\u015fmac\u0131 olarak a\u011f\u0131rlanacakt\u0131r.<!--more--><\/p>\n<p>Bir g\u00fcn boyunca s\u00fcrecek E-ticaretin \u00d6yk\u00fcs\u00fc: Dijital Ticaret Zirvesi, e-ticaret \u00fczerine kariyer d\u00fc\u015f\u00fcnen \u00f6\u011frencilere, sekt\u00f6r profesyonellerine, giri\u015fimcilere, giri\u015fimci adaylar\u0131na, konusunda uzman konu\u015fmac\u0131lara de\u011ferli ba\u011flant\u0131lar kuracak bir atmosfer yarat\u0131yor.<\/p>\n<p>Kat\u0131l\u0131mc\u0131lara sertifika verilecektir.<\/p>\n<p>Zirveyle alakal\u0131 daha detayl\u0131 bilgi i\u00e7in: <a href=\"http:\/\/eticaretinoykusu.com\/\">http:\/\/eticaretinoykusu.com\/<\/a><\/p>\n<!-- templates\/buttons-placeholder.php -->\n<div class=\"da-reactions-outer TpostID9744\">\n\t    <div class=\"da-reactions-data da-reactions-container-async center\"\n         data-type=\"post\"\n         data-id=\"9744\"\n         id=\"da-reactions-slot-post-9744\">\n        <div class=\"da-reactions-static\">\n\t\t\t<img src=\"https:\/\/www.kariyer.net\/kariyer-rehberi\/wp-content\/plugins\/da-reactions\/assets\/dist\/loading.svg\" alt=\"Loading spinner\" width=\"48\" height=\"48\" style=\"width:48px\" \/>\n        <\/div>\n    <\/div>\n<\/div>\n","protected":false},"excerpt":{"rendered":"<p>Bo\u011fazi\u00e7i \u00dcniversitesi \u0130\u015fletme ve Ekonomi Kulub\u00fc ve Anbean Tan\u0131t\u0131m Dan\u0131\u015fmanl\u0131k i\u015f birli\u011fiyle 14 May\u0131s Cumartesi G\u00fcn\u00fc Bo\u011fazi\u00e7i \u00dcniversitesi Garanti K\u00fclt\u00fcr Merkezi\u2019nde ger\u00e7ekle\u015fecek E-Ticaretin \u00d6yk\u00fcs\u00fc: Dijital Ticaret Zirvesi e-ticaretin liderlerini bir araya getiriyor. Hem T\u00fcrkiye, hem d\u00fcnyan\u0131n en h\u0131zl\u0131 b\u00fcy\u00fcyen ve geli\u015fen sekt\u00f6rlerinden olan e-ticaretin ge\u00e7mi\u015fi, bug\u00fcn\u00fc ve gelece\u011fi incelenece\u011fi zirvede GittiGidiyor Genel M\u00fcd\u00fcr\u00fc \u00d6get Kantarc\u0131, [&hellip;]<\/p>\n<!-- templates\/buttons-placeholder.php -->\n<div class=\"da-reactions-outer TpostID9744\">\n\t    <div class=\"da-reactions-data da-reactions-container-async center\"\n         data-type=\"post\"\n         data-id=\"9744\"\n         id=\"da-reactions-slot-post-9744\">\n        <div class=\"da-reactions-static\">\n\t\t\t<img src=\"https:\/\/www.kariyer.net\/kariyer-rehberi\/wp-content\/plugins\/da-reactions\/assets\/dist\/loading.svg\" alt=\"Loading spinner\" width=\"48\" height=\"48\" style=\"width:48px\" \/>\n        <\/div>\n    <\/div>\n<\/div>\n","protected":false},"author":12,"featured_media":0,"comment_status":"open","ping_status":"open","sticky":false,"template":"","format":"standard","meta":{"footnotes":"","_elementor_edit_mode":"","_elementor_template_type":"","_elementor_data":"","_elementor_page_settings":null,"_elementor_conditions":[]},"categories":[2211,164],"tags":[],"class_list":{"0":"post-9744","1":"post","2":"type-post","3":"status-publish","4":"format-standard","6":"category-kariyer-gelisimi","7":"category-universite-kuluplerinden-haberler"},"yoast_head":"<!-- This site is optimized with the Yoast SEO Premium plugin v21.4 (Yoast SEO v27.0) - https:\/\/yoast.com\/product\/yoast-seo-premium-wordpress\/ -->\n<title>Dijital Ticaret Zirvesi | Kariyer Rehberi<\/title>\n<meta name=\"description\" content=\"14 May\u0131s Cumartesi G\u00fcn\u00fc Bo\u011fazi\u00e7i \u00dcniversitesi Garanti K\u00fclt\u00fcr Merkezi\u2019nde ger\u00e7ekle\u015fecek E-Ticaretin \u00d6yk\u00fcs\u00fc: Dijital Ticaret Zirvesi\" \/>\n<meta name=\"robots\" content=\"index, follow, max-snippet:-1, max-image-preview:large, max-video-preview:-1\" \/>\n<link rel=\"canonical\" href=\"https:\/\/www.kariyer.net\/kariyer-rehberi\/e-ticaretin-oykusu-dijital-ticaret-zirvesi\/\" \/>\n<meta property=\"og:locale\" content=\"tr_TR\" \/>\n<meta property=\"og:type\" content=\"article\" \/>\n<meta property=\"og:title\" content=\"E-Ticaretin \u00d6yk\u00fcs\u00fc: Dijital Ticaret Zirvesi\" \/>\n<meta property=\"og:description\" content=\"Bo\u011fazi\u00e7i \u00dcniversitesi \u0130\u015fletme ve Ekonomi Kulub\u00fc ve Anbean Tan\u0131t\u0131m Dan\u0131\u015fmanl\u0131k i\u015f birli\u011fiyle 14 May\u0131s Cumartesi G\u00fcn\u00fc Bo\u011fazi\u00e7i \u00dcniversitesi Garanti K\u00fclt\u00fcr\" \/>\n<meta property=\"og:url\" content=\"https:\/\/www.kariyer.net\/kariyer-rehberi\/e-ticaretin-oykusu-dijital-ticaret-zirvesi\/\" \/>\n<meta property=\"og:site_name\" content=\"Kariyer Rehberi\" \/>\n<meta property=\"article:published_time\" content=\"2013-01-01T12:47:32+00:00\" \/>\n<meta property=\"article:modified_time\" content=\"2024-07-03T12:34:53+00:00\" \/>\n<meta name=\"author\" content=\"Edit\u00f6r\" \/>\n<meta name=\"twitter:card\" content=\"summary_large_image\" \/>\n<meta name=\"twitter:label1\" content=\"Yazan:\" \/>\n\t<meta name=\"twitter:data1\" content=\"Edit\u00f6r\" \/>\n\t<meta name=\"twitter:label2\" content=\"Tahmini okuma s\u00fcresi\" \/>\n\t<meta name=\"twitter:data2\" content=\"1 dakika\" \/>\n<!-- \/ Yoast SEO Premium plugin. -->","yoast_head_json":{"title":"Dijital Ticaret Zirvesi | Kariyer Rehberi","description":"14 May\u0131s Cumartesi G\u00fcn\u00fc Bo\u011fazi\u00e7i \u00dcniversitesi Garanti K\u00fclt\u00fcr Merkezi\u2019nde ger\u00e7ekle\u015fecek E-Ticaretin \u00d6yk\u00fcs\u00fc: Dijital Ticaret Zirvesi","robots":{"index":"index","follow":"follow","max-snippet":"max-snippet:-1","max-image-preview":"max-image-preview:large","max-video-preview":"max-video-preview:-1"},"canonical":"https:\/\/www.kariyer.net\/kariyer-rehberi\/e-ticaretin-oykusu-dijital-ticaret-zirvesi\/","og_locale":"tr_TR","og_type":"article","og_title":"E-Ticaretin \u00d6yk\u00fcs\u00fc: Dijital Ticaret Zirvesi","og_description":"Bo\u011fazi\u00e7i \u00dcniversitesi \u0130\u015fletme ve Ekonomi Kulub\u00fc ve Anbean Tan\u0131t\u0131m Dan\u0131\u015fmanl\u0131k i\u015f birli\u011fiyle 14 May\u0131s Cumartesi G\u00fcn\u00fc Bo\u011fazi\u00e7i \u00dcniversitesi Garanti K\u00fclt\u00fcr","og_url":"https:\/\/www.kariyer.net\/kariyer-rehberi\/e-ticaretin-oykusu-dijital-ticaret-zirvesi\/","og_site_name":"Kariyer Rehberi","article_published_time":"2013-01-01T12:47:32+00:00","article_modified_time":"2024-07-03T12:34:53+00:00","author":"Edit\u00f6r","twitter_card":"summary_large_image","twitter_misc":{"Yazan:":"Edit\u00f6r","Tahmini okuma s\u00fcresi":"1 dakika"},"schema":{"@context":"https:\/\/schema.org","@graph":[{"@type":"Article","@id":"https:\/\/www.kariyer.net\/kariyer-rehberi\/e-ticaretin-oykusu-dijital-ticaret-zirvesi\/#article","isPartOf":{"@id":"https:\/\/www.kariyer.net\/kariyer-rehberi\/e-ticaretin-oykusu-dijital-ticaret-zirvesi\/"},"author":{"name":"Edit\u00f6r","@id":"https:\/\/www.kariyer.net\/kariyer-rehberi\/#\/schema\/person\/94fd6e49c7ff1b1b2565a2cc4fd685dd"},"headline":"E-Ticaretin \u00d6yk\u00fcs\u00fc: Dijital Ticaret Zirvesi","datePublished":"2013-01-01T12:47:32+00:00","dateModified":"2024-07-03T12:34:53+00:00","mainEntityOfPage":{"@id":"https:\/\/www.kariyer.net\/kariyer-rehberi\/e-ticaretin-oykusu-dijital-ticaret-zirvesi\/"},"wordCount":213,"commentCount":0,"publisher":{"@id":"https:\/\/www.kariyer.net\/kariyer-rehberi\/#organization"},"articleSection":["Kariyer Geli\u015fimi","\u00dcniversite Kul\u00fcplerinden Haberler"],"inLanguage":"tr","potentialAction":[{"@type":"CommentAction","name":"Comment","target":["https:\/\/www.kariyer.net\/kariyer-rehberi\/e-ticaretin-oykusu-dijital-ticaret-zirvesi\/#respond"]}]},{"@type":"WebPage","@id":"https:\/\/www.kariyer.net\/kariyer-rehberi\/e-ticaretin-oykusu-dijital-ticaret-zirvesi\/","url":"https:\/\/www.kariyer.net\/kariyer-rehberi\/e-ticaretin-oykusu-dijital-ticaret-zirvesi\/","name":"Dijital Ticaret Zirvesi | Kariyer Rehberi","isPartOf":{"@id":"https:\/\/www.kariyer.net\/kariyer-rehberi\/#website"},"datePublished":"2013-01-01T12:47:32+00:00","dateModified":"2024-07-03T12:34:53+00:00","description":"14 May\u0131s Cumartesi G\u00fcn\u00fc Bo\u011fazi\u00e7i \u00dcniversitesi Garanti K\u00fclt\u00fcr Merkezi\u2019nde ger\u00e7ekle\u015fecek E-Ticaretin \u00d6yk\u00fcs\u00fc: Dijital Ticaret Zirvesi","breadcrumb":{"@id":"https:\/\/www.kariyer.net\/kariyer-rehberi\/e-ticaretin-oykusu-dijital-ticaret-zirvesi\/#breadcrumb"},"inLanguage":"tr","potentialAction":[{"@type":"ReadAction","target":["https:\/\/www.kariyer.net\/kariyer-rehberi\/e-ticaretin-oykusu-dijital-ticaret-zirvesi\/"]}]},{"@type":"BreadcrumbList","@id":"https:\/\/www.kariyer.net\/kariyer-rehberi\/e-ticaretin-oykusu-dijital-ticaret-zirvesi\/#breadcrumb","itemListElement":[{"@type":"ListItem","position":1,"name":"Anasayfa","item":"https:\/\/www.kariyer.net\/kariyer-rehberi\/"},{"@type":"ListItem","position":2,"name":"E-Ticaretin \u00d6yk\u00fcs\u00fc: Dijital Ticaret Zirvesi"}]},{"@type":"WebSite","@id":"https:\/\/www.kariyer.net\/kariyer-rehberi\/#website","url":"https:\/\/www.kariyer.net\/kariyer-rehberi\/","name":"Kariyer Rehberi","description":"\u0130\u015f D\u00fcnyas\u0131yla \u0130lgili Bilmek \u0130stedi\u011finiz Her \u015eey","publisher":{"@id":"https:\/\/www.kariyer.net\/kariyer-rehberi\/#organization"},"potentialAction":[{"@type":"SearchAction","target":{"@type":"EntryPoint","urlTemplate":"https:\/\/www.kariyer.net\/kariyer-rehberi\/?s={search_term_string}"},"query-input":{"@type":"PropertyValueSpecification","valueRequired":true,"valueName":"search_term_string"}}],"inLanguage":"tr"},{"@type":"Organization","@id":"https:\/\/www.kariyer.net\/kariyer-rehberi\/#organization","name":"Kariyer.net","url":"https:\/\/www.kariyer.net\/kariyer-rehberi\/","logo":{"@type":"ImageObject","inLanguage":"tr","@id":"https:\/\/www.kariyer.net\/kariyer-rehberi\/#\/schema\/logo\/image\/","url":"https:\/\/www.kariyer.net\/kariyer-rehberi-new\/wp-content\/uploads\/2023\/01\/og-image11.jpg","contentUrl":"https:\/\/www.kariyer.net\/kariyer-rehberi-new\/wp-content\/uploads\/2023\/01\/og-image11.jpg","width":800,"height":800,"caption":"Kariyer.net"},"image":{"@id":"https:\/\/www.kariyer.net\/kariyer-rehberi\/#\/schema\/logo\/image\/"}},{"@type":"Person","@id":"https:\/\/www.kariyer.net\/kariyer-rehberi\/#\/schema\/person\/94fd6e49c7ff1b1b2565a2cc4fd685dd","name":"Edit\u00f6r","image":{"@type":"ImageObject","inLanguage":"tr","@id":"https:\/\/www.kariyer.net\/kariyer-rehberi\/#\/schema\/person\/image\/","url":"https:\/\/secure.gravatar.com\/avatar\/0c4fe6688343aed3693b15573beae12c08ace5565409d5ab7509bf9c115f458d?s=96&d=mm&r=g","contentUrl":"https:\/\/secure.gravatar.com\/avatar\/0c4fe6688343aed3693b15573beae12c08ace5565409d5ab7509bf9c115f458d?s=96&d=mm&r=g","caption":"Edit\u00f6r"},"url":"https:\/\/www.kariyer.net\/kariyer-rehberi\/author\/editor\/"}]}},"_links":{"self":[{"href":"https:\/\/www.kariyer.net\/kariyer-rehberi\/wp-json\/wp\/v2\/posts\/9744","targetHints":{"allow":["GET"]}}],"collection":[{"href":"https:\/\/www.kariyer.net\/kariyer-rehberi\/wp-json\/wp\/v2\/posts"}],"about":[{"href":"https:\/\/www.kariyer.net\/kariyer-rehberi\/wp-json\/wp\/v2\/types\/post"}],"author":[{"embeddable":true,"href":"https:\/\/www.kariyer.net\/kariyer-rehberi\/wp-json\/wp\/v2\/users\/12"}],"replies":[{"embeddable":true,"href":"https:\/\/www.kariyer.net\/kariyer-rehberi\/wp-json\/wp\/v2\/comments?post=9744"}],"version-history":[{"count":1,"href":"https:\/\/www.kariyer.net\/kariyer-rehberi\/wp-json\/wp\/v2\/posts\/9744\/revisions"}],"predecessor-version":[{"id":19809,"href":"https:\/\/www.kariyer.net\/kariyer-rehberi\/wp-json\/wp\/v2\/posts\/9744\/revisions\/19809"}],"wp:attachment":[{"href":"https:\/\/www.kariyer.net\/kariyer-rehberi\/wp-json\/wp\/v2\/media?parent=9744"}],"wp:term":[{"taxonomy":"category","embeddable":true,"href":"https:\/\/www.kariyer.net\/kariyer-rehberi\/wp-json\/wp\/v2\/categories?post=9744"},{"taxonomy":"post_tag","embeddable":true,"href":"https:\/\/www.kariyer.net\/kariyer-rehberi\/wp-json\/wp\/v2\/tags?post=9744"}],"curies":[{"name":"wp","href":"https:\/\/api.w.org\/{rel}","templated":true}]}}