{"id":9752,"date":"2013-01-01T14:12:40","date_gmt":"2013-01-01T12:12:40","guid":{"rendered":"http:\/\/www.kariyer.net\/kariyer-kampuste\/?p=3756"},"modified":"2024-07-03T15:34:57","modified_gmt":"2024-07-03T12:34:57","slug":"ebec-istanbul-24-25-mart-tarihlerinde-gerceklesiyor","status":"publish","type":"post","link":"https:\/\/www.kariyer.net\/kariyer-rehberi\/ebec-istanbul-24-25-mart-tarihlerinde-gerceklesiyor\/","title":{"rendered":"EBEC \u0130stanbul 24-25 Mart tarihlerinde ger\u00e7ekle\u015fiyor"},"content":{"rendered":"<p><strong>\u0130stanbul Teknik \u00dcniversitesi BEST Istanbul (Board of European of Technology) \u00d6\u011frenci Kul\u00fcb\u00fc&#8217;n\u00fcn bu sene 8.sini d\u00fczenleyece\u011fi EBEC \u0130stanbul (European BEST Engineering Competition) 24-25 Mart tarihlerinde \u0130T\u00dc Ma\u00e7ka Kamp\u00fcs\u00fc\u2019nde ger\u00e7ekle\u015fiyor.<\/strong><\/p>\n<p>D\u00fczenledi\u011fi teknoloji kurslar\u0131, seminerler, kariyer g\u00fcnleri, k\u00fclt\u00fcrel de\u011fi\u015fimler ve m\u00fchendislik yar\u0131\u015fmalar\u0131yla Avrupa \u00e7ap\u0131nda \u00f6\u011frencilerin geli\u015fimini ama\u00e7layan BEST (Board of European Student of Technology), 33 \u00fclkede 96 \u00fcniversitenin b\u00fcnyesinde bulunan bir \u00f6\u011frenci organizasyonu. BEST Istanbul taraf\u0131ndan d\u00fczenlenen, Avrupa\u2019n\u0131n en b\u00fcy\u00fck m\u00fchendislik yar\u0131\u015fmalar\u0131ndan birinin yerel aya\u011f\u0131 olan EBEC \u0130stanbul&#8217;un ard\u0131ndan organizasyonun T\u00fcrkiye aya\u011f\u0131 da 12-13 May\u0131s tarihlerinde \u0130T\u00dc\u2019de ger\u00e7ekle\u015fiyor. Yar\u0131\u015fman\u0131n t\u00fcm Avrupa\u2019da d\u00fczenlenen yerel ayaklar\u0131n\u0131n kazananlar\u0131 bu y\u0131l Brno\u2019da ger\u00e7ekle\u015ftirilecek EBEC Final\u2019e gitmeye hak kazanacak ve di\u011fer 32 \u00fclkenin kazananlar\u0131yla yar\u0131\u015facak.<\/p>\n<p><strong>Etkinlik ba\u015fvurusu i\u00e7in:<\/strong><\/p>\n<p>http:\/\/bit.ly\/itubestebec2017<\/p>\n<!-- templates\/buttons-placeholder.php -->\n<div class=\"da-reactions-outer TpostID9752\">\n\t    <div class=\"da-reactions-data da-reactions-container-async center\"\n         data-type=\"post\"\n         data-id=\"9752\"\n         id=\"da-reactions-slot-post-9752\">\n        <div class=\"da-reactions-static\">\n\t\t\t<img src=\"https:\/\/www.kariyer.net\/kariyer-rehberi\/wp-content\/plugins\/da-reactions\/assets\/dist\/loading.svg\" alt=\"Loading spinner\" width=\"48\" height=\"48\" style=\"width:48px\" \/>\n        <\/div>\n    <\/div>\n<\/div>\n","protected":false},"excerpt":{"rendered":"<p>\u0130stanbul Teknik \u00dcniversitesi BEST Istanbul (Board of European of Technology) \u00d6\u011frenci Kul\u00fcb\u00fc&#8217;n\u00fcn bu sene 8.sini d\u00fczenleyece\u011fi EBEC \u0130stanbul (European BEST Engineering Competition) 24-25 Mart tarihlerinde \u0130T\u00dc Ma\u00e7ka Kamp\u00fcs\u00fc\u2019nde ger\u00e7ekle\u015fiyor. D\u00fczenledi\u011fi teknoloji kurslar\u0131, seminerler, kariyer g\u00fcnleri, k\u00fclt\u00fcrel de\u011fi\u015fimler ve m\u00fchendislik yar\u0131\u015fmalar\u0131yla Avrupa \u00e7ap\u0131nda \u00f6\u011frencilerin geli\u015fimini ama\u00e7layan BEST (Board of European Student of Technology), 33 \u00fclkede 96 [&hellip;]<\/p>\n<!-- templates\/buttons-placeholder.php -->\n<div class=\"da-reactions-outer TpostID9752\">\n\t    <div class=\"da-reactions-data da-reactions-container-async center\"\n         data-type=\"post\"\n         data-id=\"9752\"\n         id=\"da-reactions-slot-post-9752\">\n        <div class=\"da-reactions-static\">\n\t\t\t<img src=\"https:\/\/www.kariyer.net\/kariyer-rehberi\/wp-content\/plugins\/da-reactions\/assets\/dist\/loading.svg\" alt=\"Loading spinner\" width=\"48\" height=\"48\" style=\"width:48px\" \/>\n        <\/div>\n    <\/div>\n<\/div>\n","protected":false},"author":12,"featured_media":3753,"comment_status":"open","ping_status":"open","sticky":false,"template":"","format":"standard","meta":{"footnotes":"","_elementor_edit_mode":"","_elementor_template_type":"","_elementor_data":"","_elementor_page_settings":null,"_elementor_conditions":[]},"categories":[2211,164],"tags":[],"class_list":{"0":"post-9752","1":"post","2":"type-post","3":"status-publish","4":"format-standard","5":"has-post-thumbnail","7":"category-kariyer-gelisimi","8":"category-universite-kuluplerinden-haberler"},"yoast_head":"<!-- This site is optimized with the Yoast SEO Premium plugin v21.4 (Yoast SEO v27.0) - https:\/\/yoast.com\/product\/yoast-seo-premium-wordpress\/ -->\n<title>EBEC \u0130stanbul 24-25 Mart tarihlerinde ger\u00e7ekle\u015fiyor | Kariyer Rehberi<\/title>\n<meta name=\"description\" content=\"\u0130stanbul Teknik \u00dcniversitesi BEST Istanbul (Board of European of Technology) \u00d6\u011frenci Kul\u00fcb\u00fc&#039;n\u00fcn bu sene 8.sini d\u00fczenleyece\u011fi EBEC \u0130stanbul (European BEST\" \/>\n<meta name=\"robots\" content=\"index, follow, max-snippet:-1, max-image-preview:large, max-video-preview:-1\" \/>\n<link rel=\"canonical\" href=\"https:\/\/www.kariyer.net\/kariyer-rehberi\/ebec-istanbul-24-25-mart-tarihlerinde-gerceklesiyor\/\" \/>\n<meta property=\"og:locale\" content=\"tr_TR\" \/>\n<meta property=\"og:type\" content=\"article\" \/>\n<meta property=\"og:title\" content=\"EBEC \u0130stanbul 24-25 Mart tarihlerinde ger\u00e7ekle\u015fiyor\" \/>\n<meta property=\"og:description\" content=\"\u0130stanbul Teknik \u00dcniversitesi BEST Istanbul (Board of European of Technology) \u00d6\u011frenci Kul\u00fcb\u00fc&#039;n\u00fcn bu sene 8.sini d\u00fczenleyece\u011fi EBEC \u0130stanbul (European BEST\" \/>\n<meta property=\"og:url\" content=\"https:\/\/www.kariyer.net\/kariyer-rehberi\/ebec-istanbul-24-25-mart-tarihlerinde-gerceklesiyor\/\" \/>\n<meta property=\"og:site_name\" content=\"Kariyer Rehberi\" \/>\n<meta property=\"article:published_time\" content=\"2013-01-01T12:12:40+00:00\" \/>\n<meta property=\"article:modified_time\" content=\"2024-07-03T12:34:57+00:00\" \/>\n<meta property=\"og:image\" content=\"https:\/\/www.kariyer.net\/kariyer-rehberi\/wp-content\/uploads\/2013\/04\/2-kisisel-bilgiler.png\" \/>\n\t<meta property=\"og:image:width\" content=\"325\" \/>\n\t<meta property=\"og:image:height\" content=\"200\" \/>\n\t<meta property=\"og:image:type\" content=\"image\/png\" \/>\n<meta name=\"author\" content=\"Edit\u00f6r\" \/>\n<meta name=\"twitter:card\" content=\"summary_large_image\" \/>\n<meta name=\"twitter:label1\" content=\"Yazan:\" \/>\n\t<meta name=\"twitter:data1\" content=\"Edit\u00f6r\" \/>\n\t<meta name=\"twitter:label2\" content=\"Tahmini okuma s\u00fcresi\" \/>\n\t<meta name=\"twitter:data2\" content=\"1 dakika\" \/>\n<!-- \/ Yoast SEO Premium plugin. -->","yoast_head_json":{"title":"EBEC \u0130stanbul 24-25 Mart tarihlerinde ger\u00e7ekle\u015fiyor | Kariyer Rehberi","description":"\u0130stanbul Teknik \u00dcniversitesi BEST Istanbul (Board of European of Technology) \u00d6\u011frenci Kul\u00fcb\u00fc'n\u00fcn bu sene 8.sini d\u00fczenleyece\u011fi EBEC \u0130stanbul (European BEST","robots":{"index":"index","follow":"follow","max-snippet":"max-snippet:-1","max-image-preview":"max-image-preview:large","max-video-preview":"max-video-preview:-1"},"canonical":"https:\/\/www.kariyer.net\/kariyer-rehberi\/ebec-istanbul-24-25-mart-tarihlerinde-gerceklesiyor\/","og_locale":"tr_TR","og_type":"article","og_title":"EBEC \u0130stanbul 24-25 Mart tarihlerinde ger\u00e7ekle\u015fiyor","og_description":"\u0130stanbul Teknik \u00dcniversitesi BEST Istanbul (Board of European of Technology) \u00d6\u011frenci Kul\u00fcb\u00fc'n\u00fcn bu sene 8.sini d\u00fczenleyece\u011fi EBEC \u0130stanbul (European BEST","og_url":"https:\/\/www.kariyer.net\/kariyer-rehberi\/ebec-istanbul-24-25-mart-tarihlerinde-gerceklesiyor\/","og_site_name":"Kariyer Rehberi","article_published_time":"2013-01-01T12:12:40+00:00","article_modified_time":"2024-07-03T12:34:57+00:00","og_image":[{"width":325,"height":200,"url":"https:\/\/www.kariyer.net\/kariyer-rehberi\/wp-content\/uploads\/2013\/04\/2-kisisel-bilgiler.png","type":"image\/png"}],"author":"Edit\u00f6r","twitter_card":"summary_large_image","twitter_misc":{"Yazan:":"Edit\u00f6r","Tahmini okuma s\u00fcresi":"1 dakika"},"schema":{"@context":"https:\/\/schema.org","@graph":[{"@type":"Article","@id":"https:\/\/www.kariyer.net\/kariyer-rehberi\/ebec-istanbul-24-25-mart-tarihlerinde-gerceklesiyor\/#article","isPartOf":{"@id":"https:\/\/www.kariyer.net\/kariyer-rehberi\/ebec-istanbul-24-25-mart-tarihlerinde-gerceklesiyor\/"},"author":{"name":"Edit\u00f6r","@id":"https:\/\/www.kariyer.net\/kariyer-rehberi\/#\/schema\/person\/94fd6e49c7ff1b1b2565a2cc4fd685dd"},"headline":"EBEC \u0130stanbul 24-25 Mart tarihlerinde ger\u00e7ekle\u015fiyor","datePublished":"2013-01-01T12:12:40+00:00","dateModified":"2024-07-03T12:34:57+00:00","mainEntityOfPage":{"@id":"https:\/\/www.kariyer.net\/kariyer-rehberi\/ebec-istanbul-24-25-mart-tarihlerinde-gerceklesiyor\/"},"wordCount":177,"commentCount":0,"publisher":{"@id":"https:\/\/www.kariyer.net\/kariyer-rehberi\/#organization"},"image":{"@id":"https:\/\/www.kariyer.net\/kariyer-rehberi\/ebec-istanbul-24-25-mart-tarihlerinde-gerceklesiyor\/#primaryimage"},"thumbnailUrl":"https:\/\/www.kariyer.net\/kariyer-rehberi\/wp-content\/uploads\/2013\/04\/2-kisisel-bilgiler.png","articleSection":["Kariyer Geli\u015fimi","\u00dcniversite Kul\u00fcplerinden Haberler"],"inLanguage":"tr","potentialAction":[{"@type":"CommentAction","name":"Comment","target":["https:\/\/www.kariyer.net\/kariyer-rehberi\/ebec-istanbul-24-25-mart-tarihlerinde-gerceklesiyor\/#respond"]}]},{"@type":"WebPage","@id":"https:\/\/www.kariyer.net\/kariyer-rehberi\/ebec-istanbul-24-25-mart-tarihlerinde-gerceklesiyor\/","url":"https:\/\/www.kariyer.net\/kariyer-rehberi\/ebec-istanbul-24-25-mart-tarihlerinde-gerceklesiyor\/","name":"EBEC \u0130stanbul 24-25 Mart tarihlerinde ger\u00e7ekle\u015fiyor | Kariyer Rehberi","isPartOf":{"@id":"https:\/\/www.kariyer.net\/kariyer-rehberi\/#website"},"primaryImageOfPage":{"@id":"https:\/\/www.kariyer.net\/kariyer-rehberi\/ebec-istanbul-24-25-mart-tarihlerinde-gerceklesiyor\/#primaryimage"},"image":{"@id":"https:\/\/www.kariyer.net\/kariyer-rehberi\/ebec-istanbul-24-25-mart-tarihlerinde-gerceklesiyor\/#primaryimage"},"thumbnailUrl":"https:\/\/www.kariyer.net\/kariyer-rehberi\/wp-content\/uploads\/2013\/04\/2-kisisel-bilgiler.png","datePublished":"2013-01-01T12:12:40+00:00","dateModified":"2024-07-03T12:34:57+00:00","description":"\u0130stanbul Teknik \u00dcniversitesi BEST Istanbul (Board of European of Technology) \u00d6\u011frenci Kul\u00fcb\u00fc'n\u00fcn bu sene 8.sini d\u00fczenleyece\u011fi EBEC \u0130stanbul (European BEST","breadcrumb":{"@id":"https:\/\/www.kariyer.net\/kariyer-rehberi\/ebec-istanbul-24-25-mart-tarihlerinde-gerceklesiyor\/#breadcrumb"},"inLanguage":"tr","potentialAction":[{"@type":"ReadAction","target":["https:\/\/www.kariyer.net\/kariyer-rehberi\/ebec-istanbul-24-25-mart-tarihlerinde-gerceklesiyor\/"]}]},{"@type":"ImageObject","inLanguage":"tr","@id":"https:\/\/www.kariyer.net\/kariyer-rehberi\/ebec-istanbul-24-25-mart-tarihlerinde-gerceklesiyor\/#primaryimage","url":"https:\/\/www.kariyer.net\/kariyer-rehberi\/wp-content\/uploads\/2013\/04\/2-kisisel-bilgiler.png","contentUrl":"https:\/\/www.kariyer.net\/kariyer-rehberi\/wp-content\/uploads\/2013\/04\/2-kisisel-bilgiler.png","width":325,"height":200},{"@type":"BreadcrumbList","@id":"https:\/\/www.kariyer.net\/kariyer-rehberi\/ebec-istanbul-24-25-mart-tarihlerinde-gerceklesiyor\/#breadcrumb","itemListElement":[{"@type":"ListItem","position":1,"name":"Anasayfa","item":"https:\/\/www.kariyer.net\/kariyer-rehberi\/"},{"@type":"ListItem","position":2,"name":"EBEC \u0130stanbul 24-25 Mart tarihlerinde ger\u00e7ekle\u015fiyor"}]},{"@type":"WebSite","@id":"https:\/\/www.kariyer.net\/kariyer-rehberi\/#website","url":"https:\/\/www.kariyer.net\/kariyer-rehberi\/","name":"Kariyer Rehberi","description":"\u0130\u015f D\u00fcnyas\u0131yla \u0130lgili Bilmek \u0130stedi\u011finiz Her \u015eey","publisher":{"@id":"https:\/\/www.kariyer.net\/kariyer-rehberi\/#organization"},"potentialAction":[{"@type":"SearchAction","target":{"@type":"EntryPoint","urlTemplate":"https:\/\/www.kariyer.net\/kariyer-rehberi\/?s={search_term_string}"},"query-input":{"@type":"PropertyValueSpecification","valueRequired":true,"valueName":"search_term_string"}}],"inLanguage":"tr"},{"@type":"Organization","@id":"https:\/\/www.kariyer.net\/kariyer-rehberi\/#organization","name":"Kariyer.net","url":"https:\/\/www.kariyer.net\/kariyer-rehberi\/","logo":{"@type":"ImageObject","inLanguage":"tr","@id":"https:\/\/www.kariyer.net\/kariyer-rehberi\/#\/schema\/logo\/image\/","url":"https:\/\/www.kariyer.net\/kariyer-rehberi-new\/wp-content\/uploads\/2023\/01\/og-image11.jpg","contentUrl":"https:\/\/www.kariyer.net\/kariyer-rehberi-new\/wp-content\/uploads\/2023\/01\/og-image11.jpg","width":800,"height":800,"caption":"Kariyer.net"},"image":{"@id":"https:\/\/www.kariyer.net\/kariyer-rehberi\/#\/schema\/logo\/image\/"}},{"@type":"Person","@id":"https:\/\/www.kariyer.net\/kariyer-rehberi\/#\/schema\/person\/94fd6e49c7ff1b1b2565a2cc4fd685dd","name":"Edit\u00f6r","image":{"@type":"ImageObject","inLanguage":"tr","@id":"https:\/\/www.kariyer.net\/kariyer-rehberi\/#\/schema\/person\/image\/","url":"https:\/\/secure.gravatar.com\/avatar\/0c4fe6688343aed3693b15573beae12c08ace5565409d5ab7509bf9c115f458d?s=96&d=mm&r=g","contentUrl":"https:\/\/secure.gravatar.com\/avatar\/0c4fe6688343aed3693b15573beae12c08ace5565409d5ab7509bf9c115f458d?s=96&d=mm&r=g","caption":"Edit\u00f6r"},"url":"https:\/\/www.kariyer.net\/kariyer-rehberi\/author\/editor\/"}]}},"_links":{"self":[{"href":"https:\/\/www.kariyer.net\/kariyer-rehberi\/wp-json\/wp\/v2\/posts\/9752","targetHints":{"allow":["GET"]}}],"collection":[{"href":"https:\/\/www.kariyer.net\/kariyer-rehberi\/wp-json\/wp\/v2\/posts"}],"about":[{"href":"https:\/\/www.kariyer.net\/kariyer-rehberi\/wp-json\/wp\/v2\/types\/post"}],"author":[{"embeddable":true,"href":"https:\/\/www.kariyer.net\/kariyer-rehberi\/wp-json\/wp\/v2\/users\/12"}],"replies":[{"embeddable":true,"href":"https:\/\/www.kariyer.net\/kariyer-rehberi\/wp-json\/wp\/v2\/comments?post=9752"}],"version-history":[{"count":1,"href":"https:\/\/www.kariyer.net\/kariyer-rehberi\/wp-json\/wp\/v2\/posts\/9752\/revisions"}],"predecessor-version":[{"id":19813,"href":"https:\/\/www.kariyer.net\/kariyer-rehberi\/wp-json\/wp\/v2\/posts\/9752\/revisions\/19813"}],"wp:featuredmedia":[{"embeddable":true,"href":"https:\/\/www.kariyer.net\/kariyer-rehberi\/wp-json\/wp\/v2\/media\/3753"}],"wp:attachment":[{"href":"https:\/\/www.kariyer.net\/kariyer-rehberi\/wp-json\/wp\/v2\/media?parent=9752"}],"wp:term":[{"taxonomy":"category","embeddable":true,"href":"https:\/\/www.kariyer.net\/kariyer-rehberi\/wp-json\/wp\/v2\/categories?post=9752"},{"taxonomy":"post_tag","embeddable":true,"href":"https:\/\/www.kariyer.net\/kariyer-rehberi\/wp-json\/wp\/v2\/tags?post=9752"}],"curies":[{"name":"wp","href":"https:\/\/api.w.org\/{rel}","templated":true}]}}