{"id":9760,"date":"2013-01-01T11:30:00","date_gmt":"2013-01-01T09:30:00","guid":{"rendered":"http:\/\/www.kariyerkampuste.com\/?p=1674"},"modified":"2024-07-03T15:35:48","modified_gmt":"2024-07-03T12:35:48","slug":"kultur-universitesindeyiz","status":"publish","type":"post","link":"https:\/\/www.kariyer.net\/kariyer-rehberi\/kultur-universitesindeyiz\/","title":{"rendered":"K\u00fclt\u00fcr \u00dcniversitesi&#8217;ndeyiz!"},"content":{"rendered":"<p><a href=\"http:\/\/www.kariyerkampuste.com\/wp-content\/uploads\/2013\/10\/k\u00fclt\u00fcr-KK-yaz\u0131-banner.jpg\"><img fetchpriority=\"high\" decoding=\"async\" class=\"alignleft size-full wp-image-1675\" src=\"http:\/\/www.kariyerkampuste.com\/wp-content\/uploads\/2013\/10\/k\u00fclt\u00fcr-KK-yaz\u0131-banner.jpg\" alt=\"k\u00fclt\u00fcr KK yaz\u0131 banner\" width=\"299\" height=\"232\" \/><\/a>&#8220;Kariyer.net&#8217;ten Kariyer T\u00fcyolar\u0131&#8221; seminerimizle K\u00fclt\u00fcr \u00dcniversitesi&#8217;ndeyiz.<\/p>\n<p>Tarih: 31 Ekim 2013<\/p>\n<p>Saat: 13:00<\/p>\n<p>Yer: \u00d6nder \u00d6ztunal\u0131 Konferans Salonu<img decoding=\"async\" title=\"Daha fazla...\" src=\"http:\/\/www.kariyerkampuste.com\/wp-includes\/js\/tinymce\/plugins\/wordpress\/img\/trans.gif\" alt=\"\" \/><\/p>\n<p><!--more--><\/p>\n<p>*T\u00fcm kat\u0131l\u0131mc\u0131lara;<\/p>\n<p>-Kat\u0131l\u0131m sertifikas\u0131 verilecektir. 5 ki\u015fi<\/p>\n<p>-INFOLang Dil Okullar\u0131&#8217;ndan %10 indirim, 5 ki\u015fiye \u00fccretsiz online \u0130ngilizce e\u011fitimi!<\/p>\n<p>&nbsp;<\/p>\n<p>Detayl\u0131 bilgi ve kat\u0131l\u0131m i\u00e7in:\u00a0<a href=\"https:\/\/www.facebook.com\/KulturIEC\">https:\/\/www.facebook.com\/KulturIEC<\/a><\/p>\n<!-- templates\/buttons-placeholder.php -->\n<div class=\"da-reactions-outer TpostID9760\">\n\t    <div class=\"da-reactions-data da-reactions-container-async center\"\n         data-type=\"post\"\n         data-id=\"9760\"\n         id=\"da-reactions-slot-post-9760\">\n        <div class=\"da-reactions-static\">\n\t\t\t<img src=\"https:\/\/www.kariyer.net\/kariyer-rehberi\/wp-content\/plugins\/da-reactions\/assets\/dist\/loading.svg\" alt=\"Loading spinner\" width=\"48\" height=\"48\" style=\"width:48px\" \/>\n        <\/div>\n    <\/div>\n<\/div>\n","protected":false},"excerpt":{"rendered":"<p>&#8220;Kariyer.net&#8217;ten Kariyer T\u00fcyolar\u0131&#8221; seminerimizle K\u00fclt\u00fcr \u00dcniversitesi&#8217;ndeyiz. Tarih: 31 Ekim 2013 Saat: 13:00 Yer: \u00d6nder \u00d6ztunal\u0131 Konferans Salonu<\/p>\n<!-- templates\/buttons-placeholder.php -->\n<div class=\"da-reactions-outer TpostID9760\">\n\t    <div class=\"da-reactions-data da-reactions-container-async center\"\n         data-type=\"post\"\n         data-id=\"9760\"\n         id=\"da-reactions-slot-post-9760\">\n        <div class=\"da-reactions-static\">\n\t\t\t<img src=\"https:\/\/www.kariyer.net\/kariyer-rehberi\/wp-content\/plugins\/da-reactions\/assets\/dist\/loading.svg\" alt=\"Loading spinner\" width=\"48\" height=\"48\" style=\"width:48px\" \/>\n        <\/div>\n    <\/div>\n<\/div>\n","protected":false},"author":12,"featured_media":0,"comment_status":"open","ping_status":"open","sticky":false,"template":"","format":"standard","meta":{"footnotes":"","_elementor_edit_mode":"","_elementor_template_type":"","_elementor_data":"","_elementor_page_settings":null,"_elementor_conditions":[]},"categories":[2211],"tags":[453,330,631,793,794],"class_list":{"0":"post-9760","1":"post","2":"type-post","3":"status-publish","4":"format-standard","6":"category-kariyer-gelisimi","7":"tag-kariyer-kampuste-seminer","8":"tag-kariyer-net-seminer","9":"tag-kariyer-netten-kariyer-tuyolari","10":"tag-kultur-universitesi-endustri-muhendisligi-kulubu","11":"tag-kultur-universitesi-seminer"},"yoast_head":"<!-- This site is optimized with the Yoast SEO Premium plugin v21.4 (Yoast SEO v27.0) - https:\/\/yoast.com\/product\/yoast-seo-premium-wordpress\/ -->\n<title>Kariyer.net&#039;ten Kariyer T\u00fcyolar\u0131 K\u00fclt\u00fcr \u00dcniversitesi&#039;nde! | Kariyer Rehberi<\/title>\n<meta name=\"description\" content=\"&quot;Kariyer.net&#039;ten Kariyer T\u00fcyolar\u0131&quot; seminerimizle 31 Ekim&#039;de K\u00fclt\u00fcr \u00dcniversitesi&#039;ndeyiz.\" \/>\n<meta name=\"robots\" content=\"index, follow, max-snippet:-1, max-image-preview:large, max-video-preview:-1\" \/>\n<link rel=\"canonical\" href=\"https:\/\/www.kariyer.net\/kariyer-rehberi\/kultur-universitesindeyiz\/\" \/>\n<meta property=\"og:locale\" content=\"tr_TR\" \/>\n<meta property=\"og:type\" content=\"article\" \/>\n<meta property=\"og:title\" content=\"K\u00fclt\u00fcr \u00dcniversitesi&#039;ndeyiz!\" \/>\n<meta property=\"og:description\" content=\"&quot;Kariyer.net&#039;ten Kariyer T\u00fcyolar\u0131&quot; seminerimizle K\u00fclt\u00fcr \u00dcniversitesi&#039;ndeyiz. Tarih: 31 Ekim 2013 Saat: 13:00 Yer: \u00d6nder \u00d6ztunal\u0131 Konferans Salonu *T\u00fcm\" \/>\n<meta property=\"og:url\" content=\"https:\/\/www.kariyer.net\/kariyer-rehberi\/kultur-universitesindeyiz\/\" \/>\n<meta property=\"og:site_name\" content=\"Kariyer Rehberi\" \/>\n<meta property=\"article:published_time\" content=\"2013-01-01T09:30:00+00:00\" \/>\n<meta property=\"article:modified_time\" content=\"2024-07-03T12:35:48+00:00\" \/>\n<meta property=\"og:image\" content=\"http:\/\/www.kariyerkampuste.com\/wp-includes\/js\/tinymce\/plugins\/wordpress\/img\/trans.gif\" \/>\n<meta name=\"author\" content=\"Edit\u00f6r\" \/>\n<meta name=\"twitter:card\" content=\"summary_large_image\" \/>\n<meta name=\"twitter:label1\" content=\"Yazan:\" \/>\n\t<meta name=\"twitter:data1\" content=\"Edit\u00f6r\" \/>\n<!-- \/ Yoast SEO Premium plugin. -->","yoast_head_json":{"title":"Kariyer.net'ten Kariyer T\u00fcyolar\u0131 K\u00fclt\u00fcr \u00dcniversitesi'nde! | Kariyer Rehberi","description":"\"Kariyer.net'ten Kariyer T\u00fcyolar\u0131\" seminerimizle 31 Ekim'de K\u00fclt\u00fcr \u00dcniversitesi'ndeyiz.","robots":{"index":"index","follow":"follow","max-snippet":"max-snippet:-1","max-image-preview":"max-image-preview:large","max-video-preview":"max-video-preview:-1"},"canonical":"https:\/\/www.kariyer.net\/kariyer-rehberi\/kultur-universitesindeyiz\/","og_locale":"tr_TR","og_type":"article","og_title":"K\u00fclt\u00fcr \u00dcniversitesi'ndeyiz!","og_description":"\"Kariyer.net'ten Kariyer T\u00fcyolar\u0131\" seminerimizle K\u00fclt\u00fcr \u00dcniversitesi'ndeyiz. Tarih: 31 Ekim 2013 Saat: 13:00 Yer: \u00d6nder \u00d6ztunal\u0131 Konferans Salonu *T\u00fcm","og_url":"https:\/\/www.kariyer.net\/kariyer-rehberi\/kultur-universitesindeyiz\/","og_site_name":"Kariyer Rehberi","article_published_time":"2013-01-01T09:30:00+00:00","article_modified_time":"2024-07-03T12:35:48+00:00","og_image":[{"url":"http:\/\/www.kariyerkampuste.com\/wp-includes\/js\/tinymce\/plugins\/wordpress\/img\/trans.gif","type":"","width":"","height":""}],"author":"Edit\u00f6r","twitter_card":"summary_large_image","twitter_misc":{"Yazan:":"Edit\u00f6r"},"schema":{"@context":"https:\/\/schema.org","@graph":[{"@type":"Article","@id":"https:\/\/www.kariyer.net\/kariyer-rehberi\/kultur-universitesindeyiz\/#article","isPartOf":{"@id":"https:\/\/www.kariyer.net\/kariyer-rehberi\/kultur-universitesindeyiz\/"},"author":{"name":"Edit\u00f6r","@id":"https:\/\/www.kariyer.net\/kariyer-rehberi\/#\/schema\/person\/94fd6e49c7ff1b1b2565a2cc4fd685dd"},"headline":"K\u00fclt\u00fcr \u00dcniversitesi&#8217;ndeyiz!","datePublished":"2013-01-01T09:30:00+00:00","dateModified":"2024-07-03T12:35:48+00:00","mainEntityOfPage":{"@id":"https:\/\/www.kariyer.net\/kariyer-rehberi\/kultur-universitesindeyiz\/"},"wordCount":64,"commentCount":0,"publisher":{"@id":"https:\/\/www.kariyer.net\/kariyer-rehberi\/#organization"},"image":{"@id":"https:\/\/www.kariyer.net\/kariyer-rehberi\/kultur-universitesindeyiz\/#primaryimage"},"thumbnailUrl":"http:\/\/www.kariyerkampuste.com\/wp-includes\/js\/tinymce\/plugins\/wordpress\/img\/trans.gif","keywords":["kariyer kamp\u00fcste seminer","kariyer.net seminer","kariyer.netten kariyer t\u00fcyolar\u0131","k\u00fclt\u00fcr \u00fcniversitesi end\u00fcstri m\u00fchendisli\u011fi kul\u00fcb\u00fc","k\u00fclt\u00fcr \u00fcniversitesi seminer"],"articleSection":["Kariyer Geli\u015fimi"],"inLanguage":"tr","potentialAction":[{"@type":"CommentAction","name":"Comment","target":["https:\/\/www.kariyer.net\/kariyer-rehberi\/kultur-universitesindeyiz\/#respond"]}]},{"@type":"WebPage","@id":"https:\/\/www.kariyer.net\/kariyer-rehberi\/kultur-universitesindeyiz\/","url":"https:\/\/www.kariyer.net\/kariyer-rehberi\/kultur-universitesindeyiz\/","name":"Kariyer.net'ten Kariyer T\u00fcyolar\u0131 K\u00fclt\u00fcr \u00dcniversitesi'nde! | Kariyer Rehberi","isPartOf":{"@id":"https:\/\/www.kariyer.net\/kariyer-rehberi\/#website"},"primaryImageOfPage":{"@id":"https:\/\/www.kariyer.net\/kariyer-rehberi\/kultur-universitesindeyiz\/#primaryimage"},"image":{"@id":"https:\/\/www.kariyer.net\/kariyer-rehberi\/kultur-universitesindeyiz\/#primaryimage"},"thumbnailUrl":"http:\/\/www.kariyerkampuste.com\/wp-includes\/js\/tinymce\/plugins\/wordpress\/img\/trans.gif","datePublished":"2013-01-01T09:30:00+00:00","dateModified":"2024-07-03T12:35:48+00:00","description":"\"Kariyer.net'ten Kariyer T\u00fcyolar\u0131\" seminerimizle 31 Ekim'de K\u00fclt\u00fcr \u00dcniversitesi'ndeyiz.","breadcrumb":{"@id":"https:\/\/www.kariyer.net\/kariyer-rehberi\/kultur-universitesindeyiz\/#breadcrumb"},"inLanguage":"tr","potentialAction":[{"@type":"ReadAction","target":["https:\/\/www.kariyer.net\/kariyer-rehberi\/kultur-universitesindeyiz\/"]}]},{"@type":"ImageObject","inLanguage":"tr","@id":"https:\/\/www.kariyer.net\/kariyer-rehberi\/kultur-universitesindeyiz\/#primaryimage","url":"http:\/\/www.kariyerkampuste.com\/wp-includes\/js\/tinymce\/plugins\/wordpress\/img\/trans.gif","contentUrl":"http:\/\/www.kariyerkampuste.com\/wp-includes\/js\/tinymce\/plugins\/wordpress\/img\/trans.gif"},{"@type":"BreadcrumbList","@id":"https:\/\/www.kariyer.net\/kariyer-rehberi\/kultur-universitesindeyiz\/#breadcrumb","itemListElement":[{"@type":"ListItem","position":1,"name":"Anasayfa","item":"https:\/\/www.kariyer.net\/kariyer-rehberi\/"},{"@type":"ListItem","position":2,"name":"K\u00fclt\u00fcr \u00dcniversitesi&#8217;ndeyiz!"}]},{"@type":"WebSite","@id":"https:\/\/www.kariyer.net\/kariyer-rehberi\/#website","url":"https:\/\/www.kariyer.net\/kariyer-rehberi\/","name":"Kariyer Rehberi","description":"\u0130\u015f D\u00fcnyas\u0131yla \u0130lgili Bilmek \u0130stedi\u011finiz Her \u015eey","publisher":{"@id":"https:\/\/www.kariyer.net\/kariyer-rehberi\/#organization"},"potentialAction":[{"@type":"SearchAction","target":{"@type":"EntryPoint","urlTemplate":"https:\/\/www.kariyer.net\/kariyer-rehberi\/?s={search_term_string}"},"query-input":{"@type":"PropertyValueSpecification","valueRequired":true,"valueName":"search_term_string"}}],"inLanguage":"tr"},{"@type":"Organization","@id":"https:\/\/www.kariyer.net\/kariyer-rehberi\/#organization","name":"Kariyer.net","url":"https:\/\/www.kariyer.net\/kariyer-rehberi\/","logo":{"@type":"ImageObject","inLanguage":"tr","@id":"https:\/\/www.kariyer.net\/kariyer-rehberi\/#\/schema\/logo\/image\/","url":"https:\/\/www.kariyer.net\/kariyer-rehberi-new\/wp-content\/uploads\/2023\/01\/og-image11.jpg","contentUrl":"https:\/\/www.kariyer.net\/kariyer-rehberi-new\/wp-content\/uploads\/2023\/01\/og-image11.jpg","width":800,"height":800,"caption":"Kariyer.net"},"image":{"@id":"https:\/\/www.kariyer.net\/kariyer-rehberi\/#\/schema\/logo\/image\/"}},{"@type":"Person","@id":"https:\/\/www.kariyer.net\/kariyer-rehberi\/#\/schema\/person\/94fd6e49c7ff1b1b2565a2cc4fd685dd","name":"Edit\u00f6r","image":{"@type":"ImageObject","inLanguage":"tr","@id":"https:\/\/www.kariyer.net\/kariyer-rehberi\/#\/schema\/person\/image\/","url":"https:\/\/secure.gravatar.com\/avatar\/0c4fe6688343aed3693b15573beae12c08ace5565409d5ab7509bf9c115f458d?s=96&d=mm&r=g","contentUrl":"https:\/\/secure.gravatar.com\/avatar\/0c4fe6688343aed3693b15573beae12c08ace5565409d5ab7509bf9c115f458d?s=96&d=mm&r=g","caption":"Edit\u00f6r"},"url":"https:\/\/www.kariyer.net\/kariyer-rehberi\/author\/editor\/"}]}},"_links":{"self":[{"href":"https:\/\/www.kariyer.net\/kariyer-rehberi\/wp-json\/wp\/v2\/posts\/9760","targetHints":{"allow":["GET"]}}],"collection":[{"href":"https:\/\/www.kariyer.net\/kariyer-rehberi\/wp-json\/wp\/v2\/posts"}],"about":[{"href":"https:\/\/www.kariyer.net\/kariyer-rehberi\/wp-json\/wp\/v2\/types\/post"}],"author":[{"embeddable":true,"href":"https:\/\/www.kariyer.net\/kariyer-rehberi\/wp-json\/wp\/v2\/users\/12"}],"replies":[{"embeddable":true,"href":"https:\/\/www.kariyer.net\/kariyer-rehberi\/wp-json\/wp\/v2\/comments?post=9760"}],"version-history":[{"count":1,"href":"https:\/\/www.kariyer.net\/kariyer-rehberi\/wp-json\/wp\/v2\/posts\/9760\/revisions"}],"predecessor-version":[{"id":19854,"href":"https:\/\/www.kariyer.net\/kariyer-rehberi\/wp-json\/wp\/v2\/posts\/9760\/revisions\/19854"}],"wp:attachment":[{"href":"https:\/\/www.kariyer.net\/kariyer-rehberi\/wp-json\/wp\/v2\/media?parent=9760"}],"wp:term":[{"taxonomy":"category","embeddable":true,"href":"https:\/\/www.kariyer.net\/kariyer-rehberi\/wp-json\/wp\/v2\/categories?post=9760"},{"taxonomy":"post_tag","embeddable":true,"href":"https:\/\/www.kariyer.net\/kariyer-rehberi\/wp-json\/wp\/v2\/tags?post=9760"}],"curies":[{"name":"wp","href":"https:\/\/api.w.org\/{rel}","templated":true}]}}