{"id":9775,"date":"2013-01-01T11:29:52","date_gmt":"2013-01-01T09:29:52","guid":{"rendered":"http:\/\/www.kariyer.net\/kariyer-kampuste\/?p=3640"},"modified":"2024-07-03T15:35:49","modified_gmt":"2024-07-03T12:35:49","slug":"yoneticilik-adina-herkesten-bir-adim-onde-olmak-ister-misin","status":"publish","type":"post","link":"https:\/\/www.kariyer.net\/kariyer-rehberi\/yoneticilik-adina-herkesten-bir-adim-onde-olmak-ister-misin\/","title":{"rendered":"Y\u00f6neticilik ad\u0131na herkesten bir ad\u0131m \u00f6nde olmak ister misin?"},"content":{"rendered":"<p><strong>1-2-3 Aral\u0131k&#8217;ta ger\u00e7ekle\u015fecek\u00a0Management Study with Executives&#8217;de T\u00fcrkiye\u2019nin \u00e7e\u015fitli sekt\u00f6rlerinden \u00fcst d\u00fczey y\u00f6neticiler, sekt\u00f6r\u00fcn\u00fc belirlemek, \u015firket i\u00e7inde y\u00fckselmek ve kendi i\u015fini kurmak\u00a0isteyenlerle bir araya geliyor.\u00a0<\/strong><\/p>\n<p><img fetchpriority=\"high\" decoding=\"async\" class=\"alignnone size-full wp-image-3641\" src=\"http:\/\/www.kariyer.net\/kariyer-kampuste\/wp-content\/uploads\/2016\/11\/mse.jpg\" alt=\"mse\" width=\"600\" height=\"300\" \/><\/p>\n<p>Bo\u011fazi\u00e7i \u00dcniversitesi M\u00fchendislik Kul\u00fcb\u00fc&#8217;n\u00fcn bu y\u0131l alt\u0131nc\u0131s\u0131n\u0131 d\u00fczenledi\u011fi MSE&#8217;16, 1-2-3 Aral\u0131k&#8217;ta ger\u00e7ekle\u015fiyor. Y\u00f6netici olmaya dair t\u00fcm sorulara konu\u015fmac\u0131 ve \u00fcst d\u00fczey y\u00f6neticilerle bire bir konu\u015farak cevap bulabilecek kat\u0131l\u0131mc\u0131lar, sadece dinleyerek de\u011fil ayn\u0131 zamanda vaka analiz \u00e7al\u0131\u015fmalar\u0131, workshoplar ve \u00e7e\u015fitli oyunlarla y\u00f6neticilik yolunda nelerin yap\u0131lmas\u0131 gerekti\u011fini \u00f6\u011frenebilecek. 3 g\u00fcn s\u00fcrecek etkinlikte \u00f6\u011frenciler, \u00fcnl\u00fc ve medyatik i\u015f adamlar\u0131yla network kokteylinde tan\u0131\u015fma f\u0131rsat\u0131 da bulabilecek. Kariyer.net Genel M\u00fcd\u00fcr\u00fc Yusuf Azoz&#8217;un da konu\u015fmac\u0131lar aras\u0131nda yer ald\u0131\u011f\u0131\u00a0MSE&#8217;16&#8217;da ayr\u0131ca \u0130\u015f D\u00fcnyas\u0131 \u00d6d\u00fclleri de sahiplerini bulacak.<\/p>\n<!-- templates\/buttons-placeholder.php -->\n<div class=\"da-reactions-outer TpostID9775\">\n\t    <div class=\"da-reactions-data da-reactions-container-async center\"\n         data-type=\"post\"\n         data-id=\"9775\"\n         id=\"da-reactions-slot-post-9775\">\n        <div class=\"da-reactions-static\">\n\t\t\t<img src=\"https:\/\/www.kariyer.net\/kariyer-rehberi\/wp-content\/plugins\/da-reactions\/assets\/dist\/loading.svg\" alt=\"Loading spinner\" width=\"48\" height=\"48\" style=\"width:48px\" \/>\n        <\/div>\n    <\/div>\n<\/div>\n","protected":false},"excerpt":{"rendered":"<p>1-2-3 Aral\u0131k&#8217;ta ger\u00e7ekle\u015fecek\u00a0Management Study with Executives&#8217;de T\u00fcrkiye\u2019nin \u00e7e\u015fitli sekt\u00f6rlerinden \u00fcst d\u00fczey y\u00f6neticiler, sekt\u00f6r\u00fcn\u00fc belirlemek, \u015firket i\u00e7inde y\u00fckselmek ve kendi i\u015fini kurmak\u00a0isteyenlerle bir araya geliyor.\u00a0 Bo\u011fazi\u00e7i \u00dcniversitesi M\u00fchendislik Kul\u00fcb\u00fc&#8217;n\u00fcn bu y\u0131l alt\u0131nc\u0131s\u0131n\u0131 d\u00fczenledi\u011fi MSE&#8217;16, 1-2-3 Aral\u0131k&#8217;ta ger\u00e7ekle\u015fiyor. Y\u00f6netici olmaya dair t\u00fcm sorulara konu\u015fmac\u0131 ve \u00fcst d\u00fczey y\u00f6neticilerle bire bir konu\u015farak cevap bulabilecek kat\u0131l\u0131mc\u0131lar, sadece dinleyerek de\u011fil [&hellip;]<\/p>\n<!-- templates\/buttons-placeholder.php -->\n<div class=\"da-reactions-outer TpostID9775\">\n\t    <div class=\"da-reactions-data da-reactions-container-async center\"\n         data-type=\"post\"\n         data-id=\"9775\"\n         id=\"da-reactions-slot-post-9775\">\n        <div class=\"da-reactions-static\">\n\t\t\t<img src=\"https:\/\/www.kariyer.net\/kariyer-rehberi\/wp-content\/plugins\/da-reactions\/assets\/dist\/loading.svg\" alt=\"Loading spinner\" width=\"48\" height=\"48\" style=\"width:48px\" \/>\n        <\/div>\n    <\/div>\n<\/div>\n","protected":false},"author":12,"featured_media":0,"comment_status":"open","ping_status":"open","sticky":false,"template":"","format":"standard","meta":{"footnotes":"","_elementor_edit_mode":"","_elementor_template_type":"","_elementor_data":"","_elementor_page_settings":null,"_elementor_conditions":[]},"categories":[2211],"tags":[],"class_list":{"0":"post-9775","1":"post","2":"type-post","3":"status-publish","4":"format-standard","6":"category-kariyer-gelisimi"},"yoast_head":"<!-- This site is optimized with the Yoast SEO Premium plugin v21.4 (Yoast SEO v27.0) - https:\/\/yoast.com\/product\/yoast-seo-premium-wordpress\/ -->\n<title>Y\u00f6neticilik ad\u0131na herkesten bir ad\u0131m \u00f6nde olmak ister misin? | Kariyer Rehberi<\/title>\n<meta name=\"description\" content=\"1-2-3 Aral\u0131k&#039;ta ger\u00e7ekle\u015fecek\u00a0Management Study with Executives&#039;de T\u00fcrkiye\u2019nin \u00e7e\u015fitli sekt\u00f6rlerinden \u00fcst d\u00fczey y\u00f6neticiler, sekt\u00f6r\u00fcn\u00fc belirlemek, \u015firket\" \/>\n<meta name=\"robots\" content=\"index, follow, max-snippet:-1, max-image-preview:large, max-video-preview:-1\" \/>\n<link rel=\"canonical\" href=\"https:\/\/www.kariyer.net\/kariyer-rehberi\/yoneticilik-adina-herkesten-bir-adim-onde-olmak-ister-misin\/\" \/>\n<meta property=\"og:locale\" content=\"tr_TR\" \/>\n<meta property=\"og:type\" content=\"article\" \/>\n<meta property=\"og:title\" content=\"Y\u00f6neticilik ad\u0131na herkesten bir ad\u0131m \u00f6nde olmak ister misin?\" \/>\n<meta property=\"og:description\" content=\"1-2-3 Aral\u0131k&#039;ta ger\u00e7ekle\u015fecek\u00a0Management Study with Executives&#039;de T\u00fcrkiye\u2019nin \u00e7e\u015fitli sekt\u00f6rlerinden \u00fcst d\u00fczey y\u00f6neticiler, sekt\u00f6r\u00fcn\u00fc belirlemek, \u015firket\" \/>\n<meta property=\"og:url\" content=\"https:\/\/www.kariyer.net\/kariyer-rehberi\/yoneticilik-adina-herkesten-bir-adim-onde-olmak-ister-misin\/\" \/>\n<meta property=\"og:site_name\" content=\"Kariyer Rehberi\" \/>\n<meta property=\"article:published_time\" content=\"2013-01-01T09:29:52+00:00\" \/>\n<meta property=\"article:modified_time\" content=\"2024-07-03T12:35:49+00:00\" \/>\n<meta property=\"og:image\" content=\"http:\/\/www.kariyer.net\/kariyer-kampuste\/wp-content\/uploads\/2016\/11\/mse.jpg\" \/>\n<meta name=\"author\" content=\"Edit\u00f6r\" \/>\n<meta name=\"twitter:card\" content=\"summary_large_image\" \/>\n<meta name=\"twitter:label1\" content=\"Yazan:\" \/>\n\t<meta name=\"twitter:data1\" content=\"Edit\u00f6r\" \/>\n\t<meta name=\"twitter:label2\" content=\"Tahmini okuma s\u00fcresi\" \/>\n\t<meta name=\"twitter:data2\" content=\"1 dakika\" \/>\n<!-- \/ Yoast SEO Premium plugin. -->","yoast_head_json":{"title":"Y\u00f6neticilik ad\u0131na herkesten bir ad\u0131m \u00f6nde olmak ister misin? | Kariyer Rehberi","description":"1-2-3 Aral\u0131k'ta ger\u00e7ekle\u015fecek\u00a0Management Study with Executives'de T\u00fcrkiye\u2019nin \u00e7e\u015fitli sekt\u00f6rlerinden \u00fcst d\u00fczey y\u00f6neticiler, sekt\u00f6r\u00fcn\u00fc belirlemek, \u015firket","robots":{"index":"index","follow":"follow","max-snippet":"max-snippet:-1","max-image-preview":"max-image-preview:large","max-video-preview":"max-video-preview:-1"},"canonical":"https:\/\/www.kariyer.net\/kariyer-rehberi\/yoneticilik-adina-herkesten-bir-adim-onde-olmak-ister-misin\/","og_locale":"tr_TR","og_type":"article","og_title":"Y\u00f6neticilik ad\u0131na herkesten bir ad\u0131m \u00f6nde olmak ister misin?","og_description":"1-2-3 Aral\u0131k'ta ger\u00e7ekle\u015fecek\u00a0Management Study with Executives'de T\u00fcrkiye\u2019nin \u00e7e\u015fitli sekt\u00f6rlerinden \u00fcst d\u00fczey y\u00f6neticiler, sekt\u00f6r\u00fcn\u00fc belirlemek, \u015firket","og_url":"https:\/\/www.kariyer.net\/kariyer-rehberi\/yoneticilik-adina-herkesten-bir-adim-onde-olmak-ister-misin\/","og_site_name":"Kariyer Rehberi","article_published_time":"2013-01-01T09:29:52+00:00","article_modified_time":"2024-07-03T12:35:49+00:00","og_image":[{"url":"http:\/\/www.kariyer.net\/kariyer-kampuste\/wp-content\/uploads\/2016\/11\/mse.jpg","type":"","width":"","height":""}],"author":"Edit\u00f6r","twitter_card":"summary_large_image","twitter_misc":{"Yazan:":"Edit\u00f6r","Tahmini okuma s\u00fcresi":"1 dakika"},"schema":{"@context":"https:\/\/schema.org","@graph":[{"@type":"Article","@id":"https:\/\/www.kariyer.net\/kariyer-rehberi\/yoneticilik-adina-herkesten-bir-adim-onde-olmak-ister-misin\/#article","isPartOf":{"@id":"https:\/\/www.kariyer.net\/kariyer-rehberi\/yoneticilik-adina-herkesten-bir-adim-onde-olmak-ister-misin\/"},"author":{"name":"Edit\u00f6r","@id":"https:\/\/www.kariyer.net\/kariyer-rehberi\/#\/schema\/person\/94fd6e49c7ff1b1b2565a2cc4fd685dd"},"headline":"Y\u00f6neticilik ad\u0131na herkesten bir ad\u0131m \u00f6nde olmak ister misin?","datePublished":"2013-01-01T09:29:52+00:00","dateModified":"2024-07-03T12:35:49+00:00","mainEntityOfPage":{"@id":"https:\/\/www.kariyer.net\/kariyer-rehberi\/yoneticilik-adina-herkesten-bir-adim-onde-olmak-ister-misin\/"},"wordCount":181,"commentCount":0,"publisher":{"@id":"https:\/\/www.kariyer.net\/kariyer-rehberi\/#organization"},"image":{"@id":"https:\/\/www.kariyer.net\/kariyer-rehberi\/yoneticilik-adina-herkesten-bir-adim-onde-olmak-ister-misin\/#primaryimage"},"thumbnailUrl":"http:\/\/www.kariyer.net\/kariyer-kampuste\/wp-content\/uploads\/2016\/11\/mse.jpg","articleSection":["Kariyer Geli\u015fimi"],"inLanguage":"tr","potentialAction":[{"@type":"CommentAction","name":"Comment","target":["https:\/\/www.kariyer.net\/kariyer-rehberi\/yoneticilik-adina-herkesten-bir-adim-onde-olmak-ister-misin\/#respond"]}]},{"@type":"WebPage","@id":"https:\/\/www.kariyer.net\/kariyer-rehberi\/yoneticilik-adina-herkesten-bir-adim-onde-olmak-ister-misin\/","url":"https:\/\/www.kariyer.net\/kariyer-rehberi\/yoneticilik-adina-herkesten-bir-adim-onde-olmak-ister-misin\/","name":"Y\u00f6neticilik ad\u0131na herkesten bir ad\u0131m \u00f6nde olmak ister misin? | Kariyer Rehberi","isPartOf":{"@id":"https:\/\/www.kariyer.net\/kariyer-rehberi\/#website"},"primaryImageOfPage":{"@id":"https:\/\/www.kariyer.net\/kariyer-rehberi\/yoneticilik-adina-herkesten-bir-adim-onde-olmak-ister-misin\/#primaryimage"},"image":{"@id":"https:\/\/www.kariyer.net\/kariyer-rehberi\/yoneticilik-adina-herkesten-bir-adim-onde-olmak-ister-misin\/#primaryimage"},"thumbnailUrl":"http:\/\/www.kariyer.net\/kariyer-kampuste\/wp-content\/uploads\/2016\/11\/mse.jpg","datePublished":"2013-01-01T09:29:52+00:00","dateModified":"2024-07-03T12:35:49+00:00","description":"1-2-3 Aral\u0131k'ta ger\u00e7ekle\u015fecek\u00a0Management Study with Executives'de T\u00fcrkiye\u2019nin \u00e7e\u015fitli sekt\u00f6rlerinden \u00fcst d\u00fczey y\u00f6neticiler, sekt\u00f6r\u00fcn\u00fc belirlemek, \u015firket","breadcrumb":{"@id":"https:\/\/www.kariyer.net\/kariyer-rehberi\/yoneticilik-adina-herkesten-bir-adim-onde-olmak-ister-misin\/#breadcrumb"},"inLanguage":"tr","potentialAction":[{"@type":"ReadAction","target":["https:\/\/www.kariyer.net\/kariyer-rehberi\/yoneticilik-adina-herkesten-bir-adim-onde-olmak-ister-misin\/"]}]},{"@type":"ImageObject","inLanguage":"tr","@id":"https:\/\/www.kariyer.net\/kariyer-rehberi\/yoneticilik-adina-herkesten-bir-adim-onde-olmak-ister-misin\/#primaryimage","url":"http:\/\/www.kariyer.net\/kariyer-kampuste\/wp-content\/uploads\/2016\/11\/mse.jpg","contentUrl":"http:\/\/www.kariyer.net\/kariyer-kampuste\/wp-content\/uploads\/2016\/11\/mse.jpg"},{"@type":"BreadcrumbList","@id":"https:\/\/www.kariyer.net\/kariyer-rehberi\/yoneticilik-adina-herkesten-bir-adim-onde-olmak-ister-misin\/#breadcrumb","itemListElement":[{"@type":"ListItem","position":1,"name":"Anasayfa","item":"https:\/\/www.kariyer.net\/kariyer-rehberi\/"},{"@type":"ListItem","position":2,"name":"Y\u00f6neticilik ad\u0131na herkesten bir ad\u0131m \u00f6nde olmak ister misin?"}]},{"@type":"WebSite","@id":"https:\/\/www.kariyer.net\/kariyer-rehberi\/#website","url":"https:\/\/www.kariyer.net\/kariyer-rehberi\/","name":"Kariyer Rehberi","description":"\u0130\u015f D\u00fcnyas\u0131yla \u0130lgili Bilmek \u0130stedi\u011finiz Her \u015eey","publisher":{"@id":"https:\/\/www.kariyer.net\/kariyer-rehberi\/#organization"},"potentialAction":[{"@type":"SearchAction","target":{"@type":"EntryPoint","urlTemplate":"https:\/\/www.kariyer.net\/kariyer-rehberi\/?s={search_term_string}"},"query-input":{"@type":"PropertyValueSpecification","valueRequired":true,"valueName":"search_term_string"}}],"inLanguage":"tr"},{"@type":"Organization","@id":"https:\/\/www.kariyer.net\/kariyer-rehberi\/#organization","name":"Kariyer.net","url":"https:\/\/www.kariyer.net\/kariyer-rehberi\/","logo":{"@type":"ImageObject","inLanguage":"tr","@id":"https:\/\/www.kariyer.net\/kariyer-rehberi\/#\/schema\/logo\/image\/","url":"https:\/\/www.kariyer.net\/kariyer-rehberi-new\/wp-content\/uploads\/2023\/01\/og-image11.jpg","contentUrl":"https:\/\/www.kariyer.net\/kariyer-rehberi-new\/wp-content\/uploads\/2023\/01\/og-image11.jpg","width":800,"height":800,"caption":"Kariyer.net"},"image":{"@id":"https:\/\/www.kariyer.net\/kariyer-rehberi\/#\/schema\/logo\/image\/"}},{"@type":"Person","@id":"https:\/\/www.kariyer.net\/kariyer-rehberi\/#\/schema\/person\/94fd6e49c7ff1b1b2565a2cc4fd685dd","name":"Edit\u00f6r","image":{"@type":"ImageObject","inLanguage":"tr","@id":"https:\/\/www.kariyer.net\/kariyer-rehberi\/#\/schema\/person\/image\/","url":"https:\/\/secure.gravatar.com\/avatar\/0c4fe6688343aed3693b15573beae12c08ace5565409d5ab7509bf9c115f458d?s=96&d=mm&r=g","contentUrl":"https:\/\/secure.gravatar.com\/avatar\/0c4fe6688343aed3693b15573beae12c08ace5565409d5ab7509bf9c115f458d?s=96&d=mm&r=g","caption":"Edit\u00f6r"},"url":"https:\/\/www.kariyer.net\/kariyer-rehberi\/author\/editor\/"}]}},"_links":{"self":[{"href":"https:\/\/www.kariyer.net\/kariyer-rehberi\/wp-json\/wp\/v2\/posts\/9775","targetHints":{"allow":["GET"]}}],"collection":[{"href":"https:\/\/www.kariyer.net\/kariyer-rehberi\/wp-json\/wp\/v2\/posts"}],"about":[{"href":"https:\/\/www.kariyer.net\/kariyer-rehberi\/wp-json\/wp\/v2\/types\/post"}],"author":[{"embeddable":true,"href":"https:\/\/www.kariyer.net\/kariyer-rehberi\/wp-json\/wp\/v2\/users\/12"}],"replies":[{"embeddable":true,"href":"https:\/\/www.kariyer.net\/kariyer-rehberi\/wp-json\/wp\/v2\/comments?post=9775"}],"version-history":[{"count":1,"href":"https:\/\/www.kariyer.net\/kariyer-rehberi\/wp-json\/wp\/v2\/posts\/9775\/revisions"}],"predecessor-version":[{"id":19855,"href":"https:\/\/www.kariyer.net\/kariyer-rehberi\/wp-json\/wp\/v2\/posts\/9775\/revisions\/19855"}],"wp:attachment":[{"href":"https:\/\/www.kariyer.net\/kariyer-rehberi\/wp-json\/wp\/v2\/media?parent=9775"}],"wp:term":[{"taxonomy":"category","embeddable":true,"href":"https:\/\/www.kariyer.net\/kariyer-rehberi\/wp-json\/wp\/v2\/categories?post=9775"},{"taxonomy":"post_tag","embeddable":true,"href":"https:\/\/www.kariyer.net\/kariyer-rehberi\/wp-json\/wp\/v2\/tags?post=9775"}],"curies":[{"name":"wp","href":"https:\/\/api.w.org\/{rel}","templated":true}]}}