{"id":9874,"date":"2013-01-01T12:56:25","date_gmt":"2013-01-01T10:56:25","guid":{"rendered":"http:\/\/www.kariyer.net\/kariyer-kampuste\/?p=3590"},"modified":"2024-07-03T15:35:40","modified_gmt":"2024-07-03T12:35:40","slug":"ekmek-arasi-kariyer-25-26-27-ekimde-sektorun-devlerini-agirliyor-2","status":"publish","type":"post","link":"https:\/\/www.kariyer.net\/kariyer-rehberi\/ekmek-arasi-kariyer-25-26-27-ekimde-sektorun-devlerini-agirliyor-2\/","title":{"rendered":"Ekmek Aras\u0131 Kariyer 25-26-27 Ekim&#8217;de sekt\u00f6r\u00fcn devlerini a\u011f\u0131rl\u0131yor"},"content":{"rendered":"<p><strong>25-26-27 Ekim 2016 tarihlerinde, Balmumcu Mercure Otel\u2019de ger\u00e7ekle\u015fecek olan Ekmek Aras\u0131 Kariyer,\u00a0kariyerinizi ekme\u011fin aras\u0131nda sunuyor.<\/strong><\/p>\n<p><img fetchpriority=\"high\" decoding=\"async\" class=\"alignnone size-full wp-image-3596\" src=\"http:\/\/www.kariyer.net\/kariyer-kampuste\/wp-content\/uploads\/2016\/10\/ekmekarasi1.jpg\" alt=\"ekmekarasi\" width=\"600\" height=\"300\" \/><\/p>\n<p>Y\u0131ld\u0131z Teknik \u00dcniversitesi \u0130\u015fletme Kul\u00fcb\u00fc, bu y\u0131l onuncusunu d\u00fczenleyece\u011fi \u201cEkmek Aras\u0131 Kariyer\u201d etkinli\u011fi ile dikkatleri \u00fczerine \u00e7ekiyor. B\u00fcy\u00fck \u015firketlerin \u00fcst d\u00fczey y\u00f6neticileri ile gen\u00e7leri bir araya getiren etkinlik, 25-26-27 Ekim tarihlerinde Balmumcu Mercure Otel\u2019de toplamda 9 oturumda ger\u00e7ekle\u015fecek. Etkinlik ba\u015fvurular\u0131 www.kariyer.net \u00fczerinden yap\u0131l\u0131rken \u015firketler arad\u0131klar\u0131 profillere uygun adaylar\u0131 oturumlar\u0131na davet edecekler. \u00d6zge\u00e7mi\u015fleriyle birlikte gelecek \u00f6\u011frenciler, \u015firketlerle birebir temas halinde bir yandan sandvi\u00e7lerini yiyip i\u00e7eceklerini i\u00e7erken bir yandan da staj ve i\u015f olanaklar\u0131 \u00fczerine konu\u015facaklar.<\/p>\n<p>Oturumlara kat\u0131lacak firmalar:<\/p>\n<p>25 Ekim 10.00-11.30 Oturumu: KPMG<br \/>\n25 Ekim 12.00-13.30 Oturumu: Coca-Cola \u0130\u00e7ecek<br \/>\n25 Ekim 14.00-15.30 Oturumu: Akbank<br \/>\n26 Ekim 10.00-11.30 Oturumu: Henkel<br \/>\n26 Ekim 12.00-13.30 Oturumu: R\u00f6nesans Holding<br \/>\n26 Ekim 14.00-15.30 Oturumu: Hp<br \/>\n27 Ekim 10.00-11.30 Oturumu: pladis<br \/>\n27 Ekim 12.00-13.30 Oturumu: P&amp;G<br \/>\n27 Ekim 14.00-15.30 Oturumu: Eczac\u0131ba\u015f\u0131 Holding<\/p>\n<p><a href=\"http:\/\/bit.ly\/ekmekarasikariyer16\">http:\/\/bit.ly\/ekmekarasikariyer16<\/a><\/p>\n<!-- templates\/buttons-placeholder.php -->\n<div class=\"da-reactions-outer TpostID9874\">\n\t    <div class=\"da-reactions-data da-reactions-container-async center\"\n         data-type=\"post\"\n         data-id=\"9874\"\n         id=\"da-reactions-slot-post-9874\">\n        <div class=\"da-reactions-static\">\n\t\t\t<img src=\"https:\/\/www.kariyer.net\/kariyer-rehberi\/wp-content\/plugins\/da-reactions\/assets\/dist\/loading.svg\" alt=\"Loading spinner\" width=\"48\" height=\"48\" style=\"width:48px\" \/>\n        <\/div>\n    <\/div>\n<\/div>\n","protected":false},"excerpt":{"rendered":"<p>25-26-27 Ekim 2016 tarihlerinde, Balmumcu Mercure Otel\u2019de ger\u00e7ekle\u015fecek olan Ekmek Aras\u0131 Kariyer,\u00a0kariyerinizi ekme\u011fin aras\u0131nda sunuyor. Y\u0131ld\u0131z Teknik \u00dcniversitesi \u0130\u015fletme Kul\u00fcb\u00fc, bu y\u0131l onuncusunu d\u00fczenleyece\u011fi \u201cEkmek Aras\u0131 Kariyer\u201d etkinli\u011fi ile dikkatleri \u00fczerine \u00e7ekiyor. B\u00fcy\u00fck \u015firketlerin \u00fcst d\u00fczey y\u00f6neticileri ile gen\u00e7leri bir araya getiren etkinlik, 25-26-27 Ekim tarihlerinde Balmumcu Mercure Otel\u2019de toplamda 9 oturumda ger\u00e7ekle\u015fecek. Etkinlik ba\u015fvurular\u0131 [&hellip;]<\/p>\n<!-- templates\/buttons-placeholder.php -->\n<div class=\"da-reactions-outer TpostID9874\">\n\t    <div class=\"da-reactions-data da-reactions-container-async center\"\n         data-type=\"post\"\n         data-id=\"9874\"\n         id=\"da-reactions-slot-post-9874\">\n        <div class=\"da-reactions-static\">\n\t\t\t<img src=\"https:\/\/www.kariyer.net\/kariyer-rehberi\/wp-content\/plugins\/da-reactions\/assets\/dist\/loading.svg\" alt=\"Loading spinner\" width=\"48\" height=\"48\" style=\"width:48px\" \/>\n        <\/div>\n    <\/div>\n<\/div>\n","protected":false},"author":12,"featured_media":0,"comment_status":"open","ping_status":"open","sticky":false,"template":"","format":"standard","meta":{"footnotes":"","_elementor_edit_mode":"","_elementor_template_type":"","_elementor_data":"","_elementor_page_settings":null,"_elementor_conditions":[]},"categories":[2203,2211,164],"tags":[],"class_list":{"0":"post-9874","1":"post","2":"type-post","3":"status-publish","4":"format-standard","6":"category-haberler-duyurular","7":"category-kariyer-gelisimi","8":"category-universite-kuluplerinden-haberler"},"yoast_head":"<!-- This site is optimized with the Yoast SEO Premium plugin v21.4 (Yoast SEO v27.0) - https:\/\/yoast.com\/product\/yoast-seo-premium-wordpress\/ -->\n<title>Ekmek Aras\u0131 Kariyer 25-26-27 Ekim&#039;de sekt\u00f6r\u00fcn devlerini a\u011f\u0131rl\u0131yor | Kariyer Rehberi<\/title>\n<meta name=\"description\" content=\"25-26-27 Ekim 2016 tarihlerinde, Balmumcu Mercure Otel\u2019de ger\u00e7ekle\u015fecek olan Ekmek Aras\u0131 Kariyer,\u00a0kariyerinizi ekme\u011fin aras\u0131nda sunuyor. Y\u0131ld\u0131z Teknik\" \/>\n<meta name=\"robots\" content=\"index, follow, max-snippet:-1, max-image-preview:large, max-video-preview:-1\" \/>\n<link rel=\"canonical\" href=\"https:\/\/www.kariyer.net\/kariyer-rehberi\/ekmek-arasi-kariyer-25-26-27-ekimde-sektorun-devlerini-agirliyor-2\/\" \/>\n<meta property=\"og:locale\" content=\"tr_TR\" \/>\n<meta property=\"og:type\" content=\"article\" \/>\n<meta property=\"og:title\" content=\"Ekmek Aras\u0131 Kariyer 25-26-27 Ekim&#039;de sekt\u00f6r\u00fcn devlerini a\u011f\u0131rl\u0131yor\" \/>\n<meta property=\"og:description\" content=\"25-26-27 Ekim 2016 tarihlerinde, Balmumcu Mercure Otel\u2019de ger\u00e7ekle\u015fecek olan Ekmek Aras\u0131 Kariyer,\u00a0kariyerinizi ekme\u011fin aras\u0131nda sunuyor. Y\u0131ld\u0131z Teknik\" \/>\n<meta property=\"og:url\" content=\"https:\/\/www.kariyer.net\/kariyer-rehberi\/ekmek-arasi-kariyer-25-26-27-ekimde-sektorun-devlerini-agirliyor-2\/\" \/>\n<meta property=\"og:site_name\" content=\"Kariyer Rehberi\" \/>\n<meta property=\"article:published_time\" content=\"2013-01-01T10:56:25+00:00\" \/>\n<meta property=\"article:modified_time\" content=\"2024-07-03T12:35:40+00:00\" \/>\n<meta property=\"og:image\" content=\"http:\/\/www.kariyer.net\/kariyer-kampuste\/wp-content\/uploads\/2016\/10\/ekmekarasi1.jpg\" \/>\n<meta name=\"author\" content=\"Edit\u00f6r\" \/>\n<meta name=\"twitter:card\" content=\"summary_large_image\" \/>\n<meta name=\"twitter:label1\" content=\"Yazan:\" \/>\n\t<meta name=\"twitter:data1\" content=\"Edit\u00f6r\" \/>\n\t<meta name=\"twitter:label2\" content=\"Tahmini okuma s\u00fcresi\" \/>\n\t<meta name=\"twitter:data2\" content=\"1 dakika\" \/>\n<!-- \/ Yoast SEO Premium plugin. -->","yoast_head_json":{"title":"Ekmek Aras\u0131 Kariyer 25-26-27 Ekim'de sekt\u00f6r\u00fcn devlerini a\u011f\u0131rl\u0131yor | Kariyer Rehberi","description":"25-26-27 Ekim 2016 tarihlerinde, Balmumcu Mercure Otel\u2019de ger\u00e7ekle\u015fecek olan Ekmek Aras\u0131 Kariyer,\u00a0kariyerinizi ekme\u011fin aras\u0131nda sunuyor. Y\u0131ld\u0131z Teknik","robots":{"index":"index","follow":"follow","max-snippet":"max-snippet:-1","max-image-preview":"max-image-preview:large","max-video-preview":"max-video-preview:-1"},"canonical":"https:\/\/www.kariyer.net\/kariyer-rehberi\/ekmek-arasi-kariyer-25-26-27-ekimde-sektorun-devlerini-agirliyor-2\/","og_locale":"tr_TR","og_type":"article","og_title":"Ekmek Aras\u0131 Kariyer 25-26-27 Ekim'de sekt\u00f6r\u00fcn devlerini a\u011f\u0131rl\u0131yor","og_description":"25-26-27 Ekim 2016 tarihlerinde, Balmumcu Mercure Otel\u2019de ger\u00e7ekle\u015fecek olan Ekmek Aras\u0131 Kariyer,\u00a0kariyerinizi ekme\u011fin aras\u0131nda sunuyor. Y\u0131ld\u0131z Teknik","og_url":"https:\/\/www.kariyer.net\/kariyer-rehberi\/ekmek-arasi-kariyer-25-26-27-ekimde-sektorun-devlerini-agirliyor-2\/","og_site_name":"Kariyer Rehberi","article_published_time":"2013-01-01T10:56:25+00:00","article_modified_time":"2024-07-03T12:35:40+00:00","og_image":[{"url":"http:\/\/www.kariyer.net\/kariyer-kampuste\/wp-content\/uploads\/2016\/10\/ekmekarasi1.jpg","type":"","width":"","height":""}],"author":"Edit\u00f6r","twitter_card":"summary_large_image","twitter_misc":{"Yazan:":"Edit\u00f6r","Tahmini okuma s\u00fcresi":"1 dakika"},"schema":{"@context":"https:\/\/schema.org","@graph":[{"@type":"Article","@id":"https:\/\/www.kariyer.net\/kariyer-rehberi\/ekmek-arasi-kariyer-25-26-27-ekimde-sektorun-devlerini-agirliyor-2\/#article","isPartOf":{"@id":"https:\/\/www.kariyer.net\/kariyer-rehberi\/ekmek-arasi-kariyer-25-26-27-ekimde-sektorun-devlerini-agirliyor-2\/"},"author":{"name":"Edit\u00f6r","@id":"https:\/\/www.kariyer.net\/kariyer-rehberi\/#\/schema\/person\/94fd6e49c7ff1b1b2565a2cc4fd685dd"},"headline":"Ekmek Aras\u0131 Kariyer 25-26-27 Ekim&#8217;de sekt\u00f6r\u00fcn devlerini a\u011f\u0131rl\u0131yor","datePublished":"2013-01-01T10:56:25+00:00","dateModified":"2024-07-03T12:35:40+00:00","mainEntityOfPage":{"@id":"https:\/\/www.kariyer.net\/kariyer-rehberi\/ekmek-arasi-kariyer-25-26-27-ekimde-sektorun-devlerini-agirliyor-2\/"},"wordCount":188,"commentCount":0,"publisher":{"@id":"https:\/\/www.kariyer.net\/kariyer-rehberi\/#organization"},"image":{"@id":"https:\/\/www.kariyer.net\/kariyer-rehberi\/ekmek-arasi-kariyer-25-26-27-ekimde-sektorun-devlerini-agirliyor-2\/#primaryimage"},"thumbnailUrl":"http:\/\/www.kariyer.net\/kariyer-kampuste\/wp-content\/uploads\/2016\/10\/ekmekarasi1.jpg","articleSection":["Haberler ve Duyurular","Kariyer Geli\u015fimi","\u00dcniversite Kul\u00fcplerinden Haberler"],"inLanguage":"tr","potentialAction":[{"@type":"CommentAction","name":"Comment","target":["https:\/\/www.kariyer.net\/kariyer-rehberi\/ekmek-arasi-kariyer-25-26-27-ekimde-sektorun-devlerini-agirliyor-2\/#respond"]}]},{"@type":"WebPage","@id":"https:\/\/www.kariyer.net\/kariyer-rehberi\/ekmek-arasi-kariyer-25-26-27-ekimde-sektorun-devlerini-agirliyor-2\/","url":"https:\/\/www.kariyer.net\/kariyer-rehberi\/ekmek-arasi-kariyer-25-26-27-ekimde-sektorun-devlerini-agirliyor-2\/","name":"Ekmek Aras\u0131 Kariyer 25-26-27 Ekim'de sekt\u00f6r\u00fcn devlerini a\u011f\u0131rl\u0131yor | Kariyer Rehberi","isPartOf":{"@id":"https:\/\/www.kariyer.net\/kariyer-rehberi\/#website"},"primaryImageOfPage":{"@id":"https:\/\/www.kariyer.net\/kariyer-rehberi\/ekmek-arasi-kariyer-25-26-27-ekimde-sektorun-devlerini-agirliyor-2\/#primaryimage"},"image":{"@id":"https:\/\/www.kariyer.net\/kariyer-rehberi\/ekmek-arasi-kariyer-25-26-27-ekimde-sektorun-devlerini-agirliyor-2\/#primaryimage"},"thumbnailUrl":"http:\/\/www.kariyer.net\/kariyer-kampuste\/wp-content\/uploads\/2016\/10\/ekmekarasi1.jpg","datePublished":"2013-01-01T10:56:25+00:00","dateModified":"2024-07-03T12:35:40+00:00","description":"25-26-27 Ekim 2016 tarihlerinde, Balmumcu Mercure Otel\u2019de ger\u00e7ekle\u015fecek olan Ekmek Aras\u0131 Kariyer,\u00a0kariyerinizi ekme\u011fin aras\u0131nda sunuyor. Y\u0131ld\u0131z Teknik","breadcrumb":{"@id":"https:\/\/www.kariyer.net\/kariyer-rehberi\/ekmek-arasi-kariyer-25-26-27-ekimde-sektorun-devlerini-agirliyor-2\/#breadcrumb"},"inLanguage":"tr","potentialAction":[{"@type":"ReadAction","target":["https:\/\/www.kariyer.net\/kariyer-rehberi\/ekmek-arasi-kariyer-25-26-27-ekimde-sektorun-devlerini-agirliyor-2\/"]}]},{"@type":"ImageObject","inLanguage":"tr","@id":"https:\/\/www.kariyer.net\/kariyer-rehberi\/ekmek-arasi-kariyer-25-26-27-ekimde-sektorun-devlerini-agirliyor-2\/#primaryimage","url":"http:\/\/www.kariyer.net\/kariyer-kampuste\/wp-content\/uploads\/2016\/10\/ekmekarasi1.jpg","contentUrl":"http:\/\/www.kariyer.net\/kariyer-kampuste\/wp-content\/uploads\/2016\/10\/ekmekarasi1.jpg"},{"@type":"BreadcrumbList","@id":"https:\/\/www.kariyer.net\/kariyer-rehberi\/ekmek-arasi-kariyer-25-26-27-ekimde-sektorun-devlerini-agirliyor-2\/#breadcrumb","itemListElement":[{"@type":"ListItem","position":1,"name":"Anasayfa","item":"https:\/\/www.kariyer.net\/kariyer-rehberi\/"},{"@type":"ListItem","position":2,"name":"Ekmek Aras\u0131 Kariyer 25-26-27 Ekim&#8217;de sekt\u00f6r\u00fcn devlerini a\u011f\u0131rl\u0131yor"}]},{"@type":"WebSite","@id":"https:\/\/www.kariyer.net\/kariyer-rehberi\/#website","url":"https:\/\/www.kariyer.net\/kariyer-rehberi\/","name":"Kariyer Rehberi","description":"\u0130\u015f D\u00fcnyas\u0131yla \u0130lgili Bilmek \u0130stedi\u011finiz Her \u015eey","publisher":{"@id":"https:\/\/www.kariyer.net\/kariyer-rehberi\/#organization"},"potentialAction":[{"@type":"SearchAction","target":{"@type":"EntryPoint","urlTemplate":"https:\/\/www.kariyer.net\/kariyer-rehberi\/?s={search_term_string}"},"query-input":{"@type":"PropertyValueSpecification","valueRequired":true,"valueName":"search_term_string"}}],"inLanguage":"tr"},{"@type":"Organization","@id":"https:\/\/www.kariyer.net\/kariyer-rehberi\/#organization","name":"Kariyer.net","url":"https:\/\/www.kariyer.net\/kariyer-rehberi\/","logo":{"@type":"ImageObject","inLanguage":"tr","@id":"https:\/\/www.kariyer.net\/kariyer-rehberi\/#\/schema\/logo\/image\/","url":"https:\/\/www.kariyer.net\/kariyer-rehberi-new\/wp-content\/uploads\/2023\/01\/og-image11.jpg","contentUrl":"https:\/\/www.kariyer.net\/kariyer-rehberi-new\/wp-content\/uploads\/2023\/01\/og-image11.jpg","width":800,"height":800,"caption":"Kariyer.net"},"image":{"@id":"https:\/\/www.kariyer.net\/kariyer-rehberi\/#\/schema\/logo\/image\/"}},{"@type":"Person","@id":"https:\/\/www.kariyer.net\/kariyer-rehberi\/#\/schema\/person\/94fd6e49c7ff1b1b2565a2cc4fd685dd","name":"Edit\u00f6r","image":{"@type":"ImageObject","inLanguage":"tr","@id":"https:\/\/www.kariyer.net\/kariyer-rehberi\/#\/schema\/person\/image\/","url":"https:\/\/secure.gravatar.com\/avatar\/0c4fe6688343aed3693b15573beae12c08ace5565409d5ab7509bf9c115f458d?s=96&d=mm&r=g","contentUrl":"https:\/\/secure.gravatar.com\/avatar\/0c4fe6688343aed3693b15573beae12c08ace5565409d5ab7509bf9c115f458d?s=96&d=mm&r=g","caption":"Edit\u00f6r"},"url":"https:\/\/www.kariyer.net\/kariyer-rehberi\/author\/editor\/"}]}},"_links":{"self":[{"href":"https:\/\/www.kariyer.net\/kariyer-rehberi\/wp-json\/wp\/v2\/posts\/9874","targetHints":{"allow":["GET"]}}],"collection":[{"href":"https:\/\/www.kariyer.net\/kariyer-rehberi\/wp-json\/wp\/v2\/posts"}],"about":[{"href":"https:\/\/www.kariyer.net\/kariyer-rehberi\/wp-json\/wp\/v2\/types\/post"}],"author":[{"embeddable":true,"href":"https:\/\/www.kariyer.net\/kariyer-rehberi\/wp-json\/wp\/v2\/users\/12"}],"replies":[{"embeddable":true,"href":"https:\/\/www.kariyer.net\/kariyer-rehberi\/wp-json\/wp\/v2\/comments?post=9874"}],"version-history":[{"count":1,"href":"https:\/\/www.kariyer.net\/kariyer-rehberi\/wp-json\/wp\/v2\/posts\/9874\/revisions"}],"predecessor-version":[{"id":18449,"href":"https:\/\/www.kariyer.net\/kariyer-rehberi\/wp-json\/wp\/v2\/posts\/9874\/revisions\/18449"}],"wp:attachment":[{"href":"https:\/\/www.kariyer.net\/kariyer-rehberi\/wp-json\/wp\/v2\/media?parent=9874"}],"wp:term":[{"taxonomy":"category","embeddable":true,"href":"https:\/\/www.kariyer.net\/kariyer-rehberi\/wp-json\/wp\/v2\/categories?post=9874"},{"taxonomy":"post_tag","embeddable":true,"href":"https:\/\/www.kariyer.net\/kariyer-rehberi\/wp-json\/wp\/v2\/tags?post=9874"}],"curies":[{"name":"wp","href":"https:\/\/api.w.org\/{rel}","templated":true}]}}