{"id":9884,"date":"2013-01-01T10:14:42","date_gmt":"2013-01-01T08:14:42","guid":{"rendered":"http:\/\/www.kariyer.net\/kariyer-kampuste\/?p=3721"},"modified":"2024-07-03T15:36:35","modified_gmt":"2024-07-03T12:36:35","slug":"turkiyenin-kampus-disi-ilk-ogrenci-organizasyonu-mec-business-seminar-bugunun-liderleri-ile-gelecegin-liderlerini-14-kez-bulusturuyor","status":"publish","type":"post","link":"https:\/\/www.kariyer.net\/kariyer-rehberi\/turkiyenin-kampus-disi-ilk-ogrenci-organizasyonu-mec-business-seminar-bugunun-liderleri-ile-gelecegin-liderlerini-14-kez-bulusturuyor\/","title":{"rendered":"T\u00fcrkiye\u2019nin kamp\u00fcs d\u0131\u015f\u0131 ilk \u00f6\u011frenci organizasyonu Mec Business Seminar, bug\u00fcn\u00fcn liderleri ile gelece\u011fin liderlerini 14.kez bulu\u015fturuyor"},"content":{"rendered":"<p><strong>Bu y\u0131l 3-4-5 Mart\u2019ta Renaissance \u0130stanbul Polat Bosphorus Hotel\u2019de ger\u00e7ekle\u015ftirilecek olan etkinlikte Do\u011fan \u015eent\u00fcrk (Fox Haber Genel Yay\u0131n Y\u00f6netmeni), Ersin Pak (Allianz Sigorta A.\u015e. CFO), Hakan Ba\u015f (Lidyana.com CEO), H\u00fcseyin \u00d6zdilek (\u00d6zdilek Holding Kurucusu), \u0130hsan Karag\u00f6z (Mondelez International T\u00fcrkiye CEO), O\u011fuz U\u00e7anlar (McDonald&#8217;s T\u00fcrkiye Genel M\u00fcd\u00fcr\u00fc) ve daha pek \u00e7ok sekt\u00f6r lideri isim, \u00f6zge\u00e7mi\u015f elemesi ile se\u00e7ilmi\u015f 150 \u00f6\u011frenci ile bir araya geliyor.\u00a0<\/strong><\/p>\n<p><a href=\"http:\/\/www.kariyer.net\/kariyer-kampuste\/wp-content\/uploads\/2017\/01\/mbs2016_600300-copy.jpg\"><img fetchpriority=\"high\" decoding=\"async\" class=\"alignnone size-full wp-image-3722\" src=\"http:\/\/www.kariyer.net\/kariyer-kampuste\/wp-content\/uploads\/2017\/01\/mbs2016_600300-copy.jpg\" alt=\"mbs2016_600300 copy\" width=\"600\" height=\"300\" \/><\/a><\/p>\n<p>QNB Finansbank daimi sponsorlu\u011fu ve Pladis Global ana sponsorlu\u011funda ger\u00e7ekle\u015ftirilen etkinlikte oturumlar, paneller, workshoplar, networking kokteyli, \u0130K Gala Yeme\u011fi, s\u00fcrpriz hediyeler ve \u015firket \u00f6d\u00fclleri 3 g\u00fcn boyunca kat\u0131l\u0131mc\u0131lar\u0131 bekliyor.<\/p>\n<p>Bu y\u0131l Giri\u015fimcilik Fuar\u0131\u2019n\u0131 da b\u00fcnyesine katan 14. Mec Business Seminar, giri\u015fimcilerin hikayelerini do\u011frudan \u00f6\u011frencilere ula\u015ft\u0131rarak giri\u015fimcilik heyecan\u0131 uyand\u0131rmay\u0131 da hedefliyor.<\/p>\n<p>Siz de epik i\u015fler, bionluk.com, visioninteractive, getpoi, tezgah\u00e7\u0131lar, \u00c7ay Kahve \u0130nsan, Sendloop ve daha pek \u00e7ok start-up ile tan\u0131\u015fmak, giri\u015fimcilik ekosistemindeki yolculuklar\u0131n\u0131 dinlemek ve kariyeriniz i\u00e7in farkl\u0131 yollar\u0131 g\u00f6rmek istiyorsan\u0131z detayl\u0131 bilgi i\u00e7in <a href=\"http:\/\/mecbusinesseminar.com\" target=\"_blank\" rel=\"noopener\">mecbusinesseminar.com<\/a><\/p>\n<p>Tarih: 3-4-5 Mart<\/p>\n<p>Yer: Renaissance \u0130stanbul Polat Bosphorus Hotel<\/p>\n<p>Son Ba\u015fvuru Tarihi: 21 \u015eubat 2017<\/p>\n<!-- templates\/buttons-placeholder.php -->\n<div class=\"da-reactions-outer TpostID9884\">\n\t    <div class=\"da-reactions-data da-reactions-container-async center\"\n         data-type=\"post\"\n         data-id=\"9884\"\n         id=\"da-reactions-slot-post-9884\">\n        <div class=\"da-reactions-static\">\n\t\t\t<img src=\"https:\/\/www.kariyer.net\/kariyer-rehberi\/wp-content\/plugins\/da-reactions\/assets\/dist\/loading.svg\" alt=\"Loading spinner\" width=\"48\" height=\"48\" style=\"width:48px\" \/>\n        <\/div>\n    <\/div>\n<\/div>\n","protected":false},"excerpt":{"rendered":"<p>Bu y\u0131l 3-4-5 Mart\u2019ta Renaissance \u0130stanbul Polat Bosphorus Hotel\u2019de ger\u00e7ekle\u015ftirilecek olan etkinlikte Do\u011fan \u015eent\u00fcrk (Fox Haber Genel Yay\u0131n Y\u00f6netmeni), Ersin Pak (Allianz Sigorta A.\u015e. CFO), Hakan Ba\u015f (Lidyana.com CEO), H\u00fcseyin \u00d6zdilek (\u00d6zdilek Holding Kurucusu), \u0130hsan Karag\u00f6z (Mondelez International T\u00fcrkiye CEO), O\u011fuz U\u00e7anlar (McDonald&#8217;s T\u00fcrkiye Genel M\u00fcd\u00fcr\u00fc) ve daha pek \u00e7ok sekt\u00f6r lideri isim, \u00f6zge\u00e7mi\u015f elemesi [&hellip;]<\/p>\n<!-- templates\/buttons-placeholder.php -->\n<div class=\"da-reactions-outer TpostID9884\">\n\t    <div class=\"da-reactions-data da-reactions-container-async center\"\n         data-type=\"post\"\n         data-id=\"9884\"\n         id=\"da-reactions-slot-post-9884\">\n        <div class=\"da-reactions-static\">\n\t\t\t<img src=\"https:\/\/www.kariyer.net\/kariyer-rehberi\/wp-content\/plugins\/da-reactions\/assets\/dist\/loading.svg\" alt=\"Loading spinner\" width=\"48\" height=\"48\" style=\"width:48px\" \/>\n        <\/div>\n    <\/div>\n<\/div>\n","protected":false},"author":12,"featured_media":0,"comment_status":"open","ping_status":"open","sticky":false,"template":"","format":"standard","meta":{"footnotes":"","_elementor_edit_mode":"","_elementor_template_type":"","_elementor_data":"","_elementor_page_settings":null,"_elementor_conditions":[]},"categories":[2203,2211],"tags":[],"class_list":{"0":"post-9884","1":"post","2":"type-post","3":"status-publish","4":"format-standard","6":"category-haberler-duyurular","7":"category-kariyer-gelisimi"},"yoast_head":"<!-- This site is optimized with the Yoast SEO Premium plugin v21.4 (Yoast SEO v27.0) - https:\/\/yoast.com\/product\/yoast-seo-premium-wordpress\/ -->\n<title>T\u00fcrkiye\u2019nin kamp\u00fcs d\u0131\u015f\u0131 ilk \u00f6\u011frenci organizasyonu Mec Business Seminar, bug\u00fcn\u00fcn liderleri ile gelece\u011fin liderlerini 14.kez bulu\u015fturuyor | Kariyer Rehberi<\/title>\n<meta name=\"description\" content=\"Bu y\u0131l 3-4-5 Mart\u2019ta Renaissance \u0130stanbul Polat Bosphorus Hotel\u2019de ger\u00e7ekle\u015ftirilecek olan etkinlikte Do\u011fan \u015eent\u00fcrk (Fox Haber Genel Yay\u0131n Y\u00f6netmeni),\" \/>\n<meta name=\"robots\" content=\"index, follow, max-snippet:-1, max-image-preview:large, max-video-preview:-1\" \/>\n<link rel=\"canonical\" href=\"https:\/\/www.kariyer.net\/kariyer-rehberi\/turkiyenin-kampus-disi-ilk-ogrenci-organizasyonu-mec-business-seminar-bugunun-liderleri-ile-gelecegin-liderlerini-14-kez-bulusturuyor\/\" \/>\n<meta property=\"og:locale\" content=\"tr_TR\" \/>\n<meta property=\"og:type\" content=\"article\" \/>\n<meta property=\"og:title\" content=\"T\u00fcrkiye\u2019nin kamp\u00fcs d\u0131\u015f\u0131 ilk \u00f6\u011frenci organizasyonu Mec Business Seminar, bug\u00fcn\u00fcn liderleri ile gelece\u011fin liderlerini 14.kez bulu\u015fturuyor\" \/>\n<meta property=\"og:description\" content=\"Bu y\u0131l 3-4-5 Mart\u2019ta Renaissance \u0130stanbul Polat Bosphorus Hotel\u2019de ger\u00e7ekle\u015ftirilecek olan etkinlikte Do\u011fan \u015eent\u00fcrk (Fox Haber Genel Yay\u0131n Y\u00f6netmeni),\" \/>\n<meta property=\"og:url\" content=\"https:\/\/www.kariyer.net\/kariyer-rehberi\/turkiyenin-kampus-disi-ilk-ogrenci-organizasyonu-mec-business-seminar-bugunun-liderleri-ile-gelecegin-liderlerini-14-kez-bulusturuyor\/\" \/>\n<meta property=\"og:site_name\" content=\"Kariyer Rehberi\" \/>\n<meta property=\"article:published_time\" content=\"2013-01-01T08:14:42+00:00\" \/>\n<meta property=\"article:modified_time\" content=\"2024-07-03T12:36:35+00:00\" \/>\n<meta property=\"og:image\" content=\"http:\/\/www.kariyer.net\/kariyer-kampuste\/wp-content\/uploads\/2017\/01\/mbs2016_600300-copy.jpg\" \/>\n<meta name=\"author\" content=\"Edit\u00f6r\" \/>\n<meta name=\"twitter:card\" content=\"summary_large_image\" \/>\n<meta name=\"twitter:label1\" content=\"Yazan:\" \/>\n\t<meta name=\"twitter:data1\" content=\"Edit\u00f6r\" \/>\n\t<meta name=\"twitter:label2\" content=\"Tahmini okuma s\u00fcresi\" \/>\n\t<meta name=\"twitter:data2\" content=\"1 dakika\" \/>\n<!-- \/ Yoast SEO Premium plugin. -->","yoast_head_json":{"title":"T\u00fcrkiye\u2019nin kamp\u00fcs d\u0131\u015f\u0131 ilk \u00f6\u011frenci organizasyonu Mec Business Seminar, bug\u00fcn\u00fcn liderleri ile gelece\u011fin liderlerini 14.kez bulu\u015fturuyor | Kariyer Rehberi","description":"Bu y\u0131l 3-4-5 Mart\u2019ta Renaissance \u0130stanbul Polat Bosphorus Hotel\u2019de ger\u00e7ekle\u015ftirilecek olan etkinlikte Do\u011fan \u015eent\u00fcrk (Fox Haber Genel Yay\u0131n Y\u00f6netmeni),","robots":{"index":"index","follow":"follow","max-snippet":"max-snippet:-1","max-image-preview":"max-image-preview:large","max-video-preview":"max-video-preview:-1"},"canonical":"https:\/\/www.kariyer.net\/kariyer-rehberi\/turkiyenin-kampus-disi-ilk-ogrenci-organizasyonu-mec-business-seminar-bugunun-liderleri-ile-gelecegin-liderlerini-14-kez-bulusturuyor\/","og_locale":"tr_TR","og_type":"article","og_title":"T\u00fcrkiye\u2019nin kamp\u00fcs d\u0131\u015f\u0131 ilk \u00f6\u011frenci organizasyonu Mec Business Seminar, bug\u00fcn\u00fcn liderleri ile gelece\u011fin liderlerini 14.kez bulu\u015fturuyor","og_description":"Bu y\u0131l 3-4-5 Mart\u2019ta Renaissance \u0130stanbul Polat Bosphorus Hotel\u2019de ger\u00e7ekle\u015ftirilecek olan etkinlikte Do\u011fan \u015eent\u00fcrk (Fox Haber Genel Yay\u0131n Y\u00f6netmeni),","og_url":"https:\/\/www.kariyer.net\/kariyer-rehberi\/turkiyenin-kampus-disi-ilk-ogrenci-organizasyonu-mec-business-seminar-bugunun-liderleri-ile-gelecegin-liderlerini-14-kez-bulusturuyor\/","og_site_name":"Kariyer Rehberi","article_published_time":"2013-01-01T08:14:42+00:00","article_modified_time":"2024-07-03T12:36:35+00:00","og_image":[{"url":"http:\/\/www.kariyer.net\/kariyer-kampuste\/wp-content\/uploads\/2017\/01\/mbs2016_600300-copy.jpg","type":"","width":"","height":""}],"author":"Edit\u00f6r","twitter_card":"summary_large_image","twitter_misc":{"Yazan:":"Edit\u00f6r","Tahmini okuma s\u00fcresi":"1 dakika"},"schema":{"@context":"https:\/\/schema.org","@graph":[{"@type":"Article","@id":"https:\/\/www.kariyer.net\/kariyer-rehberi\/turkiyenin-kampus-disi-ilk-ogrenci-organizasyonu-mec-business-seminar-bugunun-liderleri-ile-gelecegin-liderlerini-14-kez-bulusturuyor\/#article","isPartOf":{"@id":"https:\/\/www.kariyer.net\/kariyer-rehberi\/turkiyenin-kampus-disi-ilk-ogrenci-organizasyonu-mec-business-seminar-bugunun-liderleri-ile-gelecegin-liderlerini-14-kez-bulusturuyor\/"},"author":{"name":"Edit\u00f6r","@id":"https:\/\/www.kariyer.net\/kariyer-rehberi\/#\/schema\/person\/94fd6e49c7ff1b1b2565a2cc4fd685dd"},"headline":"T\u00fcrkiye\u2019nin kamp\u00fcs d\u0131\u015f\u0131 ilk \u00f6\u011frenci organizasyonu Mec Business Seminar, bug\u00fcn\u00fcn liderleri ile gelece\u011fin liderlerini 14.kez bulu\u015fturuyor","datePublished":"2013-01-01T08:14:42+00:00","dateModified":"2024-07-03T12:36:35+00:00","mainEntityOfPage":{"@id":"https:\/\/www.kariyer.net\/kariyer-rehberi\/turkiyenin-kampus-disi-ilk-ogrenci-organizasyonu-mec-business-seminar-bugunun-liderleri-ile-gelecegin-liderlerini-14-kez-bulusturuyor\/"},"wordCount":237,"commentCount":0,"publisher":{"@id":"https:\/\/www.kariyer.net\/kariyer-rehberi\/#organization"},"image":{"@id":"https:\/\/www.kariyer.net\/kariyer-rehberi\/turkiyenin-kampus-disi-ilk-ogrenci-organizasyonu-mec-business-seminar-bugunun-liderleri-ile-gelecegin-liderlerini-14-kez-bulusturuyor\/#primaryimage"},"thumbnailUrl":"http:\/\/www.kariyer.net\/kariyer-kampuste\/wp-content\/uploads\/2017\/01\/mbs2016_600300-copy.jpg","articleSection":["Haberler ve Duyurular","Kariyer Geli\u015fimi"],"inLanguage":"tr","potentialAction":[{"@type":"CommentAction","name":"Comment","target":["https:\/\/www.kariyer.net\/kariyer-rehberi\/turkiyenin-kampus-disi-ilk-ogrenci-organizasyonu-mec-business-seminar-bugunun-liderleri-ile-gelecegin-liderlerini-14-kez-bulusturuyor\/#respond"]}]},{"@type":"WebPage","@id":"https:\/\/www.kariyer.net\/kariyer-rehberi\/turkiyenin-kampus-disi-ilk-ogrenci-organizasyonu-mec-business-seminar-bugunun-liderleri-ile-gelecegin-liderlerini-14-kez-bulusturuyor\/","url":"https:\/\/www.kariyer.net\/kariyer-rehberi\/turkiyenin-kampus-disi-ilk-ogrenci-organizasyonu-mec-business-seminar-bugunun-liderleri-ile-gelecegin-liderlerini-14-kez-bulusturuyor\/","name":"T\u00fcrkiye\u2019nin kamp\u00fcs d\u0131\u015f\u0131 ilk \u00f6\u011frenci organizasyonu Mec Business Seminar, bug\u00fcn\u00fcn liderleri ile gelece\u011fin liderlerini 14.kez bulu\u015fturuyor | Kariyer Rehberi","isPartOf":{"@id":"https:\/\/www.kariyer.net\/kariyer-rehberi\/#website"},"primaryImageOfPage":{"@id":"https:\/\/www.kariyer.net\/kariyer-rehberi\/turkiyenin-kampus-disi-ilk-ogrenci-organizasyonu-mec-business-seminar-bugunun-liderleri-ile-gelecegin-liderlerini-14-kez-bulusturuyor\/#primaryimage"},"image":{"@id":"https:\/\/www.kariyer.net\/kariyer-rehberi\/turkiyenin-kampus-disi-ilk-ogrenci-organizasyonu-mec-business-seminar-bugunun-liderleri-ile-gelecegin-liderlerini-14-kez-bulusturuyor\/#primaryimage"},"thumbnailUrl":"http:\/\/www.kariyer.net\/kariyer-kampuste\/wp-content\/uploads\/2017\/01\/mbs2016_600300-copy.jpg","datePublished":"2013-01-01T08:14:42+00:00","dateModified":"2024-07-03T12:36:35+00:00","description":"Bu y\u0131l 3-4-5 Mart\u2019ta Renaissance \u0130stanbul Polat Bosphorus Hotel\u2019de ger\u00e7ekle\u015ftirilecek olan etkinlikte Do\u011fan \u015eent\u00fcrk (Fox Haber Genel Yay\u0131n Y\u00f6netmeni),","breadcrumb":{"@id":"https:\/\/www.kariyer.net\/kariyer-rehberi\/turkiyenin-kampus-disi-ilk-ogrenci-organizasyonu-mec-business-seminar-bugunun-liderleri-ile-gelecegin-liderlerini-14-kez-bulusturuyor\/#breadcrumb"},"inLanguage":"tr","potentialAction":[{"@type":"ReadAction","target":["https:\/\/www.kariyer.net\/kariyer-rehberi\/turkiyenin-kampus-disi-ilk-ogrenci-organizasyonu-mec-business-seminar-bugunun-liderleri-ile-gelecegin-liderlerini-14-kez-bulusturuyor\/"]}]},{"@type":"ImageObject","inLanguage":"tr","@id":"https:\/\/www.kariyer.net\/kariyer-rehberi\/turkiyenin-kampus-disi-ilk-ogrenci-organizasyonu-mec-business-seminar-bugunun-liderleri-ile-gelecegin-liderlerini-14-kez-bulusturuyor\/#primaryimage","url":"http:\/\/www.kariyer.net\/kariyer-kampuste\/wp-content\/uploads\/2017\/01\/mbs2016_600300-copy.jpg","contentUrl":"http:\/\/www.kariyer.net\/kariyer-kampuste\/wp-content\/uploads\/2017\/01\/mbs2016_600300-copy.jpg"},{"@type":"BreadcrumbList","@id":"https:\/\/www.kariyer.net\/kariyer-rehberi\/turkiyenin-kampus-disi-ilk-ogrenci-organizasyonu-mec-business-seminar-bugunun-liderleri-ile-gelecegin-liderlerini-14-kez-bulusturuyor\/#breadcrumb","itemListElement":[{"@type":"ListItem","position":1,"name":"Anasayfa","item":"https:\/\/www.kariyer.net\/kariyer-rehberi\/"},{"@type":"ListItem","position":2,"name":"T\u00fcrkiye\u2019nin kamp\u00fcs d\u0131\u015f\u0131 ilk \u00f6\u011frenci organizasyonu Mec Business Seminar, bug\u00fcn\u00fcn liderleri ile gelece\u011fin liderlerini 14.kez bulu\u015fturuyor"}]},{"@type":"WebSite","@id":"https:\/\/www.kariyer.net\/kariyer-rehberi\/#website","url":"https:\/\/www.kariyer.net\/kariyer-rehberi\/","name":"Kariyer Rehberi","description":"\u0130\u015f D\u00fcnyas\u0131yla \u0130lgili Bilmek \u0130stedi\u011finiz Her \u015eey","publisher":{"@id":"https:\/\/www.kariyer.net\/kariyer-rehberi\/#organization"},"potentialAction":[{"@type":"SearchAction","target":{"@type":"EntryPoint","urlTemplate":"https:\/\/www.kariyer.net\/kariyer-rehberi\/?s={search_term_string}"},"query-input":{"@type":"PropertyValueSpecification","valueRequired":true,"valueName":"search_term_string"}}],"inLanguage":"tr"},{"@type":"Organization","@id":"https:\/\/www.kariyer.net\/kariyer-rehberi\/#organization","name":"Kariyer.net","url":"https:\/\/www.kariyer.net\/kariyer-rehberi\/","logo":{"@type":"ImageObject","inLanguage":"tr","@id":"https:\/\/www.kariyer.net\/kariyer-rehberi\/#\/schema\/logo\/image\/","url":"https:\/\/www.kariyer.net\/kariyer-rehberi-new\/wp-content\/uploads\/2023\/01\/og-image11.jpg","contentUrl":"https:\/\/www.kariyer.net\/kariyer-rehberi-new\/wp-content\/uploads\/2023\/01\/og-image11.jpg","width":800,"height":800,"caption":"Kariyer.net"},"image":{"@id":"https:\/\/www.kariyer.net\/kariyer-rehberi\/#\/schema\/logo\/image\/"}},{"@type":"Person","@id":"https:\/\/www.kariyer.net\/kariyer-rehberi\/#\/schema\/person\/94fd6e49c7ff1b1b2565a2cc4fd685dd","name":"Edit\u00f6r","image":{"@type":"ImageObject","inLanguage":"tr","@id":"https:\/\/www.kariyer.net\/kariyer-rehberi\/#\/schema\/person\/image\/","url":"https:\/\/secure.gravatar.com\/avatar\/0c4fe6688343aed3693b15573beae12c08ace5565409d5ab7509bf9c115f458d?s=96&d=mm&r=g","contentUrl":"https:\/\/secure.gravatar.com\/avatar\/0c4fe6688343aed3693b15573beae12c08ace5565409d5ab7509bf9c115f458d?s=96&d=mm&r=g","caption":"Edit\u00f6r"},"url":"https:\/\/www.kariyer.net\/kariyer-rehberi\/author\/editor\/"}]}},"_links":{"self":[{"href":"https:\/\/www.kariyer.net\/kariyer-rehberi\/wp-json\/wp\/v2\/posts\/9884","targetHints":{"allow":["GET"]}}],"collection":[{"href":"https:\/\/www.kariyer.net\/kariyer-rehberi\/wp-json\/wp\/v2\/posts"}],"about":[{"href":"https:\/\/www.kariyer.net\/kariyer-rehberi\/wp-json\/wp\/v2\/types\/post"}],"author":[{"embeddable":true,"href":"https:\/\/www.kariyer.net\/kariyer-rehberi\/wp-json\/wp\/v2\/users\/12"}],"replies":[{"embeddable":true,"href":"https:\/\/www.kariyer.net\/kariyer-rehberi\/wp-json\/wp\/v2\/comments?post=9884"}],"version-history":[{"count":1,"href":"https:\/\/www.kariyer.net\/kariyer-rehberi\/wp-json\/wp\/v2\/posts\/9884\/revisions"}],"predecessor-version":[{"id":18464,"href":"https:\/\/www.kariyer.net\/kariyer-rehberi\/wp-json\/wp\/v2\/posts\/9884\/revisions\/18464"}],"wp:attachment":[{"href":"https:\/\/www.kariyer.net\/kariyer-rehberi\/wp-json\/wp\/v2\/media?parent=9884"}],"wp:term":[{"taxonomy":"category","embeddable":true,"href":"https:\/\/www.kariyer.net\/kariyer-rehberi\/wp-json\/wp\/v2\/categories?post=9884"},{"taxonomy":"post_tag","embeddable":true,"href":"https:\/\/www.kariyer.net\/kariyer-rehberi\/wp-json\/wp\/v2\/tags?post=9884"}],"curies":[{"name":"wp","href":"https:\/\/api.w.org\/{rel}","templated":true}]}}