{"id":9887,"date":"2013-01-01T16:15:26","date_gmt":"2013-01-01T14:15:26","guid":{"rendered":"http:\/\/www.kariyer.net\/kariyer-kampuste\/?p=3769"},"modified":"2024-07-03T15:33:35","modified_gmt":"2024-07-03T12:33:35","slug":"is-dunyasinin-profesyonelleri-kultur-universitesinde-ogrencilerle-bulusuyor","status":"publish","type":"post","link":"https:\/\/www.kariyer.net\/kariyer-rehberi\/is-dunyasinin-profesyonelleri-kultur-universitesinde-ogrencilerle-bulusuyor\/","title":{"rendered":"\u0130\u015f d\u00fcnyas\u0131n\u0131n profesyonelleri K\u00fclt\u00fcr \u00dcniversitesi&#8217;nde \u00f6\u011frencilerle bulu\u015fuyor"},"content":{"rendered":"<p><strong>\u00d6\u011frencilerini T\u00fcrkiye&#8217;nin \u00f6nde gelen sekt\u00f6r profesyonelleriyle bulu\u015fturan \u0130stanbul K\u00fclt\u00fcr \u00dcniversitesi, \u201cKariyer G\u00fcnleri\u201d etkinlikleri kapsam\u0131nda \u00e7al\u0131\u015fmalar\u0131na devam ediyor. <\/strong><\/p>\n<p>\u201cKariyer G\u00fcnleri\u201d etkinli\u011fi kapsam\u0131nda ger\u00e7ekle\u015ftirilen programlarda \u0130stanbul K\u00fclt\u00fcr \u00dcniversitesi \u00f6\u011frenci ve mezunlar\u0131n\u0131n kariyer s\u00fcre\u00e7lerini desteklemek, giri\u015fimcilik yolunda kendi potansiyellerini ke\u015ffetmelerine yard\u0131mc\u0131 olmak ve i\u015f hayat\u0131na adaptasyona ili\u015fkin konularda fark\u0131ndal\u0131klar\u0131n\u0131 art\u0131rmalar\u0131 ama\u00e7lan\u0131yor.<\/p>\n<p>\u00d6\u011frenciler ve i\u015f d\u00fcnyas\u0131 aras\u0131nda k\u00f6pr\u00fc kurarak T\u00fcrkiye\u2019nin \u00f6nde gelen sekt\u00f6r profesyonellerinin konuk edildi\u011fi etkinlikler \u0130stanbul K\u00fclt\u00fcr \u00dcniversitesi \u00d6\u011frenci Ya\u015fam, Kariyer ve Mezun Dan\u0131\u015fma Birimi\u2019nin organizasyonuyla ger\u00e7ekle\u015ftiriliyor.<\/p>\n<p>\u201cKariyer G\u00fcnleri\u201dnin ilk konuklar\u0131 Eczac\u0131ba\u015f\u0131 Holding Y\u00f6netim Kurulu Ba\u015fkan Yard\u0131mc\u0131s\u0131 Faruk Eczac\u0131ba\u015f\u0131 ve Eczac\u0131ba\u015f\u0131 Holding Bilgi ve \u0130leti\u015fim Sistemleri Grup Ba\u015fkan\u0131 Levent K\u0131z\u0131ltan. Eczac\u0131ba\u015f\u0131 ve K\u0131z\u0131ltan\u2019\u0131n \u00f6\u011frencilerle bir araya gelece\u011fi ve ba\u015far\u0131larla dolu i\u015f hayat hayatlar\u0131na dair \u00f6nemli bilgileri payla\u015faca\u011f\u0131 etkinlik, 15 Mart 2017 \u00c7ar\u015famba g\u00fcn\u00fc \u0130stanbul K\u00fclt\u00fcr \u00dcniversitesi Ak\u0131ng\u00fc\u00e7 Oditoryumu ve Sanat Merkezi\u2019nde ger\u00e7ekle\u015ftirilecek. 14.00\u2019te ba\u015flayacak etkinlik tek oturum olup t\u00fcm ilgililerin kat\u0131l\u0131m\u0131na a\u00e7\u0131k olarak ger\u00e7ekle\u015ftirilecek.<\/p>\n<p>\u201cKariyer G\u00fcnleri\u201d kapsam\u0131nda ger\u00e7ekle\u015ftirilecek etkinlikler, 23 Mart 2017 Per\u015fembe g\u00fcn\u00fc KornFerry \u0130stanbul Onursal Ba\u015fkan\u0131 \u015eerif Kaynar, 13 Nisan 2017 Per\u015fembe g\u00fcn\u00fc STFA Grubu \u0130cra Ba\u015fkan\u0131 Yetik Kadri Mert ve Y\u00f6netim Kurulu \u00dcyesi, Stratejik Dan\u0131\u015fman, Mentoro Platform Orta\u011f\u0131 Selen Kocaba\u015f, 28 Nisan 2017 Cuma g\u00fcn\u00fc E&amp;E Group Kurucu ve Y\u00f6netici Orta\u011f\u0131 K\u0131van\u00e7 Ers\u00f6z\u2019\u00fcn konuk edildi\u011fi programlarla devam edecek.<\/p>\n<!-- templates\/buttons-placeholder.php -->\n<div class=\"da-reactions-outer TpostID9887\">\n\t    <div class=\"da-reactions-data da-reactions-container-async center\"\n         data-type=\"post\"\n         data-id=\"9887\"\n         id=\"da-reactions-slot-post-9887\">\n        <div class=\"da-reactions-static\">\n\t\t\t<img src=\"https:\/\/www.kariyer.net\/kariyer-rehberi\/wp-content\/plugins\/da-reactions\/assets\/dist\/loading.svg\" alt=\"Loading spinner\" width=\"48\" height=\"48\" style=\"width:48px\" \/>\n        <\/div>\n    <\/div>\n<\/div>\n","protected":false},"excerpt":{"rendered":"<p>\u00d6\u011frencilerini T\u00fcrkiye&#8217;nin \u00f6nde gelen sekt\u00f6r profesyonelleriyle bulu\u015fturan \u0130stanbul K\u00fclt\u00fcr \u00dcniversitesi, \u201cKariyer G\u00fcnleri\u201d etkinlikleri kapsam\u0131nda \u00e7al\u0131\u015fmalar\u0131na devam ediyor. \u201cKariyer G\u00fcnleri\u201d etkinli\u011fi kapsam\u0131nda ger\u00e7ekle\u015ftirilen programlarda \u0130stanbul K\u00fclt\u00fcr \u00dcniversitesi \u00f6\u011frenci ve mezunlar\u0131n\u0131n kariyer s\u00fcre\u00e7lerini desteklemek, giri\u015fimcilik yolunda kendi potansiyellerini ke\u015ffetmelerine yard\u0131mc\u0131 olmak ve i\u015f hayat\u0131na adaptasyona ili\u015fkin konularda fark\u0131ndal\u0131klar\u0131n\u0131 art\u0131rmalar\u0131 ama\u00e7lan\u0131yor. \u00d6\u011frenciler ve i\u015f d\u00fcnyas\u0131 aras\u0131nda k\u00f6pr\u00fc kurarak [&hellip;]<\/p>\n<!-- templates\/buttons-placeholder.php -->\n<div class=\"da-reactions-outer TpostID9887\">\n\t    <div class=\"da-reactions-data da-reactions-container-async center\"\n         data-type=\"post\"\n         data-id=\"9887\"\n         id=\"da-reactions-slot-post-9887\">\n        <div class=\"da-reactions-static\">\n\t\t\t<img src=\"https:\/\/www.kariyer.net\/kariyer-rehberi\/wp-content\/plugins\/da-reactions\/assets\/dist\/loading.svg\" alt=\"Loading spinner\" width=\"48\" height=\"48\" style=\"width:48px\" \/>\n        <\/div>\n    <\/div>\n<\/div>\n","protected":false},"author":12,"featured_media":3770,"comment_status":"open","ping_status":"open","sticky":false,"template":"","format":"standard","meta":{"footnotes":"","_elementor_edit_mode":"","_elementor_template_type":"","_elementor_data":"","_elementor_page_settings":null,"_elementor_conditions":[]},"categories":[2211],"tags":[],"class_list":{"0":"post-9887","1":"post","2":"type-post","3":"status-publish","4":"format-standard","5":"has-post-thumbnail","7":"category-kariyer-gelisimi"},"yoast_head":"<!-- This site is optimized with the Yoast SEO Premium plugin v21.4 (Yoast SEO v27.0) - https:\/\/yoast.com\/product\/yoast-seo-premium-wordpress\/ -->\n<title>\u0130\u015f d\u00fcnyas\u0131n\u0131n profesyonelleri K\u00fclt\u00fcr \u00dcniversitesi&#039;nde \u00f6\u011frencilerle bulu\u015fuyor | Kariyer Rehberi<\/title>\n<meta name=\"description\" content=\"\u00d6\u011frencilerini T\u00fcrkiye&#039;nin \u00f6nde gelen sekt\u00f6r profesyonelleriyle bulu\u015fturan \u0130stanbul K\u00fclt\u00fcr \u00dcniversitesi, \u201cKariyer G\u00fcnleri\u201d etkinlikleri kapsam\u0131nda\" \/>\n<meta name=\"robots\" content=\"index, follow, max-snippet:-1, max-image-preview:large, max-video-preview:-1\" \/>\n<link rel=\"canonical\" href=\"https:\/\/www.kariyer.net\/kariyer-rehberi\/is-dunyasinin-profesyonelleri-kultur-universitesinde-ogrencilerle-bulusuyor\/\" \/>\n<meta property=\"og:locale\" content=\"tr_TR\" \/>\n<meta property=\"og:type\" content=\"article\" \/>\n<meta property=\"og:title\" content=\"\u0130\u015f d\u00fcnyas\u0131n\u0131n profesyonelleri K\u00fclt\u00fcr \u00dcniversitesi&#039;nde \u00f6\u011frencilerle bulu\u015fuyor\" \/>\n<meta property=\"og:description\" content=\"\u00d6\u011frencilerini T\u00fcrkiye&#039;nin \u00f6nde gelen sekt\u00f6r profesyonelleriyle bulu\u015fturan \u0130stanbul K\u00fclt\u00fcr \u00dcniversitesi, \u201cKariyer G\u00fcnleri\u201d etkinlikleri kapsam\u0131nda\" \/>\n<meta property=\"og:url\" content=\"https:\/\/www.kariyer.net\/kariyer-rehberi\/is-dunyasinin-profesyonelleri-kultur-universitesinde-ogrencilerle-bulusuyor\/\" \/>\n<meta property=\"og:site_name\" content=\"Kariyer Rehberi\" \/>\n<meta property=\"article:published_time\" content=\"2013-01-01T14:15:26+00:00\" \/>\n<meta property=\"article:modified_time\" content=\"2024-07-03T12:33:35+00:00\" \/>\n<meta name=\"author\" content=\"Edit\u00f6r\" \/>\n<meta name=\"twitter:card\" content=\"summary_large_image\" \/>\n<meta name=\"twitter:label1\" content=\"Yazan:\" \/>\n\t<meta name=\"twitter:data1\" content=\"Edit\u00f6r\" \/>\n\t<meta name=\"twitter:label2\" content=\"Tahmini okuma s\u00fcresi\" \/>\n\t<meta name=\"twitter:data2\" content=\"1 dakika\" \/>\n<!-- \/ Yoast SEO Premium plugin. -->","yoast_head_json":{"title":"\u0130\u015f d\u00fcnyas\u0131n\u0131n profesyonelleri K\u00fclt\u00fcr \u00dcniversitesi'nde \u00f6\u011frencilerle bulu\u015fuyor | Kariyer Rehberi","description":"\u00d6\u011frencilerini T\u00fcrkiye'nin \u00f6nde gelen sekt\u00f6r profesyonelleriyle bulu\u015fturan \u0130stanbul K\u00fclt\u00fcr \u00dcniversitesi, \u201cKariyer G\u00fcnleri\u201d etkinlikleri kapsam\u0131nda","robots":{"index":"index","follow":"follow","max-snippet":"max-snippet:-1","max-image-preview":"max-image-preview:large","max-video-preview":"max-video-preview:-1"},"canonical":"https:\/\/www.kariyer.net\/kariyer-rehberi\/is-dunyasinin-profesyonelleri-kultur-universitesinde-ogrencilerle-bulusuyor\/","og_locale":"tr_TR","og_type":"article","og_title":"\u0130\u015f d\u00fcnyas\u0131n\u0131n profesyonelleri K\u00fclt\u00fcr \u00dcniversitesi'nde \u00f6\u011frencilerle bulu\u015fuyor","og_description":"\u00d6\u011frencilerini T\u00fcrkiye'nin \u00f6nde gelen sekt\u00f6r profesyonelleriyle bulu\u015fturan \u0130stanbul K\u00fclt\u00fcr \u00dcniversitesi, \u201cKariyer G\u00fcnleri\u201d etkinlikleri kapsam\u0131nda","og_url":"https:\/\/www.kariyer.net\/kariyer-rehberi\/is-dunyasinin-profesyonelleri-kultur-universitesinde-ogrencilerle-bulusuyor\/","og_site_name":"Kariyer Rehberi","article_published_time":"2013-01-01T14:15:26+00:00","article_modified_time":"2024-07-03T12:33:35+00:00","author":"Edit\u00f6r","twitter_card":"summary_large_image","twitter_misc":{"Yazan:":"Edit\u00f6r","Tahmini okuma s\u00fcresi":"1 dakika"},"schema":{"@context":"https:\/\/schema.org","@graph":[{"@type":"Article","@id":"https:\/\/www.kariyer.net\/kariyer-rehberi\/is-dunyasinin-profesyonelleri-kultur-universitesinde-ogrencilerle-bulusuyor\/#article","isPartOf":{"@id":"https:\/\/www.kariyer.net\/kariyer-rehberi\/is-dunyasinin-profesyonelleri-kultur-universitesinde-ogrencilerle-bulusuyor\/"},"author":{"name":"Edit\u00f6r","@id":"https:\/\/www.kariyer.net\/kariyer-rehberi\/#\/schema\/person\/94fd6e49c7ff1b1b2565a2cc4fd685dd"},"headline":"\u0130\u015f d\u00fcnyas\u0131n\u0131n profesyonelleri K\u00fclt\u00fcr \u00dcniversitesi&#8217;nde \u00f6\u011frencilerle bulu\u015fuyor","datePublished":"2013-01-01T14:15:26+00:00","dateModified":"2024-07-03T12:33:35+00:00","mainEntityOfPage":{"@id":"https:\/\/www.kariyer.net\/kariyer-rehberi\/is-dunyasinin-profesyonelleri-kultur-universitesinde-ogrencilerle-bulusuyor\/"},"wordCount":308,"commentCount":0,"publisher":{"@id":"https:\/\/www.kariyer.net\/kariyer-rehberi\/#organization"},"image":{"@id":"https:\/\/www.kariyer.net\/kariyer-rehberi\/is-dunyasinin-profesyonelleri-kultur-universitesinde-ogrencilerle-bulusuyor\/#primaryimage"},"thumbnailUrl":"","articleSection":["Kariyer Geli\u015fimi"],"inLanguage":"tr","potentialAction":[{"@type":"CommentAction","name":"Comment","target":["https:\/\/www.kariyer.net\/kariyer-rehberi\/is-dunyasinin-profesyonelleri-kultur-universitesinde-ogrencilerle-bulusuyor\/#respond"]}]},{"@type":"WebPage","@id":"https:\/\/www.kariyer.net\/kariyer-rehberi\/is-dunyasinin-profesyonelleri-kultur-universitesinde-ogrencilerle-bulusuyor\/","url":"https:\/\/www.kariyer.net\/kariyer-rehberi\/is-dunyasinin-profesyonelleri-kultur-universitesinde-ogrencilerle-bulusuyor\/","name":"\u0130\u015f d\u00fcnyas\u0131n\u0131n profesyonelleri K\u00fclt\u00fcr \u00dcniversitesi'nde \u00f6\u011frencilerle bulu\u015fuyor | Kariyer Rehberi","isPartOf":{"@id":"https:\/\/www.kariyer.net\/kariyer-rehberi\/#website"},"primaryImageOfPage":{"@id":"https:\/\/www.kariyer.net\/kariyer-rehberi\/is-dunyasinin-profesyonelleri-kultur-universitesinde-ogrencilerle-bulusuyor\/#primaryimage"},"image":{"@id":"https:\/\/www.kariyer.net\/kariyer-rehberi\/is-dunyasinin-profesyonelleri-kultur-universitesinde-ogrencilerle-bulusuyor\/#primaryimage"},"thumbnailUrl":"","datePublished":"2013-01-01T14:15:26+00:00","dateModified":"2024-07-03T12:33:35+00:00","description":"\u00d6\u011frencilerini T\u00fcrkiye'nin \u00f6nde gelen sekt\u00f6r profesyonelleriyle bulu\u015fturan \u0130stanbul K\u00fclt\u00fcr \u00dcniversitesi, \u201cKariyer G\u00fcnleri\u201d etkinlikleri kapsam\u0131nda","breadcrumb":{"@id":"https:\/\/www.kariyer.net\/kariyer-rehberi\/is-dunyasinin-profesyonelleri-kultur-universitesinde-ogrencilerle-bulusuyor\/#breadcrumb"},"inLanguage":"tr","potentialAction":[{"@type":"ReadAction","target":["https:\/\/www.kariyer.net\/kariyer-rehberi\/is-dunyasinin-profesyonelleri-kultur-universitesinde-ogrencilerle-bulusuyor\/"]}]},{"@type":"ImageObject","inLanguage":"tr","@id":"https:\/\/www.kariyer.net\/kariyer-rehberi\/is-dunyasinin-profesyonelleri-kultur-universitesinde-ogrencilerle-bulusuyor\/#primaryimage","url":"","contentUrl":""},{"@type":"BreadcrumbList","@id":"https:\/\/www.kariyer.net\/kariyer-rehberi\/is-dunyasinin-profesyonelleri-kultur-universitesinde-ogrencilerle-bulusuyor\/#breadcrumb","itemListElement":[{"@type":"ListItem","position":1,"name":"Anasayfa","item":"https:\/\/www.kariyer.net\/kariyer-rehberi\/"},{"@type":"ListItem","position":2,"name":"\u0130\u015f d\u00fcnyas\u0131n\u0131n profesyonelleri K\u00fclt\u00fcr \u00dcniversitesi&#8217;nde \u00f6\u011frencilerle bulu\u015fuyor"}]},{"@type":"WebSite","@id":"https:\/\/www.kariyer.net\/kariyer-rehberi\/#website","url":"https:\/\/www.kariyer.net\/kariyer-rehberi\/","name":"Kariyer Rehberi","description":"\u0130\u015f D\u00fcnyas\u0131yla \u0130lgili Bilmek \u0130stedi\u011finiz Her \u015eey","publisher":{"@id":"https:\/\/www.kariyer.net\/kariyer-rehberi\/#organization"},"potentialAction":[{"@type":"SearchAction","target":{"@type":"EntryPoint","urlTemplate":"https:\/\/www.kariyer.net\/kariyer-rehberi\/?s={search_term_string}"},"query-input":{"@type":"PropertyValueSpecification","valueRequired":true,"valueName":"search_term_string"}}],"inLanguage":"tr"},{"@type":"Organization","@id":"https:\/\/www.kariyer.net\/kariyer-rehberi\/#organization","name":"Kariyer.net","url":"https:\/\/www.kariyer.net\/kariyer-rehberi\/","logo":{"@type":"ImageObject","inLanguage":"tr","@id":"https:\/\/www.kariyer.net\/kariyer-rehberi\/#\/schema\/logo\/image\/","url":"https:\/\/www.kariyer.net\/kariyer-rehberi-new\/wp-content\/uploads\/2023\/01\/og-image11.jpg","contentUrl":"https:\/\/www.kariyer.net\/kariyer-rehberi-new\/wp-content\/uploads\/2023\/01\/og-image11.jpg","width":800,"height":800,"caption":"Kariyer.net"},"image":{"@id":"https:\/\/www.kariyer.net\/kariyer-rehberi\/#\/schema\/logo\/image\/"}},{"@type":"Person","@id":"https:\/\/www.kariyer.net\/kariyer-rehberi\/#\/schema\/person\/94fd6e49c7ff1b1b2565a2cc4fd685dd","name":"Edit\u00f6r","image":{"@type":"ImageObject","inLanguage":"tr","@id":"https:\/\/www.kariyer.net\/kariyer-rehberi\/#\/schema\/person\/image\/","url":"https:\/\/secure.gravatar.com\/avatar\/0c4fe6688343aed3693b15573beae12c08ace5565409d5ab7509bf9c115f458d?s=96&d=mm&r=g","contentUrl":"https:\/\/secure.gravatar.com\/avatar\/0c4fe6688343aed3693b15573beae12c08ace5565409d5ab7509bf9c115f458d?s=96&d=mm&r=g","caption":"Edit\u00f6r"},"url":"https:\/\/www.kariyer.net\/kariyer-rehberi\/author\/editor\/"}]}},"_links":{"self":[{"href":"https:\/\/www.kariyer.net\/kariyer-rehberi\/wp-json\/wp\/v2\/posts\/9887","targetHints":{"allow":["GET"]}}],"collection":[{"href":"https:\/\/www.kariyer.net\/kariyer-rehberi\/wp-json\/wp\/v2\/posts"}],"about":[{"href":"https:\/\/www.kariyer.net\/kariyer-rehberi\/wp-json\/wp\/v2\/types\/post"}],"author":[{"embeddable":true,"href":"https:\/\/www.kariyer.net\/kariyer-rehberi\/wp-json\/wp\/v2\/users\/12"}],"replies":[{"embeddable":true,"href":"https:\/\/www.kariyer.net\/kariyer-rehberi\/wp-json\/wp\/v2\/comments?post=9887"}],"version-history":[{"count":1,"href":"https:\/\/www.kariyer.net\/kariyer-rehberi\/wp-json\/wp\/v2\/posts\/9887\/revisions"}],"predecessor-version":[{"id":19761,"href":"https:\/\/www.kariyer.net\/kariyer-rehberi\/wp-json\/wp\/v2\/posts\/9887\/revisions\/19761"}],"wp:featuredmedia":[{"embeddable":true,"href":"https:\/\/www.kariyer.net\/kariyer-rehberi\/wp-json\/wp\/v2\/posts\/3770"}],"wp:attachment":[{"href":"https:\/\/www.kariyer.net\/kariyer-rehberi\/wp-json\/wp\/v2\/media?parent=9887"}],"wp:term":[{"taxonomy":"category","embeddable":true,"href":"https:\/\/www.kariyer.net\/kariyer-rehberi\/wp-json\/wp\/v2\/categories?post=9887"},{"taxonomy":"post_tag","embeddable":true,"href":"https:\/\/www.kariyer.net\/kariyer-rehberi\/wp-json\/wp\/v2\/tags?post=9887"}],"curies":[{"name":"wp","href":"https:\/\/api.w.org\/{rel}","templated":true}]}}