{"id":9894,"date":"2013-01-01T15:39:11","date_gmt":"2013-01-01T13:39:11","guid":{"rendered":"http:\/\/www.kariyer.net\/kariyer-kampuste\/?p=3834"},"modified":"2024-07-03T15:34:13","modified_gmt":"2024-07-03T12:34:13","slug":"ieee-itu-teknoloji-konferansi-ile-dijital-dunyaya-baglanilacak","status":"publish","type":"post","link":"https:\/\/www.kariyer.net\/kariyer-rehberi\/ieee-itu-teknoloji-konferansi-ile-dijital-dunyaya-baglanilacak\/","title":{"rendered":"IEEE \u0130T\u00dc Teknoloji Konferans\u0131 ile dijital d\u00fcnyaya ba\u011flan\u0131lacak"},"content":{"rendered":"<p><strong>Teknolojinin geldi\u011fi konumu ve gelecek hedeflerini sekt\u00f6r\u00fcn \u00f6nemli isimlerinden ke\u015ffetmeyi, teknolojinin standartlar\u0131n\u0131 belirleyecek m\u00fchendisleri T\u00fcrkiye&#8217;den \u00e7\u0131karmak i\u00e7in inovasyonun s\u0131n\u0131rlar\u0131n\u0131 kald\u0131rarak s\u0131ra d\u0131\u015f\u0131 bir deneyim sunmay\u0131 ama\u00e7layan IEEE \u0130T\u00dc Teknoloji Konferans\u0131 13 May\u0131s\u2019ta ger\u00e7ekle\u015ftirilecek.<\/strong><\/p>\n<p>Teknolojinin geldi\u011fi konumu ve gelecek hedeflerini sekt\u00f6r\u00fcn \u00f6nemli isimlerinden ke\u015ffetmeyi hedefleyen IEEE \u0130T\u00dc Teknoloji Konferans\u0131 13 May\u0131s Cumartesi g\u00fcn\u00fc \u0130T\u00dc Ma\u00e7ka Kamp\u00fcs\u00fc&#8217;nde yap\u0131lacak. Etkinlikte dijital d\u00fcnya ve beraberinde gelen yeni teknolojiler olan End\u00fcstri 4.0, ak\u0131ll\u0131 \u015fehirler, otonom s\u00fcr\u00fc\u015f, finansal teknolojiler, \u00f6deme teknolojileri, art\u0131r\u0131lm\u0131\u015f ve sanal ger\u00e7eklik, cloud computing, veri g\u00fcvenli\u011fi, biyoteknoloji, yapay zeka ve b\u00fcy\u00fck veri gibi konular ele al\u0131nacak.\u00a0 G\u00fcn boyu s\u00fcrecek oturumlar\u0131n ve at\u00f6lye \u00e7al\u0131\u015fmalar\u0131n\u0131n yan\u0131 s\u0131ra kat\u0131l\u0131mc\u0131lar etkinlik alan\u0131nda yeni teknolojileri deneyimleyebilecek.<\/p>\n<p>Etkinlikte, IEEE \u0130T\u00dc Teknoloji Konferans\u0131 G\u00fcm\u00fc\u015f Sponsoru GPay CEO\u2019su Tu\u011fberk Se\u00e7kin, IEEE Technology &amp; Engineering Management Society Ba\u015fkan Yard\u0131mc\u0131s\u0131 Robert Bierwolf, Bosch IoT ve End\u00fcstri 4.0 Koordinat\u00f6r\u00fc Mustafa Ayhan, Telenity CEO\u2019su \u0130lhan Ba\u011f\u00f6ren, d\u00fcnyadaki en ba\u015far\u0131l\u0131 Top 10 AR\/VR Influencer aras\u0131nda yer alan Sanem Avcil, MEF \u00dcniversitesi Data Analytics Y\u00fcksek Lisans Program\u0131 Koordinat\u00f6r\u00fc \u00d6zg\u00fcr \u00d6zl\u00fck, Microsoft MVP\u2019si Koray Kocaba\u015f, \u0130T\u00dc End\u00fcstri M\u00fchendisli\u011fi akademik kadrosundan Prof. Dr. Alp \u00dcst\u00fcnda\u011f, Gelecekhane\u2019den Almila Ceren Baykan, Linkedin Dublin ofisinden Senior Relationship Manager G\u00fc\u00e7l\u00fc Bilgi, Timur Akkurt ile Teknolojiden Anlamayan Adam ekibi konu\u015fmac\u0131 olarak yer alacak.<\/p>\n<p>Etkinlikte ayr\u0131ca Gelecekhane taraf\u0131ndan Gelecek Senaryosu At\u00f6lyesi ve Webtures taraf\u0131ndan Kullan\u0131c\u0131 Deneyimi ve SEO konular\u0131n\u0131 i\u00e7eren bir Dijital Pazarlama At\u00f6lyesi de d\u00fczenlenecek. Etkinlik alan\u0131nda ise sanal ger\u00e7eklik, \u00f6deme teknolojileri, 3D printer deneyimi ve Maker sergisi yer alacak. \u00c7ekili\u015fle GPay taraf\u0131ndan bir ki\u015fiye oyuncu klavyesi, be\u015f ki\u015fiye 25TL\u2019lik Steam kodu, be\u015f ki\u015fiye 25 TL\u2019lik GPay bakiyesi de verilecek. Etkinlik herkese a\u00e7\u0131k, \u00fccretsiz ve online sertifikal\u0131d\u0131r.<\/p>\n<p>Ba\u015fvuru i\u00e7in : <a href=\"http:\/\/bit.ly\/ituieee2017\">http:\/\/bit.ly\/ituieee2017<\/a><\/p>\n<!-- templates\/buttons-placeholder.php -->\n<div class=\"da-reactions-outer TpostID9894\">\n\t    <div class=\"da-reactions-data da-reactions-container-async center\"\n         data-type=\"post\"\n         data-id=\"9894\"\n         id=\"da-reactions-slot-post-9894\">\n        <div class=\"da-reactions-static\">\n\t\t\t<img src=\"https:\/\/www.kariyer.net\/kariyer-rehberi\/wp-content\/plugins\/da-reactions\/assets\/dist\/loading.svg\" alt=\"Loading spinner\" width=\"48\" height=\"48\" style=\"width:48px\" \/>\n        <\/div>\n    <\/div>\n<\/div>\n","protected":false},"excerpt":{"rendered":"<p>Teknolojinin geldi\u011fi konumu ve gelecek hedeflerini sekt\u00f6r\u00fcn \u00f6nemli isimlerinden ke\u015ffetmeyi, teknolojinin standartlar\u0131n\u0131 belirleyecek m\u00fchendisleri T\u00fcrkiye&#8217;den \u00e7\u0131karmak i\u00e7in inovasyonun s\u0131n\u0131rlar\u0131n\u0131 kald\u0131rarak s\u0131ra d\u0131\u015f\u0131 bir deneyim sunmay\u0131 ama\u00e7layan IEEE \u0130T\u00dc Teknoloji Konferans\u0131 13 May\u0131s\u2019ta ger\u00e7ekle\u015ftirilecek. Teknolojinin geldi\u011fi konumu ve gelecek hedeflerini sekt\u00f6r\u00fcn \u00f6nemli isimlerinden ke\u015ffetmeyi hedefleyen IEEE \u0130T\u00dc Teknoloji Konferans\u0131 13 May\u0131s Cumartesi g\u00fcn\u00fc \u0130T\u00dc Ma\u00e7ka Kamp\u00fcs\u00fc&#8217;nde [&hellip;]<\/p>\n<!-- templates\/buttons-placeholder.php -->\n<div class=\"da-reactions-outer TpostID9894\">\n\t    <div class=\"da-reactions-data da-reactions-container-async center\"\n         data-type=\"post\"\n         data-id=\"9894\"\n         id=\"da-reactions-slot-post-9894\">\n        <div class=\"da-reactions-static\">\n\t\t\t<img src=\"https:\/\/www.kariyer.net\/kariyer-rehberi\/wp-content\/plugins\/da-reactions\/assets\/dist\/loading.svg\" alt=\"Loading spinner\" width=\"48\" height=\"48\" style=\"width:48px\" \/>\n        <\/div>\n    <\/div>\n<\/div>\n","protected":false},"author":12,"featured_media":3835,"comment_status":"open","ping_status":"open","sticky":false,"template":"","format":"standard","meta":{"footnotes":"","_elementor_edit_mode":"","_elementor_template_type":"","_elementor_data":"","_elementor_page_settings":null,"_elementor_conditions":[]},"categories":[2211],"tags":[],"class_list":{"0":"post-9894","1":"post","2":"type-post","3":"status-publish","4":"format-standard","5":"has-post-thumbnail","7":"category-kariyer-gelisimi"},"yoast_head":"<!-- This site is optimized with the Yoast SEO Premium plugin v21.4 (Yoast SEO v27.0) - https:\/\/yoast.com\/product\/yoast-seo-premium-wordpress\/ -->\n<title>IEEE \u0130T\u00dc Teknoloji Konferans\u0131 ile dijital d\u00fcnyaya ba\u011flan\u0131lacak | Kariyer Rehberi<\/title>\n<meta name=\"description\" content=\"Teknolojinin geldi\u011fi konumu ve gelecek hedeflerini sekt\u00f6r\u00fcn \u00f6nemli isimlerinden ke\u015ffetmeyi, teknolojinin standartlar\u0131n\u0131 belirleyecek m\u00fchendisleri\" \/>\n<meta name=\"robots\" content=\"index, follow, max-snippet:-1, max-image-preview:large, max-video-preview:-1\" \/>\n<link rel=\"canonical\" href=\"https:\/\/www.kariyer.net\/kariyer-rehberi\/ieee-itu-teknoloji-konferansi-ile-dijital-dunyaya-baglanilacak\/\" \/>\n<meta property=\"og:locale\" content=\"tr_TR\" \/>\n<meta property=\"og:type\" content=\"article\" \/>\n<meta property=\"og:title\" content=\"IEEE \u0130T\u00dc Teknoloji Konferans\u0131 ile dijital d\u00fcnyaya ba\u011flan\u0131lacak\" \/>\n<meta property=\"og:description\" content=\"Teknolojinin geldi\u011fi konumu ve gelecek hedeflerini sekt\u00f6r\u00fcn \u00f6nemli isimlerinden ke\u015ffetmeyi, teknolojinin standartlar\u0131n\u0131 belirleyecek m\u00fchendisleri\" \/>\n<meta property=\"og:url\" content=\"https:\/\/www.kariyer.net\/kariyer-rehberi\/ieee-itu-teknoloji-konferansi-ile-dijital-dunyaya-baglanilacak\/\" \/>\n<meta property=\"og:site_name\" content=\"Kariyer Rehberi\" \/>\n<meta property=\"article:published_time\" content=\"2013-01-01T13:39:11+00:00\" \/>\n<meta property=\"article:modified_time\" content=\"2024-07-03T12:34:13+00:00\" \/>\n<meta property=\"og:image\" content=\"https:\/\/www.kariyer.net\/kariyer-rehberi\/wp-content\/uploads\/2009\/04\/krizzz250x150.jpg\" \/>\n\t<meta property=\"og:image:width\" content=\"250\" \/>\n\t<meta property=\"og:image:height\" content=\"150\" \/>\n\t<meta property=\"og:image:type\" content=\"image\/jpeg\" \/>\n<meta name=\"author\" content=\"Edit\u00f6r\" \/>\n<meta name=\"twitter:card\" content=\"summary_large_image\" \/>\n<meta name=\"twitter:label1\" content=\"Yazan:\" \/>\n\t<meta name=\"twitter:data1\" content=\"Edit\u00f6r\" \/>\n\t<meta name=\"twitter:label2\" content=\"Tahmini okuma s\u00fcresi\" \/>\n\t<meta name=\"twitter:data2\" content=\"2 dakika\" \/>\n<!-- \/ Yoast SEO Premium plugin. -->","yoast_head_json":{"title":"IEEE \u0130T\u00dc Teknoloji Konferans\u0131 ile dijital d\u00fcnyaya ba\u011flan\u0131lacak | Kariyer Rehberi","description":"Teknolojinin geldi\u011fi konumu ve gelecek hedeflerini sekt\u00f6r\u00fcn \u00f6nemli isimlerinden ke\u015ffetmeyi, teknolojinin standartlar\u0131n\u0131 belirleyecek m\u00fchendisleri","robots":{"index":"index","follow":"follow","max-snippet":"max-snippet:-1","max-image-preview":"max-image-preview:large","max-video-preview":"max-video-preview:-1"},"canonical":"https:\/\/www.kariyer.net\/kariyer-rehberi\/ieee-itu-teknoloji-konferansi-ile-dijital-dunyaya-baglanilacak\/","og_locale":"tr_TR","og_type":"article","og_title":"IEEE \u0130T\u00dc Teknoloji Konferans\u0131 ile dijital d\u00fcnyaya ba\u011flan\u0131lacak","og_description":"Teknolojinin geldi\u011fi konumu ve gelecek hedeflerini sekt\u00f6r\u00fcn \u00f6nemli isimlerinden ke\u015ffetmeyi, teknolojinin standartlar\u0131n\u0131 belirleyecek m\u00fchendisleri","og_url":"https:\/\/www.kariyer.net\/kariyer-rehberi\/ieee-itu-teknoloji-konferansi-ile-dijital-dunyaya-baglanilacak\/","og_site_name":"Kariyer Rehberi","article_published_time":"2013-01-01T13:39:11+00:00","article_modified_time":"2024-07-03T12:34:13+00:00","og_image":[{"width":250,"height":150,"url":"https:\/\/www.kariyer.net\/kariyer-rehberi\/wp-content\/uploads\/2009\/04\/krizzz250x150.jpg","type":"image\/jpeg"}],"author":"Edit\u00f6r","twitter_card":"summary_large_image","twitter_misc":{"Yazan:":"Edit\u00f6r","Tahmini okuma s\u00fcresi":"2 dakika"},"schema":{"@context":"https:\/\/schema.org","@graph":[{"@type":"Article","@id":"https:\/\/www.kariyer.net\/kariyer-rehberi\/ieee-itu-teknoloji-konferansi-ile-dijital-dunyaya-baglanilacak\/#article","isPartOf":{"@id":"https:\/\/www.kariyer.net\/kariyer-rehberi\/ieee-itu-teknoloji-konferansi-ile-dijital-dunyaya-baglanilacak\/"},"author":{"name":"Edit\u00f6r","@id":"https:\/\/www.kariyer.net\/kariyer-rehberi\/#\/schema\/person\/94fd6e49c7ff1b1b2565a2cc4fd685dd"},"headline":"IEEE \u0130T\u00dc Teknoloji Konferans\u0131 ile dijital d\u00fcnyaya ba\u011flan\u0131lacak","datePublished":"2013-01-01T13:39:11+00:00","dateModified":"2024-07-03T12:34:13+00:00","mainEntityOfPage":{"@id":"https:\/\/www.kariyer.net\/kariyer-rehberi\/ieee-itu-teknoloji-konferansi-ile-dijital-dunyaya-baglanilacak\/"},"wordCount":378,"commentCount":0,"publisher":{"@id":"https:\/\/www.kariyer.net\/kariyer-rehberi\/#organization"},"image":{"@id":"https:\/\/www.kariyer.net\/kariyer-rehberi\/ieee-itu-teknoloji-konferansi-ile-dijital-dunyaya-baglanilacak\/#primaryimage"},"thumbnailUrl":"https:\/\/www.kariyer.net\/kariyer-rehberi\/wp-content\/uploads\/2009\/04\/krizzz250x150.jpg","articleSection":["Kariyer Geli\u015fimi"],"inLanguage":"tr","potentialAction":[{"@type":"CommentAction","name":"Comment","target":["https:\/\/www.kariyer.net\/kariyer-rehberi\/ieee-itu-teknoloji-konferansi-ile-dijital-dunyaya-baglanilacak\/#respond"]}]},{"@type":"WebPage","@id":"https:\/\/www.kariyer.net\/kariyer-rehberi\/ieee-itu-teknoloji-konferansi-ile-dijital-dunyaya-baglanilacak\/","url":"https:\/\/www.kariyer.net\/kariyer-rehberi\/ieee-itu-teknoloji-konferansi-ile-dijital-dunyaya-baglanilacak\/","name":"IEEE \u0130T\u00dc Teknoloji Konferans\u0131 ile dijital d\u00fcnyaya ba\u011flan\u0131lacak | Kariyer Rehberi","isPartOf":{"@id":"https:\/\/www.kariyer.net\/kariyer-rehberi\/#website"},"primaryImageOfPage":{"@id":"https:\/\/www.kariyer.net\/kariyer-rehberi\/ieee-itu-teknoloji-konferansi-ile-dijital-dunyaya-baglanilacak\/#primaryimage"},"image":{"@id":"https:\/\/www.kariyer.net\/kariyer-rehberi\/ieee-itu-teknoloji-konferansi-ile-dijital-dunyaya-baglanilacak\/#primaryimage"},"thumbnailUrl":"https:\/\/www.kariyer.net\/kariyer-rehberi\/wp-content\/uploads\/2009\/04\/krizzz250x150.jpg","datePublished":"2013-01-01T13:39:11+00:00","dateModified":"2024-07-03T12:34:13+00:00","description":"Teknolojinin geldi\u011fi konumu ve gelecek hedeflerini sekt\u00f6r\u00fcn \u00f6nemli isimlerinden ke\u015ffetmeyi, teknolojinin standartlar\u0131n\u0131 belirleyecek m\u00fchendisleri","breadcrumb":{"@id":"https:\/\/www.kariyer.net\/kariyer-rehberi\/ieee-itu-teknoloji-konferansi-ile-dijital-dunyaya-baglanilacak\/#breadcrumb"},"inLanguage":"tr","potentialAction":[{"@type":"ReadAction","target":["https:\/\/www.kariyer.net\/kariyer-rehberi\/ieee-itu-teknoloji-konferansi-ile-dijital-dunyaya-baglanilacak\/"]}]},{"@type":"ImageObject","inLanguage":"tr","@id":"https:\/\/www.kariyer.net\/kariyer-rehberi\/ieee-itu-teknoloji-konferansi-ile-dijital-dunyaya-baglanilacak\/#primaryimage","url":"https:\/\/www.kariyer.net\/kariyer-rehberi\/wp-content\/uploads\/2009\/04\/krizzz250x150.jpg","contentUrl":"https:\/\/www.kariyer.net\/kariyer-rehberi\/wp-content\/uploads\/2009\/04\/krizzz250x150.jpg","width":250,"height":150},{"@type":"BreadcrumbList","@id":"https:\/\/www.kariyer.net\/kariyer-rehberi\/ieee-itu-teknoloji-konferansi-ile-dijital-dunyaya-baglanilacak\/#breadcrumb","itemListElement":[{"@type":"ListItem","position":1,"name":"Anasayfa","item":"https:\/\/www.kariyer.net\/kariyer-rehberi\/"},{"@type":"ListItem","position":2,"name":"IEEE \u0130T\u00dc Teknoloji Konferans\u0131 ile dijital d\u00fcnyaya ba\u011flan\u0131lacak"}]},{"@type":"WebSite","@id":"https:\/\/www.kariyer.net\/kariyer-rehberi\/#website","url":"https:\/\/www.kariyer.net\/kariyer-rehberi\/","name":"Kariyer Rehberi","description":"\u0130\u015f D\u00fcnyas\u0131yla \u0130lgili Bilmek \u0130stedi\u011finiz Her \u015eey","publisher":{"@id":"https:\/\/www.kariyer.net\/kariyer-rehberi\/#organization"},"potentialAction":[{"@type":"SearchAction","target":{"@type":"EntryPoint","urlTemplate":"https:\/\/www.kariyer.net\/kariyer-rehberi\/?s={search_term_string}"},"query-input":{"@type":"PropertyValueSpecification","valueRequired":true,"valueName":"search_term_string"}}],"inLanguage":"tr"},{"@type":"Organization","@id":"https:\/\/www.kariyer.net\/kariyer-rehberi\/#organization","name":"Kariyer.net","url":"https:\/\/www.kariyer.net\/kariyer-rehberi\/","logo":{"@type":"ImageObject","inLanguage":"tr","@id":"https:\/\/www.kariyer.net\/kariyer-rehberi\/#\/schema\/logo\/image\/","url":"https:\/\/www.kariyer.net\/kariyer-rehberi-new\/wp-content\/uploads\/2023\/01\/og-image11.jpg","contentUrl":"https:\/\/www.kariyer.net\/kariyer-rehberi-new\/wp-content\/uploads\/2023\/01\/og-image11.jpg","width":800,"height":800,"caption":"Kariyer.net"},"image":{"@id":"https:\/\/www.kariyer.net\/kariyer-rehberi\/#\/schema\/logo\/image\/"}},{"@type":"Person","@id":"https:\/\/www.kariyer.net\/kariyer-rehberi\/#\/schema\/person\/94fd6e49c7ff1b1b2565a2cc4fd685dd","name":"Edit\u00f6r","image":{"@type":"ImageObject","inLanguage":"tr","@id":"https:\/\/www.kariyer.net\/kariyer-rehberi\/#\/schema\/person\/image\/","url":"https:\/\/secure.gravatar.com\/avatar\/0c4fe6688343aed3693b15573beae12c08ace5565409d5ab7509bf9c115f458d?s=96&d=mm&r=g","contentUrl":"https:\/\/secure.gravatar.com\/avatar\/0c4fe6688343aed3693b15573beae12c08ace5565409d5ab7509bf9c115f458d?s=96&d=mm&r=g","caption":"Edit\u00f6r"},"url":"https:\/\/www.kariyer.net\/kariyer-rehberi\/author\/editor\/"}]}},"_links":{"self":[{"href":"https:\/\/www.kariyer.net\/kariyer-rehberi\/wp-json\/wp\/v2\/posts\/9894","targetHints":{"allow":["GET"]}}],"collection":[{"href":"https:\/\/www.kariyer.net\/kariyer-rehberi\/wp-json\/wp\/v2\/posts"}],"about":[{"href":"https:\/\/www.kariyer.net\/kariyer-rehberi\/wp-json\/wp\/v2\/types\/post"}],"author":[{"embeddable":true,"href":"https:\/\/www.kariyer.net\/kariyer-rehberi\/wp-json\/wp\/v2\/users\/12"}],"replies":[{"embeddable":true,"href":"https:\/\/www.kariyer.net\/kariyer-rehberi\/wp-json\/wp\/v2\/comments?post=9894"}],"version-history":[{"count":1,"href":"https:\/\/www.kariyer.net\/kariyer-rehberi\/wp-json\/wp\/v2\/posts\/9894\/revisions"}],"predecessor-version":[{"id":19786,"href":"https:\/\/www.kariyer.net\/kariyer-rehberi\/wp-json\/wp\/v2\/posts\/9894\/revisions\/19786"}],"wp:featuredmedia":[{"embeddable":true,"href":"https:\/\/www.kariyer.net\/kariyer-rehberi\/wp-json\/wp\/v2\/media\/3835"}],"wp:attachment":[{"href":"https:\/\/www.kariyer.net\/kariyer-rehberi\/wp-json\/wp\/v2\/media?parent=9894"}],"wp:term":[{"taxonomy":"category","embeddable":true,"href":"https:\/\/www.kariyer.net\/kariyer-rehberi\/wp-json\/wp\/v2\/categories?post=9894"},{"taxonomy":"post_tag","embeddable":true,"href":"https:\/\/www.kariyer.net\/kariyer-rehberi\/wp-json\/wp\/v2\/tags?post=9894"}],"curies":[{"name":"wp","href":"https:\/\/api.w.org\/{rel}","templated":true}]}}