{"id":9897,"date":"2013-01-01T09:03:08","date_gmt":"2013-01-01T07:03:08","guid":{"rendered":"http:\/\/www.kariyer.net\/kariyer-kampuste\/?p=2396"},"modified":"2024-07-03T15:37:20","modified_gmt":"2024-07-03T12:37:20","slug":"tobb-ekonomi-ve-teknoloji-universitesi-38-temob","status":"publish","type":"post","link":"https:\/\/www.kariyer.net\/kariyer-rehberi\/tobb-ekonomi-ve-teknoloji-universitesi-38-temob\/","title":{"rendered":"TOBB Ekonomi ve Teknoloji \u00dcniversitesi 38. TEM\u00d6B"},"content":{"rendered":"<p><img decoding=\"async\" class=\"alignleft\" src=\"http:\/\/www.kariyer.net\/kariyer-kampuste\/wp-content\/uploads\/2014\/09\/tobb_kampuste.jpeg\" alt=\"\" width=\"192\" height=\"192\" \/><\/p>\n<p>T\u00fcrkiye&#8217;nin en b\u00fcy\u00fck \u00f6\u011frenci organizasyonu TEM\u00d6B (T\u00fcrkiye End\u00fcstri M\u00fchendisli\u011fi \u00d6\u011frencileri Bulu\u015fmas\u0131) &#8216;\u00fcn 38. Aya\u011f\u0131, TOBB ET\u00dc End\u00fcstri ve Verimlilik Toplulu\u011fu ev sahipli\u011finde 24-28 Eyl\u00fcl&#8217;de!<\/p>\n<p>TOBB ET\u00dc\u2019n\u00fcn en aktif \u00f6\u011frenci toplulu\u011fu niteli\u011fini ta\u015f\u0131yan End\u00fcstri ve Verimlilik Toplulu\u011fu\u2019nun kuruldu\u011fu ilk g\u00fcnden bu yana temel amac\u0131; d\u00fczenledi\u011fi seminer, kamp ve teknik geziler sayesinde, \u00f6\u011frencilerin mezun olmadan profesyonel i\u015f hayat\u0131 hakk\u0131nda bilgi sahibi olmalar\u0131n\u0131 sa\u011flamak ve ayn\u0131 zamanda sosyal y\u00f6nlerini de ortaya \u00e7\u0131karmakt\u0131r.<\/p>\n<p>D\u00fc\u015f\u00fcn\u00fclenin aksine sadece end\u00fcstri m\u00fchendisli\u011fi b\u00f6l\u00fcm\u00fcne de\u011fil, t\u00fcm b\u00f6l\u00fcmlere hitap eden toplulu\u011fumuz, d\u00fczenledi\u011fi e\u011fitim ve teknik geziler sayesinde bunu kan\u0131tlam\u0131\u015f olup, kul\u00fcp i\u00e7i \u00e7al\u0131\u015fma tak\u0131mlar\u0131nda ve Y\u00f6netim Kurulu\u2019nda, farkl\u0131 b\u00f6l\u00fcmlerden \u00f6\u011frencilere yer vererek isteyen TOBB ET\u00dc \u00f6\u011frencisinin b\u00f6l\u00fcm\u00fcne bakmaks\u0131z\u0131n, topluluk i\u00e7inde aktif rol alabilmesine olanak sa\u011flam\u0131\u015ft\u0131r.<!--more--><\/p>\n<p>Kat\u0131l\u0131m ve i\u00e7erik a\u00e7\u0131s\u0131ndan T\u00fcrkiye\u2019nin en b\u00fcy\u00fck \u00f6\u011frenci organizasyonu olarak kabul edilen T\u00fcrkiye End\u00fcstri M\u00fchendisli\u011fi \u00d6\u011frencileri Bulu\u015fmas\u0131, k\u0131sa ad\u0131yla TEM\u00d6B, \u00f6\u011frenci tabanl\u0131 olup seminer, konferans ve bilgi al\u0131\u015fveri\u015fi ama\u00e7l\u0131d\u0131r. 1996 y\u0131l\u0131ndan beri d\u00fczenlenmekte olup, T\u00fcrkiye Cumhuriyeti\u2019nde ve Kuzey K\u0131br\u0131s T\u00fcrk Cumhuriyeti\u2019nde end\u00fcstri m\u00fchendisli\u011fi e\u011fitimi veren 55 farkl\u0131 \u00fcniversitenin \u00f6\u011frencilerini ortak bir platformda bir araya getirerek;<\/p>\n<ul>\n<li>End\u00fcstri m\u00fchendisli\u011fi alan\u0131nda bilgi al\u0131\u015fveri\u015finde bulunmalar\u0131n\u0131,<\/li>\n<\/ul>\n<ul>\n<li>End\u00fcstriyel sorunlara grup bak\u0131\u015f a\u00e7\u0131s\u0131 ve yakla\u015f\u0131m\u0131yla \u00e7\u00f6z\u00fcmler \u00f6ne s\u00fcrmelerini,<\/li>\n<\/ul>\n<ul>\n<li>\u00dcniversite &#8211; i\u015f d\u00fcnyas\u0131 i\u015fbirli\u011fini sa\u011flamay\u0131,<\/li>\n<\/ul>\n<ul>\n<li>Seminer, teknik gezi, at\u00f6lye \u00e7al\u0131\u015fmas\u0131 gibi \u00e7e\u015fitli aktivitelerle kapsaml\u0131 bir \u015fekilde bilgi edinmelerini sa\u011flamay\u0131,<\/li>\n<\/ul>\n<ul>\n<li>Gelece\u011fin end\u00fcstri m\u00fchendisleri olarak T\u00fcrkiye ve d\u00fcnyadaki g\u00fcncel geli\u015fmeleri yak\u0131ndan izleyebilmelerini sa\u011flamay\u0131 ama\u00e7 edinmi\u015f,<\/li>\n<\/ul>\n<p>T\u00fcrkiye\u2019nin ilk ve en b\u00fcy\u00fck bulu\u015fmalar zinciridir.<\/p>\n<p>Bu bulu\u015fmalar s\u0131ras\u0131nda, akademik d\u00fcnyan\u0131n ve i\u015f d\u00fcnyas\u0131n\u0131n alanlar\u0131nda en ba\u015far\u0131l\u0131 isimleri, kat\u0131l\u0131mc\u0131larla s\u00f6z konusu TEM\u00d6B i\u00e7in belirlenmi\u015f konuyla ilgili bilgi ve tecr\u00fcbelerini payla\u015fmaktad\u0131rlar. Bu d\u00f6nem 38.si d\u00fczenlenecek olan TEM\u00d6B\u2019\u00fcn konsepti \u201cF\u00fct\u00fcristik \u0130novasyon\u201d olarak belirlenmi\u015ftir.<\/p>\n<p>\u015eubat ve Eyl\u00fcl aylar\u0131nda olmak \u00fczere y\u0131lda iki kere d\u00fczenlenen TEM\u00d6B, her seferinde farkl\u0131 bir \u00fcniversitenin ev sahipli\u011finde ger\u00e7ekle\u015fir. 5 g\u00fcn boyunca g\u00fcn i\u00e7inde birbirinden de\u011ferli oturumlar\u0131n sonras\u0131nda geceleri de Ankara&#8217;n\u0131n en g\u00fczel mekanlar\u0131nda konuklarla tan\u0131\u015fma, kayna\u015fma f\u0131rsat\u0131 elde etmek ve konuklar\u0131n g\u00fczel vakit ge\u00e7irmesini sa\u011flamak amac\u0131yla e\u011flenceler d\u00fczenlenmektedir.<\/p>\n<p>38. TEM\u00d6B\u2019e kaydolmak i\u00e7in End\u00fcstri ve Verimlilik Toplulu\u011fu TEM\u00d6B Temsilcisi Gizem \u00d6zmen\u2019e a\u015fa\u011f\u0131daki numaradan ula\u015f\u0131labilir.<\/p>\n<p>Gizem \u00d6zmen:<\/p>\n<p>0538 302 00 15<\/p>\n<p>Program, konu\u015fmac\u0131lar ve daha detayl\u0131 bilgi i\u00e7in twitter\u2019dan <a title=\"38.TEM\u00d6B\" href=\"https:\/\/twitter.com\/38temob\" target=\"_blank\" rel=\"noopener\">@38temob<\/a> hesab\u0131n\u0131 ve <a title=\"TOBB ET\u00dc\" href=\"http:\/\/etuevt.org\/\" target=\"_blank\" rel=\"noopener\">etuevt.org<\/a>\u2019u takip edebilirsiniz!<\/p>\n<!-- templates\/buttons-placeholder.php -->\n<div class=\"da-reactions-outer TpostID9897\">\n\t    <div class=\"da-reactions-data da-reactions-container-async center\"\n         data-type=\"post\"\n         data-id=\"9897\"\n         id=\"da-reactions-slot-post-9897\">\n        <div class=\"da-reactions-static\">\n\t\t\t<img src=\"https:\/\/www.kariyer.net\/kariyer-rehberi\/wp-content\/plugins\/da-reactions\/assets\/dist\/loading.svg\" alt=\"Loading spinner\" width=\"48\" height=\"48\" style=\"width:48px\" \/>\n        <\/div>\n    <\/div>\n<\/div>\n","protected":false},"excerpt":{"rendered":"<p>T\u00fcrkiye&#8217;nin en b\u00fcy\u00fck \u00f6\u011frenci organizasyonu TEM\u00d6B (T\u00fcrkiye End\u00fcstri M\u00fchendisli\u011fi \u00d6\u011frencileri Bulu\u015fmas\u0131) &#8216;\u00fcn 38. Aya\u011f\u0131, TOBB ET\u00dc End\u00fcstri ve Verimlilik Toplulu\u011fu ev sahipli\u011finde 24-28 Eyl\u00fcl&#8217;de! TOBB ET\u00dc\u2019n\u00fcn en aktif \u00f6\u011frenci toplulu\u011fu niteli\u011fini ta\u015f\u0131yan End\u00fcstri ve Verimlilik Toplulu\u011fu\u2019nun kuruldu\u011fu ilk g\u00fcnden bu yana temel amac\u0131; d\u00fczenledi\u011fi seminer, kamp ve teknik geziler sayesinde, \u00f6\u011frencilerin mezun olmadan profesyonel i\u015f [&hellip;]<\/p>\n<!-- templates\/buttons-placeholder.php -->\n<div class=\"da-reactions-outer TpostID9897\">\n\t    <div class=\"da-reactions-data da-reactions-container-async center\"\n         data-type=\"post\"\n         data-id=\"9897\"\n         id=\"da-reactions-slot-post-9897\">\n        <div class=\"da-reactions-static\">\n\t\t\t<img src=\"https:\/\/www.kariyer.net\/kariyer-rehberi\/wp-content\/plugins\/da-reactions\/assets\/dist\/loading.svg\" alt=\"Loading spinner\" width=\"48\" height=\"48\" style=\"width:48px\" \/>\n        <\/div>\n    <\/div>\n<\/div>\n","protected":false},"author":12,"featured_media":0,"comment_status":"open","ping_status":"open","sticky":false,"template":"","format":"standard","meta":{"footnotes":"","_elementor_edit_mode":"","_elementor_template_type":"","_elementor_data":"","_elementor_page_settings":null,"_elementor_conditions":[]},"categories":[2211],"tags":[],"class_list":{"0":"post-9897","1":"post","2":"type-post","3":"status-publish","4":"format-standard","6":"category-kariyer-gelisimi"},"yoast_head":"<!-- This site is optimized with the Yoast SEO Premium plugin v21.4 (Yoast SEO v27.0) - https:\/\/yoast.com\/product\/yoast-seo-premium-wordpress\/ -->\n<title>TOBB Ekonomi ve Teknoloji \u00dcniversitesi 38. TEM\u00d6B | Kariyer Rehberi<\/title>\n<meta name=\"description\" content=\"T\u00fcrkiye&#039;nin en b\u00fcy\u00fck \u00f6\u011frenci organizasyonu TEM\u00d6B (T\u00fcrkiye End\u00fcstri M\u00fchendisli\u011fi \u00d6\u011frencileri Bulu\u015fmas\u0131) &#039;\u00fcn 38. Aya\u011f\u0131, TOBB ET\u00dc End\u00fcstri ve Verimlilik\" \/>\n<meta name=\"robots\" content=\"index, follow, max-snippet:-1, max-image-preview:large, max-video-preview:-1\" \/>\n<link rel=\"canonical\" href=\"https:\/\/www.kariyer.net\/kariyer-rehberi\/tobb-ekonomi-ve-teknoloji-universitesi-38-temob\/\" \/>\n<meta property=\"og:locale\" content=\"tr_TR\" \/>\n<meta property=\"og:type\" content=\"article\" \/>\n<meta property=\"og:title\" content=\"TOBB Ekonomi ve Teknoloji \u00dcniversitesi 38. TEM\u00d6B\" \/>\n<meta property=\"og:description\" content=\"T\u00fcrkiye&#039;nin en b\u00fcy\u00fck \u00f6\u011frenci organizasyonu TEM\u00d6B (T\u00fcrkiye End\u00fcstri M\u00fchendisli\u011fi \u00d6\u011frencileri Bulu\u015fmas\u0131) &#039;\u00fcn 38. Aya\u011f\u0131, TOBB ET\u00dc End\u00fcstri ve Verimlilik\" \/>\n<meta property=\"og:url\" content=\"https:\/\/www.kariyer.net\/kariyer-rehberi\/tobb-ekonomi-ve-teknoloji-universitesi-38-temob\/\" \/>\n<meta property=\"og:site_name\" content=\"Kariyer Rehberi\" \/>\n<meta property=\"article:published_time\" content=\"2013-01-01T07:03:08+00:00\" \/>\n<meta property=\"article:modified_time\" content=\"2024-07-03T12:37:20+00:00\" \/>\n<meta property=\"og:image\" content=\"http:\/\/www.kariyer.net\/kariyer-kampuste\/wp-content\/uploads\/2014\/09\/tobb_kampuste.jpeg\" \/>\n<meta name=\"author\" content=\"Edit\u00f6r\" \/>\n<meta name=\"twitter:card\" content=\"summary_large_image\" \/>\n<meta name=\"twitter:label1\" content=\"Yazan:\" \/>\n\t<meta name=\"twitter:data1\" content=\"Edit\u00f6r\" \/>\n\t<meta name=\"twitter:label2\" content=\"Tahmini okuma s\u00fcresi\" \/>\n\t<meta name=\"twitter:data2\" content=\"3 dakika\" \/>\n<!-- \/ Yoast SEO Premium plugin. -->","yoast_head_json":{"title":"TOBB Ekonomi ve Teknoloji \u00dcniversitesi 38. TEM\u00d6B | Kariyer Rehberi","description":"T\u00fcrkiye'nin en b\u00fcy\u00fck \u00f6\u011frenci organizasyonu TEM\u00d6B (T\u00fcrkiye End\u00fcstri M\u00fchendisli\u011fi \u00d6\u011frencileri Bulu\u015fmas\u0131) '\u00fcn 38. Aya\u011f\u0131, TOBB ET\u00dc End\u00fcstri ve Verimlilik","robots":{"index":"index","follow":"follow","max-snippet":"max-snippet:-1","max-image-preview":"max-image-preview:large","max-video-preview":"max-video-preview:-1"},"canonical":"https:\/\/www.kariyer.net\/kariyer-rehberi\/tobb-ekonomi-ve-teknoloji-universitesi-38-temob\/","og_locale":"tr_TR","og_type":"article","og_title":"TOBB Ekonomi ve Teknoloji \u00dcniversitesi 38. TEM\u00d6B","og_description":"T\u00fcrkiye'nin en b\u00fcy\u00fck \u00f6\u011frenci organizasyonu TEM\u00d6B (T\u00fcrkiye End\u00fcstri M\u00fchendisli\u011fi \u00d6\u011frencileri Bulu\u015fmas\u0131) '\u00fcn 38. Aya\u011f\u0131, TOBB ET\u00dc End\u00fcstri ve Verimlilik","og_url":"https:\/\/www.kariyer.net\/kariyer-rehberi\/tobb-ekonomi-ve-teknoloji-universitesi-38-temob\/","og_site_name":"Kariyer Rehberi","article_published_time":"2013-01-01T07:03:08+00:00","article_modified_time":"2024-07-03T12:37:20+00:00","og_image":[{"url":"http:\/\/www.kariyer.net\/kariyer-kampuste\/wp-content\/uploads\/2014\/09\/tobb_kampuste.jpeg","type":"","width":"","height":""}],"author":"Edit\u00f6r","twitter_card":"summary_large_image","twitter_misc":{"Yazan:":"Edit\u00f6r","Tahmini okuma s\u00fcresi":"3 dakika"},"schema":{"@context":"https:\/\/schema.org","@graph":[{"@type":"Article","@id":"https:\/\/www.kariyer.net\/kariyer-rehberi\/tobb-ekonomi-ve-teknoloji-universitesi-38-temob\/#article","isPartOf":{"@id":"https:\/\/www.kariyer.net\/kariyer-rehberi\/tobb-ekonomi-ve-teknoloji-universitesi-38-temob\/"},"author":{"name":"Edit\u00f6r","@id":"https:\/\/www.kariyer.net\/kariyer-rehberi\/#\/schema\/person\/94fd6e49c7ff1b1b2565a2cc4fd685dd"},"headline":"TOBB Ekonomi ve Teknoloji \u00dcniversitesi 38. TEM\u00d6B","datePublished":"2013-01-01T07:03:08+00:00","dateModified":"2024-07-03T12:37:20+00:00","mainEntityOfPage":{"@id":"https:\/\/www.kariyer.net\/kariyer-rehberi\/tobb-ekonomi-ve-teknoloji-universitesi-38-temob\/"},"wordCount":553,"commentCount":0,"publisher":{"@id":"https:\/\/www.kariyer.net\/kariyer-rehberi\/#organization"},"image":{"@id":"https:\/\/www.kariyer.net\/kariyer-rehberi\/tobb-ekonomi-ve-teknoloji-universitesi-38-temob\/#primaryimage"},"thumbnailUrl":"http:\/\/www.kariyer.net\/kariyer-kampuste\/wp-content\/uploads\/2014\/09\/tobb_kampuste.jpeg","articleSection":["Kariyer Geli\u015fimi"],"inLanguage":"tr","potentialAction":[{"@type":"CommentAction","name":"Comment","target":["https:\/\/www.kariyer.net\/kariyer-rehberi\/tobb-ekonomi-ve-teknoloji-universitesi-38-temob\/#respond"]}]},{"@type":"WebPage","@id":"https:\/\/www.kariyer.net\/kariyer-rehberi\/tobb-ekonomi-ve-teknoloji-universitesi-38-temob\/","url":"https:\/\/www.kariyer.net\/kariyer-rehberi\/tobb-ekonomi-ve-teknoloji-universitesi-38-temob\/","name":"TOBB Ekonomi ve Teknoloji \u00dcniversitesi 38. TEM\u00d6B | Kariyer Rehberi","isPartOf":{"@id":"https:\/\/www.kariyer.net\/kariyer-rehberi\/#website"},"primaryImageOfPage":{"@id":"https:\/\/www.kariyer.net\/kariyer-rehberi\/tobb-ekonomi-ve-teknoloji-universitesi-38-temob\/#primaryimage"},"image":{"@id":"https:\/\/www.kariyer.net\/kariyer-rehberi\/tobb-ekonomi-ve-teknoloji-universitesi-38-temob\/#primaryimage"},"thumbnailUrl":"http:\/\/www.kariyer.net\/kariyer-kampuste\/wp-content\/uploads\/2014\/09\/tobb_kampuste.jpeg","datePublished":"2013-01-01T07:03:08+00:00","dateModified":"2024-07-03T12:37:20+00:00","description":"T\u00fcrkiye'nin en b\u00fcy\u00fck \u00f6\u011frenci organizasyonu TEM\u00d6B (T\u00fcrkiye End\u00fcstri M\u00fchendisli\u011fi \u00d6\u011frencileri Bulu\u015fmas\u0131) '\u00fcn 38. Aya\u011f\u0131, TOBB ET\u00dc End\u00fcstri ve Verimlilik","breadcrumb":{"@id":"https:\/\/www.kariyer.net\/kariyer-rehberi\/tobb-ekonomi-ve-teknoloji-universitesi-38-temob\/#breadcrumb"},"inLanguage":"tr","potentialAction":[{"@type":"ReadAction","target":["https:\/\/www.kariyer.net\/kariyer-rehberi\/tobb-ekonomi-ve-teknoloji-universitesi-38-temob\/"]}]},{"@type":"ImageObject","inLanguage":"tr","@id":"https:\/\/www.kariyer.net\/kariyer-rehberi\/tobb-ekonomi-ve-teknoloji-universitesi-38-temob\/#primaryimage","url":"http:\/\/www.kariyer.net\/kariyer-kampuste\/wp-content\/uploads\/2014\/09\/tobb_kampuste.jpeg","contentUrl":"http:\/\/www.kariyer.net\/kariyer-kampuste\/wp-content\/uploads\/2014\/09\/tobb_kampuste.jpeg"},{"@type":"BreadcrumbList","@id":"https:\/\/www.kariyer.net\/kariyer-rehberi\/tobb-ekonomi-ve-teknoloji-universitesi-38-temob\/#breadcrumb","itemListElement":[{"@type":"ListItem","position":1,"name":"Anasayfa","item":"https:\/\/www.kariyer.net\/kariyer-rehberi\/"},{"@type":"ListItem","position":2,"name":"TOBB Ekonomi ve Teknoloji \u00dcniversitesi 38. TEM\u00d6B"}]},{"@type":"WebSite","@id":"https:\/\/www.kariyer.net\/kariyer-rehberi\/#website","url":"https:\/\/www.kariyer.net\/kariyer-rehberi\/","name":"Kariyer Rehberi","description":"\u0130\u015f D\u00fcnyas\u0131yla \u0130lgili Bilmek \u0130stedi\u011finiz Her \u015eey","publisher":{"@id":"https:\/\/www.kariyer.net\/kariyer-rehberi\/#organization"},"potentialAction":[{"@type":"SearchAction","target":{"@type":"EntryPoint","urlTemplate":"https:\/\/www.kariyer.net\/kariyer-rehberi\/?s={search_term_string}"},"query-input":{"@type":"PropertyValueSpecification","valueRequired":true,"valueName":"search_term_string"}}],"inLanguage":"tr"},{"@type":"Organization","@id":"https:\/\/www.kariyer.net\/kariyer-rehberi\/#organization","name":"Kariyer.net","url":"https:\/\/www.kariyer.net\/kariyer-rehberi\/","logo":{"@type":"ImageObject","inLanguage":"tr","@id":"https:\/\/www.kariyer.net\/kariyer-rehberi\/#\/schema\/logo\/image\/","url":"https:\/\/www.kariyer.net\/kariyer-rehberi-new\/wp-content\/uploads\/2023\/01\/og-image11.jpg","contentUrl":"https:\/\/www.kariyer.net\/kariyer-rehberi-new\/wp-content\/uploads\/2023\/01\/og-image11.jpg","width":800,"height":800,"caption":"Kariyer.net"},"image":{"@id":"https:\/\/www.kariyer.net\/kariyer-rehberi\/#\/schema\/logo\/image\/"}},{"@type":"Person","@id":"https:\/\/www.kariyer.net\/kariyer-rehberi\/#\/schema\/person\/94fd6e49c7ff1b1b2565a2cc4fd685dd","name":"Edit\u00f6r","image":{"@type":"ImageObject","inLanguage":"tr","@id":"https:\/\/www.kariyer.net\/kariyer-rehberi\/#\/schema\/person\/image\/","url":"https:\/\/secure.gravatar.com\/avatar\/0c4fe6688343aed3693b15573beae12c08ace5565409d5ab7509bf9c115f458d?s=96&d=mm&r=g","contentUrl":"https:\/\/secure.gravatar.com\/avatar\/0c4fe6688343aed3693b15573beae12c08ace5565409d5ab7509bf9c115f458d?s=96&d=mm&r=g","caption":"Edit\u00f6r"},"url":"https:\/\/www.kariyer.net\/kariyer-rehberi\/author\/editor\/"}]}},"_links":{"self":[{"href":"https:\/\/www.kariyer.net\/kariyer-rehberi\/wp-json\/wp\/v2\/posts\/9897","targetHints":{"allow":["GET"]}}],"collection":[{"href":"https:\/\/www.kariyer.net\/kariyer-rehberi\/wp-json\/wp\/v2\/posts"}],"about":[{"href":"https:\/\/www.kariyer.net\/kariyer-rehberi\/wp-json\/wp\/v2\/types\/post"}],"author":[{"embeddable":true,"href":"https:\/\/www.kariyer.net\/kariyer-rehberi\/wp-json\/wp\/v2\/users\/12"}],"replies":[{"embeddable":true,"href":"https:\/\/www.kariyer.net\/kariyer-rehberi\/wp-json\/wp\/v2\/comments?post=9897"}],"version-history":[{"count":1,"href":"https:\/\/www.kariyer.net\/kariyer-rehberi\/wp-json\/wp\/v2\/posts\/9897\/revisions"}],"predecessor-version":[{"id":19918,"href":"https:\/\/www.kariyer.net\/kariyer-rehberi\/wp-json\/wp\/v2\/posts\/9897\/revisions\/19918"}],"wp:attachment":[{"href":"https:\/\/www.kariyer.net\/kariyer-rehberi\/wp-json\/wp\/v2\/media?parent=9897"}],"wp:term":[{"taxonomy":"category","embeddable":true,"href":"https:\/\/www.kariyer.net\/kariyer-rehberi\/wp-json\/wp\/v2\/categories?post=9897"},{"taxonomy":"post_tag","embeddable":true,"href":"https:\/\/www.kariyer.net\/kariyer-rehberi\/wp-json\/wp\/v2\/tags?post=9897"}],"curies":[{"name":"wp","href":"https:\/\/api.w.org\/{rel}","templated":true}]}}