{"id":9900,"date":"2013-01-01T11:07:55","date_gmt":"2013-01-01T09:07:55","guid":{"rendered":"http:\/\/www.kariyer.net\/kariyer-kampuste\/?p=3135"},"modified":"2024-07-03T15:35:54","modified_gmt":"2024-07-03T12:35:54","slug":"db-kariyer-okulu-yeniden-basliyor","status":"publish","type":"post","link":"https:\/\/www.kariyer.net\/kariyer-rehberi\/db-kariyer-okulu-yeniden-basliyor\/","title":{"rendered":"DB Kariyer Okulu Yeniden Ba\u015fl\u0131yor\u2026"},"content":{"rendered":"<p>Rekabetin h\u0131zla artt\u0131\u011f\u0131, k\u0131s\u0131tl\u0131 kaynaklar ile \u00e7e\u015fitli bask\u0131lar alt\u0131nda en iyiyi hedefleyen \u015firketlerin yer ald\u0131\u011f\u0131 i\u015f d\u00fcnyas\u0131nda art\u0131k sadece \u201cdiploma\u201d sahibi olmak \u201ciyi bir i\u015f bulmak\u201d i\u00e7in yeterli olmuyor. Gen\u00e7lerin i\u015f arayanlar aras\u0131ndan fark edilerek istedikleri i\u015fi bulabilmeleri i\u00e7in \u201c<a href=\"http:\/\/www.kariyer.net\/yeni-mezun-is-ilanlari\"><strong>yeni mezun<\/strong><\/a> olarak\u201d kendilerini geli\u015ftirmeleri ve \u00f6zge\u00e7mi\u015flerine art\u0131 de\u011fer katmalar\u0131 gerekiyor.<\/p>\n<p>\u00dclkemizin \u00f6nde gelen e\u011fitim ve dan\u0131\u015fmanl\u0131k \u015firketlerinden <a href=\"http:\/\/www.34volt.com\/ara?q=DB+Positive+Yarat%C4%B1c%C4%B1+%C3%87%C3%B6z%C3%BCmler+ve+Proje+Y%C3%B6netimi&amp;self=1\"><strong>DB Positive Yarat\u0131c\u0131 \u00c7\u00f6z\u00fcmler ve Proje Y\u00f6netimi<\/strong><\/a> i\u015fte bu art\u0131 de\u011feri yaratmak i\u00e7in <strong>DB Kariyer Okulu<\/strong> ad\u0131 alt\u0131nda \u00f6zel bir \u00e7al\u0131\u015fma d\u00fczenliyor.<\/p>\n<p>Bu y\u0131l ger\u00e7ekle\u015ftirilecek olan program\u0131n \u00f6zelli\u011fi ise; programa kat\u0131lacak t\u00fcm \u00f6\u011frencileri kapsayacak \u00fc\u00e7 \u00f6zel \u00e7al\u0131\u015fma. DB Kariyer Okulu gen\u00e7lerin soru i\u015faretlerini gidermek ad\u0131na<strong> 8 Eyl\u00fcl<\/strong>\u2019de d\u00fczenlenecek olan Tecr\u00fcbe Payla\u015f\u0131m\u0131 ile gen\u00e7leri farkl\u0131 \u015firketlerden i\u015f hayat\u0131n\u0131n profesyonelleri ile bir araya getiriyor. <strong>9 Eyl\u00fcl<\/strong>\u2019de <strong>Masterpiece &amp; DB Positive<\/strong> i\u015fbirli\u011fi ile d\u00fczenlenecek olan ya\u011fl\u0131 boya resim workshop \u00e7al\u0131\u015fmas\u0131 sonras\u0131nda ise program\u0131n kapan\u0131\u015f\u0131 Bolu Alada\u011flar\u2019da ger\u00e7ekle\u015ftirilecek olan a\u00e7\u0131k hava e\u011fitimi ile son buluyor. <strong>Mountrain Academy &amp; DB Positive<\/strong> i\u015fbirli\u011fi ile ger\u00e7ekle\u015ftirilecek \u00e7al\u0131\u015fma gen\u00e7leri hem tak\u0131m \u00e7al\u0131\u015fmas\u0131na haz\u0131rlamay\u0131, hem de e\u011flenceli bir kapan\u0131\u015f yapmay\u0131 hedefliyor.<\/p>\n<p>Program ile ilgili t\u00fcm detaylara <a href=\"http:\/\/www.dbkariyerokulu.com\/main\/mainpage\"><strong>www.dbkariyerokulu.com<\/strong><\/a> dan ula\u015fmak m\u00fcmk\u00fcn. DB Positive\u2019in sosyal sorumluluk ilkesi do\u011frultusunda d\u00fczenledi\u011fi \u00e7al\u0131\u015fma bedelli olarak ger\u00e7ekle\u015ftiriliyor. Kay\u0131t \u00fccretinin<strong> 2015 i\u00e7in 495 TL<\/strong> olarak belirlendi\u011fi \u00e7al\u0131\u015fmada bu bedel; <strong>5 g\u00fcnl\u00fck e\u011fitim<\/strong> ve organizayson bedeli ile Eyl\u00fcl ay\u0131ndaki ekstra \u00e7al\u0131\u015fmalar\u0131n tamam\u0131n\u0131 i\u00e7eriyor.<\/p>\n<!-- templates\/buttons-placeholder.php -->\n<div class=\"da-reactions-outer TpostID9900\">\n\t    <div class=\"da-reactions-data da-reactions-container-async center\"\n         data-type=\"post\"\n         data-id=\"9900\"\n         id=\"da-reactions-slot-post-9900\">\n        <div class=\"da-reactions-static\">\n\t\t\t<img src=\"https:\/\/www.kariyer.net\/kariyer-rehberi\/wp-content\/plugins\/da-reactions\/assets\/dist\/loading.svg\" alt=\"Loading spinner\" width=\"48\" height=\"48\" style=\"width:48px\" \/>\n        <\/div>\n    <\/div>\n<\/div>\n","protected":false},"excerpt":{"rendered":"<p>Rekabetin h\u0131zla artt\u0131\u011f\u0131, k\u0131s\u0131tl\u0131 kaynaklar ile \u00e7e\u015fitli bask\u0131lar alt\u0131nda en iyiyi hedefleyen \u015firketlerin yer ald\u0131\u011f\u0131 i\u015f d\u00fcnyas\u0131nda art\u0131k sadece \u201cdiploma\u201d sahibi olmak \u201ciyi bir i\u015f bulmak\u201d i\u00e7in yeterli olmuyor. Gen\u00e7lerin i\u015f arayanlar aras\u0131ndan fark edilerek istedikleri i\u015fi bulabilmeleri i\u00e7in \u201cyeni mezun olarak\u201d kendilerini geli\u015ftirmeleri ve \u00f6zge\u00e7mi\u015flerine art\u0131 de\u011fer katmalar\u0131 gerekiyor. \u00dclkemizin \u00f6nde gelen e\u011fitim ve [&hellip;]<\/p>\n<!-- templates\/buttons-placeholder.php -->\n<div class=\"da-reactions-outer TpostID9900\">\n\t    <div class=\"da-reactions-data da-reactions-container-async center\"\n         data-type=\"post\"\n         data-id=\"9900\"\n         id=\"da-reactions-slot-post-9900\">\n        <div class=\"da-reactions-static\">\n\t\t\t<img src=\"https:\/\/www.kariyer.net\/kariyer-rehberi\/wp-content\/plugins\/da-reactions\/assets\/dist\/loading.svg\" alt=\"Loading spinner\" width=\"48\" height=\"48\" style=\"width:48px\" \/>\n        <\/div>\n    <\/div>\n<\/div>\n","protected":false},"author":12,"featured_media":0,"comment_status":"open","ping_status":"open","sticky":false,"template":"","format":"standard","meta":{"footnotes":"","_elementor_edit_mode":"","_elementor_template_type":"","_elementor_data":"","_elementor_page_settings":null,"_elementor_conditions":[]},"categories":[2203,2211],"tags":[],"class_list":{"0":"post-9900","1":"post","2":"type-post","3":"status-publish","4":"format-standard","6":"category-haberler-duyurular","7":"category-kariyer-gelisimi"},"yoast_head":"<!-- This site is optimized with the Yoast SEO Premium plugin v21.4 (Yoast SEO v27.0) - https:\/\/yoast.com\/product\/yoast-seo-premium-wordpress\/ -->\n<title>DB Kariyer Okulu 2015 | Kariyer Rehberi<\/title>\n<meta name=\"description\" content=\"DB Positive Yarat\u0131c\u0131 \u00c7\u00f6z\u00fcmler ve Proje Y\u00f6netimi, DB Kariyer Okulu ad\u0131 alt\u0131nda \u00f6zel bir \u00e7al\u0131\u015fma d\u00fczenliyor. 5 g\u00fcn s\u00fcrecek faydal\u0131 e\u011fitim hakk\u0131nda ayr\u0131nt\u0131l\u0131 bilgi kamp\u00fcste&#039;de.\" \/>\n<meta name=\"robots\" content=\"index, follow, max-snippet:-1, max-image-preview:large, max-video-preview:-1\" \/>\n<link rel=\"canonical\" href=\"https:\/\/www.kariyer.net\/kariyer-rehberi\/db-kariyer-okulu-yeniden-basliyor\/\" \/>\n<meta property=\"og:locale\" content=\"tr_TR\" \/>\n<meta property=\"og:type\" content=\"article\" \/>\n<meta property=\"og:title\" content=\"DB Kariyer Okulu Yeniden Ba\u015fl\u0131yor\u2026\" \/>\n<meta property=\"og:description\" content=\"Rekabetin h\u0131zla artt\u0131\u011f\u0131, k\u0131s\u0131tl\u0131 kaynaklar ile \u00e7e\u015fitli bask\u0131lar alt\u0131nda en iyiyi hedefleyen \u015firketlerin yer ald\u0131\u011f\u0131 i\u015f d\u00fcnyas\u0131nda art\u0131k sadece \u201cdiploma\u201d\" \/>\n<meta property=\"og:url\" content=\"https:\/\/www.kariyer.net\/kariyer-rehberi\/db-kariyer-okulu-yeniden-basliyor\/\" \/>\n<meta property=\"og:site_name\" content=\"Kariyer Rehberi\" \/>\n<meta property=\"article:published_time\" content=\"2013-01-01T09:07:55+00:00\" \/>\n<meta property=\"article:modified_time\" content=\"2024-07-03T12:35:54+00:00\" \/>\n<meta name=\"author\" content=\"Edit\u00f6r\" \/>\n<meta name=\"twitter:card\" content=\"summary_large_image\" \/>\n<meta name=\"twitter:label1\" content=\"Yazan:\" \/>\n\t<meta name=\"twitter:data1\" content=\"Edit\u00f6r\" \/>\n\t<meta name=\"twitter:label2\" content=\"Tahmini okuma s\u00fcresi\" \/>\n\t<meta name=\"twitter:data2\" content=\"2 dakika\" \/>\n<!-- \/ Yoast SEO Premium plugin. -->","yoast_head_json":{"title":"DB Kariyer Okulu 2015 | Kariyer Rehberi","description":"DB Positive Yarat\u0131c\u0131 \u00c7\u00f6z\u00fcmler ve Proje Y\u00f6netimi, DB Kariyer Okulu ad\u0131 alt\u0131nda \u00f6zel bir \u00e7al\u0131\u015fma d\u00fczenliyor. 5 g\u00fcn s\u00fcrecek faydal\u0131 e\u011fitim hakk\u0131nda ayr\u0131nt\u0131l\u0131 bilgi kamp\u00fcste'de.","robots":{"index":"index","follow":"follow","max-snippet":"max-snippet:-1","max-image-preview":"max-image-preview:large","max-video-preview":"max-video-preview:-1"},"canonical":"https:\/\/www.kariyer.net\/kariyer-rehberi\/db-kariyer-okulu-yeniden-basliyor\/","og_locale":"tr_TR","og_type":"article","og_title":"DB Kariyer Okulu Yeniden Ba\u015fl\u0131yor\u2026","og_description":"Rekabetin h\u0131zla artt\u0131\u011f\u0131, k\u0131s\u0131tl\u0131 kaynaklar ile \u00e7e\u015fitli bask\u0131lar alt\u0131nda en iyiyi hedefleyen \u015firketlerin yer ald\u0131\u011f\u0131 i\u015f d\u00fcnyas\u0131nda art\u0131k sadece \u201cdiploma\u201d","og_url":"https:\/\/www.kariyer.net\/kariyer-rehberi\/db-kariyer-okulu-yeniden-basliyor\/","og_site_name":"Kariyer Rehberi","article_published_time":"2013-01-01T09:07:55+00:00","article_modified_time":"2024-07-03T12:35:54+00:00","author":"Edit\u00f6r","twitter_card":"summary_large_image","twitter_misc":{"Yazan:":"Edit\u00f6r","Tahmini okuma s\u00fcresi":"2 dakika"},"schema":{"@context":"https:\/\/schema.org","@graph":[{"@type":"Article","@id":"https:\/\/www.kariyer.net\/kariyer-rehberi\/db-kariyer-okulu-yeniden-basliyor\/#article","isPartOf":{"@id":"https:\/\/www.kariyer.net\/kariyer-rehberi\/db-kariyer-okulu-yeniden-basliyor\/"},"author":{"name":"Edit\u00f6r","@id":"https:\/\/www.kariyer.net\/kariyer-rehberi\/#\/schema\/person\/94fd6e49c7ff1b1b2565a2cc4fd685dd"},"headline":"DB Kariyer Okulu Yeniden Ba\u015fl\u0131yor\u2026","datePublished":"2013-01-01T09:07:55+00:00","dateModified":"2024-07-03T12:35:54+00:00","mainEntityOfPage":{"@id":"https:\/\/www.kariyer.net\/kariyer-rehberi\/db-kariyer-okulu-yeniden-basliyor\/"},"wordCount":315,"commentCount":0,"publisher":{"@id":"https:\/\/www.kariyer.net\/kariyer-rehberi\/#organization"},"articleSection":["Haberler ve Duyurular","Kariyer Geli\u015fimi"],"inLanguage":"tr","potentialAction":[{"@type":"CommentAction","name":"Comment","target":["https:\/\/www.kariyer.net\/kariyer-rehberi\/db-kariyer-okulu-yeniden-basliyor\/#respond"]}]},{"@type":"WebPage","@id":"https:\/\/www.kariyer.net\/kariyer-rehberi\/db-kariyer-okulu-yeniden-basliyor\/","url":"https:\/\/www.kariyer.net\/kariyer-rehberi\/db-kariyer-okulu-yeniden-basliyor\/","name":"DB Kariyer Okulu 2015 | Kariyer Rehberi","isPartOf":{"@id":"https:\/\/www.kariyer.net\/kariyer-rehberi\/#website"},"datePublished":"2013-01-01T09:07:55+00:00","dateModified":"2024-07-03T12:35:54+00:00","description":"DB Positive Yarat\u0131c\u0131 \u00c7\u00f6z\u00fcmler ve Proje Y\u00f6netimi, DB Kariyer Okulu ad\u0131 alt\u0131nda \u00f6zel bir \u00e7al\u0131\u015fma d\u00fczenliyor. 5 g\u00fcn s\u00fcrecek faydal\u0131 e\u011fitim hakk\u0131nda ayr\u0131nt\u0131l\u0131 bilgi kamp\u00fcste'de.","breadcrumb":{"@id":"https:\/\/www.kariyer.net\/kariyer-rehberi\/db-kariyer-okulu-yeniden-basliyor\/#breadcrumb"},"inLanguage":"tr","potentialAction":[{"@type":"ReadAction","target":["https:\/\/www.kariyer.net\/kariyer-rehberi\/db-kariyer-okulu-yeniden-basliyor\/"]}]},{"@type":"BreadcrumbList","@id":"https:\/\/www.kariyer.net\/kariyer-rehberi\/db-kariyer-okulu-yeniden-basliyor\/#breadcrumb","itemListElement":[{"@type":"ListItem","position":1,"name":"Anasayfa","item":"https:\/\/www.kariyer.net\/kariyer-rehberi\/"},{"@type":"ListItem","position":2,"name":"DB Kariyer Okulu Yeniden Ba\u015fl\u0131yor\u2026"}]},{"@type":"WebSite","@id":"https:\/\/www.kariyer.net\/kariyer-rehberi\/#website","url":"https:\/\/www.kariyer.net\/kariyer-rehberi\/","name":"Kariyer Rehberi","description":"\u0130\u015f D\u00fcnyas\u0131yla \u0130lgili Bilmek \u0130stedi\u011finiz Her \u015eey","publisher":{"@id":"https:\/\/www.kariyer.net\/kariyer-rehberi\/#organization"},"potentialAction":[{"@type":"SearchAction","target":{"@type":"EntryPoint","urlTemplate":"https:\/\/www.kariyer.net\/kariyer-rehberi\/?s={search_term_string}"},"query-input":{"@type":"PropertyValueSpecification","valueRequired":true,"valueName":"search_term_string"}}],"inLanguage":"tr"},{"@type":"Organization","@id":"https:\/\/www.kariyer.net\/kariyer-rehberi\/#organization","name":"Kariyer.net","url":"https:\/\/www.kariyer.net\/kariyer-rehberi\/","logo":{"@type":"ImageObject","inLanguage":"tr","@id":"https:\/\/www.kariyer.net\/kariyer-rehberi\/#\/schema\/logo\/image\/","url":"https:\/\/www.kariyer.net\/kariyer-rehberi-new\/wp-content\/uploads\/2023\/01\/og-image11.jpg","contentUrl":"https:\/\/www.kariyer.net\/kariyer-rehberi-new\/wp-content\/uploads\/2023\/01\/og-image11.jpg","width":800,"height":800,"caption":"Kariyer.net"},"image":{"@id":"https:\/\/www.kariyer.net\/kariyer-rehberi\/#\/schema\/logo\/image\/"}},{"@type":"Person","@id":"https:\/\/www.kariyer.net\/kariyer-rehberi\/#\/schema\/person\/94fd6e49c7ff1b1b2565a2cc4fd685dd","name":"Edit\u00f6r","image":{"@type":"ImageObject","inLanguage":"tr","@id":"https:\/\/www.kariyer.net\/kariyer-rehberi\/#\/schema\/person\/image\/","url":"https:\/\/secure.gravatar.com\/avatar\/0c4fe6688343aed3693b15573beae12c08ace5565409d5ab7509bf9c115f458d?s=96&d=mm&r=g","contentUrl":"https:\/\/secure.gravatar.com\/avatar\/0c4fe6688343aed3693b15573beae12c08ace5565409d5ab7509bf9c115f458d?s=96&d=mm&r=g","caption":"Edit\u00f6r"},"url":"https:\/\/www.kariyer.net\/kariyer-rehberi\/author\/editor\/"}]}},"_links":{"self":[{"href":"https:\/\/www.kariyer.net\/kariyer-rehberi\/wp-json\/wp\/v2\/posts\/9900","targetHints":{"allow":["GET"]}}],"collection":[{"href":"https:\/\/www.kariyer.net\/kariyer-rehberi\/wp-json\/wp\/v2\/posts"}],"about":[{"href":"https:\/\/www.kariyer.net\/kariyer-rehberi\/wp-json\/wp\/v2\/types\/post"}],"author":[{"embeddable":true,"href":"https:\/\/www.kariyer.net\/kariyer-rehberi\/wp-json\/wp\/v2\/users\/12"}],"replies":[{"embeddable":true,"href":"https:\/\/www.kariyer.net\/kariyer-rehberi\/wp-json\/wp\/v2\/comments?post=9900"}],"version-history":[{"count":1,"href":"https:\/\/www.kariyer.net\/kariyer-rehberi\/wp-json\/wp\/v2\/posts\/9900\/revisions"}],"predecessor-version":[{"id":18988,"href":"https:\/\/www.kariyer.net\/kariyer-rehberi\/wp-json\/wp\/v2\/posts\/9900\/revisions\/18988"}],"wp:attachment":[{"href":"https:\/\/www.kariyer.net\/kariyer-rehberi\/wp-json\/wp\/v2\/media?parent=9900"}],"wp:term":[{"taxonomy":"category","embeddable":true,"href":"https:\/\/www.kariyer.net\/kariyer-rehberi\/wp-json\/wp\/v2\/categories?post=9900"},{"taxonomy":"post_tag","embeddable":true,"href":"https:\/\/www.kariyer.net\/kariyer-rehberi\/wp-json\/wp\/v2\/tags?post=9900"}],"curies":[{"name":"wp","href":"https:\/\/api.w.org\/{rel}","templated":true}]}}