{"id":9914,"date":"2013-01-01T15:43:01","date_gmt":"2013-01-01T13:43:01","guid":{"rendered":"http:\/\/www.kariyer.net\/kariyer-kampuste\/?p=3412"},"modified":"2024-08-08T21:10:04","modified_gmt":"2024-08-08T18:10:04","slug":"genc-yeteneklere-turkcellden-kariyer-firsati","status":"publish","type":"post","link":"https:\/\/www.kariyer.net\/kariyer-rehberi\/genc-yeteneklere-turkcellden-kariyer-firsati\/","title":{"rendered":"Gen\u00e7 Yeteneklere Turkcell\u2019den Kariyer F\u0131rsat\u0131"},"content":{"rendered":"<p>T\u00fcrkiye\u2019nin en \u00e7ok \u00e7al\u0131\u015f\u0131lmak istenen \u015firketlerinden olan Turkcell\u2019in, en yetenekli gen\u00e7leri b\u00fcnyesine katmak i\u00e7in ba\u015flatt\u0131\u011f\u0131 programa ba\u015fvurular <strong>15 Nisan<\/strong>\u2019da tamamlan\u0131yor. <strong>GNCYTNK program\u0131<\/strong> i\u00e7in \u00fcniversitelerin <strong>3. ve 4. s\u0131n\u0131f, y\u00fcksek lisans ve doktora \u00f6\u011frencileri ile 1 y\u0131l \u00e7al\u0131\u015fm\u0131\u015f gen\u00e7ler<\/strong> ba\u015fvuruda bulunabiliyor. Programla <strong>175 ki\u015fi<\/strong> Turkcell \u00e7at\u0131s\u0131 alt\u0131nda \u00e7al\u0131\u015fmaya ba\u015flayacak.<\/p>\n<p>Turkcell\u2019in gen\u00e7 yetenekleri b\u00fcnyesine dahil etmek \u00fczere hayata ge\u00e7irdi\u011fi staj ve i\u015fe al\u0131m program\u0131 GNCYTNK i\u00e7in ba\u015fvurular s\u00fcr\u00fcyor. GNCYTNK, gen\u00e7lerin hayata bir ad\u0131m \u00f6nde ve do\u011fru bir rehberlikle ba\u015flamalar\u0131n\u0131 hedefliyor. Programa ba\u015fvuruda bulunanlar\u0131 ise e\u011flenceli bir i\u015fe al\u0131m s\u00fcreci bekliyor. Turkcell \u0130nsan Kaynaklar\u0131 taraf\u0131ndan s\u00fcrd\u00fcr\u00fclen ve 15 Nisan 2016\u2019da sona erecek programa <a href=\"http:\/\/www.kariyer.net\/is-ilani\/turkcell-iletisim-hizmetleri-a-s-turkcell-gncytnk-1529590\">internetten<\/a> ba\u015fvuracak gen\u00e7ler, Turkcell\u2019de tam zamanl\u0131 \u00e7al\u0131\u015fma ve staj f\u0131rsat\u0131 yakal\u0131yor.<\/p>\n<p><strong>Turkcell\u2019de tam zamanl\u0131 \u00e7al\u0131\u015fma olana\u011f\u0131<\/strong><\/p>\n<p>Ba\u015fvurudan de\u011ferlendirme a\u015famas\u0131na, oryantasyondan i\u015fe al\u0131m s\u00fcrecine kadar gen\u00e7lerin ihtiya\u00e7lar\u0131 \u00f6ng\u00f6r\u00fclerek haz\u0131rlanan GNCYTNK, \u00fcniversitelerin 4. s\u0131n\u0131f, y\u00fcksek lisans ve doktora \u00f6\u011frencileri ile 1 y\u0131l i\u015f deneyimi olan gen\u00e7lere yeteneklerini geli\u015ftirebilecekleri tam zamanl\u0131 \u00e7al\u0131\u015fma f\u0131rsat\u0131 sunuyor. Bu kapsamda 175 gencin Turkcell\u2019de \u00e7al\u0131\u015fmaya ba\u015flamas\u0131 planlan\u0131yor. \u00dcniversitelerin 3. s\u0131n\u0131f \u00f6\u011frencileri i\u00e7in ise Temmuz- Ekim aylar\u0131 aras\u0131nda Turkcell Grup b\u00fcnyesinde 6 hafta s\u00fcresince staj yapabiliyor.<!--more--><\/p>\n<p><strong> \u0130nteraktif i\u015fe al\u0131m s\u00fcreci<\/strong><\/p>\n<p>Ba\u015fvuru s\u00fcrecinin ard\u0131ndan GNCYTNK program\u0131 i\u00e7in yetenekli gen\u00e7leri e\u011flenceli bir s\u00fcre\u00e7 bekliyor. Kriterlere uygun ba\u015fvurular\u0131 olumlu bulunan adaylar, bilgisayar ya da ak\u0131ll\u0131 cep telefonu ile oynanan online oyuna davet ediliyor. Online oyunu ba\u015far\u0131yla tamamlayan adaylar, web tabanl\u0131 video soru uygulamas\u0131 \u00fczerinden kendilerine g\u00f6nderilen sorular\u0131 video kayd\u0131 ile cevapl\u0131yor. Video kay\u0131tlar\u0131 i\u015fe al\u0131m uzmanlar\u0131 taraf\u0131ndan dikkatle izlendikten sonra bu a\u015famada ba\u015far\u0131l\u0131 bulunan adaylar g\u00f6r\u00fc\u015fmeye davet ediliyor. G\u00f6r\u00fc\u015fmenin ard\u0131ndan s\u00fcreci ba\u015far\u0131yla tamamlayanlar Turkcell Ailesi\u2019ne kat\u0131lma \u015fans\u0131n\u0131 yakal\u0131yor.<\/p>\n<p>GNCYTNK ile gen\u00e7ler i\u00e7in yeni bir profesyonel geli\u015fim s\u00fcreci de ba\u015fl\u0131yor. Turkcell Akademi fark\u0131yla haz\u0131rlanan geli\u015fim yolculu\u011fu sayesinde Turkcell\u2019de \u00e7al\u0131\u015fmaya ba\u015flayacak gen\u00e7lerin potansiyellerinin ortaya \u00e7\u0131kart\u0131lmas\u0131 ve profesyonel geli\u015fimlerine de\u011fer kat\u0131lmas\u0131 hedefleniyor. S\u00fcrprizler i\u00e7eren kurgusuyla bu yeni geli\u015fim program\u0131 sayesinde, yeni mezunlar kariyer yolculuklar\u0131nda emin ad\u0131mlarla ilerleyebilecek.<\/p>\n<p><strong> Sa\u011flam: \u201cGelece\u011fin ba\u015far\u0131l\u0131 profesyonellerini yeti\u015ftiriyoruz\u201d<\/strong><\/p>\n<p>Turkcell\u2019in \u00f6\u011frenciler taraf\u0131ndan en \u00e7ok \u00e7al\u0131\u015f\u0131lmak istenen \u015firketler aras\u0131nda yer ald\u0131\u011f\u0131n\u0131 belirten Turkcell \u0130\u015f Destek Genel M\u00fcd\u00fcr Yard\u0131mc\u0131s\u0131 Seyfettin Sa\u011flam, bu noktadan hareketle gen\u00e7ler i\u00e7in yeni kariyer f\u0131rsatlar\u0131 sa\u011flamay\u0131 ama\u00e7lad\u0131klar\u0131n\u0131 ifade etti. Yeni program\u0131n bu anlay\u0131\u015f\u0131n bir sonucu oldu\u011funu s\u00f6yleyen Sa\u011flam, \u201cGNCYTNK, T\u00fcrkiye\u2019nin gelece\u011fi olarak g\u00f6rd\u00fc\u011f\u00fcm\u00fcz gen\u00e7 yetenekleri Turkcell Ailesi\u2019nin bir par\u00e7as\u0131 yapmak i\u00e7in \u00e7ok \u00f6nem verdi\u011fimiz bir program. Burada iki tarafl\u0131 kazan\u00e7 oldu\u011funu d\u00fc\u015f\u00fcn\u00fcyoruz. Turkcell olarak teknolojiye y\u00f6n veren dinamik yap\u0131m\u0131zla kariyer yolunda ilk ad\u0131mlar\u0131n\u0131 atan yeni mezunlar i\u00e7in do\u011fru adres oldu\u011fumuza inan\u0131yoruz. \u015eirketimiz onlar i\u00e7in sadece bir i\u015f yeri de\u011fil. Ayn\u0131 zamanda onlara daha inovatif ve \u00fcretken olmay\u0131, rutin s\u00fcre\u00e7ler yerine yenilik\u00e7i y\u00f6ntemlerle \u00f6\u011freten, keyifle \u00e7al\u0131\u015facaklar\u0131 bir yap\u0131. Bu \u015fekilde gen\u00e7lere b\u00fcnyemizde yeni kariyer f\u0131rsatlar\u0131 sunuyor, onlar\u0131 gelece\u011fin ba\u015far\u0131l\u0131 profesyonellerine d\u00f6n\u00fc\u015ft\u00fcr\u00fcyoruz. Bununla birlikte Turkcell olarak gen\u00e7lerden ald\u0131\u011f\u0131m\u0131z g\u00fc\u00e7le pazardaki \u00f6nc\u00fc rol\u00fcm\u00fcz\u00fc peki\u015ftiriyoruz\u201d dedi.<\/p>\n<p><strong>Kimler ba\u015fvurabilir?<\/strong><\/p>\n<p>\u2022 Yarat\u0131c\u0131, sosyal, merakl\u0131 ve e\u011flenceli,<br \/>\n\u2022 \u00dcniversitelerin Fen-Edebiyat, \u0130\u015fletme, \u0130ktisadi ve \u0130dari Bilimler, \u0130leti\u015fim Bilimleri, Siyasal Bilimler Fak\u00fcltelerinde ve M\u00fchendislik Fak\u00fcltelerinin Bilgisayar M\u00fchendisli\u011fi, Elektrik &amp; Elektronik M\u00fchendisli\u011fi, Elektronik ve Haberle\u015fme M\u00fchendisli\u011fi, Telekom\u00fcnikasyon M\u00fchendisli\u011fi, Matematik M\u00fchendisli\u011fi, End\u00fcstri M\u00fchendisli\u011fi, Y\u00f6netim Bili\u015fim Sistemleri (MIS) \u0130\u015fletme M\u00fchendisli\u011fi vb. b\u00f6l\u00fcmlerinde e\u011fitim g\u00f6ren ya da bu fak\u00fcltelerden mezun,<br \/>\n\u2022 Ba\u015fvuru s\u0131ras\u0131nda Lisans 3.- 4. s\u0131n\u0131f, Y\u00fcksek Lisans, Doktora \u00f6\u011frencisi, yeni mezun ya da 1 y\u0131l i\u015f deneyimi olan,<br \/>\n\u2022 \u0130yi derecede \u0130ngilizce bilen,<br \/>\n\u2022 Tercihen staj ya da yar\u0131 zamanl\u0131 \u00e7al\u0131\u015fma tecr\u00fcbesine sahip,<br \/>\n\u2022 Tercihen burs ve\/veya de\u011fi\u015fim programlar\u0131na kat\u0131lm\u0131\u015f ki\u015filer programa ba\u015fvurabiliyor.<\/p>\n<p>Ba\u015fvurmak i\u00e7in <a href=\"http:\/\/www.kariyer.net\/is-ilani\/turkcell-iletisim-hizmetleri-a-s-turkcell-gncytnk-1529590\">t\u0131klay\u0131n<\/a>.<\/p>\n<p><img fetchpriority=\"high\" decoding=\"async\" class=\"alignnone  wp-image-3411\" src=\"http:\/\/www.kariyer.net\/kariyer-kampuste\/wp-content\/uploads\/2016\/04\/TURKCELL_GNCYTNK.jpg\" alt=\"TURKCELL_GNCYTNK\" width=\"543\" height=\"842\" \/><\/p>\n<!-- templates\/buttons-placeholder.php -->\n<div class=\"da-reactions-outer TpostID9914\">\n\t    <div class=\"da-reactions-data da-reactions-container-async center\"\n         data-type=\"post\"\n         data-id=\"9914\"\n         id=\"da-reactions-slot-post-9914\">\n        <div class=\"da-reactions-static\">\n\t\t\t<img src=\"https:\/\/www.kariyer.net\/kariyer-rehberi\/wp-content\/plugins\/da-reactions\/assets\/dist\/loading.svg\" alt=\"Loading spinner\" width=\"48\" height=\"48\" style=\"width:48px\" \/>\n        <\/div>\n    <\/div>\n<\/div>\n","protected":false},"excerpt":{"rendered":"<p>T\u00fcrkiye\u2019nin en \u00e7ok \u00e7al\u0131\u015f\u0131lmak istenen \u015firketlerinden olan Turkcell\u2019in, en yetenekli gen\u00e7leri b\u00fcnyesine katmak i\u00e7in ba\u015flatt\u0131\u011f\u0131 programa ba\u015fvurular 15 Nisan\u2019da tamamlan\u0131yor. GNCYTNK program\u0131 i\u00e7in \u00fcniversitelerin 3. ve 4. s\u0131n\u0131f, y\u00fcksek lisans ve doktora \u00f6\u011frencileri ile 1 y\u0131l \u00e7al\u0131\u015fm\u0131\u015f gen\u00e7ler ba\u015fvuruda bulunabiliyor. Programla 175 ki\u015fi Turkcell \u00e7at\u0131s\u0131 alt\u0131nda \u00e7al\u0131\u015fmaya ba\u015flayacak. Turkcell\u2019in gen\u00e7 yetenekleri b\u00fcnyesine dahil etmek \u00fczere [&hellip;]<\/p>\n<!-- templates\/buttons-placeholder.php -->\n<div class=\"da-reactions-outer TpostID9914\">\n\t    <div class=\"da-reactions-data da-reactions-container-async center\"\n         data-type=\"post\"\n         data-id=\"9914\"\n         id=\"da-reactions-slot-post-9914\">\n        <div class=\"da-reactions-static\">\n\t\t\t<img src=\"https:\/\/www.kariyer.net\/kariyer-rehberi\/wp-content\/plugins\/da-reactions\/assets\/dist\/loading.svg\" alt=\"Loading spinner\" width=\"48\" height=\"48\" style=\"width:48px\" \/>\n        <\/div>\n    <\/div>\n<\/div>\n","protected":false},"author":12,"featured_media":0,"comment_status":"open","ping_status":"open","sticky":false,"template":"","format":"standard","meta":{"footnotes":"","_elementor_edit_mode":"","_elementor_template_type":"","_elementor_data":"","_elementor_page_settings":null,"_elementor_conditions":[]},"categories":[2211,2214],"tags":[],"class_list":{"0":"post-9914","1":"post","2":"type-post","3":"status-publish","4":"format-standard","6":"category-kariyer-gelisimi","7":"category-yasam"},"yoast_head":"<!-- This site is optimized with the Yoast SEO Premium plugin v21.4 (Yoast SEO v27.0) - https:\/\/yoast.com\/product\/yoast-seo-premium-wordpress\/ -->\n<title>GNCYTNK ile Turkcell\u2019den Kariyer F\u0131rsat\u0131 | Kariyer Rehberi<\/title>\n<meta name=\"description\" content=\"T\u00fcrkiye\u2019nin en \u00e7ok \u00e7al\u0131\u015f\u0131lmak istenen \u015firketlerinden olan Turkcell\u2019in, en yetenekli gen\u00e7leri b\u00fcnyesine katmak i\u00e7in ba\u015flatt\u0131\u011f\u0131 programa ba\u015fvurular 15\" \/>\n<meta name=\"robots\" content=\"index, follow, max-snippet:-1, max-image-preview:large, max-video-preview:-1\" \/>\n<link rel=\"canonical\" href=\"https:\/\/www.kariyer.net\/kariyer-rehberi\/genc-yeteneklere-turkcellden-kariyer-firsati\/\" \/>\n<meta property=\"og:locale\" content=\"tr_TR\" \/>\n<meta property=\"og:type\" content=\"article\" \/>\n<meta property=\"og:title\" content=\"Gen\u00e7 Yeteneklere Turkcell\u2019den Kariyer F\u0131rsat\u0131\" \/>\n<meta property=\"og:description\" content=\"T\u00fcrkiye\u2019nin en \u00e7ok \u00e7al\u0131\u015f\u0131lmak istenen \u015firketlerinden olan Turkcell\u2019in, en yetenekli gen\u00e7leri b\u00fcnyesine katmak i\u00e7in ba\u015flatt\u0131\u011f\u0131 programa ba\u015fvurular 15\" \/>\n<meta property=\"og:url\" content=\"https:\/\/www.kariyer.net\/kariyer-rehberi\/genc-yeteneklere-turkcellden-kariyer-firsati\/\" \/>\n<meta property=\"og:site_name\" content=\"Kariyer Rehberi\" \/>\n<meta property=\"article:published_time\" content=\"2013-01-01T13:43:01+00:00\" \/>\n<meta property=\"article:modified_time\" content=\"2024-08-08T18:10:04+00:00\" \/>\n<meta property=\"og:image\" content=\"http:\/\/www.kariyer.net\/kariyer-kampuste\/wp-content\/uploads\/2016\/04\/TURKCELL_GNCYTNK.jpg\" \/>\n<meta name=\"author\" content=\"Edit\u00f6r\" \/>\n<meta name=\"twitter:card\" content=\"summary_large_image\" \/>\n<meta name=\"twitter:label1\" content=\"Yazan:\" \/>\n\t<meta name=\"twitter:data1\" content=\"Edit\u00f6r\" \/>\n\t<meta name=\"twitter:label2\" content=\"Tahmini okuma s\u00fcresi\" \/>\n\t<meta name=\"twitter:data2\" content=\"4 dakika\" \/>\n<!-- \/ Yoast SEO Premium plugin. -->","yoast_head_json":{"title":"GNCYTNK ile Turkcell\u2019den Kariyer F\u0131rsat\u0131 | Kariyer Rehberi","description":"T\u00fcrkiye\u2019nin en \u00e7ok \u00e7al\u0131\u015f\u0131lmak istenen \u015firketlerinden olan Turkcell\u2019in, en yetenekli gen\u00e7leri b\u00fcnyesine katmak i\u00e7in ba\u015flatt\u0131\u011f\u0131 programa ba\u015fvurular 15","robots":{"index":"index","follow":"follow","max-snippet":"max-snippet:-1","max-image-preview":"max-image-preview:large","max-video-preview":"max-video-preview:-1"},"canonical":"https:\/\/www.kariyer.net\/kariyer-rehberi\/genc-yeteneklere-turkcellden-kariyer-firsati\/","og_locale":"tr_TR","og_type":"article","og_title":"Gen\u00e7 Yeteneklere Turkcell\u2019den Kariyer F\u0131rsat\u0131","og_description":"T\u00fcrkiye\u2019nin en \u00e7ok \u00e7al\u0131\u015f\u0131lmak istenen \u015firketlerinden olan Turkcell\u2019in, en yetenekli gen\u00e7leri b\u00fcnyesine katmak i\u00e7in ba\u015flatt\u0131\u011f\u0131 programa ba\u015fvurular 15","og_url":"https:\/\/www.kariyer.net\/kariyer-rehberi\/genc-yeteneklere-turkcellden-kariyer-firsati\/","og_site_name":"Kariyer Rehberi","article_published_time":"2013-01-01T13:43:01+00:00","article_modified_time":"2024-08-08T18:10:04+00:00","og_image":[{"url":"http:\/\/www.kariyer.net\/kariyer-kampuste\/wp-content\/uploads\/2016\/04\/TURKCELL_GNCYTNK.jpg","type":"","width":"","height":""}],"author":"Edit\u00f6r","twitter_card":"summary_large_image","twitter_misc":{"Yazan:":"Edit\u00f6r","Tahmini okuma s\u00fcresi":"4 dakika"},"schema":{"@context":"https:\/\/schema.org","@graph":[{"@type":"Article","@id":"https:\/\/www.kariyer.net\/kariyer-rehberi\/genc-yeteneklere-turkcellden-kariyer-firsati\/#article","isPartOf":{"@id":"https:\/\/www.kariyer.net\/kariyer-rehberi\/genc-yeteneklere-turkcellden-kariyer-firsati\/"},"author":{"name":"Edit\u00f6r","@id":"https:\/\/www.kariyer.net\/kariyer-rehberi\/#\/schema\/person\/94fd6e49c7ff1b1b2565a2cc4fd685dd"},"headline":"Gen\u00e7 Yeteneklere Turkcell\u2019den Kariyer F\u0131rsat\u0131","datePublished":"2013-01-01T13:43:01+00:00","dateModified":"2024-08-08T18:10:04+00:00","mainEntityOfPage":{"@id":"https:\/\/www.kariyer.net\/kariyer-rehberi\/genc-yeteneklere-turkcellden-kariyer-firsati\/"},"wordCount":800,"commentCount":0,"publisher":{"@id":"https:\/\/www.kariyer.net\/kariyer-rehberi\/#organization"},"image":{"@id":"https:\/\/www.kariyer.net\/kariyer-rehberi\/genc-yeteneklere-turkcellden-kariyer-firsati\/#primaryimage"},"thumbnailUrl":"http:\/\/www.kariyer.net\/kariyer-kampuste\/wp-content\/uploads\/2016\/04\/TURKCELL_GNCYTNK.jpg","articleSection":["Kariyer Geli\u015fimi","Ya\u015fam"],"inLanguage":"tr","potentialAction":[{"@type":"CommentAction","name":"Comment","target":["https:\/\/www.kariyer.net\/kariyer-rehberi\/genc-yeteneklere-turkcellden-kariyer-firsati\/#respond"]}]},{"@type":"WebPage","@id":"https:\/\/www.kariyer.net\/kariyer-rehberi\/genc-yeteneklere-turkcellden-kariyer-firsati\/","url":"https:\/\/www.kariyer.net\/kariyer-rehberi\/genc-yeteneklere-turkcellden-kariyer-firsati\/","name":"GNCYTNK ile Turkcell\u2019den Kariyer F\u0131rsat\u0131 | Kariyer Rehberi","isPartOf":{"@id":"https:\/\/www.kariyer.net\/kariyer-rehberi\/#website"},"primaryImageOfPage":{"@id":"https:\/\/www.kariyer.net\/kariyer-rehberi\/genc-yeteneklere-turkcellden-kariyer-firsati\/#primaryimage"},"image":{"@id":"https:\/\/www.kariyer.net\/kariyer-rehberi\/genc-yeteneklere-turkcellden-kariyer-firsati\/#primaryimage"},"thumbnailUrl":"http:\/\/www.kariyer.net\/kariyer-kampuste\/wp-content\/uploads\/2016\/04\/TURKCELL_GNCYTNK.jpg","datePublished":"2013-01-01T13:43:01+00:00","dateModified":"2024-08-08T18:10:04+00:00","description":"T\u00fcrkiye\u2019nin en \u00e7ok \u00e7al\u0131\u015f\u0131lmak istenen \u015firketlerinden olan Turkcell\u2019in, en yetenekli gen\u00e7leri b\u00fcnyesine katmak i\u00e7in ba\u015flatt\u0131\u011f\u0131 programa ba\u015fvurular 15","breadcrumb":{"@id":"https:\/\/www.kariyer.net\/kariyer-rehberi\/genc-yeteneklere-turkcellden-kariyer-firsati\/#breadcrumb"},"inLanguage":"tr","potentialAction":[{"@type":"ReadAction","target":["https:\/\/www.kariyer.net\/kariyer-rehberi\/genc-yeteneklere-turkcellden-kariyer-firsati\/"]}]},{"@type":"ImageObject","inLanguage":"tr","@id":"https:\/\/www.kariyer.net\/kariyer-rehberi\/genc-yeteneklere-turkcellden-kariyer-firsati\/#primaryimage","url":"http:\/\/www.kariyer.net\/kariyer-kampuste\/wp-content\/uploads\/2016\/04\/TURKCELL_GNCYTNK.jpg","contentUrl":"http:\/\/www.kariyer.net\/kariyer-kampuste\/wp-content\/uploads\/2016\/04\/TURKCELL_GNCYTNK.jpg"},{"@type":"BreadcrumbList","@id":"https:\/\/www.kariyer.net\/kariyer-rehberi\/genc-yeteneklere-turkcellden-kariyer-firsati\/#breadcrumb","itemListElement":[{"@type":"ListItem","position":1,"name":"Anasayfa","item":"https:\/\/www.kariyer.net\/kariyer-rehberi\/"},{"@type":"ListItem","position":2,"name":"Gen\u00e7 Yeteneklere Turkcell\u2019den Kariyer F\u0131rsat\u0131"}]},{"@type":"WebSite","@id":"https:\/\/www.kariyer.net\/kariyer-rehberi\/#website","url":"https:\/\/www.kariyer.net\/kariyer-rehberi\/","name":"Kariyer Rehberi","description":"\u0130\u015f D\u00fcnyas\u0131yla \u0130lgili Bilmek \u0130stedi\u011finiz Her \u015eey","publisher":{"@id":"https:\/\/www.kariyer.net\/kariyer-rehberi\/#organization"},"potentialAction":[{"@type":"SearchAction","target":{"@type":"EntryPoint","urlTemplate":"https:\/\/www.kariyer.net\/kariyer-rehberi\/?s={search_term_string}"},"query-input":{"@type":"PropertyValueSpecification","valueRequired":true,"valueName":"search_term_string"}}],"inLanguage":"tr"},{"@type":"Organization","@id":"https:\/\/www.kariyer.net\/kariyer-rehberi\/#organization","name":"Kariyer.net","url":"https:\/\/www.kariyer.net\/kariyer-rehberi\/","logo":{"@type":"ImageObject","inLanguage":"tr","@id":"https:\/\/www.kariyer.net\/kariyer-rehberi\/#\/schema\/logo\/image\/","url":"https:\/\/www.kariyer.net\/kariyer-rehberi-new\/wp-content\/uploads\/2023\/01\/og-image11.jpg","contentUrl":"https:\/\/www.kariyer.net\/kariyer-rehberi-new\/wp-content\/uploads\/2023\/01\/og-image11.jpg","width":800,"height":800,"caption":"Kariyer.net"},"image":{"@id":"https:\/\/www.kariyer.net\/kariyer-rehberi\/#\/schema\/logo\/image\/"}},{"@type":"Person","@id":"https:\/\/www.kariyer.net\/kariyer-rehberi\/#\/schema\/person\/94fd6e49c7ff1b1b2565a2cc4fd685dd","name":"Edit\u00f6r","image":{"@type":"ImageObject","inLanguage":"tr","@id":"https:\/\/www.kariyer.net\/kariyer-rehberi\/#\/schema\/person\/image\/","url":"https:\/\/secure.gravatar.com\/avatar\/0c4fe6688343aed3693b15573beae12c08ace5565409d5ab7509bf9c115f458d?s=96&d=mm&r=g","contentUrl":"https:\/\/secure.gravatar.com\/avatar\/0c4fe6688343aed3693b15573beae12c08ace5565409d5ab7509bf9c115f458d?s=96&d=mm&r=g","caption":"Edit\u00f6r"},"url":"https:\/\/www.kariyer.net\/kariyer-rehberi\/author\/editor\/"}]}},"_links":{"self":[{"href":"https:\/\/www.kariyer.net\/kariyer-rehberi\/wp-json\/wp\/v2\/posts\/9914","targetHints":{"allow":["GET"]}}],"collection":[{"href":"https:\/\/www.kariyer.net\/kariyer-rehberi\/wp-json\/wp\/v2\/posts"}],"about":[{"href":"https:\/\/www.kariyer.net\/kariyer-rehberi\/wp-json\/wp\/v2\/types\/post"}],"author":[{"embeddable":true,"href":"https:\/\/www.kariyer.net\/kariyer-rehberi\/wp-json\/wp\/v2\/users\/12"}],"replies":[{"embeddable":true,"href":"https:\/\/www.kariyer.net\/kariyer-rehberi\/wp-json\/wp\/v2\/comments?post=9914"}],"version-history":[{"count":1,"href":"https:\/\/www.kariyer.net\/kariyer-rehberi\/wp-json\/wp\/v2\/posts\/9914\/revisions"}],"predecessor-version":[{"id":19782,"href":"https:\/\/www.kariyer.net\/kariyer-rehberi\/wp-json\/wp\/v2\/posts\/9914\/revisions\/19782"}],"wp:attachment":[{"href":"https:\/\/www.kariyer.net\/kariyer-rehberi\/wp-json\/wp\/v2\/media?parent=9914"}],"wp:term":[{"taxonomy":"category","embeddable":true,"href":"https:\/\/www.kariyer.net\/kariyer-rehberi\/wp-json\/wp\/v2\/categories?post=9914"},{"taxonomy":"post_tag","embeddable":true,"href":"https:\/\/www.kariyer.net\/kariyer-rehberi\/wp-json\/wp\/v2\/tags?post=9914"}],"curies":[{"name":"wp","href":"https:\/\/api.w.org\/{rel}","templated":true}]}}