{"id":2539,"date":"2024-11-13T13:46:34","date_gmt":"2024-11-13T13:46:34","guid":{"rendered":"https:\/\/www.kariyer.net\/universite-rehberi-blog\/?p=2539"},"modified":"2024-12-02T06:23:34","modified_gmt":"2024-12-02T06:23:34","slug":"2025-yks-giris-ve-basvuru-tarihi-belli-oldu","status":"publish","type":"post","link":"https:\/\/www.kariyer.net\/universite-rehberi-blog\/2025-yks-giris-ve-basvuru-tarihi-belli-oldu\/","title":{"rendered":"2025 YKS giri\u015f ve ba\u015fvuru tarihi belli oldu!"},"content":{"rendered":"\n<p><strong>2025 y\u0131l\u0131nda yap\u0131lacak Y\u00fcksek\u00f6\u011fretim Kurumlar\u0131 S\u0131nav\u0131 (YKS) tarihi belli oldu. \u0130\u015fte, 2025 YKS ba\u015fvuru ve giri\u015f tarihleri\u2026<\/strong><\/p>\n\n\n\n<p>\u00d6SYM\u2019nin a\u00e7\u0131klad\u0131\u011f\u0131\u00a0<a href=\"https:\/\/dokuman.osym.gov.tr\/pdfdokuman\/2025\/GENEL\/sinavtakvimi2025.pdf\" target=\"_blank\" rel=\"noreferrer noopener\">\u201c2025 Y\u0131l\u0131 S\u0131nav ve Sonu\u00e7 A\u00e7\u0131klama Takvimi\u201d<\/a>\u00a0ne g\u00f6re, 2025 Y\u00fcksek\u00f6\u011fretim Kurumlar\u0131 S\u0131nav\u0131 (2025-YKS)\u00a0<strong>21-22 Haziran<\/strong>&#8216;da yap\u0131lacak. <\/p>\n\n\n\n<h2 class=\"wp-block-heading\"><strong>2025 YKS ne zaman?<\/strong><\/h2>\n\n\n\n<p>&#8220;2025 YKS ne zaman yap\u0131lacak?&#8221; sorusunun cevab\u0131 belli oldu.<\/p>\n\n\n\n<figure class=\"wp-block-table\"><table class=\"has-fixed-layout\"><tbody><tr><td>YKS 1. Oturum TYT (Temel Yeterlilik Testi)<\/td><td>21 Haziran 2025<\/td><\/tr><tr><td>YKS 2. Oturum AYT (Alan Yeterlilik Testleri)<\/td><td>22 Haziran 2025<\/td><\/tr><tr><td>YKS 3. Oturum YDT (Yabanc\u0131 Dil Testi)<\/td><td>22 Haziran 2025<\/td><\/tr><\/tbody><\/table><\/figure>\n\n\n\n<p>Tabloda da payla\u015ft\u0131\u011f\u0131m\u0131z gibi; YKS 1. Oturum Temel Yeterlilik Testi (TYT)\u00a0<strong>21 Haziran<\/strong> <strong>2025&#8217;te<\/strong>, YKS 2. Oturum Alan Yeterlilik Testleri (AYT) ve YKS 3. Oturum Yabanc\u0131 Dil Testi (YDT)\u00a0<strong>22 Haziran<\/strong> <strong>2025&#8217;te<\/strong> yap\u0131lacak. <\/p>\n\n\n\n<h2 class=\"wp-block-heading\">2025 YKS ba\u015fvurular\u0131 ne zaman yap\u0131lacak?<\/h2>\n\n\n\n<p>2025 YKS i\u00e7in ba\u015fvurular <strong>6 \u015eubat- 3 Mart<\/strong> tarihleri aras\u0131nda yap\u0131lacak.<\/p>\n\n\n\n<h2 class=\"wp-block-heading\">2025 YKS sonu\u00e7lar\u0131 ne zaman a\u00e7\u0131klanacak?<\/h2>\n\n\n\n<p>\u00d6SYM\u2019nin sitesinde yer alan bilgilere g\u00f6re 2025 YKS sonu\u00e7lar\u0131n\u0131n&nbsp;<strong>22 Temmuz\u2019da<\/strong>&nbsp;a\u00e7\u0131klanmas\u0131 bekleniyor; ancak bu tarihin olas\u0131 bir durumda de\u011fi\u015febilece\u011fi de belirtiliyor.<\/p>\n\n\n\n<p>S\u0131nava girdikten sonra sonu\u00e7lar\u0131n a\u00e7\u0131klanmas\u0131n\u0131 beklerken, tercih yapaca\u011f\u0131n b\u00f6l\u00fcm ve \u00fcniversitelere ili\u015fkin ara\u015ft\u0131rmalar\u0131<a href=\"https:\/\/www.kariyer.net\/universite-rehberi\" target=\"_blank\" rel=\"noreferrer noopener\">&nbsp;\u00dcniversite Rehberi&nbsp;<\/a>sayfam\u0131zda yapabilirsin. Net say\u0131na g\u00f6re puan\u0131n\u0131 hesaplamak i\u00e7in&nbsp;<a href=\"https:\/\/www.kariyer.net\/yks-tyt-ayt-puan-hesaplama\" target=\"_blank\" rel=\"noreferrer noopener\">YKS puan hesaplama&nbsp;<\/a>sayfam\u0131z\u0131 kullanabilirsin.<\/p>\n<!-- templates\/buttons-placeholder.php -->\n<div class=\"da-reactions-outer TpostID2539\">\n\t    <div class=\"da-reactions-data da-reactions-container-async center\"\n         data-type=\"post\"\n         data-id=\"2539\"\n         id=\"da-reactions-slot-post-2539\">\n        <div class=\"da-reactions-static\">\n\t\t\t<img src=\"https:\/\/www.kariyer.net\/universite-rehberi-blog\/wp-content\/plugins\/da-reactions\/assets\/dist\/loading.svg\" alt=\"Loading spinner\" width=\"48\" height=\"48\" style=\"width:48px\" \/>\n        <\/div>\n    <\/div>\n<\/div>\n","protected":false},"excerpt":{"rendered":"<p>2025 y\u0131l\u0131nda yap\u0131lacak Y\u00fcksek\u00f6\u011fretim Kurumlar\u0131 S\u0131nav\u0131 (YKS) tarihi belli oldu. \u0130\u015fte, 2025 YKS ba\u015fvuru ve giri\u015f tarihleri\u2026 \u00d6SYM\u2019nin a\u00e7\u0131klad\u0131\u011f\u0131\u00a0\u201c2025 Y\u0131l\u0131 S\u0131nav ve Sonu\u00e7 A\u00e7\u0131klama Takvimi\u201d\u00a0ne g\u00f6re, 2025 Y\u00fcksek\u00f6\u011fretim Kurumlar\u0131 S\u0131nav\u0131 (2025-YKS)\u00a021-22 Haziran&#8216;da yap\u0131lacak. 2025 YKS ne zaman? &#8220;2025 YKS ne zaman yap\u0131lacak?&#8221; sorusunun cevab\u0131 belli oldu. YKS 1. Oturum TYT (Temel Yeterlilik Testi) 21 Haziran [&hellip;]<\/p>\n<!-- templates\/buttons-placeholder.php -->\n<div class=\"da-reactions-outer TpostID2539\">\n\t    <div class=\"da-reactions-data da-reactions-container-async center\"\n         data-type=\"post\"\n         data-id=\"2539\"\n         id=\"da-reactions-slot-post-2539\">\n        <div class=\"da-reactions-static\">\n\t\t\t<img src=\"https:\/\/www.kariyer.net\/universite-rehberi-blog\/wp-content\/plugins\/da-reactions\/assets\/dist\/loading.svg\" alt=\"Loading spinner\" width=\"48\" height=\"48\" style=\"width:48px\" \/>\n        <\/div>\n    <\/div>\n<\/div>\n","protected":false},"author":6,"featured_media":2540,"comment_status":"closed","ping_status":"open","sticky":false,"template":"","format":"standard","meta":{"footnotes":""},"categories":[13],"tags":[],"class_list":{"0":"post-2539","1":"post","2":"type-post","3":"status-publish","4":"format-standard","5":"has-post-thumbnail","7":"category-haberler"},"yoast_head":"<!-- This site is optimized with the Yoast SEO plugin v27.4 - https:\/\/yoast.com\/product\/yoast-seo-wordpress\/ -->\n<title>2025 YKS giri\u015f ve ba\u015fvuru tarihi belli oldu!<\/title>\n<meta name=\"description\" content=\"2025 y\u0131l\u0131nda yap\u0131lacak Y\u00fcksek\u00f6\u011fretim Kurumlar\u0131 S\u0131nav\u0131 (YKS) tarihi belli oldu. \u0130\u015fte, 2025 YKS ba\u015fvuru ve giri\u015f tarihleri\u2026\" \/>\n<meta name=\"robots\" content=\"index, follow, max-snippet:-1, max-image-preview:large, max-video-preview:-1\" \/>\n<link rel=\"canonical\" href=\"https:\/\/www.kariyer.net\/universite-rehberi-blog\/2025-yks-giris-ve-basvuru-tarihi-belli-oldu\/\" \/>\n<meta property=\"og:locale\" content=\"tr_TR\" \/>\n<meta property=\"og:type\" content=\"article\" \/>\n<meta property=\"og:title\" content=\"2025 YKS giri\u015f ve ba\u015fvuru tarihi belli oldu!\" \/>\n<meta property=\"og:description\" content=\"2025 y\u0131l\u0131nda yap\u0131lacak Y\u00fcksek\u00f6\u011fretim Kurumlar\u0131 S\u0131nav\u0131 (YKS) tarihi belli oldu. \u0130\u015fte, 2025 YKS ba\u015fvuru ve giri\u015f tarihleri\u2026\" \/>\n<meta property=\"og:url\" content=\"https:\/\/www.kariyer.net\/universite-rehberi-blog\/2025-yks-giris-ve-basvuru-tarihi-belli-oldu\/\" \/>\n<meta property=\"og:site_name\" content=\"\u00dcniversite Rehberi Blog\" \/>\n<meta property=\"article:published_time\" content=\"2024-11-13T13:46:34+00:00\" \/>\n<meta property=\"article:modified_time\" content=\"2024-12-02T06:23:34+00:00\" \/>\n<meta property=\"og:image\" content=\"https:\/\/www.kariyer.net\/universite-rehberi-blog\/wp-content\/uploads\/2024\/11\/2025_yks_tarih.jpg\" \/>\n\t<meta property=\"og:image:width\" content=\"900\" \/>\n\t<meta property=\"og:image:height\" content=\"600\" \/>\n\t<meta property=\"og:image:type\" content=\"image\/jpeg\" \/>\n<meta name=\"author\" content=\"Kariyer.net\" \/>\n<meta name=\"twitter:card\" content=\"summary_large_image\" \/>\n<meta name=\"twitter:label1\" content=\"Yazan:\" \/>\n\t<meta name=\"twitter:data1\" content=\"Kariyer.net\" \/>\n\t<meta name=\"twitter:label2\" content=\"Tahmini okuma s\u00fcresi\" \/>\n\t<meta name=\"twitter:data2\" content=\"2 dakika\" \/>\n<script type=\"application\/ld+json\" class=\"yoast-schema-graph\">{\"@context\":\"https:\\\/\\\/schema.org\",\"@graph\":[{\"@type\":\"Article\",\"@id\":\"https:\\\/\\\/www.kariyer.net\\\/universite-rehberi-blog\\\/2025-yks-giris-ve-basvuru-tarihi-belli-oldu\\\/#article\",\"isPartOf\":{\"@id\":\"https:\\\/\\\/www.kariyer.net\\\/universite-rehberi-blog\\\/2025-yks-giris-ve-basvuru-tarihi-belli-oldu\\\/\"},\"author\":{\"name\":\"Kariyer.net\",\"@id\":\"https:\\\/\\\/www.kariyer.net\\\/universite-rehberi-blog\\\/#\\\/schema\\\/person\\\/2867599002b8ea029dbc7e678f192105\"},\"headline\":\"2025 YKS giri\u015f ve ba\u015fvuru tarihi belli oldu!\",\"datePublished\":\"2024-11-13T13:46:34+00:00\",\"dateModified\":\"2024-12-02T06:23:34+00:00\",\"mainEntityOfPage\":{\"@id\":\"https:\\\/\\\/www.kariyer.net\\\/universite-rehberi-blog\\\/2025-yks-giris-ve-basvuru-tarihi-belli-oldu\\\/\"},\"wordCount\":230,\"publisher\":{\"@id\":\"https:\\\/\\\/www.kariyer.net\\\/universite-rehberi-blog\\\/#organization\"},\"image\":{\"@id\":\"https:\\\/\\\/www.kariyer.net\\\/universite-rehberi-blog\\\/2025-yks-giris-ve-basvuru-tarihi-belli-oldu\\\/#primaryimage\"},\"thumbnailUrl\":\"https:\\\/\\\/www.kariyer.net\\\/universite-rehberi-blog\\\/wp-content\\\/uploads\\\/2024\\\/11\\\/2025_yks_tarih.jpg\",\"articleSection\":[\"Haberler\"],\"inLanguage\":\"tr\"},{\"@type\":\"WebPage\",\"@id\":\"https:\\\/\\\/www.kariyer.net\\\/universite-rehberi-blog\\\/2025-yks-giris-ve-basvuru-tarihi-belli-oldu\\\/\",\"url\":\"https:\\\/\\\/www.kariyer.net\\\/universite-rehberi-blog\\\/2025-yks-giris-ve-basvuru-tarihi-belli-oldu\\\/\",\"name\":\"2025 YKS giri\u015f ve ba\u015fvuru tarihi belli oldu!\",\"isPartOf\":{\"@id\":\"https:\\\/\\\/www.kariyer.net\\\/universite-rehberi-blog\\\/#website\"},\"primaryImageOfPage\":{\"@id\":\"https:\\\/\\\/www.kariyer.net\\\/universite-rehberi-blog\\\/2025-yks-giris-ve-basvuru-tarihi-belli-oldu\\\/#primaryimage\"},\"image\":{\"@id\":\"https:\\\/\\\/www.kariyer.net\\\/universite-rehberi-blog\\\/2025-yks-giris-ve-basvuru-tarihi-belli-oldu\\\/#primaryimage\"},\"thumbnailUrl\":\"https:\\\/\\\/www.kariyer.net\\\/universite-rehberi-blog\\\/wp-content\\\/uploads\\\/2024\\\/11\\\/2025_yks_tarih.jpg\",\"datePublished\":\"2024-11-13T13:46:34+00:00\",\"dateModified\":\"2024-12-02T06:23:34+00:00\",\"description\":\"2025 y\u0131l\u0131nda yap\u0131lacak Y\u00fcksek\u00f6\u011fretim Kurumlar\u0131 S\u0131nav\u0131 (YKS) tarihi belli oldu. \u0130\u015fte, 2025 YKS ba\u015fvuru ve giri\u015f tarihleri\u2026\",\"breadcrumb\":{\"@id\":\"https:\\\/\\\/www.kariyer.net\\\/universite-rehberi-blog\\\/2025-yks-giris-ve-basvuru-tarihi-belli-oldu\\\/#breadcrumb\"},\"inLanguage\":\"tr\",\"potentialAction\":[{\"@type\":\"ReadAction\",\"target\":[\"https:\\\/\\\/www.kariyer.net\\\/universite-rehberi-blog\\\/2025-yks-giris-ve-basvuru-tarihi-belli-oldu\\\/\"]}]},{\"@type\":\"ImageObject\",\"inLanguage\":\"tr\",\"@id\":\"https:\\\/\\\/www.kariyer.net\\\/universite-rehberi-blog\\\/2025-yks-giris-ve-basvuru-tarihi-belli-oldu\\\/#primaryimage\",\"url\":\"https:\\\/\\\/www.kariyer.net\\\/universite-rehberi-blog\\\/wp-content\\\/uploads\\\/2024\\\/11\\\/2025_yks_tarih.jpg\",\"contentUrl\":\"https:\\\/\\\/www.kariyer.net\\\/universite-rehberi-blog\\\/wp-content\\\/uploads\\\/2024\\\/11\\\/2025_yks_tarih.jpg\",\"width\":900,\"height\":600},{\"@type\":\"BreadcrumbList\",\"@id\":\"https:\\\/\\\/www.kariyer.net\\\/universite-rehberi-blog\\\/2025-yks-giris-ve-basvuru-tarihi-belli-oldu\\\/#breadcrumb\",\"itemListElement\":[{\"@type\":\"ListItem\",\"position\":1,\"name\":\"Anasayfa\",\"item\":\"https:\\\/\\\/www.kariyer.net\\\/universite-rehberi-blog\\\/\"},{\"@type\":\"ListItem\",\"position\":2,\"name\":\"2025 YKS giri\u015f ve ba\u015fvuru tarihi belli oldu!\"}]},{\"@type\":\"WebSite\",\"@id\":\"https:\\\/\\\/www.kariyer.net\\\/universite-rehberi-blog\\\/#website\",\"url\":\"https:\\\/\\\/www.kariyer.net\\\/universite-rehberi-blog\\\/\",\"name\":\"\u00dcniversite Rehberi Blog\",\"description\":\"Kariyer.net \u00dcniversiteler i\u00e7in Haz\u0131rlad\u0131\u011f\u0131 Blog Sayfas\u0131\",\"publisher\":{\"@id\":\"https:\\\/\\\/www.kariyer.net\\\/universite-rehberi-blog\\\/#organization\"},\"potentialAction\":[{\"@type\":\"SearchAction\",\"target\":{\"@type\":\"EntryPoint\",\"urlTemplate\":\"https:\\\/\\\/www.kariyer.net\\\/universite-rehberi-blog\\\/?s={search_term_string}\"},\"query-input\":{\"@type\":\"PropertyValueSpecification\",\"valueRequired\":true,\"valueName\":\"search_term_string\"}}],\"inLanguage\":\"tr\"},{\"@type\":\"Organization\",\"@id\":\"https:\\\/\\\/www.kariyer.net\\\/universite-rehberi-blog\\\/#organization\",\"name\":\"\u00dcniversite Rehberi Blog\",\"url\":\"https:\\\/\\\/www.kariyer.net\\\/universite-rehberi-blog\\\/\",\"logo\":{\"@type\":\"ImageObject\",\"inLanguage\":\"tr\",\"@id\":\"https:\\\/\\\/www.kariyer.net\\\/universite-rehberi-blog\\\/#\\\/schema\\\/logo\\\/image\\\/\",\"url\":\"https:\\\/\\\/www.kariyer.net\\\/universite-rehberi-blog\\\/wp-content\\\/uploads\\\/2023\\\/05\\\/kariyer-v3-logo.png\",\"contentUrl\":\"https:\\\/\\\/www.kariyer.net\\\/universite-rehberi-blog\\\/wp-content\\\/uploads\\\/2023\\\/05\\\/kariyer-v3-logo.png\",\"width\":5760,\"height\":1644,\"caption\":\"\u00dcniversite Rehberi Blog\"},\"image\":{\"@id\":\"https:\\\/\\\/www.kariyer.net\\\/universite-rehberi-blog\\\/#\\\/schema\\\/logo\\\/image\\\/\"}},{\"@type\":\"Person\",\"@id\":\"https:\\\/\\\/www.kariyer.net\\\/universite-rehberi-blog\\\/#\\\/schema\\\/person\\\/2867599002b8ea029dbc7e678f192105\",\"name\":\"Kariyer.net\",\"image\":{\"@type\":\"ImageObject\",\"inLanguage\":\"tr\",\"@id\":\"https:\\\/\\\/secure.gravatar.com\\\/avatar\\\/23b062e8807ebc21ee7de9642d7f8d03601c724b6fd7a14926571b37fec20318?s=96&d=mm&r=g\",\"url\":\"https:\\\/\\\/secure.gravatar.com\\\/avatar\\\/23b062e8807ebc21ee7de9642d7f8d03601c724b6fd7a14926571b37fec20318?s=96&d=mm&r=g\",\"contentUrl\":\"https:\\\/\\\/secure.gravatar.com\\\/avatar\\\/23b062e8807ebc21ee7de9642d7f8d03601c724b6fd7a14926571b37fec20318?s=96&d=mm&r=g\",\"caption\":\"Kariyer.net\"},\"sameAs\":[\"https:\\\/\\\/kariyer.net\\\/\"],\"url\":\"https:\\\/\\\/www.kariyer.net\\\/universite-rehberi-blog\\\/author\\\/kariyernet\\\/\"}]}<\/script>\n<!-- \/ Yoast SEO plugin. -->","yoast_head_json":{"title":"2025 YKS giri\u015f ve ba\u015fvuru tarihi belli oldu!","description":"2025 y\u0131l\u0131nda yap\u0131lacak Y\u00fcksek\u00f6\u011fretim Kurumlar\u0131 S\u0131nav\u0131 (YKS) tarihi belli oldu. \u0130\u015fte, 2025 YKS ba\u015fvuru ve giri\u015f tarihleri\u2026","robots":{"index":"index","follow":"follow","max-snippet":"max-snippet:-1","max-image-preview":"max-image-preview:large","max-video-preview":"max-video-preview:-1"},"canonical":"https:\/\/www.kariyer.net\/universite-rehberi-blog\/2025-yks-giris-ve-basvuru-tarihi-belli-oldu\/","og_locale":"tr_TR","og_type":"article","og_title":"2025 YKS giri\u015f ve ba\u015fvuru tarihi belli oldu!","og_description":"2025 y\u0131l\u0131nda yap\u0131lacak Y\u00fcksek\u00f6\u011fretim Kurumlar\u0131 S\u0131nav\u0131 (YKS) tarihi belli oldu. \u0130\u015fte, 2025 YKS ba\u015fvuru ve giri\u015f tarihleri\u2026","og_url":"https:\/\/www.kariyer.net\/universite-rehberi-blog\/2025-yks-giris-ve-basvuru-tarihi-belli-oldu\/","og_site_name":"\u00dcniversite Rehberi Blog","article_published_time":"2024-11-13T13:46:34+00:00","article_modified_time":"2024-12-02T06:23:34+00:00","og_image":[{"width":900,"height":600,"url":"https:\/\/www.kariyer.net\/universite-rehberi-blog\/wp-content\/uploads\/2024\/11\/2025_yks_tarih.jpg","type":"image\/jpeg"}],"author":"Kariyer.net","twitter_card":"summary_large_image","twitter_misc":{"Yazan:":"Kariyer.net","Tahmini okuma s\u00fcresi":"2 dakika"},"schema":{"@context":"https:\/\/schema.org","@graph":[{"@type":"Article","@id":"https:\/\/www.kariyer.net\/universite-rehberi-blog\/2025-yks-giris-ve-basvuru-tarihi-belli-oldu\/#article","isPartOf":{"@id":"https:\/\/www.kariyer.net\/universite-rehberi-blog\/2025-yks-giris-ve-basvuru-tarihi-belli-oldu\/"},"author":{"name":"Kariyer.net","@id":"https:\/\/www.kariyer.net\/universite-rehberi-blog\/#\/schema\/person\/2867599002b8ea029dbc7e678f192105"},"headline":"2025 YKS giri\u015f ve ba\u015fvuru tarihi belli oldu!","datePublished":"2024-11-13T13:46:34+00:00","dateModified":"2024-12-02T06:23:34+00:00","mainEntityOfPage":{"@id":"https:\/\/www.kariyer.net\/universite-rehberi-blog\/2025-yks-giris-ve-basvuru-tarihi-belli-oldu\/"},"wordCount":230,"publisher":{"@id":"https:\/\/www.kariyer.net\/universite-rehberi-blog\/#organization"},"image":{"@id":"https:\/\/www.kariyer.net\/universite-rehberi-blog\/2025-yks-giris-ve-basvuru-tarihi-belli-oldu\/#primaryimage"},"thumbnailUrl":"https:\/\/www.kariyer.net\/universite-rehberi-blog\/wp-content\/uploads\/2024\/11\/2025_yks_tarih.jpg","articleSection":["Haberler"],"inLanguage":"tr"},{"@type":"WebPage","@id":"https:\/\/www.kariyer.net\/universite-rehberi-blog\/2025-yks-giris-ve-basvuru-tarihi-belli-oldu\/","url":"https:\/\/www.kariyer.net\/universite-rehberi-blog\/2025-yks-giris-ve-basvuru-tarihi-belli-oldu\/","name":"2025 YKS giri\u015f ve ba\u015fvuru tarihi belli oldu!","isPartOf":{"@id":"https:\/\/www.kariyer.net\/universite-rehberi-blog\/#website"},"primaryImageOfPage":{"@id":"https:\/\/www.kariyer.net\/universite-rehberi-blog\/2025-yks-giris-ve-basvuru-tarihi-belli-oldu\/#primaryimage"},"image":{"@id":"https:\/\/www.kariyer.net\/universite-rehberi-blog\/2025-yks-giris-ve-basvuru-tarihi-belli-oldu\/#primaryimage"},"thumbnailUrl":"https:\/\/www.kariyer.net\/universite-rehberi-blog\/wp-content\/uploads\/2024\/11\/2025_yks_tarih.jpg","datePublished":"2024-11-13T13:46:34+00:00","dateModified":"2024-12-02T06:23:34+00:00","description":"2025 y\u0131l\u0131nda yap\u0131lacak Y\u00fcksek\u00f6\u011fretim Kurumlar\u0131 S\u0131nav\u0131 (YKS) tarihi belli oldu. \u0130\u015fte, 2025 YKS ba\u015fvuru ve giri\u015f tarihleri\u2026","breadcrumb":{"@id":"https:\/\/www.kariyer.net\/universite-rehberi-blog\/2025-yks-giris-ve-basvuru-tarihi-belli-oldu\/#breadcrumb"},"inLanguage":"tr","potentialAction":[{"@type":"ReadAction","target":["https:\/\/www.kariyer.net\/universite-rehberi-blog\/2025-yks-giris-ve-basvuru-tarihi-belli-oldu\/"]}]},{"@type":"ImageObject","inLanguage":"tr","@id":"https:\/\/www.kariyer.net\/universite-rehberi-blog\/2025-yks-giris-ve-basvuru-tarihi-belli-oldu\/#primaryimage","url":"https:\/\/www.kariyer.net\/universite-rehberi-blog\/wp-content\/uploads\/2024\/11\/2025_yks_tarih.jpg","contentUrl":"https:\/\/www.kariyer.net\/universite-rehberi-blog\/wp-content\/uploads\/2024\/11\/2025_yks_tarih.jpg","width":900,"height":600},{"@type":"BreadcrumbList","@id":"https:\/\/www.kariyer.net\/universite-rehberi-blog\/2025-yks-giris-ve-basvuru-tarihi-belli-oldu\/#breadcrumb","itemListElement":[{"@type":"ListItem","position":1,"name":"Anasayfa","item":"https:\/\/www.kariyer.net\/universite-rehberi-blog\/"},{"@type":"ListItem","position":2,"name":"2025 YKS giri\u015f ve ba\u015fvuru tarihi belli oldu!"}]},{"@type":"WebSite","@id":"https:\/\/www.kariyer.net\/universite-rehberi-blog\/#website","url":"https:\/\/www.kariyer.net\/universite-rehberi-blog\/","name":"\u00dcniversite Rehberi Blog","description":"Kariyer.net \u00dcniversiteler i\u00e7in Haz\u0131rlad\u0131\u011f\u0131 Blog Sayfas\u0131","publisher":{"@id":"https:\/\/www.kariyer.net\/universite-rehberi-blog\/#organization"},"potentialAction":[{"@type":"SearchAction","target":{"@type":"EntryPoint","urlTemplate":"https:\/\/www.kariyer.net\/universite-rehberi-blog\/?s={search_term_string}"},"query-input":{"@type":"PropertyValueSpecification","valueRequired":true,"valueName":"search_term_string"}}],"inLanguage":"tr"},{"@type":"Organization","@id":"https:\/\/www.kariyer.net\/universite-rehberi-blog\/#organization","name":"\u00dcniversite Rehberi Blog","url":"https:\/\/www.kariyer.net\/universite-rehberi-blog\/","logo":{"@type":"ImageObject","inLanguage":"tr","@id":"https:\/\/www.kariyer.net\/universite-rehberi-blog\/#\/schema\/logo\/image\/","url":"https:\/\/www.kariyer.net\/universite-rehberi-blog\/wp-content\/uploads\/2023\/05\/kariyer-v3-logo.png","contentUrl":"https:\/\/www.kariyer.net\/universite-rehberi-blog\/wp-content\/uploads\/2023\/05\/kariyer-v3-logo.png","width":5760,"height":1644,"caption":"\u00dcniversite Rehberi Blog"},"image":{"@id":"https:\/\/www.kariyer.net\/universite-rehberi-blog\/#\/schema\/logo\/image\/"}},{"@type":"Person","@id":"https:\/\/www.kariyer.net\/universite-rehberi-blog\/#\/schema\/person\/2867599002b8ea029dbc7e678f192105","name":"Kariyer.net","image":{"@type":"ImageObject","inLanguage":"tr","@id":"https:\/\/secure.gravatar.com\/avatar\/23b062e8807ebc21ee7de9642d7f8d03601c724b6fd7a14926571b37fec20318?s=96&d=mm&r=g","url":"https:\/\/secure.gravatar.com\/avatar\/23b062e8807ebc21ee7de9642d7f8d03601c724b6fd7a14926571b37fec20318?s=96&d=mm&r=g","contentUrl":"https:\/\/secure.gravatar.com\/avatar\/23b062e8807ebc21ee7de9642d7f8d03601c724b6fd7a14926571b37fec20318?s=96&d=mm&r=g","caption":"Kariyer.net"},"sameAs":["https:\/\/kariyer.net\/"],"url":"https:\/\/www.kariyer.net\/universite-rehberi-blog\/author\/kariyernet\/"}]}},"_links":{"self":[{"href":"https:\/\/www.kariyer.net\/universite-rehberi-blog\/wp-json\/wp\/v2\/posts\/2539","targetHints":{"allow":["GET"]}}],"collection":[{"href":"https:\/\/www.kariyer.net\/universite-rehberi-blog\/wp-json\/wp\/v2\/posts"}],"about":[{"href":"https:\/\/www.kariyer.net\/universite-rehberi-blog\/wp-json\/wp\/v2\/types\/post"}],"author":[{"embeddable":true,"href":"https:\/\/www.kariyer.net\/universite-rehberi-blog\/wp-json\/wp\/v2\/users\/6"}],"replies":[{"embeddable":true,"href":"https:\/\/www.kariyer.net\/universite-rehberi-blog\/wp-json\/wp\/v2\/comments?post=2539"}],"version-history":[{"count":4,"href":"https:\/\/www.kariyer.net\/universite-rehberi-blog\/wp-json\/wp\/v2\/posts\/2539\/revisions"}],"predecessor-version":[{"id":2598,"href":"https:\/\/www.kariyer.net\/universite-rehberi-blog\/wp-json\/wp\/v2\/posts\/2539\/revisions\/2598"}],"wp:featuredmedia":[{"embeddable":true,"href":"https:\/\/www.kariyer.net\/universite-rehberi-blog\/wp-json\/wp\/v2\/media\/2540"}],"wp:attachment":[{"href":"https:\/\/www.kariyer.net\/universite-rehberi-blog\/wp-json\/wp\/v2\/media?parent=2539"}],"wp:term":[{"taxonomy":"category","embeddable":true,"href":"https:\/\/www.kariyer.net\/universite-rehberi-blog\/wp-json\/wp\/v2\/categories?post=2539"},{"taxonomy":"post_tag","embeddable":true,"href":"https:\/\/www.kariyer.net\/universite-rehberi-blog\/wp-json\/wp\/v2\/tags?post=2539"}],"curies":[{"name":"wp","href":"https:\/\/api.w.org\/{rel}","templated":true}]}}