{"id":2552,"date":"2024-11-28T11:01:33","date_gmt":"2024-11-28T11:01:33","guid":{"rendered":"https:\/\/www.kariyer.net\/universite-rehberi-blog\/?p=2552"},"modified":"2025-05-12T14:06:26","modified_gmt":"2025-05-12T11:06:26","slug":"2025-yks-sayac-2025-yksye-kac-gun-kaldi","status":"publish","type":"post","link":"https:\/\/www.kariyer.net\/universite-rehberi-blog\/2025-yks-sayac-2025-yksye-kac-gun-kaldi\/","title":{"rendered":"2025 YKS saya\u00e7 &#8211; 2025 YKS&#8217;ye ka\u00e7 g\u00fcn kald\u0131?"},"content":{"rendered":"\t\t<div data-elementor-type=\"wp-post\" data-elementor-id=\"2552\" class=\"elementor elementor-2552\" data-elementor-post-type=\"post\">\n\t\t\t\t\t\t<section class=\"elementor-section elementor-top-section elementor-element elementor-element-17f9f13 elementor-section-boxed elementor-section-height-default elementor-section-height-default\" data-id=\"17f9f13\" data-element_type=\"section\" data-e-type=\"section\">\n\t\t\t\t\t\t<div class=\"elementor-container elementor-column-gap-default\">\n\t\t\t\t\t<div class=\"elementor-column elementor-col-100 elementor-top-column elementor-element elementor-element-98e79c8\" data-id=\"98e79c8\" data-element_type=\"column\" data-e-type=\"column\">\n\t\t\t<div class=\"elementor-widget-wrap elementor-element-populated\">\n\t\t\t\t\t\t<div class=\"elementor-element elementor-element-a81d4e0 elementor-countdown--label-block elementor-widget elementor-widget-countdown\" data-id=\"a81d4e0\" data-element_type=\"widget\" data-e-type=\"widget\" data-widget_type=\"countdown.default\">\n\t\t\t\t<div class=\"elementor-widget-container\">\n\t\t\t\t\t\t\t<div class=\"elementor-countdown-wrapper\" data-date=\"1750489200\">\n\t\t\t<div class=\"elementor-countdown-item\"><span class=\"elementor-countdown-digits elementor-countdown-days\"><\/span> <span class=\"elementor-countdown-label\">G\u00fcn<\/span><\/div><div class=\"elementor-countdown-item\"><span class=\"elementor-countdown-digits elementor-countdown-hours\"><\/span> <span class=\"elementor-countdown-label\">Saat<\/span><\/div><div class=\"elementor-countdown-item\"><span class=\"elementor-countdown-digits elementor-countdown-minutes\"><\/span> <span class=\"elementor-countdown-label\">Dakika<\/span><\/div><div class=\"elementor-countdown-item\"><span class=\"elementor-countdown-digits elementor-countdown-seconds\"><\/span> <span class=\"elementor-countdown-label\">Saniye<\/span><\/div>\t\t<\/div>\n\t\t\t\t\t\t<\/div>\n\t\t\t\t<\/div>\n\t\t\t\t\t<\/div>\n\t\t<\/div>\n\t\t\t\t\t<\/div>\n\t\t<\/section>\n\t\t\t\t<section class=\"elementor-section elementor-top-section elementor-element elementor-element-530f8b23 elementor-section-boxed elementor-section-height-default elementor-section-height-default\" data-id=\"530f8b23\" data-element_type=\"section\" data-e-type=\"section\">\n\t\t\t\t\t\t<div class=\"elementor-container elementor-column-gap-default\">\n\t\t\t\t\t<div class=\"elementor-column elementor-col-100 elementor-top-column elementor-element elementor-element-1d8ae494\" data-id=\"1d8ae494\" data-element_type=\"column\" data-e-type=\"column\">\n\t\t\t<div class=\"elementor-widget-wrap elementor-element-populated\">\n\t\t\t\t\t\t<div class=\"elementor-element elementor-element-6ba16b9 elementor-widget elementor-widget-text-editor\" data-id=\"6ba16b9\" data-element_type=\"widget\" data-e-type=\"widget\" data-widget_type=\"text-editor.default\">\n\t\t\t\t<div class=\"elementor-widget-container\">\n\t\t\t\t\t\t\t\t\t<div class=\"wp-block-countdown-block-countdown\">\n<div class=\"eb-parent-wrapper eb-parent-eb-countdown-cepobg0 \">\n<div class=\"eb-countdown-cepobg0 eb-cd-wrapper\">\n<div class=\"eb-cd-inner\" data-deadline-time=\"1717842240000\" data-is-evergreen-time=\"false\" data-evergreen-time-hours=\"11\" data-evergreen-time-minutes=\"59\" data-evergreen-recurring=\"false\" data-evergreen-restart-time=\"0\" data-evergreen-deadline-time=\"1692872574791\">\n<div class=\"box cd-box-day\"><strong style=\"font-size: 16px;\">&#8220;2025 YKS ne zaman?&#8221; <\/strong><span style=\"font-size: 16px;\">sorusunun cevab\u0131 yan\u0131t bulduktan sonra, s\u0131nava do\u011fru geri say\u0131m da ba\u015flad\u0131. 2025 YKS 21-22 Haziran tarihlerinde yap\u0131lacak. Peki, s\u0131nava ka\u00e7 g\u00fcn kald\u0131?<\/span><\/div>\n<div class=\"box cd-box-day\"><span style=\"font-size: 16px; color: var( --e-global-color-text );\">\u00a0<\/span><\/div>\n<\/div>\n<\/div>\n<\/div>\n<\/div>\n<p><!-- \/wp:paragraph --><\/p>\n<p><!-- wp:heading --><\/p>\n<h2 class=\"wp-block-heading\">2025 YKS 1. oturum TYT ne zaman yap\u0131lacak?<\/h2>\n<p><!-- \/wp:heading --><\/p>\n<p><!-- wp:paragraph --><\/p>\n<p>21 Haziran 2024 Cumartesi g\u00fcn\u00fc yap\u0131lacak TYT s\u0131nav\u0131, saat 10.15&#8217;te ba\u015flayacak ve 165 dakika s\u00fcrecek.<\/p>\n<p><!-- \/wp:paragraph --><\/p>\n<p><!-- wp:heading --><\/p>\n<h2 class=\"wp-block-heading\">2025 YKS 2. oturum AYT ne zaman yap\u0131lacak?<\/h2>\n<p><!-- \/wp:heading --><\/p>\n<p><!-- wp:paragraph --><\/p>\n<p>22 Haziran 2024 Pazar g\u00fcn\u00fc yap\u0131lacak AYT s\u0131nav\u0131, saat 10.15&#8217;te ba\u015flayacak ve 180 dakika s\u00fcrecek.<\/p>\n<p><!-- \/wp:paragraph --><\/p>\n<p><!-- wp:heading --><\/p>\n<h2 class=\"wp-block-heading\">2025 YKS 3. oturum YDT ne zaman?<\/h2>\n<p><!-- \/wp:heading --><\/p>\n<p><!-- wp:paragraph --><\/p>\n<p>22 Haziran 2024 Pazar g\u00fcn\u00fc yap\u0131lacak YTD s\u0131nav\u0131, saat 15.45&#8217;te ba\u015flayacak ve 120 dakika s\u00fcrecek.<\/p>\n<p><!-- \/wp:paragraph --><\/p>\n<p><!-- wp:heading --><\/p>\n<h2 class=\"wp-block-heading\">2025 YKS sonu\u00e7lar\u0131 ne zaman a\u00e7\u0131klanacak?<\/h2>\n<p><!-- \/wp:heading --><\/p>\n<p><!-- wp:paragraph --><\/p>\n<p>2025 YKS sonu\u00e7lar\u0131n\u0131n\u00a0<strong>22 Temmuz\u2019da<\/strong>\u00a0a\u00e7\u0131klanmas\u0131 bekleniyor; ancak bu tarihin olas\u0131 bir durumda de\u011fi\u015febilece\u011fi de belirtiliyor. Sonu\u00e7lar a\u00e7\u0131klanmadan \u00f6nce net say\u0131lar\u0131na g\u00f6re YKS puan\u0131n\u0131 hesaplamak i\u00e7in <a href=\"https:\/\/www.kariyer.net\/yks-tyt-ayt-puan-hesaplama\" target=\"_blank\" rel=\"noreferrer noopener\"><strong>YKS puan hesaplama <\/strong><\/a>sayfam\u0131z\u0131 kullanabilirsin.<\/p>\n<p><!-- \/wp:paragraph --><\/p>\n<p><!-- wp:heading --><\/p>\n<h2 class=\"wp-block-heading\">Arad\u0131\u011f\u0131n her \u015fey \u00dcniversite Rehberi&#8217;nde!<\/h2>\n<p><!-- \/wp:heading --><\/p>\n<p><!-- wp:paragraph --><\/p>\n<p>\u00dcniversiteye haz\u0131rl\u0131k s\u00fcrecinde bir\u00e7ok bilgiye ihtiya\u00e7 duydu\u011funu biliyoruz. Do\u011fru bir haz\u0131rl\u0131k d\u00f6nemi ge\u00e7irmen i\u00e7in ihtiyac\u0131n olan bir\u00e7ok konuya uzman bak\u0131\u015f a\u00e7\u0131s\u0131yla <a href=\"https:\/\/www.kariyer.net\/universite-rehberi-blog\/\" target=\"_blank\" rel=\"noreferrer noopener\"><strong>blo\u011fumuzda<\/strong><\/a> yer veriyoruz. Tercih d\u00f6neminde ise en do\u011fru tercihi kolayca yapabilmen i\u00e7in taban puanlar\u0131, tercih motoru, i\u015fverenlerin en fazla tercih etti\u011fi b\u00f6l\u00fcmler endeksi, binlerce b\u00f6l\u00fcm\/pozisyon hakk\u0131nda detayl\u0131 bilgiyi senin i\u00e7in tek bir \u00e7at\u0131da topluyoruz. <a href=\"https:\/\/www.kariyer.net\/universite-rehberi\" target=\"_blank\" rel=\"noreferrer noopener\"><strong>\u00dcniversite Rehberi<\/strong><\/a> sayfam\u0131z\u0131 inceleyerek, ihtiya\u00e7 duydu\u011fun t\u00fcm bilgi ve ara\u00e7lara kolayca ula\u015fabilirsin.<\/p>\n<p><!-- \/wp:paragraph --><\/p>\n<p><!-- wp:paragraph --><\/p>\n<p><!-- \/wp:paragraph --><\/p>\t\t\t\t\t\t\t\t<\/div>\n\t\t\t\t<\/div>\n\t\t\t\t\t<\/div>\n\t\t<\/div>\n\t\t\t\t\t<\/div>\n\t\t<\/section>\n\t\t\t\t<\/div>\n\t\t<!-- templates\/buttons-placeholder.php -->\n<div class=\"da-reactions-outer TpostID2552\">\n\t    <div class=\"da-reactions-data da-reactions-container-async center\"\n         data-type=\"post\"\n         data-id=\"2552\"\n         id=\"da-reactions-slot-post-2552\">\n        <div class=\"da-reactions-static\">\n\t\t\t<img src=\"https:\/\/www.kariyer.net\/universite-rehberi-blog\/wp-content\/plugins\/da-reactions\/assets\/dist\/loading.svg\" alt=\"Loading spinner\" width=\"48\" height=\"48\" style=\"width:48px\" \/>\n        <\/div>\n    <\/div>\n<\/div>\n","protected":false},"excerpt":{"rendered":"<p>G\u00fcn Saat Dakika Saniye &#8220;2025 YKS ne zaman?&#8221; sorusunun cevab\u0131 yan\u0131t bulduktan sonra, s\u0131nava do\u011fru geri say\u0131m da ba\u015flad\u0131. 2025 YKS 21-22 Haziran tarihlerinde yap\u0131lacak. Peki, s\u0131nava ka\u00e7 g\u00fcn kald\u0131? \u00a0 2025 YKS 1. oturum TYT ne zaman yap\u0131lacak? 21 Haziran 2024 Cumartesi g\u00fcn\u00fc yap\u0131lacak TYT s\u0131nav\u0131, saat 10.15&#8217;te ba\u015flayacak ve 165 dakika s\u00fcrecek. 2025 [&hellip;]<\/p>\n<!-- templates\/buttons-placeholder.php -->\n<div class=\"da-reactions-outer TpostID2552\">\n\t    <div class=\"da-reactions-data da-reactions-container-async center\"\n         data-type=\"post\"\n         data-id=\"2552\"\n         id=\"da-reactions-slot-post-2552\">\n        <div class=\"da-reactions-static\">\n\t\t\t<img src=\"https:\/\/www.kariyer.net\/universite-rehberi-blog\/wp-content\/plugins\/da-reactions\/assets\/dist\/loading.svg\" alt=\"Loading spinner\" width=\"48\" height=\"48\" style=\"width:48px\" \/>\n        <\/div>\n    <\/div>\n<\/div>\n","protected":false},"author":6,"featured_media":2554,"comment_status":"closed","ping_status":"open","sticky":false,"template":"","format":"standard","meta":{"footnotes":""},"categories":[99,13],"tags":[],"class_list":{"0":"post-2552","1":"post","2":"type-post","3":"status-publish","4":"format-standard","5":"has-post-thumbnail","7":"category-genel","8":"category-haberler"},"yoast_head":"<!-- This site is optimized with the Yoast SEO plugin v27.4 - https:\/\/yoast.com\/product\/yoast-seo-wordpress\/ -->\n<title>2025 YKS saya\u00e7 - 2025 YKS&#039;ye ka\u00e7 g\u00fcn kald\u0131?<\/title>\n<meta name=\"description\" content=\"&quot;2025 YKS ne zaman?&quot; sorusunun cevab\u0131 belli oldu. \u00d6SYM 2025 YKS&#039;nin 21-22 Haziran tarihlerinde yap\u0131laca\u011f\u0131n\u0131 duyurdu.\" \/>\n<meta name=\"robots\" content=\"index, follow, max-snippet:-1, max-image-preview:large, max-video-preview:-1\" \/>\n<link rel=\"canonical\" href=\"https:\/\/www.kariyer.net\/universite-rehberi-blog\/2025-yks-sayac-2025-yksye-kac-gun-kaldi\/\" \/>\n<meta property=\"og:locale\" content=\"tr_TR\" \/>\n<meta property=\"og:type\" content=\"article\" \/>\n<meta property=\"og:title\" content=\"2025 YKS saya\u00e7 - 2025 YKS&#039;ye ka\u00e7 g\u00fcn kald\u0131?\" \/>\n<meta property=\"og:description\" content=\"&quot;2025 YKS ne zaman?&quot; sorusunun cevab\u0131 belli oldu. \u00d6SYM 2025 YKS&#039;nin 21-22 Haziran tarihlerinde yap\u0131laca\u011f\u0131n\u0131 duyurdu.\" \/>\n<meta property=\"og:url\" content=\"https:\/\/www.kariyer.net\/universite-rehberi-blog\/2025-yks-sayac-2025-yksye-kac-gun-kaldi\/\" \/>\n<meta property=\"og:site_name\" content=\"\u00dcniversite Rehberi Blog\" \/>\n<meta property=\"article:published_time\" content=\"2024-11-28T11:01:33+00:00\" \/>\n<meta property=\"article:modified_time\" content=\"2025-05-12T11:06:26+00:00\" \/>\n<meta property=\"og:image\" content=\"https:\/\/www.kariyer.net\/universite-rehberi-blog\/wp-content\/uploads\/2024\/11\/2025_yks_sayac.jpg\" \/>\n\t<meta property=\"og:image:width\" content=\"900\" \/>\n\t<meta property=\"og:image:height\" content=\"600\" \/>\n\t<meta property=\"og:image:type\" content=\"image\/jpeg\" \/>\n<meta name=\"author\" content=\"Kariyer.net\" \/>\n<meta name=\"twitter:card\" content=\"summary_large_image\" \/>\n<meta name=\"twitter:label1\" content=\"Yazan:\" \/>\n\t<meta name=\"twitter:data1\" content=\"Kariyer.net\" \/>\n\t<meta name=\"twitter:label2\" content=\"Tahmini okuma s\u00fcresi\" \/>\n\t<meta name=\"twitter:data2\" content=\"2 dakika\" \/>\n<script type=\"application\/ld+json\" class=\"yoast-schema-graph\">{\"@context\":\"https:\\\/\\\/schema.org\",\"@graph\":[{\"@type\":\"Article\",\"@id\":\"https:\\\/\\\/www.kariyer.net\\\/universite-rehberi-blog\\\/2025-yks-sayac-2025-yksye-kac-gun-kaldi\\\/#article\",\"isPartOf\":{\"@id\":\"https:\\\/\\\/www.kariyer.net\\\/universite-rehberi-blog\\\/2025-yks-sayac-2025-yksye-kac-gun-kaldi\\\/\"},\"author\":{\"name\":\"Kariyer.net\",\"@id\":\"https:\\\/\\\/www.kariyer.net\\\/universite-rehberi-blog\\\/#\\\/schema\\\/person\\\/2867599002b8ea029dbc7e678f192105\"},\"headline\":\"2025 YKS saya\u00e7 &#8211; 2025 YKS&#8217;ye ka\u00e7 g\u00fcn kald\u0131?\",\"datePublished\":\"2024-11-28T11:01:33+00:00\",\"dateModified\":\"2025-05-12T11:06:26+00:00\",\"mainEntityOfPage\":{\"@id\":\"https:\\\/\\\/www.kariyer.net\\\/universite-rehberi-blog\\\/2025-yks-sayac-2025-yksye-kac-gun-kaldi\\\/\"},\"wordCount\":276,\"publisher\":{\"@id\":\"https:\\\/\\\/www.kariyer.net\\\/universite-rehberi-blog\\\/#organization\"},\"image\":{\"@id\":\"https:\\\/\\\/www.kariyer.net\\\/universite-rehberi-blog\\\/2025-yks-sayac-2025-yksye-kac-gun-kaldi\\\/#primaryimage\"},\"thumbnailUrl\":\"https:\\\/\\\/www.kariyer.net\\\/universite-rehberi-blog\\\/wp-content\\\/uploads\\\/2024\\\/11\\\/2025_yks_sayac.jpg\",\"articleSection\":{\"1\":\"Haberler\"},\"inLanguage\":\"tr\"},{\"@type\":\"WebPage\",\"@id\":\"https:\\\/\\\/www.kariyer.net\\\/universite-rehberi-blog\\\/2025-yks-sayac-2025-yksye-kac-gun-kaldi\\\/\",\"url\":\"https:\\\/\\\/www.kariyer.net\\\/universite-rehberi-blog\\\/2025-yks-sayac-2025-yksye-kac-gun-kaldi\\\/\",\"name\":\"2025 YKS saya\u00e7 - 2025 YKS'ye ka\u00e7 g\u00fcn kald\u0131?\",\"isPartOf\":{\"@id\":\"https:\\\/\\\/www.kariyer.net\\\/universite-rehberi-blog\\\/#website\"},\"primaryImageOfPage\":{\"@id\":\"https:\\\/\\\/www.kariyer.net\\\/universite-rehberi-blog\\\/2025-yks-sayac-2025-yksye-kac-gun-kaldi\\\/#primaryimage\"},\"image\":{\"@id\":\"https:\\\/\\\/www.kariyer.net\\\/universite-rehberi-blog\\\/2025-yks-sayac-2025-yksye-kac-gun-kaldi\\\/#primaryimage\"},\"thumbnailUrl\":\"https:\\\/\\\/www.kariyer.net\\\/universite-rehberi-blog\\\/wp-content\\\/uploads\\\/2024\\\/11\\\/2025_yks_sayac.jpg\",\"datePublished\":\"2024-11-28T11:01:33+00:00\",\"dateModified\":\"2025-05-12T11:06:26+00:00\",\"description\":\"\\\"2025 YKS ne zaman?\\\" sorusunun cevab\u0131 belli oldu. \u00d6SYM 2025 YKS'nin 21-22 Haziran tarihlerinde yap\u0131laca\u011f\u0131n\u0131 duyurdu.\",\"breadcrumb\":{\"@id\":\"https:\\\/\\\/www.kariyer.net\\\/universite-rehberi-blog\\\/2025-yks-sayac-2025-yksye-kac-gun-kaldi\\\/#breadcrumb\"},\"inLanguage\":\"tr\",\"potentialAction\":[{\"@type\":\"ReadAction\",\"target\":[\"https:\\\/\\\/www.kariyer.net\\\/universite-rehberi-blog\\\/2025-yks-sayac-2025-yksye-kac-gun-kaldi\\\/\"]}]},{\"@type\":\"ImageObject\",\"inLanguage\":\"tr\",\"@id\":\"https:\\\/\\\/www.kariyer.net\\\/universite-rehberi-blog\\\/2025-yks-sayac-2025-yksye-kac-gun-kaldi\\\/#primaryimage\",\"url\":\"https:\\\/\\\/www.kariyer.net\\\/universite-rehberi-blog\\\/wp-content\\\/uploads\\\/2024\\\/11\\\/2025_yks_sayac.jpg\",\"contentUrl\":\"https:\\\/\\\/www.kariyer.net\\\/universite-rehberi-blog\\\/wp-content\\\/uploads\\\/2024\\\/11\\\/2025_yks_sayac.jpg\",\"width\":900,\"height\":600},{\"@type\":\"BreadcrumbList\",\"@id\":\"https:\\\/\\\/www.kariyer.net\\\/universite-rehberi-blog\\\/2025-yks-sayac-2025-yksye-kac-gun-kaldi\\\/#breadcrumb\",\"itemListElement\":[{\"@type\":\"ListItem\",\"position\":1,\"name\":\"Anasayfa\",\"item\":\"https:\\\/\\\/www.kariyer.net\\\/universite-rehberi-blog\\\/\"},{\"@type\":\"ListItem\",\"position\":2,\"name\":\"2025 YKS saya\u00e7 &#8211; 2025 YKS&#8217;ye ka\u00e7 g\u00fcn kald\u0131?\"}]},{\"@type\":\"WebSite\",\"@id\":\"https:\\\/\\\/www.kariyer.net\\\/universite-rehberi-blog\\\/#website\",\"url\":\"https:\\\/\\\/www.kariyer.net\\\/universite-rehberi-blog\\\/\",\"name\":\"\u00dcniversite Rehberi Blog\",\"description\":\"Kariyer.net \u00dcniversiteler i\u00e7in Haz\u0131rlad\u0131\u011f\u0131 Blog Sayfas\u0131\",\"publisher\":{\"@id\":\"https:\\\/\\\/www.kariyer.net\\\/universite-rehberi-blog\\\/#organization\"},\"potentialAction\":[{\"@type\":\"SearchAction\",\"target\":{\"@type\":\"EntryPoint\",\"urlTemplate\":\"https:\\\/\\\/www.kariyer.net\\\/universite-rehberi-blog\\\/?s={search_term_string}\"},\"query-input\":{\"@type\":\"PropertyValueSpecification\",\"valueRequired\":true,\"valueName\":\"search_term_string\"}}],\"inLanguage\":\"tr\"},{\"@type\":\"Organization\",\"@id\":\"https:\\\/\\\/www.kariyer.net\\\/universite-rehberi-blog\\\/#organization\",\"name\":\"\u00dcniversite Rehberi Blog\",\"url\":\"https:\\\/\\\/www.kariyer.net\\\/universite-rehberi-blog\\\/\",\"logo\":{\"@type\":\"ImageObject\",\"inLanguage\":\"tr\",\"@id\":\"https:\\\/\\\/www.kariyer.net\\\/universite-rehberi-blog\\\/#\\\/schema\\\/logo\\\/image\\\/\",\"url\":\"https:\\\/\\\/www.kariyer.net\\\/universite-rehberi-blog\\\/wp-content\\\/uploads\\\/2023\\\/05\\\/kariyer-v3-logo.png\",\"contentUrl\":\"https:\\\/\\\/www.kariyer.net\\\/universite-rehberi-blog\\\/wp-content\\\/uploads\\\/2023\\\/05\\\/kariyer-v3-logo.png\",\"width\":5760,\"height\":1644,\"caption\":\"\u00dcniversite Rehberi Blog\"},\"image\":{\"@id\":\"https:\\\/\\\/www.kariyer.net\\\/universite-rehberi-blog\\\/#\\\/schema\\\/logo\\\/image\\\/\"}},{\"@type\":\"Person\",\"@id\":\"https:\\\/\\\/www.kariyer.net\\\/universite-rehberi-blog\\\/#\\\/schema\\\/person\\\/2867599002b8ea029dbc7e678f192105\",\"name\":\"Kariyer.net\",\"image\":{\"@type\":\"ImageObject\",\"inLanguage\":\"tr\",\"@id\":\"https:\\\/\\\/secure.gravatar.com\\\/avatar\\\/23b062e8807ebc21ee7de9642d7f8d03601c724b6fd7a14926571b37fec20318?s=96&d=mm&r=g\",\"url\":\"https:\\\/\\\/secure.gravatar.com\\\/avatar\\\/23b062e8807ebc21ee7de9642d7f8d03601c724b6fd7a14926571b37fec20318?s=96&d=mm&r=g\",\"contentUrl\":\"https:\\\/\\\/secure.gravatar.com\\\/avatar\\\/23b062e8807ebc21ee7de9642d7f8d03601c724b6fd7a14926571b37fec20318?s=96&d=mm&r=g\",\"caption\":\"Kariyer.net\"},\"sameAs\":[\"https:\\\/\\\/kariyer.net\\\/\"],\"url\":\"https:\\\/\\\/www.kariyer.net\\\/universite-rehberi-blog\\\/author\\\/kariyernet\\\/\"}]}<\/script>\n<!-- \/ Yoast SEO plugin. -->","yoast_head_json":{"title":"2025 YKS saya\u00e7 - 2025 YKS'ye ka\u00e7 g\u00fcn kald\u0131?","description":"\"2025 YKS ne zaman?\" sorusunun cevab\u0131 belli oldu. \u00d6SYM 2025 YKS'nin 21-22 Haziran tarihlerinde yap\u0131laca\u011f\u0131n\u0131 duyurdu.","robots":{"index":"index","follow":"follow","max-snippet":"max-snippet:-1","max-image-preview":"max-image-preview:large","max-video-preview":"max-video-preview:-1"},"canonical":"https:\/\/www.kariyer.net\/universite-rehberi-blog\/2025-yks-sayac-2025-yksye-kac-gun-kaldi\/","og_locale":"tr_TR","og_type":"article","og_title":"2025 YKS saya\u00e7 - 2025 YKS'ye ka\u00e7 g\u00fcn kald\u0131?","og_description":"\"2025 YKS ne zaman?\" sorusunun cevab\u0131 belli oldu. \u00d6SYM 2025 YKS'nin 21-22 Haziran tarihlerinde yap\u0131laca\u011f\u0131n\u0131 duyurdu.","og_url":"https:\/\/www.kariyer.net\/universite-rehberi-blog\/2025-yks-sayac-2025-yksye-kac-gun-kaldi\/","og_site_name":"\u00dcniversite Rehberi Blog","article_published_time":"2024-11-28T11:01:33+00:00","article_modified_time":"2025-05-12T11:06:26+00:00","og_image":[{"width":900,"height":600,"url":"https:\/\/www.kariyer.net\/universite-rehberi-blog\/wp-content\/uploads\/2024\/11\/2025_yks_sayac.jpg","type":"image\/jpeg"}],"author":"Kariyer.net","twitter_card":"summary_large_image","twitter_misc":{"Yazan:":"Kariyer.net","Tahmini okuma s\u00fcresi":"2 dakika"},"schema":{"@context":"https:\/\/schema.org","@graph":[{"@type":"Article","@id":"https:\/\/www.kariyer.net\/universite-rehberi-blog\/2025-yks-sayac-2025-yksye-kac-gun-kaldi\/#article","isPartOf":{"@id":"https:\/\/www.kariyer.net\/universite-rehberi-blog\/2025-yks-sayac-2025-yksye-kac-gun-kaldi\/"},"author":{"name":"Kariyer.net","@id":"https:\/\/www.kariyer.net\/universite-rehberi-blog\/#\/schema\/person\/2867599002b8ea029dbc7e678f192105"},"headline":"2025 YKS saya\u00e7 &#8211; 2025 YKS&#8217;ye ka\u00e7 g\u00fcn kald\u0131?","datePublished":"2024-11-28T11:01:33+00:00","dateModified":"2025-05-12T11:06:26+00:00","mainEntityOfPage":{"@id":"https:\/\/www.kariyer.net\/universite-rehberi-blog\/2025-yks-sayac-2025-yksye-kac-gun-kaldi\/"},"wordCount":276,"publisher":{"@id":"https:\/\/www.kariyer.net\/universite-rehberi-blog\/#organization"},"image":{"@id":"https:\/\/www.kariyer.net\/universite-rehberi-blog\/2025-yks-sayac-2025-yksye-kac-gun-kaldi\/#primaryimage"},"thumbnailUrl":"https:\/\/www.kariyer.net\/universite-rehberi-blog\/wp-content\/uploads\/2024\/11\/2025_yks_sayac.jpg","articleSection":{"1":"Haberler"},"inLanguage":"tr"},{"@type":"WebPage","@id":"https:\/\/www.kariyer.net\/universite-rehberi-blog\/2025-yks-sayac-2025-yksye-kac-gun-kaldi\/","url":"https:\/\/www.kariyer.net\/universite-rehberi-blog\/2025-yks-sayac-2025-yksye-kac-gun-kaldi\/","name":"2025 YKS saya\u00e7 - 2025 YKS'ye ka\u00e7 g\u00fcn kald\u0131?","isPartOf":{"@id":"https:\/\/www.kariyer.net\/universite-rehberi-blog\/#website"},"primaryImageOfPage":{"@id":"https:\/\/www.kariyer.net\/universite-rehberi-blog\/2025-yks-sayac-2025-yksye-kac-gun-kaldi\/#primaryimage"},"image":{"@id":"https:\/\/www.kariyer.net\/universite-rehberi-blog\/2025-yks-sayac-2025-yksye-kac-gun-kaldi\/#primaryimage"},"thumbnailUrl":"https:\/\/www.kariyer.net\/universite-rehberi-blog\/wp-content\/uploads\/2024\/11\/2025_yks_sayac.jpg","datePublished":"2024-11-28T11:01:33+00:00","dateModified":"2025-05-12T11:06:26+00:00","description":"\"2025 YKS ne zaman?\" sorusunun cevab\u0131 belli oldu. \u00d6SYM 2025 YKS'nin 21-22 Haziran tarihlerinde yap\u0131laca\u011f\u0131n\u0131 duyurdu.","breadcrumb":{"@id":"https:\/\/www.kariyer.net\/universite-rehberi-blog\/2025-yks-sayac-2025-yksye-kac-gun-kaldi\/#breadcrumb"},"inLanguage":"tr","potentialAction":[{"@type":"ReadAction","target":["https:\/\/www.kariyer.net\/universite-rehberi-blog\/2025-yks-sayac-2025-yksye-kac-gun-kaldi\/"]}]},{"@type":"ImageObject","inLanguage":"tr","@id":"https:\/\/www.kariyer.net\/universite-rehberi-blog\/2025-yks-sayac-2025-yksye-kac-gun-kaldi\/#primaryimage","url":"https:\/\/www.kariyer.net\/universite-rehberi-blog\/wp-content\/uploads\/2024\/11\/2025_yks_sayac.jpg","contentUrl":"https:\/\/www.kariyer.net\/universite-rehberi-blog\/wp-content\/uploads\/2024\/11\/2025_yks_sayac.jpg","width":900,"height":600},{"@type":"BreadcrumbList","@id":"https:\/\/www.kariyer.net\/universite-rehberi-blog\/2025-yks-sayac-2025-yksye-kac-gun-kaldi\/#breadcrumb","itemListElement":[{"@type":"ListItem","position":1,"name":"Anasayfa","item":"https:\/\/www.kariyer.net\/universite-rehberi-blog\/"},{"@type":"ListItem","position":2,"name":"2025 YKS saya\u00e7 &#8211; 2025 YKS&#8217;ye ka\u00e7 g\u00fcn kald\u0131?"}]},{"@type":"WebSite","@id":"https:\/\/www.kariyer.net\/universite-rehberi-blog\/#website","url":"https:\/\/www.kariyer.net\/universite-rehberi-blog\/","name":"\u00dcniversite Rehberi Blog","description":"Kariyer.net \u00dcniversiteler i\u00e7in Haz\u0131rlad\u0131\u011f\u0131 Blog Sayfas\u0131","publisher":{"@id":"https:\/\/www.kariyer.net\/universite-rehberi-blog\/#organization"},"potentialAction":[{"@type":"SearchAction","target":{"@type":"EntryPoint","urlTemplate":"https:\/\/www.kariyer.net\/universite-rehberi-blog\/?s={search_term_string}"},"query-input":{"@type":"PropertyValueSpecification","valueRequired":true,"valueName":"search_term_string"}}],"inLanguage":"tr"},{"@type":"Organization","@id":"https:\/\/www.kariyer.net\/universite-rehberi-blog\/#organization","name":"\u00dcniversite Rehberi Blog","url":"https:\/\/www.kariyer.net\/universite-rehberi-blog\/","logo":{"@type":"ImageObject","inLanguage":"tr","@id":"https:\/\/www.kariyer.net\/universite-rehberi-blog\/#\/schema\/logo\/image\/","url":"https:\/\/www.kariyer.net\/universite-rehberi-blog\/wp-content\/uploads\/2023\/05\/kariyer-v3-logo.png","contentUrl":"https:\/\/www.kariyer.net\/universite-rehberi-blog\/wp-content\/uploads\/2023\/05\/kariyer-v3-logo.png","width":5760,"height":1644,"caption":"\u00dcniversite Rehberi Blog"},"image":{"@id":"https:\/\/www.kariyer.net\/universite-rehberi-blog\/#\/schema\/logo\/image\/"}},{"@type":"Person","@id":"https:\/\/www.kariyer.net\/universite-rehberi-blog\/#\/schema\/person\/2867599002b8ea029dbc7e678f192105","name":"Kariyer.net","image":{"@type":"ImageObject","inLanguage":"tr","@id":"https:\/\/secure.gravatar.com\/avatar\/23b062e8807ebc21ee7de9642d7f8d03601c724b6fd7a14926571b37fec20318?s=96&d=mm&r=g","url":"https:\/\/secure.gravatar.com\/avatar\/23b062e8807ebc21ee7de9642d7f8d03601c724b6fd7a14926571b37fec20318?s=96&d=mm&r=g","contentUrl":"https:\/\/secure.gravatar.com\/avatar\/23b062e8807ebc21ee7de9642d7f8d03601c724b6fd7a14926571b37fec20318?s=96&d=mm&r=g","caption":"Kariyer.net"},"sameAs":["https:\/\/kariyer.net\/"],"url":"https:\/\/www.kariyer.net\/universite-rehberi-blog\/author\/kariyernet\/"}]}},"_links":{"self":[{"href":"https:\/\/www.kariyer.net\/universite-rehberi-blog\/wp-json\/wp\/v2\/posts\/2552","targetHints":{"allow":["GET"]}}],"collection":[{"href":"https:\/\/www.kariyer.net\/universite-rehberi-blog\/wp-json\/wp\/v2\/posts"}],"about":[{"href":"https:\/\/www.kariyer.net\/universite-rehberi-blog\/wp-json\/wp\/v2\/types\/post"}],"author":[{"embeddable":true,"href":"https:\/\/www.kariyer.net\/universite-rehberi-blog\/wp-json\/wp\/v2\/users\/6"}],"replies":[{"embeddable":true,"href":"https:\/\/www.kariyer.net\/universite-rehberi-blog\/wp-json\/wp\/v2\/comments?post=2552"}],"version-history":[{"count":13,"href":"https:\/\/www.kariyer.net\/universite-rehberi-blog\/wp-json\/wp\/v2\/posts\/2552\/revisions"}],"predecessor-version":[{"id":3122,"href":"https:\/\/www.kariyer.net\/universite-rehberi-blog\/wp-json\/wp\/v2\/posts\/2552\/revisions\/3122"}],"wp:featuredmedia":[{"embeddable":true,"href":"https:\/\/www.kariyer.net\/universite-rehberi-blog\/wp-json\/wp\/v2\/media\/2554"}],"wp:attachment":[{"href":"https:\/\/www.kariyer.net\/universite-rehberi-blog\/wp-json\/wp\/v2\/media?parent=2552"}],"wp:term":[{"taxonomy":"category","embeddable":true,"href":"https:\/\/www.kariyer.net\/universite-rehberi-blog\/wp-json\/wp\/v2\/categories?post=2552"},{"taxonomy":"post_tag","embeddable":true,"href":"https:\/\/www.kariyer.net\/universite-rehberi-blog\/wp-json\/wp\/v2\/tags?post=2552"}],"curies":[{"name":"wp","href":"https:\/\/api.w.org\/{rel}","templated":true}]}}