{"id":2732,"date":"2025-06-04T13:59:46","date_gmt":"2025-06-04T10:59:46","guid":{"rendered":"https:\/\/www.kariyer.net\/universite-rehberi-blog\/?p=2732"},"modified":"2025-06-10T15:51:43","modified_gmt":"2025-06-10T12:51:43","slug":"2025-yks-sinava-giris-yerleri-ne-zaman-aciklanacak","status":"publish","type":"post","link":"https:\/\/www.kariyer.net\/universite-rehberi-blog\/2025-yks-sinava-giris-yerleri-ne-zaman-aciklanacak\/","title":{"rendered":"2025 YKS s\u0131nava giri\u015f yerleri ne zaman a\u00e7\u0131klanacak?"},"content":{"rendered":"\n<p><strong>2025 Y\u00fcksek\u00f6\u011fretim Kurumlar\u0131 S\u0131nav\u0131 (YKS)&#8217;na kat\u0131lacak milyonlarca aday\u0131n merakla bekledi\u011fi s\u0131nav giri\u015f yerleri hen\u00fcz a\u00e7\u0131klanmad\u0131. Peki 2025 YKS s\u0131nav giri\u015f yerleri ne zaman belli olacak?<\/strong><\/p>\n\n\n\n<h2 class=\"wp-block-heading\">2025 YKS s\u0131nav yerleri ne zaman a\u00e7\u0131klanacak?<strong> <\/strong><\/h2>\n\n\n\n<p>\u00d6SYM&#8217;nin ge\u00e7mi\u015f y\u0131llardaki uygulamalar\u0131na bak\u0131ld\u0131\u011f\u0131nda, s\u0131nav giri\u015f belgeleri genellikle s\u0131nav tarihinden yakla\u015f\u0131k 10-15 g\u00fcn \u00f6nce eri\u015fime a\u00e7\u0131l\u0131yor. Bu bilgiler \u0131\u015f\u0131\u011f\u0131nda, 2025 YKS s\u0131nav yerlerinin haziran ay\u0131n\u0131n ilk haftas\u0131nda, yani en ge\u00e7 <strong>11 Haziran 2025<\/strong> tarihine kadar a\u00e7\u0131klanmas\u0131 bekleniyor.<\/p>\n\n\n\n<h2 class=\"wp-block-heading\"><strong>S\u0131nav giri\u015f belgesi nas\u0131l al\u0131n\u0131r?<\/strong><\/h2>\n\n\n\n<p>Adaylar, s\u0131nav giri\u015f belgelerini \u00d6SYM&#8217;nin resmi internet sitesi olan <a href=\"https:\/\/ais.osym.gov.tr\/\" target=\"_blank\" rel=\"noreferrer noopener\">ais.osym.gov.tr<\/a> adresinden T.C. kimlik numaralar\u0131 ve \u015fifreleriyle giri\u015f yaparak edinebilecekler. Belge \u00fczerinde s\u0131nav merkezi, bina, salon ve s\u0131ra numaras\u0131 gibi bilgiler yer alacak. S\u0131nav g\u00fcn\u00fc bu belgeyi yanlar\u0131nda bulundurmas\u0131 zorunlu olan adaylar, belgeyi siyah-beyaz veya renkli \u00e7\u0131kt\u0131 olarak alabilirler.<\/p>\n\n\n\n<h2 class=\"wp-block-heading\"><strong>2025 YKS s\u0131nav takvimi<\/strong><\/h2>\n\n\n\n<ul class=\"wp-block-list\">\n<li>TYT (Temel Yeterlilik Testi): 21 Haziran 2025 Cumartesi, saat 10.15<\/li>\n\n\n\n<li>AYT (Alan Yeterlilik Testleri): 22 Haziran 2025 Pazar, saat 10.15<\/li>\n\n\n\n<li>YDT (Yabanc\u0131 Dil Testi): 22 Haziran 2025 Pazar, saat 15.45<\/li>\n<\/ul>\n\n\n\n<p>S\u0131nav sonu\u00e7lar\u0131n\u0131n ise <strong>22 Temmuz 2025<\/strong> tarihinde a\u00e7\u0131klanmas\u0131 planlan\u0131yor.<\/p>\n\n\n\n<p>S\u0131nav giri\u015f belgeleri yay\u0131mland\u0131\u011f\u0131nda, adaylar\u0131n belgelerini kontrol etmeleri ve s\u0131nav g\u00fcn\u00fc yanlar\u0131nda bulundurmalar\u0131 \u00f6nemli. Ayr\u0131ca, s\u0131nav g\u00fcn\u00fc kimlik belgelerini de unutmamalar\u0131 gerekiyor.<\/p>\n<!-- templates\/buttons-placeholder.php -->\n<div class=\"da-reactions-outer TpostID2732\">\n\t    <div class=\"da-reactions-data da-reactions-container-async center\"\n         data-type=\"post\"\n         data-id=\"2732\"\n         id=\"da-reactions-slot-post-2732\">\n        <div class=\"da-reactions-static\">\n\t\t\t<img src=\"https:\/\/www.kariyer.net\/universite-rehberi-blog\/wp-content\/plugins\/da-reactions\/assets\/dist\/loading.svg\" alt=\"Loading spinner\" width=\"48\" height=\"48\" style=\"width:48px\" \/>\n        <\/div>\n    <\/div>\n<\/div>\n","protected":false},"excerpt":{"rendered":"<p>2025 Y\u00fcksek\u00f6\u011fretim Kurumlar\u0131 S\u0131nav\u0131 (YKS)&#8217;na kat\u0131lacak milyonlarca aday\u0131n merakla bekledi\u011fi s\u0131nav giri\u015f yerleri hen\u00fcz a\u00e7\u0131klanmad\u0131. Peki 2025 YKS s\u0131nav giri\u015f yerleri ne zaman belli olacak? 2025 YKS s\u0131nav yerleri ne zaman a\u00e7\u0131klanacak? \u00d6SYM&#8217;nin ge\u00e7mi\u015f y\u0131llardaki uygulamalar\u0131na bak\u0131ld\u0131\u011f\u0131nda, s\u0131nav giri\u015f belgeleri genellikle s\u0131nav tarihinden yakla\u015f\u0131k 10-15 g\u00fcn \u00f6nce eri\u015fime a\u00e7\u0131l\u0131yor. Bu bilgiler \u0131\u015f\u0131\u011f\u0131nda, 2025 YKS s\u0131nav [&hellip;]<\/p>\n<!-- templates\/buttons-placeholder.php -->\n<div class=\"da-reactions-outer TpostID2732\">\n\t    <div class=\"da-reactions-data da-reactions-container-async center\"\n         data-type=\"post\"\n         data-id=\"2732\"\n         id=\"da-reactions-slot-post-2732\">\n        <div class=\"da-reactions-static\">\n\t\t\t<img src=\"https:\/\/www.kariyer.net\/universite-rehberi-blog\/wp-content\/plugins\/da-reactions\/assets\/dist\/loading.svg\" alt=\"Loading spinner\" width=\"48\" height=\"48\" style=\"width:48px\" \/>\n        <\/div>\n    <\/div>\n<\/div>\n","protected":false},"author":6,"featured_media":2733,"comment_status":"closed","ping_status":"open","sticky":false,"template":"","format":"standard","meta":{"footnotes":""},"categories":[13],"tags":[],"class_list":{"0":"post-2732","1":"post","2":"type-post","3":"status-publish","4":"format-standard","5":"has-post-thumbnail","7":"category-haberler"},"yoast_head":"<!-- This site is optimized with the Yoast SEO plugin v27.4 - https:\/\/yoast.com\/product\/yoast-seo-wordpress\/ -->\n<title>2025 YKS s\u0131nava giri\u015f yerleri ne zaman a\u00e7\u0131klanacak?<\/title>\n<meta name=\"description\" content=\"2025 Y\u00fcksek\u00f6\u011fretim Kurumlar\u0131 S\u0131nav\u0131 (YKS)&#039;na kat\u0131lacak milyonlarca aday\u0131n merakla bekledi\u011fi s\u0131nav giri\u015f yerleri hen\u00fcz a\u00e7\u0131klanmad\u0131.\" \/>\n<meta name=\"robots\" content=\"index, follow, max-snippet:-1, max-image-preview:large, max-video-preview:-1\" \/>\n<link rel=\"canonical\" href=\"https:\/\/www.kariyer.net\/universite-rehberi-blog\/2025-yks-sinava-giris-yerleri-ne-zaman-aciklanacak\/\" \/>\n<meta property=\"og:locale\" content=\"tr_TR\" \/>\n<meta property=\"og:type\" content=\"article\" \/>\n<meta property=\"og:title\" content=\"2025 YKS s\u0131nava giri\u015f yerleri ne zaman a\u00e7\u0131klanacak?\" \/>\n<meta property=\"og:description\" content=\"2025 Y\u00fcksek\u00f6\u011fretim Kurumlar\u0131 S\u0131nav\u0131 (YKS)&#039;na kat\u0131lacak milyonlarca aday\u0131n merakla bekledi\u011fi s\u0131nav giri\u015f yerleri hen\u00fcz a\u00e7\u0131klanmad\u0131.\" \/>\n<meta property=\"og:url\" content=\"https:\/\/www.kariyer.net\/universite-rehberi-blog\/2025-yks-sinava-giris-yerleri-ne-zaman-aciklanacak\/\" \/>\n<meta property=\"og:site_name\" content=\"\u00dcniversite Rehberi Blog\" \/>\n<meta property=\"article:published_time\" content=\"2025-06-04T10:59:46+00:00\" \/>\n<meta property=\"article:modified_time\" content=\"2025-06-10T12:51:43+00:00\" \/>\n<meta property=\"og:image\" content=\"https:\/\/www.kariyer.net\/universite-rehberi-blog\/wp-content\/uploads\/2025\/06\/yks_giris_yerleri.jpg\" \/>\n\t<meta property=\"og:image:width\" content=\"900\" \/>\n\t<meta property=\"og:image:height\" content=\"600\" \/>\n\t<meta property=\"og:image:type\" content=\"image\/jpeg\" \/>\n<meta name=\"author\" content=\"Kariyer.net\" \/>\n<meta name=\"twitter:card\" content=\"summary_large_image\" \/>\n<meta name=\"twitter:label1\" content=\"Yazan:\" \/>\n\t<meta name=\"twitter:data1\" content=\"Kariyer.net\" \/>\n\t<meta name=\"twitter:label2\" content=\"Tahmini okuma s\u00fcresi\" \/>\n\t<meta name=\"twitter:data2\" content=\"2 dakika\" \/>\n<script type=\"application\/ld+json\" class=\"yoast-schema-graph\">{\"@context\":\"https:\\\/\\\/schema.org\",\"@graph\":[{\"@type\":\"Article\",\"@id\":\"https:\\\/\\\/www.kariyer.net\\\/universite-rehberi-blog\\\/2025-yks-sinava-giris-yerleri-ne-zaman-aciklanacak\\\/#article\",\"isPartOf\":{\"@id\":\"https:\\\/\\\/www.kariyer.net\\\/universite-rehberi-blog\\\/2025-yks-sinava-giris-yerleri-ne-zaman-aciklanacak\\\/\"},\"author\":{\"name\":\"Kariyer.net\",\"@id\":\"https:\\\/\\\/www.kariyer.net\\\/universite-rehberi-blog\\\/#\\\/schema\\\/person\\\/2867599002b8ea029dbc7e678f192105\"},\"headline\":\"2025 YKS s\u0131nava giri\u015f yerleri ne zaman a\u00e7\u0131klanacak?\",\"datePublished\":\"2025-06-04T10:59:46+00:00\",\"dateModified\":\"2025-06-10T12:51:43+00:00\",\"mainEntityOfPage\":{\"@id\":\"https:\\\/\\\/www.kariyer.net\\\/universite-rehberi-blog\\\/2025-yks-sinava-giris-yerleri-ne-zaman-aciklanacak\\\/\"},\"wordCount\":242,\"publisher\":{\"@id\":\"https:\\\/\\\/www.kariyer.net\\\/universite-rehberi-blog\\\/#organization\"},\"image\":{\"@id\":\"https:\\\/\\\/www.kariyer.net\\\/universite-rehberi-blog\\\/2025-yks-sinava-giris-yerleri-ne-zaman-aciklanacak\\\/#primaryimage\"},\"thumbnailUrl\":\"https:\\\/\\\/www.kariyer.net\\\/universite-rehberi-blog\\\/wp-content\\\/uploads\\\/2025\\\/06\\\/yks_giris_yerleri.jpg\",\"articleSection\":[\"Haberler\"],\"inLanguage\":\"tr\"},{\"@type\":\"WebPage\",\"@id\":\"https:\\\/\\\/www.kariyer.net\\\/universite-rehberi-blog\\\/2025-yks-sinava-giris-yerleri-ne-zaman-aciklanacak\\\/\",\"url\":\"https:\\\/\\\/www.kariyer.net\\\/universite-rehberi-blog\\\/2025-yks-sinava-giris-yerleri-ne-zaman-aciklanacak\\\/\",\"name\":\"2025 YKS s\u0131nava giri\u015f yerleri ne zaman a\u00e7\u0131klanacak?\",\"isPartOf\":{\"@id\":\"https:\\\/\\\/www.kariyer.net\\\/universite-rehberi-blog\\\/#website\"},\"primaryImageOfPage\":{\"@id\":\"https:\\\/\\\/www.kariyer.net\\\/universite-rehberi-blog\\\/2025-yks-sinava-giris-yerleri-ne-zaman-aciklanacak\\\/#primaryimage\"},\"image\":{\"@id\":\"https:\\\/\\\/www.kariyer.net\\\/universite-rehberi-blog\\\/2025-yks-sinava-giris-yerleri-ne-zaman-aciklanacak\\\/#primaryimage\"},\"thumbnailUrl\":\"https:\\\/\\\/www.kariyer.net\\\/universite-rehberi-blog\\\/wp-content\\\/uploads\\\/2025\\\/06\\\/yks_giris_yerleri.jpg\",\"datePublished\":\"2025-06-04T10:59:46+00:00\",\"dateModified\":\"2025-06-10T12:51:43+00:00\",\"description\":\"2025 Y\u00fcksek\u00f6\u011fretim Kurumlar\u0131 S\u0131nav\u0131 (YKS)'na kat\u0131lacak milyonlarca aday\u0131n merakla bekledi\u011fi s\u0131nav giri\u015f yerleri hen\u00fcz a\u00e7\u0131klanmad\u0131.\",\"breadcrumb\":{\"@id\":\"https:\\\/\\\/www.kariyer.net\\\/universite-rehberi-blog\\\/2025-yks-sinava-giris-yerleri-ne-zaman-aciklanacak\\\/#breadcrumb\"},\"inLanguage\":\"tr\",\"potentialAction\":[{\"@type\":\"ReadAction\",\"target\":[\"https:\\\/\\\/www.kariyer.net\\\/universite-rehberi-blog\\\/2025-yks-sinava-giris-yerleri-ne-zaman-aciklanacak\\\/\"]}]},{\"@type\":\"ImageObject\",\"inLanguage\":\"tr\",\"@id\":\"https:\\\/\\\/www.kariyer.net\\\/universite-rehberi-blog\\\/2025-yks-sinava-giris-yerleri-ne-zaman-aciklanacak\\\/#primaryimage\",\"url\":\"https:\\\/\\\/www.kariyer.net\\\/universite-rehberi-blog\\\/wp-content\\\/uploads\\\/2025\\\/06\\\/yks_giris_yerleri.jpg\",\"contentUrl\":\"https:\\\/\\\/www.kariyer.net\\\/universite-rehberi-blog\\\/wp-content\\\/uploads\\\/2025\\\/06\\\/yks_giris_yerleri.jpg\",\"width\":900,\"height\":600},{\"@type\":\"BreadcrumbList\",\"@id\":\"https:\\\/\\\/www.kariyer.net\\\/universite-rehberi-blog\\\/2025-yks-sinava-giris-yerleri-ne-zaman-aciklanacak\\\/#breadcrumb\",\"itemListElement\":[{\"@type\":\"ListItem\",\"position\":1,\"name\":\"Anasayfa\",\"item\":\"https:\\\/\\\/www.kariyer.net\\\/universite-rehberi-blog\\\/\"},{\"@type\":\"ListItem\",\"position\":2,\"name\":\"2025 YKS s\u0131nava giri\u015f yerleri ne zaman a\u00e7\u0131klanacak?\"}]},{\"@type\":\"WebSite\",\"@id\":\"https:\\\/\\\/www.kariyer.net\\\/universite-rehberi-blog\\\/#website\",\"url\":\"https:\\\/\\\/www.kariyer.net\\\/universite-rehberi-blog\\\/\",\"name\":\"\u00dcniversite Rehberi Blog\",\"description\":\"Kariyer.net \u00dcniversiteler i\u00e7in Haz\u0131rlad\u0131\u011f\u0131 Blog Sayfas\u0131\",\"publisher\":{\"@id\":\"https:\\\/\\\/www.kariyer.net\\\/universite-rehberi-blog\\\/#organization\"},\"potentialAction\":[{\"@type\":\"SearchAction\",\"target\":{\"@type\":\"EntryPoint\",\"urlTemplate\":\"https:\\\/\\\/www.kariyer.net\\\/universite-rehberi-blog\\\/?s={search_term_string}\"},\"query-input\":{\"@type\":\"PropertyValueSpecification\",\"valueRequired\":true,\"valueName\":\"search_term_string\"}}],\"inLanguage\":\"tr\"},{\"@type\":\"Organization\",\"@id\":\"https:\\\/\\\/www.kariyer.net\\\/universite-rehberi-blog\\\/#organization\",\"name\":\"\u00dcniversite Rehberi Blog\",\"url\":\"https:\\\/\\\/www.kariyer.net\\\/universite-rehberi-blog\\\/\",\"logo\":{\"@type\":\"ImageObject\",\"inLanguage\":\"tr\",\"@id\":\"https:\\\/\\\/www.kariyer.net\\\/universite-rehberi-blog\\\/#\\\/schema\\\/logo\\\/image\\\/\",\"url\":\"https:\\\/\\\/www.kariyer.net\\\/universite-rehberi-blog\\\/wp-content\\\/uploads\\\/2023\\\/05\\\/kariyer-v3-logo.png\",\"contentUrl\":\"https:\\\/\\\/www.kariyer.net\\\/universite-rehberi-blog\\\/wp-content\\\/uploads\\\/2023\\\/05\\\/kariyer-v3-logo.png\",\"width\":5760,\"height\":1644,\"caption\":\"\u00dcniversite Rehberi Blog\"},\"image\":{\"@id\":\"https:\\\/\\\/www.kariyer.net\\\/universite-rehberi-blog\\\/#\\\/schema\\\/logo\\\/image\\\/\"}},{\"@type\":\"Person\",\"@id\":\"https:\\\/\\\/www.kariyer.net\\\/universite-rehberi-blog\\\/#\\\/schema\\\/person\\\/2867599002b8ea029dbc7e678f192105\",\"name\":\"Kariyer.net\",\"image\":{\"@type\":\"ImageObject\",\"inLanguage\":\"tr\",\"@id\":\"https:\\\/\\\/secure.gravatar.com\\\/avatar\\\/23b062e8807ebc21ee7de9642d7f8d03601c724b6fd7a14926571b37fec20318?s=96&d=mm&r=g\",\"url\":\"https:\\\/\\\/secure.gravatar.com\\\/avatar\\\/23b062e8807ebc21ee7de9642d7f8d03601c724b6fd7a14926571b37fec20318?s=96&d=mm&r=g\",\"contentUrl\":\"https:\\\/\\\/secure.gravatar.com\\\/avatar\\\/23b062e8807ebc21ee7de9642d7f8d03601c724b6fd7a14926571b37fec20318?s=96&d=mm&r=g\",\"caption\":\"Kariyer.net\"},\"sameAs\":[\"https:\\\/\\\/kariyer.net\\\/\"],\"url\":\"https:\\\/\\\/www.kariyer.net\\\/universite-rehberi-blog\\\/author\\\/kariyernet\\\/\"}]}<\/script>\n<!-- \/ Yoast SEO plugin. -->","yoast_head_json":{"title":"2025 YKS s\u0131nava giri\u015f yerleri ne zaman a\u00e7\u0131klanacak?","description":"2025 Y\u00fcksek\u00f6\u011fretim Kurumlar\u0131 S\u0131nav\u0131 (YKS)'na kat\u0131lacak milyonlarca aday\u0131n merakla bekledi\u011fi s\u0131nav giri\u015f yerleri hen\u00fcz a\u00e7\u0131klanmad\u0131.","robots":{"index":"index","follow":"follow","max-snippet":"max-snippet:-1","max-image-preview":"max-image-preview:large","max-video-preview":"max-video-preview:-1"},"canonical":"https:\/\/www.kariyer.net\/universite-rehberi-blog\/2025-yks-sinava-giris-yerleri-ne-zaman-aciklanacak\/","og_locale":"tr_TR","og_type":"article","og_title":"2025 YKS s\u0131nava giri\u015f yerleri ne zaman a\u00e7\u0131klanacak?","og_description":"2025 Y\u00fcksek\u00f6\u011fretim Kurumlar\u0131 S\u0131nav\u0131 (YKS)'na kat\u0131lacak milyonlarca aday\u0131n merakla bekledi\u011fi s\u0131nav giri\u015f yerleri hen\u00fcz a\u00e7\u0131klanmad\u0131.","og_url":"https:\/\/www.kariyer.net\/universite-rehberi-blog\/2025-yks-sinava-giris-yerleri-ne-zaman-aciklanacak\/","og_site_name":"\u00dcniversite Rehberi Blog","article_published_time":"2025-06-04T10:59:46+00:00","article_modified_time":"2025-06-10T12:51:43+00:00","og_image":[{"width":900,"height":600,"url":"https:\/\/www.kariyer.net\/universite-rehberi-blog\/wp-content\/uploads\/2025\/06\/yks_giris_yerleri.jpg","type":"image\/jpeg"}],"author":"Kariyer.net","twitter_card":"summary_large_image","twitter_misc":{"Yazan:":"Kariyer.net","Tahmini okuma s\u00fcresi":"2 dakika"},"schema":{"@context":"https:\/\/schema.org","@graph":[{"@type":"Article","@id":"https:\/\/www.kariyer.net\/universite-rehberi-blog\/2025-yks-sinava-giris-yerleri-ne-zaman-aciklanacak\/#article","isPartOf":{"@id":"https:\/\/www.kariyer.net\/universite-rehberi-blog\/2025-yks-sinava-giris-yerleri-ne-zaman-aciklanacak\/"},"author":{"name":"Kariyer.net","@id":"https:\/\/www.kariyer.net\/universite-rehberi-blog\/#\/schema\/person\/2867599002b8ea029dbc7e678f192105"},"headline":"2025 YKS s\u0131nava giri\u015f yerleri ne zaman a\u00e7\u0131klanacak?","datePublished":"2025-06-04T10:59:46+00:00","dateModified":"2025-06-10T12:51:43+00:00","mainEntityOfPage":{"@id":"https:\/\/www.kariyer.net\/universite-rehberi-blog\/2025-yks-sinava-giris-yerleri-ne-zaman-aciklanacak\/"},"wordCount":242,"publisher":{"@id":"https:\/\/www.kariyer.net\/universite-rehberi-blog\/#organization"},"image":{"@id":"https:\/\/www.kariyer.net\/universite-rehberi-blog\/2025-yks-sinava-giris-yerleri-ne-zaman-aciklanacak\/#primaryimage"},"thumbnailUrl":"https:\/\/www.kariyer.net\/universite-rehberi-blog\/wp-content\/uploads\/2025\/06\/yks_giris_yerleri.jpg","articleSection":["Haberler"],"inLanguage":"tr"},{"@type":"WebPage","@id":"https:\/\/www.kariyer.net\/universite-rehberi-blog\/2025-yks-sinava-giris-yerleri-ne-zaman-aciklanacak\/","url":"https:\/\/www.kariyer.net\/universite-rehberi-blog\/2025-yks-sinava-giris-yerleri-ne-zaman-aciklanacak\/","name":"2025 YKS s\u0131nava giri\u015f yerleri ne zaman a\u00e7\u0131klanacak?","isPartOf":{"@id":"https:\/\/www.kariyer.net\/universite-rehberi-blog\/#website"},"primaryImageOfPage":{"@id":"https:\/\/www.kariyer.net\/universite-rehberi-blog\/2025-yks-sinava-giris-yerleri-ne-zaman-aciklanacak\/#primaryimage"},"image":{"@id":"https:\/\/www.kariyer.net\/universite-rehberi-blog\/2025-yks-sinava-giris-yerleri-ne-zaman-aciklanacak\/#primaryimage"},"thumbnailUrl":"https:\/\/www.kariyer.net\/universite-rehberi-blog\/wp-content\/uploads\/2025\/06\/yks_giris_yerleri.jpg","datePublished":"2025-06-04T10:59:46+00:00","dateModified":"2025-06-10T12:51:43+00:00","description":"2025 Y\u00fcksek\u00f6\u011fretim Kurumlar\u0131 S\u0131nav\u0131 (YKS)'na kat\u0131lacak milyonlarca aday\u0131n merakla bekledi\u011fi s\u0131nav giri\u015f yerleri hen\u00fcz a\u00e7\u0131klanmad\u0131.","breadcrumb":{"@id":"https:\/\/www.kariyer.net\/universite-rehberi-blog\/2025-yks-sinava-giris-yerleri-ne-zaman-aciklanacak\/#breadcrumb"},"inLanguage":"tr","potentialAction":[{"@type":"ReadAction","target":["https:\/\/www.kariyer.net\/universite-rehberi-blog\/2025-yks-sinava-giris-yerleri-ne-zaman-aciklanacak\/"]}]},{"@type":"ImageObject","inLanguage":"tr","@id":"https:\/\/www.kariyer.net\/universite-rehberi-blog\/2025-yks-sinava-giris-yerleri-ne-zaman-aciklanacak\/#primaryimage","url":"https:\/\/www.kariyer.net\/universite-rehberi-blog\/wp-content\/uploads\/2025\/06\/yks_giris_yerleri.jpg","contentUrl":"https:\/\/www.kariyer.net\/universite-rehberi-blog\/wp-content\/uploads\/2025\/06\/yks_giris_yerleri.jpg","width":900,"height":600},{"@type":"BreadcrumbList","@id":"https:\/\/www.kariyer.net\/universite-rehberi-blog\/2025-yks-sinava-giris-yerleri-ne-zaman-aciklanacak\/#breadcrumb","itemListElement":[{"@type":"ListItem","position":1,"name":"Anasayfa","item":"https:\/\/www.kariyer.net\/universite-rehberi-blog\/"},{"@type":"ListItem","position":2,"name":"2025 YKS s\u0131nava giri\u015f yerleri ne zaman a\u00e7\u0131klanacak?"}]},{"@type":"WebSite","@id":"https:\/\/www.kariyer.net\/universite-rehberi-blog\/#website","url":"https:\/\/www.kariyer.net\/universite-rehberi-blog\/","name":"\u00dcniversite Rehberi Blog","description":"Kariyer.net \u00dcniversiteler i\u00e7in Haz\u0131rlad\u0131\u011f\u0131 Blog Sayfas\u0131","publisher":{"@id":"https:\/\/www.kariyer.net\/universite-rehberi-blog\/#organization"},"potentialAction":[{"@type":"SearchAction","target":{"@type":"EntryPoint","urlTemplate":"https:\/\/www.kariyer.net\/universite-rehberi-blog\/?s={search_term_string}"},"query-input":{"@type":"PropertyValueSpecification","valueRequired":true,"valueName":"search_term_string"}}],"inLanguage":"tr"},{"@type":"Organization","@id":"https:\/\/www.kariyer.net\/universite-rehberi-blog\/#organization","name":"\u00dcniversite Rehberi Blog","url":"https:\/\/www.kariyer.net\/universite-rehberi-blog\/","logo":{"@type":"ImageObject","inLanguage":"tr","@id":"https:\/\/www.kariyer.net\/universite-rehberi-blog\/#\/schema\/logo\/image\/","url":"https:\/\/www.kariyer.net\/universite-rehberi-blog\/wp-content\/uploads\/2023\/05\/kariyer-v3-logo.png","contentUrl":"https:\/\/www.kariyer.net\/universite-rehberi-blog\/wp-content\/uploads\/2023\/05\/kariyer-v3-logo.png","width":5760,"height":1644,"caption":"\u00dcniversite Rehberi Blog"},"image":{"@id":"https:\/\/www.kariyer.net\/universite-rehberi-blog\/#\/schema\/logo\/image\/"}},{"@type":"Person","@id":"https:\/\/www.kariyer.net\/universite-rehberi-blog\/#\/schema\/person\/2867599002b8ea029dbc7e678f192105","name":"Kariyer.net","image":{"@type":"ImageObject","inLanguage":"tr","@id":"https:\/\/secure.gravatar.com\/avatar\/23b062e8807ebc21ee7de9642d7f8d03601c724b6fd7a14926571b37fec20318?s=96&d=mm&r=g","url":"https:\/\/secure.gravatar.com\/avatar\/23b062e8807ebc21ee7de9642d7f8d03601c724b6fd7a14926571b37fec20318?s=96&d=mm&r=g","contentUrl":"https:\/\/secure.gravatar.com\/avatar\/23b062e8807ebc21ee7de9642d7f8d03601c724b6fd7a14926571b37fec20318?s=96&d=mm&r=g","caption":"Kariyer.net"},"sameAs":["https:\/\/kariyer.net\/"],"url":"https:\/\/www.kariyer.net\/universite-rehberi-blog\/author\/kariyernet\/"}]}},"_links":{"self":[{"href":"https:\/\/www.kariyer.net\/universite-rehberi-blog\/wp-json\/wp\/v2\/posts\/2732","targetHints":{"allow":["GET"]}}],"collection":[{"href":"https:\/\/www.kariyer.net\/universite-rehberi-blog\/wp-json\/wp\/v2\/posts"}],"about":[{"href":"https:\/\/www.kariyer.net\/universite-rehberi-blog\/wp-json\/wp\/v2\/types\/post"}],"author":[{"embeddable":true,"href":"https:\/\/www.kariyer.net\/universite-rehberi-blog\/wp-json\/wp\/v2\/users\/6"}],"replies":[{"embeddable":true,"href":"https:\/\/www.kariyer.net\/universite-rehberi-blog\/wp-json\/wp\/v2\/comments?post=2732"}],"version-history":[{"count":5,"href":"https:\/\/www.kariyer.net\/universite-rehberi-blog\/wp-json\/wp\/v2\/posts\/2732\/revisions"}],"predecessor-version":[{"id":2760,"href":"https:\/\/www.kariyer.net\/universite-rehberi-blog\/wp-json\/wp\/v2\/posts\/2732\/revisions\/2760"}],"wp:featuredmedia":[{"embeddable":true,"href":"https:\/\/www.kariyer.net\/universite-rehberi-blog\/wp-json\/wp\/v2\/media\/2733"}],"wp:attachment":[{"href":"https:\/\/www.kariyer.net\/universite-rehberi-blog\/wp-json\/wp\/v2\/media?parent=2732"}],"wp:term":[{"taxonomy":"category","embeddable":true,"href":"https:\/\/www.kariyer.net\/universite-rehberi-blog\/wp-json\/wp\/v2\/categories?post=2732"},{"taxonomy":"post_tag","embeddable":true,"href":"https:\/\/www.kariyer.net\/universite-rehberi-blog\/wp-json\/wp\/v2\/tags?post=2732"}],"curies":[{"name":"wp","href":"https:\/\/api.w.org\/{rel}","templated":true}]}}