{"id":2802,"date":"2025-06-30T14:09:50","date_gmt":"2025-06-30T11:09:50","guid":{"rendered":"https:\/\/www.kariyer.net\/universite-rehberi-blog\/?p=2802"},"modified":"2025-07-04T09:25:22","modified_gmt":"2025-07-04T06:25:22","slug":"2025-yks-sonuclari-ne-zaman-aciklanacak","status":"publish","type":"post","link":"https:\/\/www.kariyer.net\/universite-rehberi-blog\/2025-yks-sonuclari-ne-zaman-aciklanacak\/","title":{"rendered":"2025 YKS sonu\u00e7lar\u0131 ne zaman a\u00e7\u0131klanacak?"},"content":{"rendered":"\n<p><strong>\u00dcniversite s\u0131nav\u0131na girdin, \u015fimdi s\u0131rada sonu\u00e7lar\u0131n a\u00e7\u0131klanmas\u0131 var. Peki, 2025 YKS sonu\u00e7lar\u0131 ne zaman a\u00e7\u0131klanacak? \u0130\u015fte detaylar!<\/strong><\/p>\n\n\n\n<p>2025 Y\u00fcksek\u00f6\u011fretim Kurumlar\u0131 S\u0131nav\u0131 (YKS), 21-22 Haziran tarihlerinde ger\u00e7ekle\u015ftirildi. Adaylar \u015fimdi, tercih s\u00fcrecine haz\u0131rlanmak i\u00e7in sonu\u00e7lar\u0131n a\u00e7\u0131klanmas\u0131n\u0131 bekliyor. Ge\u00e7mi\u015f y\u0131llardaki a\u00e7\u0131klama takvimine bak\u0131ld\u0131\u011f\u0131nda sonu\u00e7lar\u0131n temmuz ay\u0131n\u0131n \u00fc\u00e7\u00fcnc\u00fc haftas\u0131nda a\u00e7\u0131klanmas\u0131 bekleniyor. \u00d6SYM&#8217;nin sitesinde yer verdi\u011fi bilgiye g\u00f6re de 2025 YKS sonu\u00e7lar\u0131 22 Temmuz&#8217;da a\u00e7\u0131klanacak.<\/p>\n\n\n\n<h2 class=\"wp-block-heading\">YKS sonu\u00e7lar\u0131 nas\u0131l \u00f6\u011frenilecek?<\/h2>\n\n\n\n<p>\u00d6SYM, sonu\u00e7lar\u0131 yaln\u0131zca kendi sistemi \u00fczerinden eri\u015fime a\u00e7\u0131yor. Adaylar, \u00d6SYM&#8217;nin web sitesinde bulunan <a href=\"https:\/\/sonuc.osym.gov.tr\/\" target=\"_blank\" rel=\"noreferrer noopener\"><strong>YKS sonu\u00e7 ekran\u0131na<\/strong><\/a> T.C. kimlik numaralar\u0131 ve \u015fifrelerini girerek s\u0131nav sonu\u00e7lar\u0131n\u0131 \u00f6\u011frenebilecek.<\/p>\n\n\n\n<h2 class=\"wp-block-heading\">Sonras\u0131nda ne olacak?<\/h2>\n\n\n\n<p>Sonu\u00e7lar\u0131n a\u00e7\u0131klanmas\u0131n\u0131n ard\u0131ndan YKS tercih k\u0131lavuzu g\u00fcncellenerek yay\u0131mlanacak. Adaylar, puanlar\u0131na, s\u0131ralamalar\u0131na ve hedefledikleri b\u00f6l\u00fcmlere g\u00f6re tercih listelerini olu\u015fturabilecek. Tercih s\u00fcrecinin ise temmuz ay\u0131n\u0131n son haftas\u0131nda ba\u015flamas\u0131 bekleniyor.<\/p>\n\n\n\n<h2 class=\"wp-block-heading\">2025 tercih d\u00f6neminde de seninleyiz!<\/h2>\n\n\n\n<p><a href=\"https:\/\/www.kariyer.net\/universite-rehberi-blog\/tercih-zamani\/dogru-tercih\/\" target=\"_blank\" rel=\"noreferrer noopener\">Do\u011fru tercihini<\/a> yapmak, yaln\u0131zca bir b\u00f6l\u00fcm\u00fc se\u00e7mek de\u011fil, ayn\u0131 zamanda gelece\u011fini \u015fekillendirmek anlam\u0131na geliyor. Bu s\u00fcre\u00e7te hem sana yol g\u00f6sterecek kaynaklara hem de uzman deste\u011fine ihtiya\u00e7 duyabilirsin.<\/p>\n\n\n\n<p><strong><a href=\"https:\/\/tr.kariyer.net\/tercih_gunleri_2025\/\" target=\"_blank\" rel=\"noreferrer noopener\">2025 Kariyer.net Tercih G\u00fcnleri <\/a><\/strong>etkinli\u011finde, \u00fcniversiteleri daha yak\u0131ndan tan\u0131yabilir, uzmanlarla bire bir g\u00f6r\u00fc\u015ferek akl\u0131ndaki sorulara yan\u0131t bulabilirsin. Hangi b\u00f6l\u00fcm sana daha uygun, hangi \u015fehirde okumak sana ne katar gibi sorulara birlikte yan\u0131t arayabiliriz.<\/p>\n\n\n\n<p>Ayr\u0131ca <a href=\"https:\/\/www.kariyer.net\/tercih-motoru\/\" target=\"_blank\" rel=\"noreferrer noopener\"><strong>Kariyer.net Tercih Motoru<\/strong><\/a> ile s\u0131nav sonu\u00e7lar\u0131n\u0131 girerek sana en uygun \u00fcniversite ve b\u00f6l\u00fcmleri kolayca listeleyebilirsin.<\/p>\n\n\n\n<p><\/p>\n<!-- templates\/buttons-placeholder.php -->\n<div class=\"da-reactions-outer TpostID2802\">\n\t    <div class=\"da-reactions-data da-reactions-container-async center\"\n         data-type=\"post\"\n         data-id=\"2802\"\n         id=\"da-reactions-slot-post-2802\">\n        <div class=\"da-reactions-static\">\n\t\t\t<img src=\"https:\/\/www.kariyer.net\/universite-rehberi-blog\/wp-content\/plugins\/da-reactions\/assets\/dist\/loading.svg\" alt=\"Loading spinner\" width=\"48\" height=\"48\" style=\"width:48px\" \/>\n        <\/div>\n    <\/div>\n<\/div>\n","protected":false},"excerpt":{"rendered":"<p>\u00dcniversite s\u0131nav\u0131na girdin, \u015fimdi s\u0131rada sonu\u00e7lar\u0131n a\u00e7\u0131klanmas\u0131 var. Peki, 2025 YKS sonu\u00e7lar\u0131 ne zaman a\u00e7\u0131klanacak? \u0130\u015fte detaylar! 2025 Y\u00fcksek\u00f6\u011fretim Kurumlar\u0131 S\u0131nav\u0131 (YKS), 21-22 Haziran tarihlerinde ger\u00e7ekle\u015ftirildi. Adaylar \u015fimdi, tercih s\u00fcrecine haz\u0131rlanmak i\u00e7in sonu\u00e7lar\u0131n a\u00e7\u0131klanmas\u0131n\u0131 bekliyor. Ge\u00e7mi\u015f y\u0131llardaki a\u00e7\u0131klama takvimine bak\u0131ld\u0131\u011f\u0131nda sonu\u00e7lar\u0131n temmuz ay\u0131n\u0131n \u00fc\u00e7\u00fcnc\u00fc haftas\u0131nda a\u00e7\u0131klanmas\u0131 bekleniyor. \u00d6SYM&#8217;nin sitesinde yer verdi\u011fi bilgiye g\u00f6re de 2025 [&hellip;]<\/p>\n<!-- templates\/buttons-placeholder.php -->\n<div class=\"da-reactions-outer TpostID2802\">\n\t    <div class=\"da-reactions-data da-reactions-container-async center\"\n         data-type=\"post\"\n         data-id=\"2802\"\n         id=\"da-reactions-slot-post-2802\">\n        <div class=\"da-reactions-static\">\n\t\t\t<img src=\"https:\/\/www.kariyer.net\/universite-rehberi-blog\/wp-content\/plugins\/da-reactions\/assets\/dist\/loading.svg\" alt=\"Loading spinner\" width=\"48\" height=\"48\" style=\"width:48px\" \/>\n        <\/div>\n    <\/div>\n<\/div>\n","protected":false},"author":6,"featured_media":2804,"comment_status":"closed","ping_status":"open","sticky":false,"template":"","format":"standard","meta":{"footnotes":""},"categories":[13],"tags":[],"class_list":{"0":"post-2802","1":"post","2":"type-post","3":"status-publish","4":"format-standard","5":"has-post-thumbnail","7":"category-haberler"},"yoast_head":"<!-- This site is optimized with the Yoast SEO plugin v27.4 - https:\/\/yoast.com\/product\/yoast-seo-wordpress\/ -->\n<title>2025 YKS s\u0131nav sonu\u00e7lar\u0131 ne zaman a\u00e7\u0131klanacak?<\/title>\n<meta name=\"description\" content=\"\u00dcniversite s\u0131nav\u0131na girdin, \u015fimdi s\u0131rada sonu\u00e7lar\u0131n a\u00e7\u0131klanmas\u0131 var. Peki, 2025 YKS sonu\u00e7lar\u0131 ne zaman a\u00e7\u0131klanacak?\" \/>\n<meta name=\"robots\" content=\"index, follow, max-snippet:-1, max-image-preview:large, max-video-preview:-1\" \/>\n<link rel=\"canonical\" href=\"https:\/\/www.kariyer.net\/universite-rehberi-blog\/2025-yks-sonuclari-ne-zaman-aciklanacak\/\" \/>\n<meta property=\"og:locale\" content=\"tr_TR\" \/>\n<meta property=\"og:type\" content=\"article\" \/>\n<meta property=\"og:title\" content=\"2025 YKS s\u0131nav sonu\u00e7lar\u0131 ne zaman a\u00e7\u0131klanacak?\" \/>\n<meta property=\"og:description\" content=\"\u00dcniversite s\u0131nav\u0131na girdin, \u015fimdi s\u0131rada sonu\u00e7lar\u0131n a\u00e7\u0131klanmas\u0131 var. Peki, 2025 YKS sonu\u00e7lar\u0131 ne zaman a\u00e7\u0131klanacak?\" \/>\n<meta property=\"og:url\" content=\"https:\/\/www.kariyer.net\/universite-rehberi-blog\/2025-yks-sonuclari-ne-zaman-aciklanacak\/\" \/>\n<meta property=\"og:site_name\" content=\"\u00dcniversite Rehberi Blog\" \/>\n<meta property=\"article:published_time\" content=\"2025-06-30T11:09:50+00:00\" \/>\n<meta property=\"article:modified_time\" content=\"2025-07-04T06:25:22+00:00\" \/>\n<meta property=\"og:image\" content=\"https:\/\/www.kariyer.net\/universite-rehberi-blog\/wp-content\/uploads\/2025\/06\/2025_yks_tercih-1.jpg\" \/>\n\t<meta property=\"og:image:width\" content=\"900\" \/>\n\t<meta property=\"og:image:height\" content=\"600\" \/>\n\t<meta property=\"og:image:type\" content=\"image\/jpeg\" \/>\n<meta name=\"author\" content=\"Kariyer.net\" \/>\n<meta name=\"twitter:card\" content=\"summary_large_image\" \/>\n<meta name=\"twitter:label1\" content=\"Yazan:\" \/>\n\t<meta name=\"twitter:data1\" content=\"Kariyer.net\" \/>\n\t<meta name=\"twitter:label2\" content=\"Tahmini okuma s\u00fcresi\" \/>\n\t<meta name=\"twitter:data2\" content=\"2 dakika\" \/>\n<script type=\"application\/ld+json\" class=\"yoast-schema-graph\">{\"@context\":\"https:\\\/\\\/schema.org\",\"@graph\":[{\"@type\":\"Article\",\"@id\":\"https:\\\/\\\/www.kariyer.net\\\/universite-rehberi-blog\\\/2025-yks-sonuclari-ne-zaman-aciklanacak\\\/#article\",\"isPartOf\":{\"@id\":\"https:\\\/\\\/www.kariyer.net\\\/universite-rehberi-blog\\\/2025-yks-sonuclari-ne-zaman-aciklanacak\\\/\"},\"author\":{\"name\":\"Kariyer.net\",\"@id\":\"https:\\\/\\\/www.kariyer.net\\\/universite-rehberi-blog\\\/#\\\/schema\\\/person\\\/2867599002b8ea029dbc7e678f192105\"},\"headline\":\"2025 YKS sonu\u00e7lar\u0131 ne zaman a\u00e7\u0131klanacak?\",\"datePublished\":\"2025-06-30T11:09:50+00:00\",\"dateModified\":\"2025-07-04T06:25:22+00:00\",\"mainEntityOfPage\":{\"@id\":\"https:\\\/\\\/www.kariyer.net\\\/universite-rehberi-blog\\\/2025-yks-sonuclari-ne-zaman-aciklanacak\\\/\"},\"wordCount\":304,\"publisher\":{\"@id\":\"https:\\\/\\\/www.kariyer.net\\\/universite-rehberi-blog\\\/#organization\"},\"image\":{\"@id\":\"https:\\\/\\\/www.kariyer.net\\\/universite-rehberi-blog\\\/2025-yks-sonuclari-ne-zaman-aciklanacak\\\/#primaryimage\"},\"thumbnailUrl\":\"https:\\\/\\\/www.kariyer.net\\\/universite-rehberi-blog\\\/wp-content\\\/uploads\\\/2025\\\/06\\\/2025_yks_tercih-1.jpg\",\"articleSection\":[\"Haberler\"],\"inLanguage\":\"tr\"},{\"@type\":\"WebPage\",\"@id\":\"https:\\\/\\\/www.kariyer.net\\\/universite-rehberi-blog\\\/2025-yks-sonuclari-ne-zaman-aciklanacak\\\/\",\"url\":\"https:\\\/\\\/www.kariyer.net\\\/universite-rehberi-blog\\\/2025-yks-sonuclari-ne-zaman-aciklanacak\\\/\",\"name\":\"2025 YKS s\u0131nav sonu\u00e7lar\u0131 ne zaman a\u00e7\u0131klanacak?\",\"isPartOf\":{\"@id\":\"https:\\\/\\\/www.kariyer.net\\\/universite-rehberi-blog\\\/#website\"},\"primaryImageOfPage\":{\"@id\":\"https:\\\/\\\/www.kariyer.net\\\/universite-rehberi-blog\\\/2025-yks-sonuclari-ne-zaman-aciklanacak\\\/#primaryimage\"},\"image\":{\"@id\":\"https:\\\/\\\/www.kariyer.net\\\/universite-rehberi-blog\\\/2025-yks-sonuclari-ne-zaman-aciklanacak\\\/#primaryimage\"},\"thumbnailUrl\":\"https:\\\/\\\/www.kariyer.net\\\/universite-rehberi-blog\\\/wp-content\\\/uploads\\\/2025\\\/06\\\/2025_yks_tercih-1.jpg\",\"datePublished\":\"2025-06-30T11:09:50+00:00\",\"dateModified\":\"2025-07-04T06:25:22+00:00\",\"description\":\"\u00dcniversite s\u0131nav\u0131na girdin, \u015fimdi s\u0131rada sonu\u00e7lar\u0131n a\u00e7\u0131klanmas\u0131 var. Peki, 2025 YKS sonu\u00e7lar\u0131 ne zaman a\u00e7\u0131klanacak?\",\"breadcrumb\":{\"@id\":\"https:\\\/\\\/www.kariyer.net\\\/universite-rehberi-blog\\\/2025-yks-sonuclari-ne-zaman-aciklanacak\\\/#breadcrumb\"},\"inLanguage\":\"tr\",\"potentialAction\":[{\"@type\":\"ReadAction\",\"target\":[\"https:\\\/\\\/www.kariyer.net\\\/universite-rehberi-blog\\\/2025-yks-sonuclari-ne-zaman-aciklanacak\\\/\"]}]},{\"@type\":\"ImageObject\",\"inLanguage\":\"tr\",\"@id\":\"https:\\\/\\\/www.kariyer.net\\\/universite-rehberi-blog\\\/2025-yks-sonuclari-ne-zaman-aciklanacak\\\/#primaryimage\",\"url\":\"https:\\\/\\\/www.kariyer.net\\\/universite-rehberi-blog\\\/wp-content\\\/uploads\\\/2025\\\/06\\\/2025_yks_tercih-1.jpg\",\"contentUrl\":\"https:\\\/\\\/www.kariyer.net\\\/universite-rehberi-blog\\\/wp-content\\\/uploads\\\/2025\\\/06\\\/2025_yks_tercih-1.jpg\",\"width\":900,\"height\":600},{\"@type\":\"BreadcrumbList\",\"@id\":\"https:\\\/\\\/www.kariyer.net\\\/universite-rehberi-blog\\\/2025-yks-sonuclari-ne-zaman-aciklanacak\\\/#breadcrumb\",\"itemListElement\":[{\"@type\":\"ListItem\",\"position\":1,\"name\":\"Anasayfa\",\"item\":\"https:\\\/\\\/www.kariyer.net\\\/universite-rehberi-blog\\\/\"},{\"@type\":\"ListItem\",\"position\":2,\"name\":\"2025 YKS sonu\u00e7lar\u0131 ne zaman a\u00e7\u0131klanacak?\"}]},{\"@type\":\"WebSite\",\"@id\":\"https:\\\/\\\/www.kariyer.net\\\/universite-rehberi-blog\\\/#website\",\"url\":\"https:\\\/\\\/www.kariyer.net\\\/universite-rehberi-blog\\\/\",\"name\":\"\u00dcniversite Rehberi Blog\",\"description\":\"Kariyer.net \u00dcniversiteler i\u00e7in Haz\u0131rlad\u0131\u011f\u0131 Blog Sayfas\u0131\",\"publisher\":{\"@id\":\"https:\\\/\\\/www.kariyer.net\\\/universite-rehberi-blog\\\/#organization\"},\"potentialAction\":[{\"@type\":\"SearchAction\",\"target\":{\"@type\":\"EntryPoint\",\"urlTemplate\":\"https:\\\/\\\/www.kariyer.net\\\/universite-rehberi-blog\\\/?s={search_term_string}\"},\"query-input\":{\"@type\":\"PropertyValueSpecification\",\"valueRequired\":true,\"valueName\":\"search_term_string\"}}],\"inLanguage\":\"tr\"},{\"@type\":\"Organization\",\"@id\":\"https:\\\/\\\/www.kariyer.net\\\/universite-rehberi-blog\\\/#organization\",\"name\":\"\u00dcniversite Rehberi Blog\",\"url\":\"https:\\\/\\\/www.kariyer.net\\\/universite-rehberi-blog\\\/\",\"logo\":{\"@type\":\"ImageObject\",\"inLanguage\":\"tr\",\"@id\":\"https:\\\/\\\/www.kariyer.net\\\/universite-rehberi-blog\\\/#\\\/schema\\\/logo\\\/image\\\/\",\"url\":\"https:\\\/\\\/www.kariyer.net\\\/universite-rehberi-blog\\\/wp-content\\\/uploads\\\/2023\\\/05\\\/kariyer-v3-logo.png\",\"contentUrl\":\"https:\\\/\\\/www.kariyer.net\\\/universite-rehberi-blog\\\/wp-content\\\/uploads\\\/2023\\\/05\\\/kariyer-v3-logo.png\",\"width\":5760,\"height\":1644,\"caption\":\"\u00dcniversite Rehberi Blog\"},\"image\":{\"@id\":\"https:\\\/\\\/www.kariyer.net\\\/universite-rehberi-blog\\\/#\\\/schema\\\/logo\\\/image\\\/\"}},{\"@type\":\"Person\",\"@id\":\"https:\\\/\\\/www.kariyer.net\\\/universite-rehberi-blog\\\/#\\\/schema\\\/person\\\/2867599002b8ea029dbc7e678f192105\",\"name\":\"Kariyer.net\",\"image\":{\"@type\":\"ImageObject\",\"inLanguage\":\"tr\",\"@id\":\"https:\\\/\\\/secure.gravatar.com\\\/avatar\\\/23b062e8807ebc21ee7de9642d7f8d03601c724b6fd7a14926571b37fec20318?s=96&d=mm&r=g\",\"url\":\"https:\\\/\\\/secure.gravatar.com\\\/avatar\\\/23b062e8807ebc21ee7de9642d7f8d03601c724b6fd7a14926571b37fec20318?s=96&d=mm&r=g\",\"contentUrl\":\"https:\\\/\\\/secure.gravatar.com\\\/avatar\\\/23b062e8807ebc21ee7de9642d7f8d03601c724b6fd7a14926571b37fec20318?s=96&d=mm&r=g\",\"caption\":\"Kariyer.net\"},\"sameAs\":[\"https:\\\/\\\/kariyer.net\\\/\"],\"url\":\"https:\\\/\\\/www.kariyer.net\\\/universite-rehberi-blog\\\/author\\\/kariyernet\\\/\"}]}<\/script>\n<!-- \/ Yoast SEO plugin. -->","yoast_head_json":{"title":"2025 YKS s\u0131nav sonu\u00e7lar\u0131 ne zaman a\u00e7\u0131klanacak?","description":"\u00dcniversite s\u0131nav\u0131na girdin, \u015fimdi s\u0131rada sonu\u00e7lar\u0131n a\u00e7\u0131klanmas\u0131 var. Peki, 2025 YKS sonu\u00e7lar\u0131 ne zaman a\u00e7\u0131klanacak?","robots":{"index":"index","follow":"follow","max-snippet":"max-snippet:-1","max-image-preview":"max-image-preview:large","max-video-preview":"max-video-preview:-1"},"canonical":"https:\/\/www.kariyer.net\/universite-rehberi-blog\/2025-yks-sonuclari-ne-zaman-aciklanacak\/","og_locale":"tr_TR","og_type":"article","og_title":"2025 YKS s\u0131nav sonu\u00e7lar\u0131 ne zaman a\u00e7\u0131klanacak?","og_description":"\u00dcniversite s\u0131nav\u0131na girdin, \u015fimdi s\u0131rada sonu\u00e7lar\u0131n a\u00e7\u0131klanmas\u0131 var. Peki, 2025 YKS sonu\u00e7lar\u0131 ne zaman a\u00e7\u0131klanacak?","og_url":"https:\/\/www.kariyer.net\/universite-rehberi-blog\/2025-yks-sonuclari-ne-zaman-aciklanacak\/","og_site_name":"\u00dcniversite Rehberi Blog","article_published_time":"2025-06-30T11:09:50+00:00","article_modified_time":"2025-07-04T06:25:22+00:00","og_image":[{"width":900,"height":600,"url":"https:\/\/www.kariyer.net\/universite-rehberi-blog\/wp-content\/uploads\/2025\/06\/2025_yks_tercih-1.jpg","type":"image\/jpeg"}],"author":"Kariyer.net","twitter_card":"summary_large_image","twitter_misc":{"Yazan:":"Kariyer.net","Tahmini okuma s\u00fcresi":"2 dakika"},"schema":{"@context":"https:\/\/schema.org","@graph":[{"@type":"Article","@id":"https:\/\/www.kariyer.net\/universite-rehberi-blog\/2025-yks-sonuclari-ne-zaman-aciklanacak\/#article","isPartOf":{"@id":"https:\/\/www.kariyer.net\/universite-rehberi-blog\/2025-yks-sonuclari-ne-zaman-aciklanacak\/"},"author":{"name":"Kariyer.net","@id":"https:\/\/www.kariyer.net\/universite-rehberi-blog\/#\/schema\/person\/2867599002b8ea029dbc7e678f192105"},"headline":"2025 YKS sonu\u00e7lar\u0131 ne zaman a\u00e7\u0131klanacak?","datePublished":"2025-06-30T11:09:50+00:00","dateModified":"2025-07-04T06:25:22+00:00","mainEntityOfPage":{"@id":"https:\/\/www.kariyer.net\/universite-rehberi-blog\/2025-yks-sonuclari-ne-zaman-aciklanacak\/"},"wordCount":304,"publisher":{"@id":"https:\/\/www.kariyer.net\/universite-rehberi-blog\/#organization"},"image":{"@id":"https:\/\/www.kariyer.net\/universite-rehberi-blog\/2025-yks-sonuclari-ne-zaman-aciklanacak\/#primaryimage"},"thumbnailUrl":"https:\/\/www.kariyer.net\/universite-rehberi-blog\/wp-content\/uploads\/2025\/06\/2025_yks_tercih-1.jpg","articleSection":["Haberler"],"inLanguage":"tr"},{"@type":"WebPage","@id":"https:\/\/www.kariyer.net\/universite-rehberi-blog\/2025-yks-sonuclari-ne-zaman-aciklanacak\/","url":"https:\/\/www.kariyer.net\/universite-rehberi-blog\/2025-yks-sonuclari-ne-zaman-aciklanacak\/","name":"2025 YKS s\u0131nav sonu\u00e7lar\u0131 ne zaman a\u00e7\u0131klanacak?","isPartOf":{"@id":"https:\/\/www.kariyer.net\/universite-rehberi-blog\/#website"},"primaryImageOfPage":{"@id":"https:\/\/www.kariyer.net\/universite-rehberi-blog\/2025-yks-sonuclari-ne-zaman-aciklanacak\/#primaryimage"},"image":{"@id":"https:\/\/www.kariyer.net\/universite-rehberi-blog\/2025-yks-sonuclari-ne-zaman-aciklanacak\/#primaryimage"},"thumbnailUrl":"https:\/\/www.kariyer.net\/universite-rehberi-blog\/wp-content\/uploads\/2025\/06\/2025_yks_tercih-1.jpg","datePublished":"2025-06-30T11:09:50+00:00","dateModified":"2025-07-04T06:25:22+00:00","description":"\u00dcniversite s\u0131nav\u0131na girdin, \u015fimdi s\u0131rada sonu\u00e7lar\u0131n a\u00e7\u0131klanmas\u0131 var. Peki, 2025 YKS sonu\u00e7lar\u0131 ne zaman a\u00e7\u0131klanacak?","breadcrumb":{"@id":"https:\/\/www.kariyer.net\/universite-rehberi-blog\/2025-yks-sonuclari-ne-zaman-aciklanacak\/#breadcrumb"},"inLanguage":"tr","potentialAction":[{"@type":"ReadAction","target":["https:\/\/www.kariyer.net\/universite-rehberi-blog\/2025-yks-sonuclari-ne-zaman-aciklanacak\/"]}]},{"@type":"ImageObject","inLanguage":"tr","@id":"https:\/\/www.kariyer.net\/universite-rehberi-blog\/2025-yks-sonuclari-ne-zaman-aciklanacak\/#primaryimage","url":"https:\/\/www.kariyer.net\/universite-rehberi-blog\/wp-content\/uploads\/2025\/06\/2025_yks_tercih-1.jpg","contentUrl":"https:\/\/www.kariyer.net\/universite-rehberi-blog\/wp-content\/uploads\/2025\/06\/2025_yks_tercih-1.jpg","width":900,"height":600},{"@type":"BreadcrumbList","@id":"https:\/\/www.kariyer.net\/universite-rehberi-blog\/2025-yks-sonuclari-ne-zaman-aciklanacak\/#breadcrumb","itemListElement":[{"@type":"ListItem","position":1,"name":"Anasayfa","item":"https:\/\/www.kariyer.net\/universite-rehberi-blog\/"},{"@type":"ListItem","position":2,"name":"2025 YKS sonu\u00e7lar\u0131 ne zaman a\u00e7\u0131klanacak?"}]},{"@type":"WebSite","@id":"https:\/\/www.kariyer.net\/universite-rehberi-blog\/#website","url":"https:\/\/www.kariyer.net\/universite-rehberi-blog\/","name":"\u00dcniversite Rehberi Blog","description":"Kariyer.net \u00dcniversiteler i\u00e7in Haz\u0131rlad\u0131\u011f\u0131 Blog Sayfas\u0131","publisher":{"@id":"https:\/\/www.kariyer.net\/universite-rehberi-blog\/#organization"},"potentialAction":[{"@type":"SearchAction","target":{"@type":"EntryPoint","urlTemplate":"https:\/\/www.kariyer.net\/universite-rehberi-blog\/?s={search_term_string}"},"query-input":{"@type":"PropertyValueSpecification","valueRequired":true,"valueName":"search_term_string"}}],"inLanguage":"tr"},{"@type":"Organization","@id":"https:\/\/www.kariyer.net\/universite-rehberi-blog\/#organization","name":"\u00dcniversite Rehberi Blog","url":"https:\/\/www.kariyer.net\/universite-rehberi-blog\/","logo":{"@type":"ImageObject","inLanguage":"tr","@id":"https:\/\/www.kariyer.net\/universite-rehberi-blog\/#\/schema\/logo\/image\/","url":"https:\/\/www.kariyer.net\/universite-rehberi-blog\/wp-content\/uploads\/2023\/05\/kariyer-v3-logo.png","contentUrl":"https:\/\/www.kariyer.net\/universite-rehberi-blog\/wp-content\/uploads\/2023\/05\/kariyer-v3-logo.png","width":5760,"height":1644,"caption":"\u00dcniversite Rehberi Blog"},"image":{"@id":"https:\/\/www.kariyer.net\/universite-rehberi-blog\/#\/schema\/logo\/image\/"}},{"@type":"Person","@id":"https:\/\/www.kariyer.net\/universite-rehberi-blog\/#\/schema\/person\/2867599002b8ea029dbc7e678f192105","name":"Kariyer.net","image":{"@type":"ImageObject","inLanguage":"tr","@id":"https:\/\/secure.gravatar.com\/avatar\/23b062e8807ebc21ee7de9642d7f8d03601c724b6fd7a14926571b37fec20318?s=96&d=mm&r=g","url":"https:\/\/secure.gravatar.com\/avatar\/23b062e8807ebc21ee7de9642d7f8d03601c724b6fd7a14926571b37fec20318?s=96&d=mm&r=g","contentUrl":"https:\/\/secure.gravatar.com\/avatar\/23b062e8807ebc21ee7de9642d7f8d03601c724b6fd7a14926571b37fec20318?s=96&d=mm&r=g","caption":"Kariyer.net"},"sameAs":["https:\/\/kariyer.net\/"],"url":"https:\/\/www.kariyer.net\/universite-rehberi-blog\/author\/kariyernet\/"}]}},"_links":{"self":[{"href":"https:\/\/www.kariyer.net\/universite-rehberi-blog\/wp-json\/wp\/v2\/posts\/2802","targetHints":{"allow":["GET"]}}],"collection":[{"href":"https:\/\/www.kariyer.net\/universite-rehberi-blog\/wp-json\/wp\/v2\/posts"}],"about":[{"href":"https:\/\/www.kariyer.net\/universite-rehberi-blog\/wp-json\/wp\/v2\/types\/post"}],"author":[{"embeddable":true,"href":"https:\/\/www.kariyer.net\/universite-rehberi-blog\/wp-json\/wp\/v2\/users\/6"}],"replies":[{"embeddable":true,"href":"https:\/\/www.kariyer.net\/universite-rehberi-blog\/wp-json\/wp\/v2\/comments?post=2802"}],"version-history":[{"count":2,"href":"https:\/\/www.kariyer.net\/universite-rehberi-blog\/wp-json\/wp\/v2\/posts\/2802\/revisions"}],"predecessor-version":[{"id":2805,"href":"https:\/\/www.kariyer.net\/universite-rehberi-blog\/wp-json\/wp\/v2\/posts\/2802\/revisions\/2805"}],"wp:featuredmedia":[{"embeddable":true,"href":"https:\/\/www.kariyer.net\/universite-rehberi-blog\/wp-json\/wp\/v2\/media\/2804"}],"wp:attachment":[{"href":"https:\/\/www.kariyer.net\/universite-rehberi-blog\/wp-json\/wp\/v2\/media?parent=2802"}],"wp:term":[{"taxonomy":"category","embeddable":true,"href":"https:\/\/www.kariyer.net\/universite-rehberi-blog\/wp-json\/wp\/v2\/categories?post=2802"},{"taxonomy":"post_tag","embeddable":true,"href":"https:\/\/www.kariyer.net\/universite-rehberi-blog\/wp-json\/wp\/v2\/tags?post=2802"}],"curies":[{"name":"wp","href":"https:\/\/api.w.org\/{rel}","templated":true}]}}