{"id":3107,"date":"2025-11-28T19:07:35","date_gmt":"2025-11-28T16:07:35","guid":{"rendered":"https:\/\/www.kariyer.net\/universite-rehberi-blog\/?p=3107"},"modified":"2025-11-28T19:20:33","modified_gmt":"2025-11-28T16:20:33","slug":"zam-sezonu-basliyor-ic-ses-ya-bekledigim-gibi-gelmezse%f0%9f%98%b1","status":"publish","type":"post","link":"https:\/\/www.kariyer.net\/universite-rehberi-blog\/zam-sezonu-basliyor-ic-ses-ya-bekledigim-gibi-gelmezse%f0%9f%98%b1\/","title":{"rendered":"Zam sezonu ba\u015fl\u0131yor! \u0130\u00e7 ses: &#8220;Ya bekledi\u011fim gibi gelmezse?&#8221;\ud83d\ude31"},"content":{"rendered":"\n<p><strong>Y\u0131l sonu yakla\u015f\u0131yor, hava so\u011fumaya ba\u015flad\u0131; ama ofislerdeki gerilim termometresi tavan! \u00c7\u00fcnk\u00fc o b\u00fcy\u00fck an geliyor: Maa\u015f zamm\u0131 g\u00f6r\u00fc\u015fmeleri. \u00d6zellikle ilk defa bu s\u00fcrece girenler i\u00e7in durum tam bir bilinmezlik: &#8220;Ne konu\u015faca\u011f\u0131m?&#8221;, &#8220;Ne isteyece\u011fim?&#8221;, &#8220;G\u00f6z\u00fcm a\u00e7 m\u0131 g\u00f6r\u00fcn\u00fcr\u00fcm?&#8221;<\/strong> <strong>Rahat ol, bu bir gizli bilim de\u011fil. Sadece do\u011fru haz\u0131rlanman gereken bir sunum. \u0130\u015fte o kritik g\u00f6r\u00fc\u015fme \u00f6ncesi ve sonras\u0131 i\u00e7in kariyerinin ilk zam d\u00f6nemecindeki sana \u00f6zel rehber!<\/strong><\/p>\n\n\n\n<h2 class=\"wp-block-heading\"><strong>\ud83d\udcad O i\u00e7 sesle y\u00fczle\u015f: &#8220;Patron ne der?&#8221;<\/strong><\/h2>\n\n\n\n<p>Maa\u015f konu\u015fmas\u0131, kariyer hayat\u0131n\u0131n en normal, en profesyonel k\u0131s\u0131mlar\u0131ndan biri. Patronun da bu konuya senin kadar haz\u0131r. Senden maa\u015f istemen de\u011fil, <strong>de\u011ferini talep etmen<\/strong> bekleniyor. Bunu bir &#8220;pazarl\u0131k&#8221; gibi de\u011fil, bir &#8220;de\u011fer belirleme&#8221; toplant\u0131s\u0131 gibi g\u00f6r. Unutma, bu talep senin hakk\u0131n ve bunu dile getirmek seni a\u00e7g\u00f6zl\u00fc de\u011fil, \u00f6zg\u00fcvenli yapar.<\/p>\n\n\n\n<h2 class=\"wp-block-heading\"><strong>\ud83d\udcaa 1 y\u0131ll\u0131k performans\u0131n\u0131 masaya koy<\/strong><\/h2>\n\n\n\n<p>Zam istemeden veya zamm\u0131n ne kadar oldu\u011funu bilmeden \u00f6nce, son 1 y\u0131lda \u015firkete sa\u011flad\u0131\u011f\u0131n faydalar\u0131 netle\u015ftir.<\/p>\n\n\n\n<ul class=\"wp-block-list\">\n<li><strong>&#8220;Ben yapt\u0131m&#8221; dosyas\u0131:<\/strong> Y\u0131l boyunca tamamlad\u0131\u011f\u0131n projeleri, ald\u0131\u011f\u0131n takdirleri ve en \u00f6nemlisi <strong>\u015firkete nas\u0131l para kazand\u0131rd\u0131\u011f\u0131n\u0131 veya zaman\/maliyetten nas\u0131l tasarruf ettirdi\u011fini<\/strong> g\u00f6steren somut verilerle gel.<\/li>\n\n\n\n<li><strong>Piyasa de\u011ferin:<\/strong> Kendi pozisyonundaki insanlar\u0131n ne kadar kazand\u0131\u011f\u0131n\u0131 ara\u015ft\u0131r. Maa\u015f band\u0131 hakk\u0131nda bilgi sahibi olmak, g\u00f6r\u00fc\u015fmede daha g\u00fc\u00e7l\u00fc durman\u0131 sa\u011flar.<\/li>\n<\/ul>\n\n\n\n<h2 class=\"wp-block-heading\"><strong>\u0130stenen zam = Hak edilen de\u011fer.<\/strong><\/h2>\n\n\n\n<p>Unutma! Sen kariyerinin ilk b\u00fcy\u00fck ad\u0131mlar\u0131n\u0131 at\u0131yorsun ve art\u0131k sadece \u00e7al\u0131\u015fan de\u011fil, <strong>de\u011ferini bilen<\/strong> bir profesyonelsin. <\/p>\n\n\n\n<h2 class=\"wp-block-heading\"><strong>\u26a1Diyelim zam geldi! Paray\u0131 nereye yat\u0131rmal\u0131? (Spoiler: Hemen harcama)<\/strong><\/h2>\n\n\n\n<p>Hadi diyelim ki zam cebinde! \u015eimdi o &#8220;Oh be, sonunda!&#8221; hissiyle gidip en sevdi\u011fin teknolojik aleti veya o pahal\u0131 tatili alma d\u00fcrt\u00fcs\u00fcyle sava\u015fmal\u0131s\u0131n.<\/p>\n\n\n\n<ul class=\"wp-block-list\">\n<li><strong>Bir miktar birikim \u00f6nemli:<\/strong> Yeni maa\u015f\u0131n\u0131n bir k\u0131sm\u0131n\u0131 (\u00f6rne\u011fin %10&#8217;unu) otomatik olarak birikime aktar. Sen fark etmeden, o para senin i\u00e7in \u00e7al\u0131\u015fmaya ba\u015flayacak. <strong>Bu senin kendine yapt\u0131\u011f\u0131n ilk yat\u0131r\u0131m.<\/strong><\/li>\n\n\n\n<li><strong>Kendine \u00f6d\u00fcl ver:<\/strong> Tamam, hi\u00e7 harcama yapma demiyorum; ama gidip t\u00fcm zamm\u0131 tek kalemde bitirmek yerine, kendine k\u00fc\u00e7\u00fck, anlaml\u0131 bir hediye al. (Mesela yeni bir kahve makinesi veya o \u00e7ok istedi\u011fin kitap.) Gerisi planl\u0131 birikime!<\/li>\n\n\n\n<li><strong>Acil durum fonunu g\u00fc\u00e7lendir:<\/strong> Acil durum fonun var m\u0131? Maa\u015f zamm\u0131, bu fonu 3-6 ayl\u0131k ya\u015fam giderine ula\u015ft\u0131rmak i\u00e7in harika bir f\u0131rsat. Bu fon, seni i\u015f de\u011fi\u015ftirmek gibi stresli durumlarda \u00f6zg\u00fcr b\u0131rak\u0131r.<\/li>\n<\/ul>\n<!-- templates\/buttons-placeholder.php -->\n<div class=\"da-reactions-outer TpostID3107\">\n\t    <div class=\"da-reactions-data da-reactions-container-async center\"\n         data-type=\"post\"\n         data-id=\"3107\"\n         id=\"da-reactions-slot-post-3107\">\n        <div class=\"da-reactions-static\">\n\t\t\t<img src=\"https:\/\/www.kariyer.net\/universite-rehberi-blog\/wp-content\/plugins\/da-reactions\/assets\/dist\/loading.svg\" alt=\"Loading spinner\" width=\"48\" height=\"48\" style=\"width:48px\" \/>\n        <\/div>\n    <\/div>\n<\/div>\n","protected":false},"excerpt":{"rendered":"<p>Y\u0131l sonu yakla\u015f\u0131yor, hava so\u011fumaya ba\u015flad\u0131; ama ofislerdeki gerilim termometresi tavan! \u00c7\u00fcnk\u00fc o b\u00fcy\u00fck an geliyor: Maa\u015f zamm\u0131 g\u00f6r\u00fc\u015fmeleri. \u00d6zellikle ilk defa bu s\u00fcrece girenler i\u00e7in durum tam bir bilinmezlik: &#8220;Ne konu\u015faca\u011f\u0131m?&#8221;, &#8220;Ne isteyece\u011fim?&#8221;, &#8220;G\u00f6z\u00fcm a\u00e7 m\u0131 g\u00f6r\u00fcn\u00fcr\u00fcm?&#8221; Rahat ol, bu bir gizli bilim de\u011fil. Sadece do\u011fru haz\u0131rlanman gereken bir sunum. \u0130\u015fte o kritik g\u00f6r\u00fc\u015fme [&hellip;]<\/p>\n<!-- templates\/buttons-placeholder.php -->\n<div class=\"da-reactions-outer TpostID3107\">\n\t    <div class=\"da-reactions-data da-reactions-container-async center\"\n         data-type=\"post\"\n         data-id=\"3107\"\n         id=\"da-reactions-slot-post-3107\">\n        <div class=\"da-reactions-static\">\n\t\t\t<img src=\"https:\/\/www.kariyer.net\/universite-rehberi-blog\/wp-content\/plugins\/da-reactions\/assets\/dist\/loading.svg\" alt=\"Loading spinner\" width=\"48\" height=\"48\" style=\"width:48px\" \/>\n        <\/div>\n    <\/div>\n<\/div>\n","protected":false},"author":14,"featured_media":3108,"comment_status":"closed","ping_status":"open","sticky":false,"template":"","format":"standard","meta":{"footnotes":""},"categories":[123],"tags":[],"class_list":{"0":"post-3107","1":"post","2":"type-post","3":"status-publish","4":"format-standard","5":"has-post-thumbnail","7":"category-ilk-isim"},"yoast_head":"<!-- This site is optimized with the Yoast SEO plugin v27.4 - https:\/\/yoast.com\/product\/yoast-seo-wordpress\/ -->\n<title>Zam sezonu ba\u015fl\u0131yor! \u0130\u00e7 ses: &quot;Ya bekledi\u011fim gibi gelmezse?&quot;<\/title>\n<meta name=\"description\" content=\"Y\u0131l sonu yakla\u015f\u0131yor, hava so\u011fumaya ba\u015flad\u0131; ama ofislerdeki gerilim termometresi tavan! \u00c7\u00fcnk\u00fc o b\u00fcy\u00fck an geliyor...\" \/>\n<meta name=\"robots\" content=\"index, follow, max-snippet:-1, max-image-preview:large, max-video-preview:-1\" \/>\n<link rel=\"canonical\" href=\"https:\/\/www.kariyer.net\/universite-rehberi-blog\/zam-sezonu-basliyor-ic-ses-ya-bekledigim-gibi-gelmezse\ud83d\ude31\/\" \/>\n<meta property=\"og:locale\" content=\"tr_TR\" \/>\n<meta property=\"og:type\" content=\"article\" \/>\n<meta property=\"og:title\" content=\"Zam sezonu ba\u015fl\u0131yor! \u0130\u00e7 ses: &quot;Ya bekledi\u011fim gibi gelmezse?&quot;\" \/>\n<meta property=\"og:description\" content=\"Y\u0131l sonu yakla\u015f\u0131yor, hava so\u011fumaya ba\u015flad\u0131; ama ofislerdeki gerilim termometresi tavan! \u00c7\u00fcnk\u00fc o b\u00fcy\u00fck an geliyor...\" \/>\n<meta property=\"og:url\" content=\"https:\/\/www.kariyer.net\/universite-rehberi-blog\/zam-sezonu-basliyor-ic-ses-ya-bekledigim-gibi-gelmezse\ud83d\ude31\/\" \/>\n<meta property=\"og:site_name\" content=\"\u00dcniversite Rehberi Blog\" \/>\n<meta property=\"article:published_time\" content=\"2025-11-28T16:07:35+00:00\" \/>\n<meta property=\"article:modified_time\" content=\"2025-11-28T16:20:33+00:00\" \/>\n<meta property=\"og:image\" content=\"https:\/\/www.kariyer.net\/universite-rehberi-blog\/wp-content\/uploads\/2025\/11\/ilk_zam.jpg\" \/>\n\t<meta property=\"og:image:width\" content=\"900\" \/>\n\t<meta property=\"og:image:height\" content=\"600\" \/>\n\t<meta property=\"og:image:type\" content=\"image\/jpeg\" \/>\n<meta name=\"author\" content=\"\u0130lk \u0130\u015f Gurusu\" \/>\n<meta name=\"twitter:card\" content=\"summary_large_image\" \/>\n<meta name=\"twitter:label1\" content=\"Yazan:\" \/>\n\t<meta name=\"twitter:data1\" content=\"\u0130lk \u0130\u015f Gurusu\" \/>\n\t<meta name=\"twitter:label2\" content=\"Tahmini okuma s\u00fcresi\" \/>\n\t<meta name=\"twitter:data2\" content=\"3 dakika\" \/>\n<script type=\"application\/ld+json\" class=\"yoast-schema-graph\">{\"@context\":\"https:\\\/\\\/schema.org\",\"@graph\":[{\"@type\":\"Article\",\"@id\":\"https:\\\/\\\/www.kariyer.net\\\/universite-rehberi-blog\\\/zam-sezonu-basliyor-ic-ses-ya-bekledigim-gibi-gelmezse%f0%9f%98%b1\\\/#article\",\"isPartOf\":{\"@id\":\"https:\\\/\\\/www.kariyer.net\\\/universite-rehberi-blog\\\/zam-sezonu-basliyor-ic-ses-ya-bekledigim-gibi-gelmezse%f0%9f%98%b1\\\/\"},\"author\":{\"name\":\"\u0130lk \u0130\u015f Gurusu\",\"@id\":\"https:\\\/\\\/www.kariyer.net\\\/universite-rehberi-blog\\\/#\\\/schema\\\/person\\\/43f7fab71e6001e04cd164243da585de\"},\"headline\":\"Zam sezonu ba\u015fl\u0131yor! \u0130\u00e7 ses: &#8220;Ya bekledi\u011fim gibi gelmezse?&#8221;\ud83d\ude31\",\"datePublished\":\"2025-11-28T16:07:35+00:00\",\"dateModified\":\"2025-11-28T16:20:33+00:00\",\"mainEntityOfPage\":{\"@id\":\"https:\\\/\\\/www.kariyer.net\\\/universite-rehberi-blog\\\/zam-sezonu-basliyor-ic-ses-ya-bekledigim-gibi-gelmezse%f0%9f%98%b1\\\/\"},\"wordCount\":468,\"publisher\":{\"@id\":\"https:\\\/\\\/www.kariyer.net\\\/universite-rehberi-blog\\\/#organization\"},\"image\":{\"@id\":\"https:\\\/\\\/www.kariyer.net\\\/universite-rehberi-blog\\\/zam-sezonu-basliyor-ic-ses-ya-bekledigim-gibi-gelmezse%f0%9f%98%b1\\\/#primaryimage\"},\"thumbnailUrl\":\"https:\\\/\\\/www.kariyer.net\\\/universite-rehberi-blog\\\/wp-content\\\/uploads\\\/2025\\\/11\\\/ilk_zam.jpg\",\"articleSection\":[\"\u0130lk \u0130\u015fim\"],\"inLanguage\":\"tr\"},{\"@type\":\"WebPage\",\"@id\":\"https:\\\/\\\/www.kariyer.net\\\/universite-rehberi-blog\\\/zam-sezonu-basliyor-ic-ses-ya-bekledigim-gibi-gelmezse%f0%9f%98%b1\\\/\",\"url\":\"https:\\\/\\\/www.kariyer.net\\\/universite-rehberi-blog\\\/zam-sezonu-basliyor-ic-ses-ya-bekledigim-gibi-gelmezse%f0%9f%98%b1\\\/\",\"name\":\"Zam sezonu ba\u015fl\u0131yor! \u0130\u00e7 ses: \\\"Ya bekledi\u011fim gibi gelmezse?\\\"\",\"isPartOf\":{\"@id\":\"https:\\\/\\\/www.kariyer.net\\\/universite-rehberi-blog\\\/#website\"},\"primaryImageOfPage\":{\"@id\":\"https:\\\/\\\/www.kariyer.net\\\/universite-rehberi-blog\\\/zam-sezonu-basliyor-ic-ses-ya-bekledigim-gibi-gelmezse%f0%9f%98%b1\\\/#primaryimage\"},\"image\":{\"@id\":\"https:\\\/\\\/www.kariyer.net\\\/universite-rehberi-blog\\\/zam-sezonu-basliyor-ic-ses-ya-bekledigim-gibi-gelmezse%f0%9f%98%b1\\\/#primaryimage\"},\"thumbnailUrl\":\"https:\\\/\\\/www.kariyer.net\\\/universite-rehberi-blog\\\/wp-content\\\/uploads\\\/2025\\\/11\\\/ilk_zam.jpg\",\"datePublished\":\"2025-11-28T16:07:35+00:00\",\"dateModified\":\"2025-11-28T16:20:33+00:00\",\"description\":\"Y\u0131l sonu yakla\u015f\u0131yor, hava so\u011fumaya ba\u015flad\u0131; ama ofislerdeki gerilim termometresi tavan! \u00c7\u00fcnk\u00fc o b\u00fcy\u00fck an geliyor...\",\"breadcrumb\":{\"@id\":\"https:\\\/\\\/www.kariyer.net\\\/universite-rehberi-blog\\\/zam-sezonu-basliyor-ic-ses-ya-bekledigim-gibi-gelmezse%f0%9f%98%b1\\\/#breadcrumb\"},\"inLanguage\":\"tr\",\"potentialAction\":[{\"@type\":\"ReadAction\",\"target\":[\"https:\\\/\\\/www.kariyer.net\\\/universite-rehberi-blog\\\/zam-sezonu-basliyor-ic-ses-ya-bekledigim-gibi-gelmezse%f0%9f%98%b1\\\/\"]}]},{\"@type\":\"ImageObject\",\"inLanguage\":\"tr\",\"@id\":\"https:\\\/\\\/www.kariyer.net\\\/universite-rehberi-blog\\\/zam-sezonu-basliyor-ic-ses-ya-bekledigim-gibi-gelmezse%f0%9f%98%b1\\\/#primaryimage\",\"url\":\"https:\\\/\\\/www.kariyer.net\\\/universite-rehberi-blog\\\/wp-content\\\/uploads\\\/2025\\\/11\\\/ilk_zam.jpg\",\"contentUrl\":\"https:\\\/\\\/www.kariyer.net\\\/universite-rehberi-blog\\\/wp-content\\\/uploads\\\/2025\\\/11\\\/ilk_zam.jpg\",\"width\":900,\"height\":600},{\"@type\":\"BreadcrumbList\",\"@id\":\"https:\\\/\\\/www.kariyer.net\\\/universite-rehberi-blog\\\/zam-sezonu-basliyor-ic-ses-ya-bekledigim-gibi-gelmezse%f0%9f%98%b1\\\/#breadcrumb\",\"itemListElement\":[{\"@type\":\"ListItem\",\"position\":1,\"name\":\"Anasayfa\",\"item\":\"https:\\\/\\\/www.kariyer.net\\\/universite-rehberi-blog\\\/\"},{\"@type\":\"ListItem\",\"position\":2,\"name\":\"Zam sezonu ba\u015fl\u0131yor! \u0130\u00e7 ses: &#8220;Ya bekledi\u011fim gibi gelmezse?&#8221;\ud83d\ude31\"}]},{\"@type\":\"WebSite\",\"@id\":\"https:\\\/\\\/www.kariyer.net\\\/universite-rehberi-blog\\\/#website\",\"url\":\"https:\\\/\\\/www.kariyer.net\\\/universite-rehberi-blog\\\/\",\"name\":\"\u00dcniversite Rehberi Blog\",\"description\":\"Kariyer.net \u00dcniversiteler i\u00e7in Haz\u0131rlad\u0131\u011f\u0131 Blog Sayfas\u0131\",\"publisher\":{\"@id\":\"https:\\\/\\\/www.kariyer.net\\\/universite-rehberi-blog\\\/#organization\"},\"potentialAction\":[{\"@type\":\"SearchAction\",\"target\":{\"@type\":\"EntryPoint\",\"urlTemplate\":\"https:\\\/\\\/www.kariyer.net\\\/universite-rehberi-blog\\\/?s={search_term_string}\"},\"query-input\":{\"@type\":\"PropertyValueSpecification\",\"valueRequired\":true,\"valueName\":\"search_term_string\"}}],\"inLanguage\":\"tr\"},{\"@type\":\"Organization\",\"@id\":\"https:\\\/\\\/www.kariyer.net\\\/universite-rehberi-blog\\\/#organization\",\"name\":\"\u00dcniversite Rehberi Blog\",\"url\":\"https:\\\/\\\/www.kariyer.net\\\/universite-rehberi-blog\\\/\",\"logo\":{\"@type\":\"ImageObject\",\"inLanguage\":\"tr\",\"@id\":\"https:\\\/\\\/www.kariyer.net\\\/universite-rehberi-blog\\\/#\\\/schema\\\/logo\\\/image\\\/\",\"url\":\"https:\\\/\\\/www.kariyer.net\\\/universite-rehberi-blog\\\/wp-content\\\/uploads\\\/2023\\\/05\\\/kariyer-v3-logo.png\",\"contentUrl\":\"https:\\\/\\\/www.kariyer.net\\\/universite-rehberi-blog\\\/wp-content\\\/uploads\\\/2023\\\/05\\\/kariyer-v3-logo.png\",\"width\":5760,\"height\":1644,\"caption\":\"\u00dcniversite Rehberi Blog\"},\"image\":{\"@id\":\"https:\\\/\\\/www.kariyer.net\\\/universite-rehberi-blog\\\/#\\\/schema\\\/logo\\\/image\\\/\"}},{\"@type\":\"Person\",\"@id\":\"https:\\\/\\\/www.kariyer.net\\\/universite-rehberi-blog\\\/#\\\/schema\\\/person\\\/43f7fab71e6001e04cd164243da585de\",\"name\":\"\u0130lk \u0130\u015f Gurusu\",\"image\":{\"@type\":\"ImageObject\",\"inLanguage\":\"tr\",\"@id\":\"https:\\\/\\\/www.kariyer.net\\\/universite-rehberi-blog\\\/wp-content\\\/uploads\\\/2025\\\/08\\\/guruu-150x150.jpg\",\"url\":\"https:\\\/\\\/www.kariyer.net\\\/universite-rehberi-blog\\\/wp-content\\\/uploads\\\/2025\\\/08\\\/guruu-150x150.jpg\",\"contentUrl\":\"https:\\\/\\\/www.kariyer.net\\\/universite-rehberi-blog\\\/wp-content\\\/uploads\\\/2025\\\/08\\\/guruu-150x150.jpg\",\"caption\":\"\u0130lk \u0130\u015f Gurusu\"},\"description\":\"\u0130lk \u0130\u015f Gurusu burada, \u00e7\u00fcnk\u00fc ilk i\u015fin heyecan\u0131 ve karma\u015fas\u0131 her an seni bulabilir! \ud83d\ude05 Mezun oldun, kariyerine ba\u015fl\u0131yorsun ama \u201c\u015eimdi ne yapaca\u011f\u0131m?\u201d diyorsan, do\u011fru yerdesin! M\u00fclakatlardan maa\u015flara kadar her konuda seni s\u0131k\u0131lmadan bilgilendiriyorum, ad\u0131m ad\u0131m yol g\u00f6steriyorum. Haz\u0131r m\u0131s\u0131n? \ud83d\ude80\ud83d\udca5\",\"url\":\"https:\\\/\\\/www.kariyer.net\\\/universite-rehberi-blog\\\/author\\\/ilkisgurusu\\\/\"}]}<\/script>\n<!-- \/ Yoast SEO plugin. -->","yoast_head_json":{"title":"Zam sezonu ba\u015fl\u0131yor! \u0130\u00e7 ses: \"Ya bekledi\u011fim gibi gelmezse?\"","description":"Y\u0131l sonu yakla\u015f\u0131yor, hava so\u011fumaya ba\u015flad\u0131; ama ofislerdeki gerilim termometresi tavan! \u00c7\u00fcnk\u00fc o b\u00fcy\u00fck an geliyor...","robots":{"index":"index","follow":"follow","max-snippet":"max-snippet:-1","max-image-preview":"max-image-preview:large","max-video-preview":"max-video-preview:-1"},"canonical":"https:\/\/www.kariyer.net\/universite-rehberi-blog\/zam-sezonu-basliyor-ic-ses-ya-bekledigim-gibi-gelmezse\ud83d\ude31\/","og_locale":"tr_TR","og_type":"article","og_title":"Zam sezonu ba\u015fl\u0131yor! \u0130\u00e7 ses: \"Ya bekledi\u011fim gibi gelmezse?\"","og_description":"Y\u0131l sonu yakla\u015f\u0131yor, hava so\u011fumaya ba\u015flad\u0131; ama ofislerdeki gerilim termometresi tavan! \u00c7\u00fcnk\u00fc o b\u00fcy\u00fck an geliyor...","og_url":"https:\/\/www.kariyer.net\/universite-rehberi-blog\/zam-sezonu-basliyor-ic-ses-ya-bekledigim-gibi-gelmezse\ud83d\ude31\/","og_site_name":"\u00dcniversite Rehberi Blog","article_published_time":"2025-11-28T16:07:35+00:00","article_modified_time":"2025-11-28T16:20:33+00:00","og_image":[{"width":900,"height":600,"url":"https:\/\/www.kariyer.net\/universite-rehberi-blog\/wp-content\/uploads\/2025\/11\/ilk_zam.jpg","type":"image\/jpeg"}],"author":"\u0130lk \u0130\u015f Gurusu","twitter_card":"summary_large_image","twitter_misc":{"Yazan:":"\u0130lk \u0130\u015f Gurusu","Tahmini okuma s\u00fcresi":"3 dakika"},"schema":{"@context":"https:\/\/schema.org","@graph":[{"@type":"Article","@id":"https:\/\/www.kariyer.net\/universite-rehberi-blog\/zam-sezonu-basliyor-ic-ses-ya-bekledigim-gibi-gelmezse%f0%9f%98%b1\/#article","isPartOf":{"@id":"https:\/\/www.kariyer.net\/universite-rehberi-blog\/zam-sezonu-basliyor-ic-ses-ya-bekledigim-gibi-gelmezse%f0%9f%98%b1\/"},"author":{"name":"\u0130lk \u0130\u015f Gurusu","@id":"https:\/\/www.kariyer.net\/universite-rehberi-blog\/#\/schema\/person\/43f7fab71e6001e04cd164243da585de"},"headline":"Zam sezonu ba\u015fl\u0131yor! \u0130\u00e7 ses: &#8220;Ya bekledi\u011fim gibi gelmezse?&#8221;\ud83d\ude31","datePublished":"2025-11-28T16:07:35+00:00","dateModified":"2025-11-28T16:20:33+00:00","mainEntityOfPage":{"@id":"https:\/\/www.kariyer.net\/universite-rehberi-blog\/zam-sezonu-basliyor-ic-ses-ya-bekledigim-gibi-gelmezse%f0%9f%98%b1\/"},"wordCount":468,"publisher":{"@id":"https:\/\/www.kariyer.net\/universite-rehberi-blog\/#organization"},"image":{"@id":"https:\/\/www.kariyer.net\/universite-rehberi-blog\/zam-sezonu-basliyor-ic-ses-ya-bekledigim-gibi-gelmezse%f0%9f%98%b1\/#primaryimage"},"thumbnailUrl":"https:\/\/www.kariyer.net\/universite-rehberi-blog\/wp-content\/uploads\/2025\/11\/ilk_zam.jpg","articleSection":["\u0130lk \u0130\u015fim"],"inLanguage":"tr"},{"@type":"WebPage","@id":"https:\/\/www.kariyer.net\/universite-rehberi-blog\/zam-sezonu-basliyor-ic-ses-ya-bekledigim-gibi-gelmezse%f0%9f%98%b1\/","url":"https:\/\/www.kariyer.net\/universite-rehberi-blog\/zam-sezonu-basliyor-ic-ses-ya-bekledigim-gibi-gelmezse%f0%9f%98%b1\/","name":"Zam sezonu ba\u015fl\u0131yor! \u0130\u00e7 ses: \"Ya bekledi\u011fim gibi gelmezse?\"","isPartOf":{"@id":"https:\/\/www.kariyer.net\/universite-rehberi-blog\/#website"},"primaryImageOfPage":{"@id":"https:\/\/www.kariyer.net\/universite-rehberi-blog\/zam-sezonu-basliyor-ic-ses-ya-bekledigim-gibi-gelmezse%f0%9f%98%b1\/#primaryimage"},"image":{"@id":"https:\/\/www.kariyer.net\/universite-rehberi-blog\/zam-sezonu-basliyor-ic-ses-ya-bekledigim-gibi-gelmezse%f0%9f%98%b1\/#primaryimage"},"thumbnailUrl":"https:\/\/www.kariyer.net\/universite-rehberi-blog\/wp-content\/uploads\/2025\/11\/ilk_zam.jpg","datePublished":"2025-11-28T16:07:35+00:00","dateModified":"2025-11-28T16:20:33+00:00","description":"Y\u0131l sonu yakla\u015f\u0131yor, hava so\u011fumaya ba\u015flad\u0131; ama ofislerdeki gerilim termometresi tavan! \u00c7\u00fcnk\u00fc o b\u00fcy\u00fck an geliyor...","breadcrumb":{"@id":"https:\/\/www.kariyer.net\/universite-rehberi-blog\/zam-sezonu-basliyor-ic-ses-ya-bekledigim-gibi-gelmezse%f0%9f%98%b1\/#breadcrumb"},"inLanguage":"tr","potentialAction":[{"@type":"ReadAction","target":["https:\/\/www.kariyer.net\/universite-rehberi-blog\/zam-sezonu-basliyor-ic-ses-ya-bekledigim-gibi-gelmezse%f0%9f%98%b1\/"]}]},{"@type":"ImageObject","inLanguage":"tr","@id":"https:\/\/www.kariyer.net\/universite-rehberi-blog\/zam-sezonu-basliyor-ic-ses-ya-bekledigim-gibi-gelmezse%f0%9f%98%b1\/#primaryimage","url":"https:\/\/www.kariyer.net\/universite-rehberi-blog\/wp-content\/uploads\/2025\/11\/ilk_zam.jpg","contentUrl":"https:\/\/www.kariyer.net\/universite-rehberi-blog\/wp-content\/uploads\/2025\/11\/ilk_zam.jpg","width":900,"height":600},{"@type":"BreadcrumbList","@id":"https:\/\/www.kariyer.net\/universite-rehberi-blog\/zam-sezonu-basliyor-ic-ses-ya-bekledigim-gibi-gelmezse%f0%9f%98%b1\/#breadcrumb","itemListElement":[{"@type":"ListItem","position":1,"name":"Anasayfa","item":"https:\/\/www.kariyer.net\/universite-rehberi-blog\/"},{"@type":"ListItem","position":2,"name":"Zam sezonu ba\u015fl\u0131yor! \u0130\u00e7 ses: &#8220;Ya bekledi\u011fim gibi gelmezse?&#8221;\ud83d\ude31"}]},{"@type":"WebSite","@id":"https:\/\/www.kariyer.net\/universite-rehberi-blog\/#website","url":"https:\/\/www.kariyer.net\/universite-rehberi-blog\/","name":"\u00dcniversite Rehberi Blog","description":"Kariyer.net \u00dcniversiteler i\u00e7in Haz\u0131rlad\u0131\u011f\u0131 Blog Sayfas\u0131","publisher":{"@id":"https:\/\/www.kariyer.net\/universite-rehberi-blog\/#organization"},"potentialAction":[{"@type":"SearchAction","target":{"@type":"EntryPoint","urlTemplate":"https:\/\/www.kariyer.net\/universite-rehberi-blog\/?s={search_term_string}"},"query-input":{"@type":"PropertyValueSpecification","valueRequired":true,"valueName":"search_term_string"}}],"inLanguage":"tr"},{"@type":"Organization","@id":"https:\/\/www.kariyer.net\/universite-rehberi-blog\/#organization","name":"\u00dcniversite Rehberi Blog","url":"https:\/\/www.kariyer.net\/universite-rehberi-blog\/","logo":{"@type":"ImageObject","inLanguage":"tr","@id":"https:\/\/www.kariyer.net\/universite-rehberi-blog\/#\/schema\/logo\/image\/","url":"https:\/\/www.kariyer.net\/universite-rehberi-blog\/wp-content\/uploads\/2023\/05\/kariyer-v3-logo.png","contentUrl":"https:\/\/www.kariyer.net\/universite-rehberi-blog\/wp-content\/uploads\/2023\/05\/kariyer-v3-logo.png","width":5760,"height":1644,"caption":"\u00dcniversite Rehberi Blog"},"image":{"@id":"https:\/\/www.kariyer.net\/universite-rehberi-blog\/#\/schema\/logo\/image\/"}},{"@type":"Person","@id":"https:\/\/www.kariyer.net\/universite-rehberi-blog\/#\/schema\/person\/43f7fab71e6001e04cd164243da585de","name":"\u0130lk \u0130\u015f Gurusu","image":{"@type":"ImageObject","inLanguage":"tr","@id":"https:\/\/www.kariyer.net\/universite-rehberi-blog\/wp-content\/uploads\/2025\/08\/guruu-150x150.jpg","url":"https:\/\/www.kariyer.net\/universite-rehberi-blog\/wp-content\/uploads\/2025\/08\/guruu-150x150.jpg","contentUrl":"https:\/\/www.kariyer.net\/universite-rehberi-blog\/wp-content\/uploads\/2025\/08\/guruu-150x150.jpg","caption":"\u0130lk \u0130\u015f Gurusu"},"description":"\u0130lk \u0130\u015f Gurusu burada, \u00e7\u00fcnk\u00fc ilk i\u015fin heyecan\u0131 ve karma\u015fas\u0131 her an seni bulabilir! \ud83d\ude05 Mezun oldun, kariyerine ba\u015fl\u0131yorsun ama \u201c\u015eimdi ne yapaca\u011f\u0131m?\u201d diyorsan, do\u011fru yerdesin! M\u00fclakatlardan maa\u015flara kadar her konuda seni s\u0131k\u0131lmadan bilgilendiriyorum, ad\u0131m ad\u0131m yol g\u00f6steriyorum. Haz\u0131r m\u0131s\u0131n? \ud83d\ude80\ud83d\udca5","url":"https:\/\/www.kariyer.net\/universite-rehberi-blog\/author\/ilkisgurusu\/"}]}},"_links":{"self":[{"href":"https:\/\/www.kariyer.net\/universite-rehberi-blog\/wp-json\/wp\/v2\/posts\/3107","targetHints":{"allow":["GET"]}}],"collection":[{"href":"https:\/\/www.kariyer.net\/universite-rehberi-blog\/wp-json\/wp\/v2\/posts"}],"about":[{"href":"https:\/\/www.kariyer.net\/universite-rehberi-blog\/wp-json\/wp\/v2\/types\/post"}],"author":[{"embeddable":true,"href":"https:\/\/www.kariyer.net\/universite-rehberi-blog\/wp-json\/wp\/v2\/users\/14"}],"replies":[{"embeddable":true,"href":"https:\/\/www.kariyer.net\/universite-rehberi-blog\/wp-json\/wp\/v2\/comments?post=3107"}],"version-history":[{"count":2,"href":"https:\/\/www.kariyer.net\/universite-rehberi-blog\/wp-json\/wp\/v2\/posts\/3107\/revisions"}],"predecessor-version":[{"id":3110,"href":"https:\/\/www.kariyer.net\/universite-rehberi-blog\/wp-json\/wp\/v2\/posts\/3107\/revisions\/3110"}],"wp:featuredmedia":[{"embeddable":true,"href":"https:\/\/www.kariyer.net\/universite-rehberi-blog\/wp-json\/wp\/v2\/media\/3108"}],"wp:attachment":[{"href":"https:\/\/www.kariyer.net\/universite-rehberi-blog\/wp-json\/wp\/v2\/media?parent=3107"}],"wp:term":[{"taxonomy":"category","embeddable":true,"href":"https:\/\/www.kariyer.net\/universite-rehberi-blog\/wp-json\/wp\/v2\/categories?post=3107"},{"taxonomy":"post_tag","embeddable":true,"href":"https:\/\/www.kariyer.net\/universite-rehberi-blog\/wp-json\/wp\/v2\/tags?post=3107"}],"curies":[{"name":"wp","href":"https:\/\/api.w.org\/{rel}","templated":true}]}}