{"id":3142,"date":"2025-12-08T18:54:55","date_gmt":"2025-12-08T15:54:55","guid":{"rendered":"https:\/\/www.kariyer.net\/universite-rehberi-blog\/?p=3142"},"modified":"2025-12-08T18:59:47","modified_gmt":"2025-12-08T15:59:47","slug":"2026-yks-sayac-2026-yksye-kac-gun-kaldi","status":"publish","type":"post","link":"https:\/\/www.kariyer.net\/universite-rehberi-blog\/2026-yks-sayac-2026-yksye-kac-gun-kaldi\/","title":{"rendered":"2026 YKS saya\u00e7 &#8211; 2026 YKS&#8217;ye ka\u00e7 g\u00fcn kald\u0131?"},"content":{"rendered":"\t\t<div data-elementor-type=\"wp-post\" data-elementor-id=\"3142\" class=\"elementor elementor-3142\" data-elementor-post-type=\"post\">\n\t\t\t\t\t\t<section class=\"elementor-section elementor-top-section elementor-element elementor-element-1408ff2c elementor-section-boxed elementor-section-height-default elementor-section-height-default\" data-id=\"1408ff2c\" data-element_type=\"section\" data-e-type=\"section\">\n\t\t\t\t\t\t<div class=\"elementor-container elementor-column-gap-default\">\n\t\t\t\t\t<div class=\"elementor-column elementor-col-100 elementor-top-column elementor-element elementor-element-15a318fd\" data-id=\"15a318fd\" data-element_type=\"column\" data-e-type=\"column\">\n\t\t\t<div class=\"elementor-widget-wrap elementor-element-populated\">\n\t\t\t\t\t\t<div class=\"elementor-element elementor-element-0866d8c elementor-countdown--label-block elementor-widget elementor-widget-countdown\" data-id=\"0866d8c\" data-element_type=\"widget\" data-e-type=\"widget\" data-widget_type=\"countdown.default\">\n\t\t\t\t<div class=\"elementor-widget-container\">\n\t\t\t\t\t\t\t<div class=\"elementor-countdown-wrapper\" data-date=\"1781939700\">\n\t\t\t<div class=\"elementor-countdown-item\"><span class=\"elementor-countdown-digits elementor-countdown-days\"><\/span> <span class=\"elementor-countdown-label\">G\u00fcn<\/span><\/div><div class=\"elementor-countdown-item\"><span class=\"elementor-countdown-digits elementor-countdown-hours\"><\/span> <span class=\"elementor-countdown-label\">Saat<\/span><\/div><div class=\"elementor-countdown-item\"><span class=\"elementor-countdown-digits elementor-countdown-minutes\"><\/span> <span class=\"elementor-countdown-label\">Dakika<\/span><\/div><div class=\"elementor-countdown-item\"><span class=\"elementor-countdown-digits elementor-countdown-seconds\"><\/span> <span class=\"elementor-countdown-label\">Saniye<\/span><\/div>\t\t<\/div>\n\t\t\t\t\t\t<\/div>\n\t\t\t\t<\/div>\n\t\t\t\t<div class=\"elementor-element elementor-element-4ce6c24c elementor-widget elementor-widget-text-editor\" data-id=\"4ce6c24c\" data-element_type=\"widget\" data-e-type=\"widget\" data-widget_type=\"text-editor.default\">\n\t\t\t\t<div class=\"elementor-widget-container\">\n\t\t\t\t\t\t\t\t\t<p><\/p>\n<p><br><\/p><p>\u201c<strong>2026 YKS ne zaman<\/strong><strong>?<\/strong><strong>\u201d sorusunun cevab\u0131 netle\u015fti ve s\u0131nava do\u011fru geri say\u0131m ba\u015flad\u0131.<\/strong> <strong>2026 YKS, 20\u201321 Haziran tarihlerinde yap\u0131lacak.<\/strong> <strong>Peki, s\u0131nava ka\u00e7 g\u00fcn kald\u0131?<\/strong><\/p>\n<p><\/p>\n<h2 class=\"wp-block-heading\"><strong>2026 YKS 1. oturum TYT ne zaman yap\u0131lacak?<\/strong><\/h2>\n<p><\/p>\n<p><strong>20 Haziran 2026 Cumartesi<\/strong> g\u00fcn\u00fc ger\u00e7ekle\u015ftirilecek TYT, saat <strong>10.15\u2019te ba\u015flayacak<\/strong> ve <strong>165 dakika<\/strong> s\u00fcrecek.<\/p>\n<p><\/p>\n<h2 class=\"wp-block-heading\"><strong>2026 YKS 2. oturum AYT ne zaman yap\u0131lacak?<\/strong><\/h2>\n<p><\/p>\n<p><strong>21 Haziran 2026 Pazar<\/strong> g\u00fcn\u00fc yap\u0131lacak AYT s\u0131nav\u0131, saat <strong>10.15\u2019te ba\u015flayacak<\/strong> ve <strong>180 dakika<\/strong> s\u00fcrecek.<\/p>\n<p><\/p>\n<h2 class=\"wp-block-heading\"><strong>2026 YKS 3. oturum YDT ne zaman?<\/strong><\/h2>\n<p><\/p>\n<p>Ayn\u0131 g\u00fcn, <strong>21 Haziran 2026 Pazar<\/strong>, YDT s\u0131nav\u0131 <strong>15.45\u2019te ba\u015flayacak<\/strong> ve <strong>120 dakika<\/strong> s\u00fcrecek.<\/p>\n<p><\/p>\n<h2 class=\"wp-block-heading\"><strong>2026 YKS sonu\u00e7lar\u0131 ne zaman a\u00e7\u0131klanacak?<\/strong><\/h2>\n<p><\/p>\n<p>2026 YKS sonu\u00e7lar\u0131n\u0131n <strong>22 Temmuz 2026<\/strong> tarihinde a\u00e7\u0131klanmas\u0131 bekleniyor. Sonu\u00e7lar a\u00e7\u0131klanmadan \u00f6nce net say\u0131lar\u0131na g\u00f6re <a href=\"https:\/\/www.kariyer.net\/yks-tyt-ayt-puan-hesaplama\" target=\"_blank\" rel=\"noreferrer noopener\"><strong>YKS puan\u0131n\u0131 hesaplamak i\u00e7in sayfam\u0131zdaki<\/strong><\/a> ara\u00e7lar\u0131 kullanabilirsin.<\/p>\n<p><\/p>\n<h2 class=\"wp-block-heading\"><strong>\u00dcniversite haz\u0131rl\u0131k yolculu\u011funda yine yan\u0131nday\u0131z!<\/strong><\/h2>\n<p><\/p>\n<p>S\u0131nava haz\u0131rlan\u0131rken ihtiya\u00e7 duydu\u011fun t\u00fcm bilgilere tek bir yerden ula\u015fabilmen i\u00e7in <a href=\"https:\/\/www.kariyer.net\/universite-rehberi-blog\/\" target=\"_blank\" rel=\"noreferrer noopener\"><strong>blogumuzda<\/strong><\/a> kapsaml\u0131 i\u00e7erikler sunuyoruz. \u00c7al\u0131\u015fma taktiklerinden tercih d\u00f6nemindeki \u00f6nemli detaylara, b\u00f6l\u00fcm kar\u015f\u0131la\u015ft\u0131rmalar\u0131ndan taban puanlar\u0131na kadar bir\u00e7ok konuda sana rehberlik ediyoruz. \u00dcniversite yolculu\u011funu daha planl\u0131, bilin\u00e7li ve g\u00fc\u00e7l\u00fc ge\u00e7irmen i\u00e7in A&#8217;dan Z&#8217;ye <strong><a href=\"https:\/\/www.kariyer.net\/universite-rehberi\" target=\"_blank\" rel=\"noreferrer noopener\">\u00dcniversite Rehberi<\/a><\/strong> ile her ad\u0131mda yan\u0131nday\u0131z.<\/p>\n<p><\/p>\t\t\t\t\t\t\t\t<\/div>\n\t\t\t\t<\/div>\n\t\t\t\t\t<\/div>\n\t\t<\/div>\n\t\t\t\t\t<\/div>\n\t\t<\/section>\n\t\t\t\t<section class=\"elementor-section elementor-top-section elementor-element elementor-element-2988955 elementor-section-boxed elementor-section-height-default elementor-section-height-default\" data-id=\"2988955\" data-element_type=\"section\" data-e-type=\"section\">\n\t\t\t\t\t\t<div class=\"elementor-container elementor-column-gap-default\">\n\t\t\t\t\t<div class=\"elementor-column elementor-col-100 elementor-top-column elementor-element elementor-element-c4766b1\" data-id=\"c4766b1\" data-element_type=\"column\" data-e-type=\"column\">\n\t\t\t<div class=\"elementor-widget-wrap\">\n\t\t\t\t\t\t\t<\/div>\n\t\t<\/div>\n\t\t\t\t\t<\/div>\n\t\t<\/section>\n\t\t\t\t<\/div>\n\t\t<!-- templates\/buttons-placeholder.php -->\n<div class=\"da-reactions-outer TpostID3142\">\n\t    <div class=\"da-reactions-data da-reactions-container-async center\"\n         data-type=\"post\"\n         data-id=\"3142\"\n         id=\"da-reactions-slot-post-3142\">\n        <div class=\"da-reactions-static\">\n\t\t\t<img src=\"https:\/\/www.kariyer.net\/universite-rehberi-blog\/wp-content\/plugins\/da-reactions\/assets\/dist\/loading.svg\" alt=\"Loading spinner\" width=\"48\" height=\"48\" style=\"width:48px\" \/>\n        <\/div>\n    <\/div>\n<\/div>\n","protected":false},"excerpt":{"rendered":"<p>G\u00fcn Saat Dakika Saniye \u201c2026 YKS ne zaman?\u201d sorusunun cevab\u0131 netle\u015fti ve s\u0131nava do\u011fru geri say\u0131m ba\u015flad\u0131. 2026 YKS, 20\u201321 Haziran tarihlerinde yap\u0131lacak. Peki, s\u0131nava ka\u00e7 g\u00fcn kald\u0131? 2026 YKS 1. oturum TYT ne zaman yap\u0131lacak? 20 Haziran 2026 Cumartesi g\u00fcn\u00fc ger\u00e7ekle\u015ftirilecek TYT, saat 10.15\u2019te ba\u015flayacak ve 165 dakika s\u00fcrecek. 2026 YKS 2. oturum AYT [&hellip;]<\/p>\n<!-- templates\/buttons-placeholder.php -->\n<div class=\"da-reactions-outer TpostID3142\">\n\t    <div class=\"da-reactions-data da-reactions-container-async center\"\n         data-type=\"post\"\n         data-id=\"3142\"\n         id=\"da-reactions-slot-post-3142\">\n        <div class=\"da-reactions-static\">\n\t\t\t<img src=\"https:\/\/www.kariyer.net\/universite-rehberi-blog\/wp-content\/plugins\/da-reactions\/assets\/dist\/loading.svg\" alt=\"Loading spinner\" width=\"48\" height=\"48\" style=\"width:48px\" \/>\n        <\/div>\n    <\/div>\n<\/div>\n","protected":false},"author":5,"featured_media":3129,"comment_status":"closed","ping_status":"open","sticky":false,"template":"","format":"standard","meta":{"footnotes":""},"categories":[99],"tags":[],"class_list":{"0":"post-3142","1":"post","2":"type-post","3":"status-publish","4":"format-standard","5":"has-post-thumbnail","7":"category-genel"},"yoast_head":"<!-- This site is optimized with the Yoast SEO plugin v27.4 - https:\/\/yoast.com\/product\/yoast-seo-wordpress\/ -->\n<title>2026 YKS saya\u00e7 - 2026 YKS&#039;ye ka\u00e7 g\u00fcn kald\u0131?<\/title>\n<meta name=\"description\" content=\"\u201c2026 YKS ne zaman?\u201d sorusunun cevab\u0131 netle\u015fti ve s\u0131nava do\u011fru geri say\u0131m ba\u015flad\u0131. 2026 YKS, 20\u201321 Haziran tarihlerinde yap\u0131lacak.\" \/>\n<meta name=\"robots\" content=\"index, follow, max-snippet:-1, max-image-preview:large, max-video-preview:-1\" \/>\n<link rel=\"canonical\" href=\"https:\/\/www.kariyer.net\/universite-rehberi-blog\/?p=3142\" \/>\n<meta property=\"og:locale\" content=\"tr_TR\" \/>\n<meta property=\"og:type\" content=\"article\" \/>\n<meta property=\"og:title\" content=\"2026 YKS saya\u00e7 - 2026 YKS&#039;ye ka\u00e7 g\u00fcn kald\u0131?\" \/>\n<meta property=\"og:description\" content=\"\u201c2026 YKS ne zaman?\u201d sorusunun cevab\u0131 netle\u015fti ve s\u0131nava do\u011fru geri say\u0131m ba\u015flad\u0131. 2026 YKS, 20\u201321 Haziran tarihlerinde yap\u0131lacak.\" \/>\n<meta property=\"og:url\" content=\"https:\/\/www.kariyer.net\/universite-rehberi-blog\/?p=3142\" \/>\n<meta property=\"og:site_name\" content=\"\u00dcniversite Rehberi Blog\" \/>\n<meta property=\"article:published_time\" content=\"2025-12-08T15:54:55+00:00\" \/>\n<meta property=\"article:modified_time\" content=\"2025-12-08T15:59:47+00:00\" \/>\n<meta property=\"og:image\" content=\"https:\/\/www.kariyer.net\/universite-rehberi-blog\/wp-content\/uploads\/2025\/12\/2026_yks_sayac.jpg\" \/>\n\t<meta property=\"og:image:width\" content=\"900\" \/>\n\t<meta property=\"og:image:height\" content=\"634\" \/>\n\t<meta property=\"og:image:type\" content=\"image\/jpeg\" \/>\n<meta name=\"author\" content=\"\u00d6zden Y\u0131lmaz\" \/>\n<meta name=\"twitter:card\" content=\"summary_large_image\" \/>\n<meta name=\"twitter:label1\" content=\"Yazan:\" \/>\n\t<meta name=\"twitter:data1\" content=\"\u00d6zden Y\u0131lmaz\" \/>\n\t<meta name=\"twitter:label2\" content=\"Tahmini okuma s\u00fcresi\" \/>\n\t<meta name=\"twitter:data2\" content=\"2 dakika\" \/>\n<script type=\"application\/ld+json\" class=\"yoast-schema-graph\">{\"@context\":\"https:\\\/\\\/schema.org\",\"@graph\":[{\"@type\":\"Article\",\"@id\":\"https:\\\/\\\/www.kariyer.net\\\/universite-rehberi-blog\\\/?p=3142#article\",\"isPartOf\":{\"@id\":\"https:\\\/\\\/www.kariyer.net\\\/universite-rehberi-blog\\\/?p=3142\"},\"author\":{\"name\":\"\u00d6zden Y\u0131lmaz\",\"@id\":\"https:\\\/\\\/www.kariyer.net\\\/universite-rehberi-blog\\\/#\\\/schema\\\/person\\\/bf5fdce0a4c40d044d8f527e82c0beca\"},\"headline\":\"2026 YKS saya\u00e7 &#8211; 2026 YKS&#8217;ye ka\u00e7 g\u00fcn kald\u0131?\",\"datePublished\":\"2025-12-08T15:54:55+00:00\",\"dateModified\":\"2025-12-08T15:59:47+00:00\",\"mainEntityOfPage\":{\"@id\":\"https:\\\/\\\/www.kariyer.net\\\/universite-rehberi-blog\\\/?p=3142\"},\"wordCount\":235,\"publisher\":{\"@id\":\"https:\\\/\\\/www.kariyer.net\\\/universite-rehberi-blog\\\/#organization\"},\"image\":{\"@id\":\"https:\\\/\\\/www.kariyer.net\\\/universite-rehberi-blog\\\/?p=3142#primaryimage\"},\"thumbnailUrl\":\"https:\\\/\\\/www.kariyer.net\\\/universite-rehberi-blog\\\/wp-content\\\/uploads\\\/2025\\\/12\\\/2026_yks_sayac.jpg\",\"inLanguage\":\"tr\"},{\"@type\":\"WebPage\",\"@id\":\"https:\\\/\\\/www.kariyer.net\\\/universite-rehberi-blog\\\/?p=3142\",\"url\":\"https:\\\/\\\/www.kariyer.net\\\/universite-rehberi-blog\\\/?p=3142\",\"name\":\"2026 YKS saya\u00e7 - 2026 YKS'ye ka\u00e7 g\u00fcn kald\u0131?\",\"isPartOf\":{\"@id\":\"https:\\\/\\\/www.kariyer.net\\\/universite-rehberi-blog\\\/#website\"},\"primaryImageOfPage\":{\"@id\":\"https:\\\/\\\/www.kariyer.net\\\/universite-rehberi-blog\\\/?p=3142#primaryimage\"},\"image\":{\"@id\":\"https:\\\/\\\/www.kariyer.net\\\/universite-rehberi-blog\\\/?p=3142#primaryimage\"},\"thumbnailUrl\":\"https:\\\/\\\/www.kariyer.net\\\/universite-rehberi-blog\\\/wp-content\\\/uploads\\\/2025\\\/12\\\/2026_yks_sayac.jpg\",\"datePublished\":\"2025-12-08T15:54:55+00:00\",\"dateModified\":\"2025-12-08T15:59:47+00:00\",\"description\":\"\u201c2026 YKS ne zaman?\u201d sorusunun cevab\u0131 netle\u015fti ve s\u0131nava do\u011fru geri say\u0131m ba\u015flad\u0131. 2026 YKS, 20\u201321 Haziran tarihlerinde yap\u0131lacak.\",\"breadcrumb\":{\"@id\":\"https:\\\/\\\/www.kariyer.net\\\/universite-rehberi-blog\\\/?p=3142#breadcrumb\"},\"inLanguage\":\"tr\",\"potentialAction\":[{\"@type\":\"ReadAction\",\"target\":[\"https:\\\/\\\/www.kariyer.net\\\/universite-rehberi-blog\\\/?p=3142\"]}]},{\"@type\":\"ImageObject\",\"inLanguage\":\"tr\",\"@id\":\"https:\\\/\\\/www.kariyer.net\\\/universite-rehberi-blog\\\/?p=3142#primaryimage\",\"url\":\"https:\\\/\\\/www.kariyer.net\\\/universite-rehberi-blog\\\/wp-content\\\/uploads\\\/2025\\\/12\\\/2026_yks_sayac.jpg\",\"contentUrl\":\"https:\\\/\\\/www.kariyer.net\\\/universite-rehberi-blog\\\/wp-content\\\/uploads\\\/2025\\\/12\\\/2026_yks_sayac.jpg\",\"width\":900,\"height\":634},{\"@type\":\"BreadcrumbList\",\"@id\":\"https:\\\/\\\/www.kariyer.net\\\/universite-rehberi-blog\\\/?p=3142#breadcrumb\",\"itemListElement\":[{\"@type\":\"ListItem\",\"position\":1,\"name\":\"Anasayfa\",\"item\":\"https:\\\/\\\/www.kariyer.net\\\/universite-rehberi-blog\\\/\"},{\"@type\":\"ListItem\",\"position\":2,\"name\":\"2026 YKS saya\u00e7 &#8211; 2026 YKS&#8217;ye ka\u00e7 g\u00fcn kald\u0131?\"}]},{\"@type\":\"WebSite\",\"@id\":\"https:\\\/\\\/www.kariyer.net\\\/universite-rehberi-blog\\\/#website\",\"url\":\"https:\\\/\\\/www.kariyer.net\\\/universite-rehberi-blog\\\/\",\"name\":\"\u00dcniversite Rehberi Blog\",\"description\":\"Kariyer.net \u00dcniversiteler i\u00e7in Haz\u0131rlad\u0131\u011f\u0131 Blog Sayfas\u0131\",\"publisher\":{\"@id\":\"https:\\\/\\\/www.kariyer.net\\\/universite-rehberi-blog\\\/#organization\"},\"potentialAction\":[{\"@type\":\"SearchAction\",\"target\":{\"@type\":\"EntryPoint\",\"urlTemplate\":\"https:\\\/\\\/www.kariyer.net\\\/universite-rehberi-blog\\\/?s={search_term_string}\"},\"query-input\":{\"@type\":\"PropertyValueSpecification\",\"valueRequired\":true,\"valueName\":\"search_term_string\"}}],\"inLanguage\":\"tr\"},{\"@type\":\"Organization\",\"@id\":\"https:\\\/\\\/www.kariyer.net\\\/universite-rehberi-blog\\\/#organization\",\"name\":\"\u00dcniversite Rehberi Blog\",\"url\":\"https:\\\/\\\/www.kariyer.net\\\/universite-rehberi-blog\\\/\",\"logo\":{\"@type\":\"ImageObject\",\"inLanguage\":\"tr\",\"@id\":\"https:\\\/\\\/www.kariyer.net\\\/universite-rehberi-blog\\\/#\\\/schema\\\/logo\\\/image\\\/\",\"url\":\"https:\\\/\\\/www.kariyer.net\\\/universite-rehberi-blog\\\/wp-content\\\/uploads\\\/2023\\\/05\\\/kariyer-v3-logo.png\",\"contentUrl\":\"https:\\\/\\\/www.kariyer.net\\\/universite-rehberi-blog\\\/wp-content\\\/uploads\\\/2023\\\/05\\\/kariyer-v3-logo.png\",\"width\":5760,\"height\":1644,\"caption\":\"\u00dcniversite Rehberi Blog\"},\"image\":{\"@id\":\"https:\\\/\\\/www.kariyer.net\\\/universite-rehberi-blog\\\/#\\\/schema\\\/logo\\\/image\\\/\"}},{\"@type\":\"Person\",\"@id\":\"https:\\\/\\\/www.kariyer.net\\\/universite-rehberi-blog\\\/#\\\/schema\\\/person\\\/bf5fdce0a4c40d044d8f527e82c0beca\",\"name\":\"\u00d6zden Y\u0131lmaz\",\"image\":{\"@type\":\"ImageObject\",\"inLanguage\":\"tr\",\"@id\":\"https:\\\/\\\/secure.gravatar.com\\\/avatar\\\/776750a3e7166486a1e43527c51a8f7088279a624700d0e81666f27a714cbbc2?s=96&d=mm&r=g\",\"url\":\"https:\\\/\\\/secure.gravatar.com\\\/avatar\\\/776750a3e7166486a1e43527c51a8f7088279a624700d0e81666f27a714cbbc2?s=96&d=mm&r=g\",\"contentUrl\":\"https:\\\/\\\/secure.gravatar.com\\\/avatar\\\/776750a3e7166486a1e43527c51a8f7088279a624700d0e81666f27a714cbbc2?s=96&d=mm&r=g\",\"caption\":\"\u00d6zden Y\u0131lmaz\"},\"description\":\"Kocaeli \u00dcniversitesi \u0130leti\u015fim Fak\u00fcltesi mezunu olan \u00d6zden, Bilgi \u00dcniversitesi\u2019nde \u0130nteraktif Pazarlama alan\u0131nda y\u00fcksek lisans yapm\u0131\u015ft\u0131r. Lisans \u00f6\u011freniminin ilk y\u0131llar\u0131nda TRT Haber\u2019de asistan muhabirlik yaparak meslek hayat\u0131na ba\u015flam\u0131\u015ft\u0131r. Mezun olduktan sonra farkl\u0131 d\u00f6nemlerde TV8 Haber ve Cem TV\u2019de; yap\u0131mc\u0131, y\u00f6netmen ve edit\u00f6r olarak g\u00f6rev alm\u0131\u015ft\u0131r. Dijital d\u00fcnyadaki geli\u015fmelerle birlikte editoryal deneyimini online platformlara ta\u015f\u0131m\u0131\u015f, Markafoni\u2019de ve Mudo\u2019da i\u00e7erik edit\u00f6rl\u00fc\u011f\u00fc yapm\u0131\u015ft\u0131r. Kurumsal markalar i\u00e7in freelance SEO edit\u00f6rl\u00fc\u011f\u00fc de yapan \u00d6zden, 2018 y\u0131l\u0131 itibar\u0131yla kariyerine, Kariyer.net i\u00e7erik edit\u00f6r\u00fc olarak devam etmekte ve online\\\/offline i\u00e7erik \u00fcretmektedir.\",\"sameAs\":[\"https:\\\/\\\/www.kariyer.net\\\/\"],\"url\":\"https:\\\/\\\/www.kariyer.net\\\/universite-rehberi-blog\\\/author\\\/ozdenyilmaz\\\/\"}]}<\/script>\n<!-- \/ Yoast SEO plugin. -->","yoast_head_json":{"title":"2026 YKS saya\u00e7 - 2026 YKS'ye ka\u00e7 g\u00fcn kald\u0131?","description":"\u201c2026 YKS ne zaman?\u201d sorusunun cevab\u0131 netle\u015fti ve s\u0131nava do\u011fru geri say\u0131m ba\u015flad\u0131. 2026 YKS, 20\u201321 Haziran tarihlerinde yap\u0131lacak.","robots":{"index":"index","follow":"follow","max-snippet":"max-snippet:-1","max-image-preview":"max-image-preview:large","max-video-preview":"max-video-preview:-1"},"canonical":"https:\/\/www.kariyer.net\/universite-rehberi-blog\/?p=3142","og_locale":"tr_TR","og_type":"article","og_title":"2026 YKS saya\u00e7 - 2026 YKS'ye ka\u00e7 g\u00fcn kald\u0131?","og_description":"\u201c2026 YKS ne zaman?\u201d sorusunun cevab\u0131 netle\u015fti ve s\u0131nava do\u011fru geri say\u0131m ba\u015flad\u0131. 2026 YKS, 20\u201321 Haziran tarihlerinde yap\u0131lacak.","og_url":"https:\/\/www.kariyer.net\/universite-rehberi-blog\/?p=3142","og_site_name":"\u00dcniversite Rehberi Blog","article_published_time":"2025-12-08T15:54:55+00:00","article_modified_time":"2025-12-08T15:59:47+00:00","og_image":[{"width":900,"height":634,"url":"https:\/\/www.kariyer.net\/universite-rehberi-blog\/wp-content\/uploads\/2025\/12\/2026_yks_sayac.jpg","type":"image\/jpeg"}],"author":"\u00d6zden Y\u0131lmaz","twitter_card":"summary_large_image","twitter_misc":{"Yazan:":"\u00d6zden Y\u0131lmaz","Tahmini okuma s\u00fcresi":"2 dakika"},"schema":{"@context":"https:\/\/schema.org","@graph":[{"@type":"Article","@id":"https:\/\/www.kariyer.net\/universite-rehberi-blog\/?p=3142#article","isPartOf":{"@id":"https:\/\/www.kariyer.net\/universite-rehberi-blog\/?p=3142"},"author":{"name":"\u00d6zden Y\u0131lmaz","@id":"https:\/\/www.kariyer.net\/universite-rehberi-blog\/#\/schema\/person\/bf5fdce0a4c40d044d8f527e82c0beca"},"headline":"2026 YKS saya\u00e7 &#8211; 2026 YKS&#8217;ye ka\u00e7 g\u00fcn kald\u0131?","datePublished":"2025-12-08T15:54:55+00:00","dateModified":"2025-12-08T15:59:47+00:00","mainEntityOfPage":{"@id":"https:\/\/www.kariyer.net\/universite-rehberi-blog\/?p=3142"},"wordCount":235,"publisher":{"@id":"https:\/\/www.kariyer.net\/universite-rehberi-blog\/#organization"},"image":{"@id":"https:\/\/www.kariyer.net\/universite-rehberi-blog\/?p=3142#primaryimage"},"thumbnailUrl":"https:\/\/www.kariyer.net\/universite-rehberi-blog\/wp-content\/uploads\/2025\/12\/2026_yks_sayac.jpg","inLanguage":"tr"},{"@type":"WebPage","@id":"https:\/\/www.kariyer.net\/universite-rehberi-blog\/?p=3142","url":"https:\/\/www.kariyer.net\/universite-rehberi-blog\/?p=3142","name":"2026 YKS saya\u00e7 - 2026 YKS'ye ka\u00e7 g\u00fcn kald\u0131?","isPartOf":{"@id":"https:\/\/www.kariyer.net\/universite-rehberi-blog\/#website"},"primaryImageOfPage":{"@id":"https:\/\/www.kariyer.net\/universite-rehberi-blog\/?p=3142#primaryimage"},"image":{"@id":"https:\/\/www.kariyer.net\/universite-rehberi-blog\/?p=3142#primaryimage"},"thumbnailUrl":"https:\/\/www.kariyer.net\/universite-rehberi-blog\/wp-content\/uploads\/2025\/12\/2026_yks_sayac.jpg","datePublished":"2025-12-08T15:54:55+00:00","dateModified":"2025-12-08T15:59:47+00:00","description":"\u201c2026 YKS ne zaman?\u201d sorusunun cevab\u0131 netle\u015fti ve s\u0131nava do\u011fru geri say\u0131m ba\u015flad\u0131. 2026 YKS, 20\u201321 Haziran tarihlerinde yap\u0131lacak.","breadcrumb":{"@id":"https:\/\/www.kariyer.net\/universite-rehberi-blog\/?p=3142#breadcrumb"},"inLanguage":"tr","potentialAction":[{"@type":"ReadAction","target":["https:\/\/www.kariyer.net\/universite-rehberi-blog\/?p=3142"]}]},{"@type":"ImageObject","inLanguage":"tr","@id":"https:\/\/www.kariyer.net\/universite-rehberi-blog\/?p=3142#primaryimage","url":"https:\/\/www.kariyer.net\/universite-rehberi-blog\/wp-content\/uploads\/2025\/12\/2026_yks_sayac.jpg","contentUrl":"https:\/\/www.kariyer.net\/universite-rehberi-blog\/wp-content\/uploads\/2025\/12\/2026_yks_sayac.jpg","width":900,"height":634},{"@type":"BreadcrumbList","@id":"https:\/\/www.kariyer.net\/universite-rehberi-blog\/?p=3142#breadcrumb","itemListElement":[{"@type":"ListItem","position":1,"name":"Anasayfa","item":"https:\/\/www.kariyer.net\/universite-rehberi-blog\/"},{"@type":"ListItem","position":2,"name":"2026 YKS saya\u00e7 &#8211; 2026 YKS&#8217;ye ka\u00e7 g\u00fcn kald\u0131?"}]},{"@type":"WebSite","@id":"https:\/\/www.kariyer.net\/universite-rehberi-blog\/#website","url":"https:\/\/www.kariyer.net\/universite-rehberi-blog\/","name":"\u00dcniversite Rehberi Blog","description":"Kariyer.net \u00dcniversiteler i\u00e7in Haz\u0131rlad\u0131\u011f\u0131 Blog Sayfas\u0131","publisher":{"@id":"https:\/\/www.kariyer.net\/universite-rehberi-blog\/#organization"},"potentialAction":[{"@type":"SearchAction","target":{"@type":"EntryPoint","urlTemplate":"https:\/\/www.kariyer.net\/universite-rehberi-blog\/?s={search_term_string}"},"query-input":{"@type":"PropertyValueSpecification","valueRequired":true,"valueName":"search_term_string"}}],"inLanguage":"tr"},{"@type":"Organization","@id":"https:\/\/www.kariyer.net\/universite-rehberi-blog\/#organization","name":"\u00dcniversite Rehberi Blog","url":"https:\/\/www.kariyer.net\/universite-rehberi-blog\/","logo":{"@type":"ImageObject","inLanguage":"tr","@id":"https:\/\/www.kariyer.net\/universite-rehberi-blog\/#\/schema\/logo\/image\/","url":"https:\/\/www.kariyer.net\/universite-rehberi-blog\/wp-content\/uploads\/2023\/05\/kariyer-v3-logo.png","contentUrl":"https:\/\/www.kariyer.net\/universite-rehberi-blog\/wp-content\/uploads\/2023\/05\/kariyer-v3-logo.png","width":5760,"height":1644,"caption":"\u00dcniversite Rehberi Blog"},"image":{"@id":"https:\/\/www.kariyer.net\/universite-rehberi-blog\/#\/schema\/logo\/image\/"}},{"@type":"Person","@id":"https:\/\/www.kariyer.net\/universite-rehberi-blog\/#\/schema\/person\/bf5fdce0a4c40d044d8f527e82c0beca","name":"\u00d6zden Y\u0131lmaz","image":{"@type":"ImageObject","inLanguage":"tr","@id":"https:\/\/secure.gravatar.com\/avatar\/776750a3e7166486a1e43527c51a8f7088279a624700d0e81666f27a714cbbc2?s=96&d=mm&r=g","url":"https:\/\/secure.gravatar.com\/avatar\/776750a3e7166486a1e43527c51a8f7088279a624700d0e81666f27a714cbbc2?s=96&d=mm&r=g","contentUrl":"https:\/\/secure.gravatar.com\/avatar\/776750a3e7166486a1e43527c51a8f7088279a624700d0e81666f27a714cbbc2?s=96&d=mm&r=g","caption":"\u00d6zden Y\u0131lmaz"},"description":"Kocaeli \u00dcniversitesi \u0130leti\u015fim Fak\u00fcltesi mezunu olan \u00d6zden, Bilgi \u00dcniversitesi\u2019nde \u0130nteraktif Pazarlama alan\u0131nda y\u00fcksek lisans yapm\u0131\u015ft\u0131r. Lisans \u00f6\u011freniminin ilk y\u0131llar\u0131nda TRT Haber\u2019de asistan muhabirlik yaparak meslek hayat\u0131na ba\u015flam\u0131\u015ft\u0131r. Mezun olduktan sonra farkl\u0131 d\u00f6nemlerde TV8 Haber ve Cem TV\u2019de; yap\u0131mc\u0131, y\u00f6netmen ve edit\u00f6r olarak g\u00f6rev alm\u0131\u015ft\u0131r. Dijital d\u00fcnyadaki geli\u015fmelerle birlikte editoryal deneyimini online platformlara ta\u015f\u0131m\u0131\u015f, Markafoni\u2019de ve Mudo\u2019da i\u00e7erik edit\u00f6rl\u00fc\u011f\u00fc yapm\u0131\u015ft\u0131r. Kurumsal markalar i\u00e7in freelance SEO edit\u00f6rl\u00fc\u011f\u00fc de yapan \u00d6zden, 2018 y\u0131l\u0131 itibar\u0131yla kariyerine, Kariyer.net i\u00e7erik edit\u00f6r\u00fc olarak devam etmekte ve online\/offline i\u00e7erik \u00fcretmektedir.","sameAs":["https:\/\/www.kariyer.net\/"],"url":"https:\/\/www.kariyer.net\/universite-rehberi-blog\/author\/ozdenyilmaz\/"}]}},"_links":{"self":[{"href":"https:\/\/www.kariyer.net\/universite-rehberi-blog\/wp-json\/wp\/v2\/posts\/3142","targetHints":{"allow":["GET"]}}],"collection":[{"href":"https:\/\/www.kariyer.net\/universite-rehberi-blog\/wp-json\/wp\/v2\/posts"}],"about":[{"href":"https:\/\/www.kariyer.net\/universite-rehberi-blog\/wp-json\/wp\/v2\/types\/post"}],"author":[{"embeddable":true,"href":"https:\/\/www.kariyer.net\/universite-rehberi-blog\/wp-json\/wp\/v2\/users\/5"}],"replies":[{"embeddable":true,"href":"https:\/\/www.kariyer.net\/universite-rehberi-blog\/wp-json\/wp\/v2\/comments?post=3142"}],"version-history":[{"count":10,"href":"https:\/\/www.kariyer.net\/universite-rehberi-blog\/wp-json\/wp\/v2\/posts\/3142\/revisions"}],"predecessor-version":[{"id":3152,"href":"https:\/\/www.kariyer.net\/universite-rehberi-blog\/wp-json\/wp\/v2\/posts\/3142\/revisions\/3152"}],"wp:featuredmedia":[{"embeddable":true,"href":"https:\/\/www.kariyer.net\/universite-rehberi-blog\/wp-json\/wp\/v2\/media\/3129"}],"wp:attachment":[{"href":"https:\/\/www.kariyer.net\/universite-rehberi-blog\/wp-json\/wp\/v2\/media?parent=3142"}],"wp:term":[{"taxonomy":"category","embeddable":true,"href":"https:\/\/www.kariyer.net\/universite-rehberi-blog\/wp-json\/wp\/v2\/categories?post=3142"},{"taxonomy":"post_tag","embeddable":true,"href":"https:\/\/www.kariyer.net\/universite-rehberi-blog\/wp-json\/wp\/v2\/tags?post=3142"}],"curies":[{"name":"wp","href":"https:\/\/api.w.org\/{rel}","templated":true}]}}