{"id":3302,"date":"2026-04-10T16:15:15","date_gmt":"2026-04-10T13:15:15","guid":{"rendered":"https:\/\/www.kariyer.net\/universite-rehberi-blog\/?p=3302"},"modified":"2026-04-10T16:15:43","modified_gmt":"2026-04-10T13:15:43","slug":"acik-ogretim-sinavi-ne-zaman-2025-2026-guncel-sinav-takvimi","status":"publish","type":"post","link":"https:\/\/www.kariyer.net\/universite-rehberi-blog\/acik-ogretim-sinavi-ne-zaman-2025-2026-guncel-sinav-takvimi\/","title":{"rendered":"A\u00e7\u0131k \u00d6\u011fretim S\u0131nav\u0131 Ne Zaman? 2025-2026 G\u00fcncel S\u0131nav Takvimi"},"content":{"rendered":"<p data-path-to-node=\"22\">2025-2026 akademik y\u0131l\u0131nda e\u011fitimine Anadolu \u00dcniversitesi A\u00e7\u0131k \u00d6\u011fretim Fak\u00fcltesi\u00a0 \u00fczerinden devam eden \u00f6\u011frenciler i\u00e7in s\u0131nav takvimi s\u00fcreci ba\u015flam\u0131\u015ft\u0131r. Ders \u00e7al\u0131\u015fma program\u0131n\u0131 planlamak ve mezuniyet hedefine ula\u015fmak i\u00e7in d\u00f6nem bazl\u0131 t\u00fcm detaylar, \u00fcniversitelerin akademik takvim projeksiyonlar\u0131na g\u00f6re a\u015fa\u011f\u0131da d\u00fczenlenmi\u015ftir.<\/p>\n<p data-path-to-node=\"24\">A\u00e7\u0131k \u00f6\u011fretim s\u0131navlar\u0131; g\u00fcz, bahar ve yaz okulu olmak \u00fczere \u00fc\u00e7 ana ba\u015fl\u0131kta toplan\u0131r. S\u0131navlar\u0131n genellikle hafta sonlar\u0131, sabah ve \u00f6\u011fleden sonra oturumlar\u0131 \u015feklinde yap\u0131lmas\u0131 planlan\u0131r.<\/p>\n<h2 data-path-to-node=\"25\">2025-2026 A\u00e7\u0131k\u00f6\u011fretim S\u0131nav\u0131 G\u00fcz D\u00f6nemi Ne Zaman?<\/h2>\n<p data-path-to-node=\"26\">Akademik y\u0131l\u0131n ilk s\u0131nav maratonu olan g\u00fcz d\u00f6nemi oturumlar\u0131, \u00f6\u011frencilerin ilk yar\u0131y\u0131l performanslar\u0131n\u0131 belirler. Kay\u0131t yenileme ve ders se\u00e7imi s\u00fcre\u00e7lerinin ard\u0131ndan girilen bu s\u0131navlar i\u00e7in \u00f6ng\u00f6r\u00fclen tarihler \u015funlard\u0131r:<\/p>\n<ul data-path-to-node=\"27\">\n<li>\n<p data-path-to-node=\"27,0,0\"><b data-path-to-node=\"27,0,0\" data-index-in-node=\"0\">G\u00fcz D\u00f6nemi Ara S\u0131navlar\u0131:<\/b> 6 &#8211; 7 Aral\u0131k 2025<\/p>\n<\/li>\n<li>\n<p data-path-to-node=\"27,1,0\"><b data-path-to-node=\"27,1,0\" data-index-in-node=\"0\">G\u00fcz D\u00f6nemi D\u00f6nem Sonu S\u0131navlar\u0131:<\/b> 17 &#8211; 18 Ocak 2026<\/p>\n<\/li>\n<\/ul>\n<p data-path-to-node=\"28\">G\u00fcz d\u00f6nemi sonu\u00e7lar\u0131 a\u00e7\u0131kland\u0131ktan sonra bahar d\u00f6nemi ders se\u00e7im s\u00fcrecine ge\u00e7ilir. Ba\u015far\u0131y\u0131 art\u0131rmak ad\u0131na s\u0131nav \u00f6ncesinde \u00f6nceki y\u0131llara ait deneme testlerine odaklan\u0131lmas\u0131 yararl\u0131d\u0131r.<\/p>\n<h2 data-path-to-node=\"25\">A\u00e7\u0131k\u00f6\u011fretim S\u0131nav\u0131 Bahar D\u00f6nemi S\u0131nav Tarihleri Belli mi?<\/h2>\n<p data-path-to-node=\"30\">\u0130kinci yar\u0131y\u0131l\u0131n tamamlanmas\u0131n\u0131 sa\u011flayan bahar d\u00f6nemi s\u0131navlar\u0131, \u00f6zellikle mezuniyet a\u015famas\u0131ndaki \u00f6\u011frenciler i\u00e7in kritik \u00f6neme sahiptir. 2026 y\u0131l\u0131 i\u00e7erisinde ger\u00e7ekle\u015ftirilmesi beklenen bahar oturumlar\u0131 takvimi \u015fu \u015fekildedir:<\/p>\n<ul data-path-to-node=\"31\">\n<li>\n<p data-path-to-node=\"31,0,0\"><b data-path-to-node=\"31,0,0\" data-index-in-node=\"0\">Bahar D\u00f6nemi Ara S\u0131navlar\u0131:<\/b> 4 &#8211; 5 Nisan 2026<\/p>\n<\/li>\n<li>\n<p data-path-to-node=\"31,1,0\"><b data-path-to-node=\"31,1,0\" data-index-in-node=\"0\">Bahar D\u00f6nemi D\u00f6nem Sonu S\u0131navlar\u0131:<\/b> 9 &#8211; 10 May\u0131s 2026<\/p>\n<\/li>\n<li><strong>Yaz okulu:<\/strong> 22 A\u011fustos 2026<\/li>\n<\/ul>\n<p data-path-to-node=\"32\">S\u0131nav merkezlerinin se\u00e7imi ve g\u00fcncellenmesi i\u015flemleri s\u0131nav tarihinden en az bir ay \u00f6nce \u00f6\u011frenci otomasyon sistemi \u00fczerinden ger\u00e7ekle\u015ftirilir. Bu s\u00fcrecin takibi, ula\u015f\u0131m planlamas\u0131 a\u00e7\u0131s\u0131ndan yararl\u0131 olacakt\u0131r.<\/p>\n<h2 data-path-to-node=\"33\">S\u0131nav Giri\u015f Belgesi Ne Zaman ve Nereden Al\u0131n\u0131r?<\/h2>\n<p data-path-to-node=\"34\">S\u0131nav binalar\u0131na giri\u015f i\u00e7in gerekli olan s\u0131nav giri\u015f belgesi, her oturumdan yakla\u015f\u0131k 10 g\u00fcn \u00f6nce dijital ortamda eri\u015fime a\u00e7\u0131l\u0131r. \u00d6\u011frenciler bu belgeleri \u00f6\u011frenci otomasyon sistemine T.C. kimlik numaralar\u0131 ve \u015fifreleriyle giri\u015f yaparak edinebilir. Belge \u00fczerinde \u015fu bilgilerin kontrol edilmesi \u00f6nerilir:<\/p>\n<ul data-path-to-node=\"35\">\n<li>\n<p data-path-to-node=\"35,0,0\">S\u0131nava girilecek okulun ad\u0131, salon ve s\u0131ra numaras\u0131.<\/p>\n<\/li>\n<li>\n<p data-path-to-node=\"35,1,0\">S\u0131nav\u0131n yap\u0131laca\u011f\u0131 g\u00fcn ve saat bilgisi.<\/p>\n<\/li>\n<li>\n<p data-path-to-node=\"35,2,0\">\u00d6\u011frencinin g\u00fcncel foto\u011fraf\u0131 ve kimlik bilgileri.<\/p>\n<\/li>\n<\/ul>\n<p data-path-to-node=\"36\">S\u0131nav binas\u0131na girmeden \u00f6nce belgenin yaz\u0131c\u0131 \u00e7\u0131kt\u0131s\u0131n\u0131n al\u0131nmas\u0131 zorunludur. Dijital ekran \u00fczerinden g\u00f6sterilen belgeler resmi s\u0131navlarda ge\u00e7erli say\u0131lmamaktad\u0131r.<\/p>\n<h2 data-path-to-node=\"37\">2026 Yaz Okulu S\u0131nav\u0131 Ne Zaman Yap\u0131lacak?<\/h2>\n<p data-path-to-node=\"38\">D\u00f6nem i\u00e7erisinde ba\u015far\u0131 sa\u011flanamayan dersler veya \u00fcstten ders alarak mezuniyet s\u00fcrecini h\u0131zland\u0131rmak isteyenler i\u00e7in yaz okulu imkan\u0131 sunulur. 2025-2026 e\u011fitim y\u0131l\u0131n\u0131n son oturumu olan yaz okulu s\u0131nav\u0131n\u0131n 22 A\u011fustos 2026 tarihinde yap\u0131lmas\u0131 planlanmaktad\u0131r. Yaz okulu s\u0131navlar\u0131 genellikle tek bir oturumda ger\u00e7ekle\u015ftirilir ve t\u00fcm illerdeki s\u0131nav merkezlerinde organize edilir.<\/p>\n<h2 data-path-to-node=\"39\">S\u0131nav Salonuna Girerken Dikkat Edilmesi Gerekenler<\/h2>\n<p data-path-to-node=\"40\">S\u0131nav d\u00fczenini korumak ad\u0131na belirli kurallara uyulmas\u0131 zorunludur. Adaylar\u0131n s\u0131nav g\u00fcn\u00fc yanlar\u0131nda \u015fu belgeleri bulundurmas\u0131 gerekir:<\/p>\n<ol start=\"1\" data-path-to-node=\"41\">\n<li>\n<p data-path-to-node=\"41,0,0\">G\u00fcncel ve foto\u011frafl\u0131 S\u0131nav Giri\u015f Belgesi.<\/p>\n<\/li>\n<li>\n<p data-path-to-node=\"41,1,0\">Ge\u00e7erli kimlik belgesi (T.C. Kimlik Kart\u0131 veya s\u00fcresi dolmam\u0131\u015f pasaport).<\/p>\n<\/li>\n<li>\n<p data-path-to-node=\"41,2,0\">Yumu\u015fak u\u00e7lu kur\u015fun kalem ve leke b\u0131rakmayan silgi.<\/p>\n<\/li>\n<\/ol>\n<p data-path-to-node=\"42\">S\u0131nav binas\u0131na girmeden \u00f6nce Kariyer.net \u00fczerindeki s\u0131nav kurallar\u0131 ve yasakl\u0131 e\u015fyalar listesine g\u00f6z at\u0131lmas\u0131, olas\u0131 hak kay\u0131plar\u0131n\u0131 \u00f6nlemek ad\u0131na faydal\u0131 olacakt\u0131r. S\u0131nav ba\u015flama saatinden en az 30 dakika \u00f6nce binada haz\u0131r bulunulmas\u0131 aksakl\u0131klar\u0131n \u00f6n\u00fcne ge\u00e7er.<\/p>\n<p data-path-to-node=\"43\"><b data-path-to-node=\"43\" data-index-in-node=\"0\">Kaynak:<\/b> Anadolu \u00dcniversitesi ve Atat\u00fcrk \u00dcniversitesi A\u00e7\u0131k\u00f6\u011fretim <a href=\"https:\/\/www.anadolu.edu.tr\/acikogretim\/sinavlar-ve-sorumluluk-uniteleri\/sinav-tarihleri\">Akademik Takvim<\/a>, 2025-2026.<\/p>\n<!-- templates\/buttons-placeholder.php -->\n<div class=\"da-reactions-outer TpostID3302\">\n\t    <div class=\"da-reactions-data da-reactions-container-async center\"\n         data-type=\"post\"\n         data-id=\"3302\"\n         id=\"da-reactions-slot-post-3302\">\n        <div class=\"da-reactions-static\">\n\t\t\t<img src=\"https:\/\/www.kariyer.net\/universite-rehberi-blog\/wp-content\/plugins\/da-reactions\/assets\/dist\/loading.svg\" alt=\"Loading spinner\" width=\"48\" height=\"48\" style=\"width:48px\" \/>\n        <\/div>\n    <\/div>\n<\/div>\n","protected":false},"excerpt":{"rendered":"<p>2025-2026 akademik y\u0131l\u0131nda e\u011fitimine Anadolu \u00dcniversitesi A\u00e7\u0131k \u00d6\u011fretim Fak\u00fcltesi\u00a0 \u00fczerinden devam eden \u00f6\u011frenciler i\u00e7in s\u0131nav takvimi s\u00fcreci ba\u015flam\u0131\u015ft\u0131r. Ders \u00e7al\u0131\u015fma program\u0131n\u0131 planlamak ve mezuniyet hedefine ula\u015fmak i\u00e7in d\u00f6nem bazl\u0131 t\u00fcm detaylar, \u00fcniversitelerin akademik takvim projeksiyonlar\u0131na g\u00f6re a\u015fa\u011f\u0131da d\u00fczenlenmi\u015ftir. A\u00e7\u0131k \u00f6\u011fretim s\u0131navlar\u0131; g\u00fcz, bahar ve yaz okulu olmak \u00fczere \u00fc\u00e7 ana ba\u015fl\u0131kta toplan\u0131r. S\u0131navlar\u0131n genellikle hafta [&hellip;]<\/p>\n<!-- templates\/buttons-placeholder.php -->\n<div class=\"da-reactions-outer TpostID3302\">\n\t    <div class=\"da-reactions-data da-reactions-container-async center\"\n         data-type=\"post\"\n         data-id=\"3302\"\n         id=\"da-reactions-slot-post-3302\">\n        <div class=\"da-reactions-static\">\n\t\t\t<img src=\"https:\/\/www.kariyer.net\/universite-rehberi-blog\/wp-content\/plugins\/da-reactions\/assets\/dist\/loading.svg\" alt=\"Loading spinner\" width=\"48\" height=\"48\" style=\"width:48px\" \/>\n        <\/div>\n    <\/div>\n<\/div>\n","protected":false},"author":6,"featured_media":3305,"comment_status":"closed","ping_status":"open","sticky":false,"template":"","format":"standard","meta":{"footnotes":""},"categories":[13,12],"tags":[],"class_list":{"0":"post-3302","1":"post","2":"type-post","3":"status-publish","4":"format-standard","5":"has-post-thumbnail","7":"category-haberler","8":"category-universite-hayati"},"yoast_head":"<!-- This site is optimized with the Yoast SEO plugin v27.5 - https:\/\/yoast.com\/product\/yoast-seo-wordpress\/ -->\n<title>A\u00e7\u0131k \u00d6\u011fretim S\u0131nav\u0131 Ne Zaman? G\u00fcncel S\u0131nav Takvimi<\/title>\n<meta name=\"description\" content=\"A\u00e7\u0131k \u00f6\u011fretim s\u0131nav\u0131 ne zaman yap\u0131lacak? 2025-2026 d\u00f6nemi vize, final ve yaz okulu s\u0131nav tarihlerini hemen \u00f6\u011fren, haz\u0131rl\u0131klar\u0131n\u0131 planla.\" \/>\n<meta name=\"robots\" content=\"index, follow, max-snippet:-1, max-image-preview:large, max-video-preview:-1\" \/>\n<link rel=\"canonical\" href=\"https:\/\/www.kariyer.net\/universite-rehberi-blog\/acik-ogretim-sinavi-ne-zaman-2025-2026-guncel-sinav-takvimi\/\" \/>\n<meta property=\"og:locale\" content=\"tr_TR\" \/>\n<meta property=\"og:type\" content=\"article\" \/>\n<meta property=\"og:title\" content=\"A\u00e7\u0131k \u00d6\u011fretim S\u0131nav\u0131 Ne Zaman? G\u00fcncel S\u0131nav Takvimi\" \/>\n<meta property=\"og:description\" content=\"A\u00e7\u0131k \u00f6\u011fretim s\u0131nav\u0131 ne zaman yap\u0131lacak? 2025-2026 d\u00f6nemi vize, final ve yaz okulu s\u0131nav tarihlerini hemen \u00f6\u011fren, haz\u0131rl\u0131klar\u0131n\u0131 planla.\" \/>\n<meta property=\"og:url\" content=\"https:\/\/www.kariyer.net\/universite-rehberi-blog\/acik-ogretim-sinavi-ne-zaman-2025-2026-guncel-sinav-takvimi\/\" \/>\n<meta property=\"og:site_name\" content=\"\u00dcniversite Rehberi Blog\" \/>\n<meta property=\"article:published_time\" content=\"2026-04-10T13:15:15+00:00\" \/>\n<meta property=\"article:modified_time\" content=\"2026-04-10T13:15:43+00:00\" \/>\n<meta property=\"og:image\" content=\"https:\/\/www.kariyer.net\/universite-rehberi-blog\/wp-content\/uploads\/2026\/04\/acik-Ogretim-Sinavi.png\" \/>\n\t<meta property=\"og:image:width\" content=\"900\" \/>\n\t<meta property=\"og:image:height\" content=\"595\" \/>\n\t<meta property=\"og:image:type\" content=\"image\/png\" \/>\n<meta name=\"author\" content=\"Kariyer.net\" \/>\n<meta name=\"twitter:card\" content=\"summary_large_image\" \/>\n<meta name=\"twitter:label1\" content=\"Yazan:\" \/>\n\t<meta name=\"twitter:data1\" content=\"Kariyer.net\" \/>\n\t<meta name=\"twitter:label2\" content=\"Tahmini okuma s\u00fcresi\" \/>\n\t<meta name=\"twitter:data2\" content=\"3 dakika\" \/>\n<script type=\"application\/ld+json\" class=\"yoast-schema-graph\">{\"@context\":\"https:\\\/\\\/schema.org\",\"@graph\":[{\"@type\":\"Article\",\"@id\":\"https:\\\/\\\/www.kariyer.net\\\/universite-rehberi-blog\\\/acik-ogretim-sinavi-ne-zaman-2025-2026-guncel-sinav-takvimi\\\/#article\",\"isPartOf\":{\"@id\":\"https:\\\/\\\/www.kariyer.net\\\/universite-rehberi-blog\\\/acik-ogretim-sinavi-ne-zaman-2025-2026-guncel-sinav-takvimi\\\/\"},\"author\":{\"name\":\"Kariyer.net\",\"@id\":\"https:\\\/\\\/www.kariyer.net\\\/universite-rehberi-blog\\\/#\\\/schema\\\/person\\\/2867599002b8ea029dbc7e678f192105\"},\"headline\":\"A\u00e7\u0131k \u00d6\u011fretim S\u0131nav\u0131 Ne Zaman? 2025-2026 G\u00fcncel S\u0131nav Takvimi\",\"datePublished\":\"2026-04-10T13:15:15+00:00\",\"dateModified\":\"2026-04-10T13:15:43+00:00\",\"mainEntityOfPage\":{\"@id\":\"https:\\\/\\\/www.kariyer.net\\\/universite-rehberi-blog\\\/acik-ogretim-sinavi-ne-zaman-2025-2026-guncel-sinav-takvimi\\\/\"},\"wordCount\":665,\"publisher\":{\"@id\":\"https:\\\/\\\/www.kariyer.net\\\/universite-rehberi-blog\\\/#organization\"},\"image\":{\"@id\":\"https:\\\/\\\/www.kariyer.net\\\/universite-rehberi-blog\\\/acik-ogretim-sinavi-ne-zaman-2025-2026-guncel-sinav-takvimi\\\/#primaryimage\"},\"thumbnailUrl\":\"https:\\\/\\\/www.kariyer.net\\\/universite-rehberi-blog\\\/wp-content\\\/uploads\\\/2026\\\/04\\\/acik-Ogretim-Sinavi.png\",\"articleSection\":[\"Haberler\",\"\u00dcniversite Hayat\u0131\"],\"inLanguage\":\"tr\"},{\"@type\":\"WebPage\",\"@id\":\"https:\\\/\\\/www.kariyer.net\\\/universite-rehberi-blog\\\/acik-ogretim-sinavi-ne-zaman-2025-2026-guncel-sinav-takvimi\\\/\",\"url\":\"https:\\\/\\\/www.kariyer.net\\\/universite-rehberi-blog\\\/acik-ogretim-sinavi-ne-zaman-2025-2026-guncel-sinav-takvimi\\\/\",\"name\":\"A\u00e7\u0131k \u00d6\u011fretim S\u0131nav\u0131 Ne Zaman? G\u00fcncel S\u0131nav Takvimi\",\"isPartOf\":{\"@id\":\"https:\\\/\\\/www.kariyer.net\\\/universite-rehberi-blog\\\/#website\"},\"primaryImageOfPage\":{\"@id\":\"https:\\\/\\\/www.kariyer.net\\\/universite-rehberi-blog\\\/acik-ogretim-sinavi-ne-zaman-2025-2026-guncel-sinav-takvimi\\\/#primaryimage\"},\"image\":{\"@id\":\"https:\\\/\\\/www.kariyer.net\\\/universite-rehberi-blog\\\/acik-ogretim-sinavi-ne-zaman-2025-2026-guncel-sinav-takvimi\\\/#primaryimage\"},\"thumbnailUrl\":\"https:\\\/\\\/www.kariyer.net\\\/universite-rehberi-blog\\\/wp-content\\\/uploads\\\/2026\\\/04\\\/acik-Ogretim-Sinavi.png\",\"datePublished\":\"2026-04-10T13:15:15+00:00\",\"dateModified\":\"2026-04-10T13:15:43+00:00\",\"description\":\"A\u00e7\u0131k \u00f6\u011fretim s\u0131nav\u0131 ne zaman yap\u0131lacak? 2025-2026 d\u00f6nemi vize, final ve yaz okulu s\u0131nav tarihlerini hemen \u00f6\u011fren, haz\u0131rl\u0131klar\u0131n\u0131 planla.\",\"breadcrumb\":{\"@id\":\"https:\\\/\\\/www.kariyer.net\\\/universite-rehberi-blog\\\/acik-ogretim-sinavi-ne-zaman-2025-2026-guncel-sinav-takvimi\\\/#breadcrumb\"},\"inLanguage\":\"tr\",\"potentialAction\":[{\"@type\":\"ReadAction\",\"target\":[\"https:\\\/\\\/www.kariyer.net\\\/universite-rehberi-blog\\\/acik-ogretim-sinavi-ne-zaman-2025-2026-guncel-sinav-takvimi\\\/\"]}]},{\"@type\":\"ImageObject\",\"inLanguage\":\"tr\",\"@id\":\"https:\\\/\\\/www.kariyer.net\\\/universite-rehberi-blog\\\/acik-ogretim-sinavi-ne-zaman-2025-2026-guncel-sinav-takvimi\\\/#primaryimage\",\"url\":\"https:\\\/\\\/www.kariyer.net\\\/universite-rehberi-blog\\\/wp-content\\\/uploads\\\/2026\\\/04\\\/acik-Ogretim-Sinavi.png\",\"contentUrl\":\"https:\\\/\\\/www.kariyer.net\\\/universite-rehberi-blog\\\/wp-content\\\/uploads\\\/2026\\\/04\\\/acik-Ogretim-Sinavi.png\",\"width\":900,\"height\":595,\"caption\":\"a\u00e7\u0131k \u00d6\u011fretim S\u0131nav\u0131\"},{\"@type\":\"BreadcrumbList\",\"@id\":\"https:\\\/\\\/www.kariyer.net\\\/universite-rehberi-blog\\\/acik-ogretim-sinavi-ne-zaman-2025-2026-guncel-sinav-takvimi\\\/#breadcrumb\",\"itemListElement\":[{\"@type\":\"ListItem\",\"position\":1,\"name\":\"Anasayfa\",\"item\":\"https:\\\/\\\/www.kariyer.net\\\/universite-rehberi-blog\\\/\"},{\"@type\":\"ListItem\",\"position\":2,\"name\":\"A\u00e7\u0131k \u00d6\u011fretim S\u0131nav\u0131 Ne Zaman? 2025-2026 G\u00fcncel S\u0131nav Takvimi\"}]},{\"@type\":\"WebSite\",\"@id\":\"https:\\\/\\\/www.kariyer.net\\\/universite-rehberi-blog\\\/#website\",\"url\":\"https:\\\/\\\/www.kariyer.net\\\/universite-rehberi-blog\\\/\",\"name\":\"\u00dcniversite Rehberi Blog\",\"description\":\"Kariyer.net \u00dcniversiteler i\u00e7in Haz\u0131rlad\u0131\u011f\u0131 Blog Sayfas\u0131\",\"publisher\":{\"@id\":\"https:\\\/\\\/www.kariyer.net\\\/universite-rehberi-blog\\\/#organization\"},\"potentialAction\":[{\"@type\":\"SearchAction\",\"target\":{\"@type\":\"EntryPoint\",\"urlTemplate\":\"https:\\\/\\\/www.kariyer.net\\\/universite-rehberi-blog\\\/?s={search_term_string}\"},\"query-input\":{\"@type\":\"PropertyValueSpecification\",\"valueRequired\":true,\"valueName\":\"search_term_string\"}}],\"inLanguage\":\"tr\"},{\"@type\":\"Organization\",\"@id\":\"https:\\\/\\\/www.kariyer.net\\\/universite-rehberi-blog\\\/#organization\",\"name\":\"\u00dcniversite Rehberi Blog\",\"url\":\"https:\\\/\\\/www.kariyer.net\\\/universite-rehberi-blog\\\/\",\"logo\":{\"@type\":\"ImageObject\",\"inLanguage\":\"tr\",\"@id\":\"https:\\\/\\\/www.kariyer.net\\\/universite-rehberi-blog\\\/#\\\/schema\\\/logo\\\/image\\\/\",\"url\":\"https:\\\/\\\/www.kariyer.net\\\/universite-rehberi-blog\\\/wp-content\\\/uploads\\\/2023\\\/05\\\/kariyer-v3-logo.png\",\"contentUrl\":\"https:\\\/\\\/www.kariyer.net\\\/universite-rehberi-blog\\\/wp-content\\\/uploads\\\/2023\\\/05\\\/kariyer-v3-logo.png\",\"width\":5760,\"height\":1644,\"caption\":\"\u00dcniversite Rehberi Blog\"},\"image\":{\"@id\":\"https:\\\/\\\/www.kariyer.net\\\/universite-rehberi-blog\\\/#\\\/schema\\\/logo\\\/image\\\/\"}},{\"@type\":\"Person\",\"@id\":\"https:\\\/\\\/www.kariyer.net\\\/universite-rehberi-blog\\\/#\\\/schema\\\/person\\\/2867599002b8ea029dbc7e678f192105\",\"name\":\"Kariyer.net\",\"image\":{\"@type\":\"ImageObject\",\"inLanguage\":\"tr\",\"@id\":\"https:\\\/\\\/secure.gravatar.com\\\/avatar\\\/23b062e8807ebc21ee7de9642d7f8d03601c724b6fd7a14926571b37fec20318?s=96&d=mm&r=g\",\"url\":\"https:\\\/\\\/secure.gravatar.com\\\/avatar\\\/23b062e8807ebc21ee7de9642d7f8d03601c724b6fd7a14926571b37fec20318?s=96&d=mm&r=g\",\"contentUrl\":\"https:\\\/\\\/secure.gravatar.com\\\/avatar\\\/23b062e8807ebc21ee7de9642d7f8d03601c724b6fd7a14926571b37fec20318?s=96&d=mm&r=g\",\"caption\":\"Kariyer.net\"},\"sameAs\":[\"https:\\\/\\\/kariyer.net\\\/\"],\"url\":\"https:\\\/\\\/www.kariyer.net\\\/universite-rehberi-blog\\\/author\\\/kariyernet\\\/\"}]}<\/script>\n<!-- \/ Yoast SEO plugin. -->","yoast_head_json":{"title":"A\u00e7\u0131k \u00d6\u011fretim S\u0131nav\u0131 Ne Zaman? G\u00fcncel S\u0131nav Takvimi","description":"A\u00e7\u0131k \u00f6\u011fretim s\u0131nav\u0131 ne zaman yap\u0131lacak? 2025-2026 d\u00f6nemi vize, final ve yaz okulu s\u0131nav tarihlerini hemen \u00f6\u011fren, haz\u0131rl\u0131klar\u0131n\u0131 planla.","robots":{"index":"index","follow":"follow","max-snippet":"max-snippet:-1","max-image-preview":"max-image-preview:large","max-video-preview":"max-video-preview:-1"},"canonical":"https:\/\/www.kariyer.net\/universite-rehberi-blog\/acik-ogretim-sinavi-ne-zaman-2025-2026-guncel-sinav-takvimi\/","og_locale":"tr_TR","og_type":"article","og_title":"A\u00e7\u0131k \u00d6\u011fretim S\u0131nav\u0131 Ne Zaman? G\u00fcncel S\u0131nav Takvimi","og_description":"A\u00e7\u0131k \u00f6\u011fretim s\u0131nav\u0131 ne zaman yap\u0131lacak? 2025-2026 d\u00f6nemi vize, final ve yaz okulu s\u0131nav tarihlerini hemen \u00f6\u011fren, haz\u0131rl\u0131klar\u0131n\u0131 planla.","og_url":"https:\/\/www.kariyer.net\/universite-rehberi-blog\/acik-ogretim-sinavi-ne-zaman-2025-2026-guncel-sinav-takvimi\/","og_site_name":"\u00dcniversite Rehberi Blog","article_published_time":"2026-04-10T13:15:15+00:00","article_modified_time":"2026-04-10T13:15:43+00:00","og_image":[{"width":900,"height":595,"url":"https:\/\/www.kariyer.net\/universite-rehberi-blog\/wp-content\/uploads\/2026\/04\/acik-Ogretim-Sinavi.png","type":"image\/png"}],"author":"Kariyer.net","twitter_card":"summary_large_image","twitter_misc":{"Yazan:":"Kariyer.net","Tahmini okuma s\u00fcresi":"3 dakika"},"schema":{"@context":"https:\/\/schema.org","@graph":[{"@type":"Article","@id":"https:\/\/www.kariyer.net\/universite-rehberi-blog\/acik-ogretim-sinavi-ne-zaman-2025-2026-guncel-sinav-takvimi\/#article","isPartOf":{"@id":"https:\/\/www.kariyer.net\/universite-rehberi-blog\/acik-ogretim-sinavi-ne-zaman-2025-2026-guncel-sinav-takvimi\/"},"author":{"name":"Kariyer.net","@id":"https:\/\/www.kariyer.net\/universite-rehberi-blog\/#\/schema\/person\/2867599002b8ea029dbc7e678f192105"},"headline":"A\u00e7\u0131k \u00d6\u011fretim S\u0131nav\u0131 Ne Zaman? 2025-2026 G\u00fcncel S\u0131nav Takvimi","datePublished":"2026-04-10T13:15:15+00:00","dateModified":"2026-04-10T13:15:43+00:00","mainEntityOfPage":{"@id":"https:\/\/www.kariyer.net\/universite-rehberi-blog\/acik-ogretim-sinavi-ne-zaman-2025-2026-guncel-sinav-takvimi\/"},"wordCount":665,"publisher":{"@id":"https:\/\/www.kariyer.net\/universite-rehberi-blog\/#organization"},"image":{"@id":"https:\/\/www.kariyer.net\/universite-rehberi-blog\/acik-ogretim-sinavi-ne-zaman-2025-2026-guncel-sinav-takvimi\/#primaryimage"},"thumbnailUrl":"https:\/\/www.kariyer.net\/universite-rehberi-blog\/wp-content\/uploads\/2026\/04\/acik-Ogretim-Sinavi.png","articleSection":["Haberler","\u00dcniversite Hayat\u0131"],"inLanguage":"tr"},{"@type":"WebPage","@id":"https:\/\/www.kariyer.net\/universite-rehberi-blog\/acik-ogretim-sinavi-ne-zaman-2025-2026-guncel-sinav-takvimi\/","url":"https:\/\/www.kariyer.net\/universite-rehberi-blog\/acik-ogretim-sinavi-ne-zaman-2025-2026-guncel-sinav-takvimi\/","name":"A\u00e7\u0131k \u00d6\u011fretim S\u0131nav\u0131 Ne Zaman? G\u00fcncel S\u0131nav Takvimi","isPartOf":{"@id":"https:\/\/www.kariyer.net\/universite-rehberi-blog\/#website"},"primaryImageOfPage":{"@id":"https:\/\/www.kariyer.net\/universite-rehberi-blog\/acik-ogretim-sinavi-ne-zaman-2025-2026-guncel-sinav-takvimi\/#primaryimage"},"image":{"@id":"https:\/\/www.kariyer.net\/universite-rehberi-blog\/acik-ogretim-sinavi-ne-zaman-2025-2026-guncel-sinav-takvimi\/#primaryimage"},"thumbnailUrl":"https:\/\/www.kariyer.net\/universite-rehberi-blog\/wp-content\/uploads\/2026\/04\/acik-Ogretim-Sinavi.png","datePublished":"2026-04-10T13:15:15+00:00","dateModified":"2026-04-10T13:15:43+00:00","description":"A\u00e7\u0131k \u00f6\u011fretim s\u0131nav\u0131 ne zaman yap\u0131lacak? 2025-2026 d\u00f6nemi vize, final ve yaz okulu s\u0131nav tarihlerini hemen \u00f6\u011fren, haz\u0131rl\u0131klar\u0131n\u0131 planla.","breadcrumb":{"@id":"https:\/\/www.kariyer.net\/universite-rehberi-blog\/acik-ogretim-sinavi-ne-zaman-2025-2026-guncel-sinav-takvimi\/#breadcrumb"},"inLanguage":"tr","potentialAction":[{"@type":"ReadAction","target":["https:\/\/www.kariyer.net\/universite-rehberi-blog\/acik-ogretim-sinavi-ne-zaman-2025-2026-guncel-sinav-takvimi\/"]}]},{"@type":"ImageObject","inLanguage":"tr","@id":"https:\/\/www.kariyer.net\/universite-rehberi-blog\/acik-ogretim-sinavi-ne-zaman-2025-2026-guncel-sinav-takvimi\/#primaryimage","url":"https:\/\/www.kariyer.net\/universite-rehberi-blog\/wp-content\/uploads\/2026\/04\/acik-Ogretim-Sinavi.png","contentUrl":"https:\/\/www.kariyer.net\/universite-rehberi-blog\/wp-content\/uploads\/2026\/04\/acik-Ogretim-Sinavi.png","width":900,"height":595,"caption":"a\u00e7\u0131k \u00d6\u011fretim S\u0131nav\u0131"},{"@type":"BreadcrumbList","@id":"https:\/\/www.kariyer.net\/universite-rehberi-blog\/acik-ogretim-sinavi-ne-zaman-2025-2026-guncel-sinav-takvimi\/#breadcrumb","itemListElement":[{"@type":"ListItem","position":1,"name":"Anasayfa","item":"https:\/\/www.kariyer.net\/universite-rehberi-blog\/"},{"@type":"ListItem","position":2,"name":"A\u00e7\u0131k \u00d6\u011fretim S\u0131nav\u0131 Ne Zaman? 2025-2026 G\u00fcncel S\u0131nav Takvimi"}]},{"@type":"WebSite","@id":"https:\/\/www.kariyer.net\/universite-rehberi-blog\/#website","url":"https:\/\/www.kariyer.net\/universite-rehberi-blog\/","name":"\u00dcniversite Rehberi Blog","description":"Kariyer.net \u00dcniversiteler i\u00e7in Haz\u0131rlad\u0131\u011f\u0131 Blog Sayfas\u0131","publisher":{"@id":"https:\/\/www.kariyer.net\/universite-rehberi-blog\/#organization"},"potentialAction":[{"@type":"SearchAction","target":{"@type":"EntryPoint","urlTemplate":"https:\/\/www.kariyer.net\/universite-rehberi-blog\/?s={search_term_string}"},"query-input":{"@type":"PropertyValueSpecification","valueRequired":true,"valueName":"search_term_string"}}],"inLanguage":"tr"},{"@type":"Organization","@id":"https:\/\/www.kariyer.net\/universite-rehberi-blog\/#organization","name":"\u00dcniversite Rehberi Blog","url":"https:\/\/www.kariyer.net\/universite-rehberi-blog\/","logo":{"@type":"ImageObject","inLanguage":"tr","@id":"https:\/\/www.kariyer.net\/universite-rehberi-blog\/#\/schema\/logo\/image\/","url":"https:\/\/www.kariyer.net\/universite-rehberi-blog\/wp-content\/uploads\/2023\/05\/kariyer-v3-logo.png","contentUrl":"https:\/\/www.kariyer.net\/universite-rehberi-blog\/wp-content\/uploads\/2023\/05\/kariyer-v3-logo.png","width":5760,"height":1644,"caption":"\u00dcniversite Rehberi Blog"},"image":{"@id":"https:\/\/www.kariyer.net\/universite-rehberi-blog\/#\/schema\/logo\/image\/"}},{"@type":"Person","@id":"https:\/\/www.kariyer.net\/universite-rehberi-blog\/#\/schema\/person\/2867599002b8ea029dbc7e678f192105","name":"Kariyer.net","image":{"@type":"ImageObject","inLanguage":"tr","@id":"https:\/\/secure.gravatar.com\/avatar\/23b062e8807ebc21ee7de9642d7f8d03601c724b6fd7a14926571b37fec20318?s=96&d=mm&r=g","url":"https:\/\/secure.gravatar.com\/avatar\/23b062e8807ebc21ee7de9642d7f8d03601c724b6fd7a14926571b37fec20318?s=96&d=mm&r=g","contentUrl":"https:\/\/secure.gravatar.com\/avatar\/23b062e8807ebc21ee7de9642d7f8d03601c724b6fd7a14926571b37fec20318?s=96&d=mm&r=g","caption":"Kariyer.net"},"sameAs":["https:\/\/kariyer.net\/"],"url":"https:\/\/www.kariyer.net\/universite-rehberi-blog\/author\/kariyernet\/"}]}},"_links":{"self":[{"href":"https:\/\/www.kariyer.net\/universite-rehberi-blog\/wp-json\/wp\/v2\/posts\/3302","targetHints":{"allow":["GET"]}}],"collection":[{"href":"https:\/\/www.kariyer.net\/universite-rehberi-blog\/wp-json\/wp\/v2\/posts"}],"about":[{"href":"https:\/\/www.kariyer.net\/universite-rehberi-blog\/wp-json\/wp\/v2\/types\/post"}],"author":[{"embeddable":true,"href":"https:\/\/www.kariyer.net\/universite-rehberi-blog\/wp-json\/wp\/v2\/users\/6"}],"replies":[{"embeddable":true,"href":"https:\/\/www.kariyer.net\/universite-rehberi-blog\/wp-json\/wp\/v2\/comments?post=3302"}],"version-history":[{"count":4,"href":"https:\/\/www.kariyer.net\/universite-rehberi-blog\/wp-json\/wp\/v2\/posts\/3302\/revisions"}],"predecessor-version":[{"id":3307,"href":"https:\/\/www.kariyer.net\/universite-rehberi-blog\/wp-json\/wp\/v2\/posts\/3302\/revisions\/3307"}],"wp:featuredmedia":[{"embeddable":true,"href":"https:\/\/www.kariyer.net\/universite-rehberi-blog\/wp-json\/wp\/v2\/media\/3305"}],"wp:attachment":[{"href":"https:\/\/www.kariyer.net\/universite-rehberi-blog\/wp-json\/wp\/v2\/media?parent=3302"}],"wp:term":[{"taxonomy":"category","embeddable":true,"href":"https:\/\/www.kariyer.net\/universite-rehberi-blog\/wp-json\/wp\/v2\/categories?post=3302"},{"taxonomy":"post_tag","embeddable":true,"href":"https:\/\/www.kariyer.net\/universite-rehberi-blog\/wp-json\/wp\/v2\/tags?post=3302"}],"curies":[{"name":"wp","href":"https:\/\/api.w.org\/{rel}","templated":true}]}}